{"id":1665,"date":"2018-04-05T10:02:19","date_gmt":"2018-04-05T08:02:19","guid":{"rendered":"http:\/\/cepronda.com\/blog\/?p=1665"},"modified":"2018-04-05T10:02:19","modified_gmt":"2018-04-05T08:02:19","slug":"ciclo-curso-la-musica-en-el-cine","status":"publish","type":"post","link":"https:\/\/cepronda.com\/blog\/ciclo-curso-la-musica-en-el-cine\/","title":{"rendered":"Ciclo curso: La m\u00fasica en el cine"},"content":{"rendered":"<p>\u00a1Hola de nuevo!<\/p>\n<p>Aprovechamos esta entrada para contaros que se pone en marcha el \u00faltimo ciclo curso de de cine, en este caso dedicado a la M\u00fasica en el cine.&nbsp;La asociaci\u00f3n \u00abM\u00e1s que cine\u00bb de Ronda organiza un nuevo ciclo de cine en esta ocasi\u00f3n con la tem\u00e1tica CINE Y M\u00daSICA. Profesorado de Institutos de la zona de Ronda especializados en la materia, realizan una presentaci\u00f3n sobre el contenido pedag\u00f3gico de la cinta, posteriormente se visiona y finalizan con un debate-coloquio con los asistentes.<\/p>\n<p>Con esta iniciativa se pretende acercar el mundo del celuloide a profesorado y alumnado de Ronda y la comarca destacando su valor educativo y promoviendo la participaci\u00f3n en debates de tem\u00e1tica interesante para la comunidad educativa.<\/p>\n<p>Las conferencias tendr\u00e1n lugar los d\u00edas 19 y 26 de abril, as\u00ed como el 3 y el 10 de mayo. Para acceder a toda la informaci\u00f3n, s\u00f3lo ten\u00e9is que <a href=\"https:\/\/www.juntadeandalucia.es\/educacion\/secretariavirtual\/consultaCEP\/actividad\/182924GE316\/\" target=\"_blank\" rel=\"noopener\">seguir este enlace<\/a>, y adem\u00e1s siempre a la entrada del CEP podr\u00e9is encontrar peque\u00f1os folletos con informaci\u00f3n as\u00ed como el cartel informativo. Os esperamos los jueves para seguir aprendiendo y disfrutando con el cine.&nbsp;<\/p>\n<p><a href=\"https:\/\/www.juntadeandalucia.es\/educacion\/secretariavirtual\/consultaCEP\/actividad\/182924GE316\/\" target=\"_blank\" rel=\"noopener\"><img data-recalc-dims=\"1\" loading=\"lazy\" decoding=\"async\" class=\"aligncenter wp-image-1383 size-full\" src=\"https:\/\/i0.wp.com\/cepronda.com\/blog\/wp-content\/uploads\/2017\/10\/coupon-1828620_640.png?resize=640%2C320\" alt=\"\" width=\"640\" height=\"320\" srcset=\"https:\/\/i0.wp.com\/cepronda.com\/blog\/wp-content\/uploads\/2017\/10\/coupon-1828620_640.png?w=640&amp;ssl=1 640w, https:\/\/i0.wp.com\/cepronda.com\/blog\/wp-content\/uploads\/2017\/10\/coupon-1828620_640.png?resize=300%2C150&amp;ssl=1 300w\" sizes=\"auto, (max-width: 640px) 100vw, 640px\" \/><\/a><\/p>\n","protected":false},"excerpt":{"rendered":"<p>\u00a1Hola de nuevo! Aprovechamos esta entrada para contaros que se pone en marcha el \u00faltimo ciclo curso de de cine, en este caso dedicado a la M\u00fasica en el cine.&nbsp;La asociaci\u00f3n \u00abM\u00e1s que cine\u00bb de Ronda organiza un nuevo ciclo de cine en esta ocasi\u00f3n con la tem\u00e1tica CINE Y M\u00daSICA. Profesorado de Institutos de [&hellip;]<\/p>\n","protected":false},"author":3,"featured_media":1383,"comment_status":"open","ping_status":"open","sticky":false,"template":"","format":"standard","meta":{"_crdt_document":"","advanced_seo_description":"","jetpack_seo_html_title":"","jetpack_seo_noindex":false,"jetpack_post_was_ever_published":false,"_jetpack_newsletter_access":"","_jetpack_dont_email_post_to_subs":false,"_jetpack_newsletter_tier_id":0,"_jetpack_memberships_contains_paywalled_content":false,"_jetpack_memberships_contains_paid_content":false,"footnotes":"","jetpack_publicize_message":"Ciclo curso: La m\u00fasica en el cine en el CEP de Ronda en colaboraci\u00f3n con las Asociaci\u00f3n \"Mas que cine\"","jetpack_publicize_feature_enabled":true,"jetpack_social_post_already_shared":true,"jetpack_social_options":{"image_generator_settings":{"template":"highway","default_image_id":0,"font":"","enabled":false},"version":2}},"categories":[3,5],"tags":[95],"class_list":{"0":"post-1665","1":"post","2":"type-post","3":"status-publish","4":"format-standard","5":"has-post-thumbnail","7":"category-formaciones","8":"category-noticias","9":"tag-cine","10":"czr-hentry"},"jetpack_publicize_connections":[],"jetpack_featured_media_url":"https:\/\/i0.wp.com\/cepronda.com\/blog\/wp-content\/uploads\/2017\/10\/coupon-1828620_640.png?fit=640%2C320&ssl=1","jetpack_shortlink":"https:\/\/wp.me\/p8M4X7-qR","jetpack-related-posts":[{"id":1382,"url":"https:\/\/cepronda.com\/blog\/curso-cine-y-educacion\/","url_meta":{"origin":1665,"position":0},"title":"Curso: \u00abCine y educaci\u00f3n\u00bb","author":"V\u00edctor Caballero","date":"30 octubre, 2017","format":false,"excerpt":"Buenas de nuevo, Queremos compartir con todas y todos vosotros un curso dirigido a profesorado de Secundaria interesado en el cine y en c\u00f3mo sacarle el m\u00e1ximo partido con nuestro alumnado en la clase.\u00a0La asociaci\u00f3n \"M\u00e1s que cine\" de Ronda organiza un ciclo de cine educativo. Profesorado de Institutos de\u2026","rel":"","context":"En \u00abFormaciones\u00bb","block_context":{"text":"Formaciones","link":"https:\/\/cepronda.com\/blog\/category\/formaciones\/"},"img":{"alt_text":"","src":"https:\/\/i0.wp.com\/cepronda.com\/blog\/wp-content\/uploads\/2017\/10\/coupon-1828620_640.png?fit=640%2C320&ssl=1&resize=350%2C200","width":350,"height":200,"srcset":"https:\/\/i0.wp.com\/cepronda.com\/blog\/wp-content\/uploads\/2017\/10\/coupon-1828620_640.png?fit=640%2C320&ssl=1&resize=350%2C200 1x, https:\/\/i0.wp.com\/cepronda.com\/blog\/wp-content\/uploads\/2017\/10\/coupon-1828620_640.png?fit=640%2C320&ssl=1&resize=525%2C300 1.5x"},"classes":[]},{"id":1409,"url":"https:\/\/cepronda.com\/blog\/ciclo-de-cine-y-educacion\/","url_meta":{"origin":1665,"position":1},"title":"CICLO DE CINE Y EDUCACI\u00d3N","author":"V\u00edctor Caballero","date":"9 noviembre, 2017","format":false,"excerpt":"A las buenas tardes!! Como sab\u00e9is la asociaci\u00f3n \"M\u00c1S QUE CINE\" DE RONDA se ha mudado al sal\u00f3n de actos del CEP para este mes de Noviembre. Nos encanta que as\u00ed sea pues este se est\u00e1 conviritiendo en un barrio.. de cine :) Si os apetece incluso pod\u00e9is comprar las\u2026","rel":"","context":"En \u00abNoticias\u00bb","block_context":{"text":"Noticias","link":"https:\/\/cepronda.com\/blog\/category\/noticias\/"},"img":{"alt_text":"","src":"https:\/\/i0.wp.com\/cepronda.com\/blog\/wp-content\/uploads\/2017\/11\/MQC-CICLO-CINE-Y-EDUCACI%C3%93N-278x300.jpg?resize=350%2C200","width":350,"height":200},"classes":[]},{"id":3156,"url":"https:\/\/cepronda.com\/blog\/bienal-internacional-de-cine-cientifico-ronda-madrid-mexico\/","url_meta":{"origin":1665,"position":2},"title":"Bienal internacional de cine cient\u00edfico Ronda-Madrid M\u00e9xico","author":"V\u00edctor Caballero","date":"19 noviembre, 2019","format":false,"excerpt":"Desde la Asociaci\u00f3n Astron\u00f3mica Abb\u00e1s Ibn Firn\u00e1s de Ronda, Grupo de Conservadores del Legado de Cayetano Arroyo y Grupo de Conservadores de Legado de Paco Marin.\u00a0 Os invitamos a participar en las \"Jornadas de la Previa al Certamen de Cine Cient\u00edfico 2020\", que tendr\u00e1n lugar los d\u00edas 27, 28 y\u2026","rel":"","context":"En \u00abNoticias\u00bb","block_context":{"text":"Noticias","link":"https:\/\/cepronda.com\/blog\/category\/noticias\/"},"img":{"alt_text":"","src":"","width":0,"height":0},"classes":[]},{"id":1577,"url":"https:\/\/cepronda.com\/blog\/nuevo-curso-desarrollo-de-aplicaciones-web-en-j2ee\/","url_meta":{"origin":1665,"position":3},"title":"Nuevo curso \u00abDESARROLLO DE APLICACIONES WEB EN J2EE\u00bb","author":"V\u00edctor Caballero","date":"1 febrero, 2018","format":false,"excerpt":"\u00a1Hola a todo el mundo! Seguimos dando respuesta las necesidades de nuestro profesorado, y en esta ocasi\u00f3n en el \u00e1mbito tecnol\u00f3gico e inform\u00e1tico.\u00a0 Se trata de un curso de actualizaci\u00f3n de las competencias docentes del profesorado del ciclo de grado superior del IES Mart\u00edn Rivero de Ronda, en donde se\u2026","rel":"","context":"En \u00abFormaciones\u00bb","block_context":{"text":"Formaciones","link":"https:\/\/cepronda.com\/blog\/category\/formaciones\/"},"img":{"alt_text":"","src":"https:\/\/i0.wp.com\/cepronda.com\/blog\/wp-content\/uploads\/2018\/02\/business-1839876_640.jpg?fit=640%2C426&ssl=1&resize=350%2C200","width":350,"height":200,"srcset":"https:\/\/i0.wp.com\/cepronda.com\/blog\/wp-content\/uploads\/2018\/02\/business-1839876_640.jpg?fit=640%2C426&ssl=1&resize=350%2C200 1x, https:\/\/i0.wp.com\/cepronda.com\/blog\/wp-content\/uploads\/2018\/02\/business-1839876_640.jpg?fit=640%2C426&ssl=1&resize=525%2C300 1.5x"},"classes":[]},{"id":2618,"url":"https:\/\/cepronda.com\/blog\/el-cine-en-el-aula-rodar-con-el-movil\/","url_meta":{"origin":1665,"position":4},"title":"El cine en el aula. Rodar con el m\u00f3vil","author":"V\u00edctor Caballero","date":"29 enero, 2019","format":false,"excerpt":"Hola, desde el CEP hemos organizado una formaci\u00f3n dirigida al profesorado interesado en el uso did\u00e1ctico del tel\u00e9fono m\u00f3vil como herramienta para la creaci\u00f3n de v\u00eddeos y pel\u00edculas. Tendr\u00e1 como objetivos los siguientes: Conocer el lenguaje y el vocabulario asociado al mundo cinematogr\u00e1fico. Aprender a usar el m\u00f3vil como herramienta\u2026","rel":"","context":"En \u00abFormaciones\u00bb","block_context":{"text":"Formaciones","link":"https:\/\/cepronda.com\/blog\/category\/formaciones\/"},"img":{"alt_text":"","src":"https:\/\/i0.wp.com\/cepronda.com\/blog\/wp-content\/uploads\/2019\/01\/Rodar-con-el-Mo%CC%81vil-BB1.jpg?fit=841%2C1200&ssl=1&resize=350%2C200","width":350,"height":200,"srcset":"https:\/\/i0.wp.com\/cepronda.com\/blog\/wp-content\/uploads\/2019\/01\/Rodar-con-el-Mo%CC%81vil-BB1.jpg?fit=841%2C1200&ssl=1&resize=350%2C200 1x, https:\/\/i0.wp.com\/cepronda.com\/blog\/wp-content\/uploads\/2019\/01\/Rodar-con-el-Mo%CC%81vil-BB1.jpg?fit=841%2C1200&ssl=1&resize=525%2C300 1.5x, https:\/\/i0.wp.com\/cepronda.com\/blog\/wp-content\/uploads\/2019\/01\/Rodar-con-el-Mo%CC%81vil-BB1.jpg?fit=841%2C1200&ssl=1&resize=700%2C400 2x"},"classes":[]},{"id":1432,"url":"https:\/\/cepronda.com\/blog\/formularios-v-certamen-de-teatro-ciudad-de-ronda\/","url_meta":{"origin":1665,"position":5},"title":"FORMULARIOS V CERTAMEN DE TEATRO \u00abCIUDAD DE RONDA\u00bb","author":"V\u00edctor Caballero","date":"30 noviembre, 2017","format":false,"excerpt":"\u00a1\u00a1Saludos teatrales compa\u00f1eros\/as!!: Aqu\u00ed os dejamos los enlaces para participar como grupo teatral en el V CERTAMEN DE TEATRO \"CIUDAD DE RONDA\" as\u00ed como al CURSO DE FORMACI\u00d3N para el profesorado paralelo al certamen. Dicha formaci\u00f3n tiene como t\u00edtulo: INTERPRETACI\u00d3N TEATRAL PARA EL PROFESORADO con una duraci\u00f3n de 12 horas\u2026","rel":"","context":"En \u00abFormaciones\u00bb","block_context":{"text":"Formaciones","link":"https:\/\/cepronda.com\/blog\/category\/formaciones\/"},"img":{"alt_text":"","src":"https:\/\/i0.wp.com\/cepronda.com\/blog\/wp-content\/uploads\/2017\/11\/mask-1636121_960_720-300x199.jpg?resize=350%2C200","width":350,"height":200},"classes":[]}],"jetpack_sharing_enabled":true,"_links":{"self":[{"href":"https:\/\/cepronda.com\/blog\/wp-json\/wp\/v2\/posts\/1665","targetHints":{"allow":["GET"]}}],"collection":[{"href":"https:\/\/cepronda.com\/blog\/wp-json\/wp\/v2\/posts"}],"about":[{"href":"https:\/\/cepronda.com\/blog\/wp-json\/wp\/v2\/types\/post"}],"author":[{"embeddable":true,"href":"https:\/\/cepronda.com\/blog\/wp-json\/wp\/v2\/users\/3"}],"replies":[{"embeddable":true,"href":"https:\/\/cepronda.com\/blog\/wp-json\/wp\/v2\/comments?post=1665"}],"version-history":[{"count":1,"href":"https:\/\/cepronda.com\/blog\/wp-json\/wp\/v2\/posts\/1665\/revisions"}],"predecessor-version":[{"id":1666,"href":"https:\/\/cepronda.com\/blog\/wp-json\/wp\/v2\/posts\/1665\/revisions\/1666"}],"wp:featuredmedia":[{"embeddable":true,"href":"https:\/\/cepronda.com\/blog\/wp-json\/wp\/v2\/media\/1383"}],"wp:attachment":[{"href":"https:\/\/cepronda.com\/blog\/wp-json\/wp\/v2\/media?parent=1665"}],"wp:term":[{"taxonomy":"category","embeddable":true,"href":"https:\/\/cepronda.com\/blog\/wp-json\/wp\/v2\/categories?post=1665"},{"taxonomy":"post_tag","embeddable":true,"href":"https:\/\/cepronda.com\/blog\/wp-json\/wp\/v2\/tags?post=1665"}],"curies":[{"name":"wp","href":"https:\/\/api.w.org\/{rel}","templated":true}]}}