{"id":1659,"date":"2018-04-02T13:58:09","date_gmt":"2018-04-02T11:58:09","guid":{"rendered":"http:\/\/cepronda.com\/blog\/?p=1659"},"modified":"2018-04-02T13:58:09","modified_gmt":"2018-04-02T11:58:09","slug":"un-relato-premiado-en-el-ies-profesor-gonzalo-huesa","status":"publish","type":"post","link":"https:\/\/cepronda.com\/blog\/un-relato-premiado-en-el-ies-profesor-gonzalo-huesa\/","title":{"rendered":"Un relato premiado en el IES Profesor Gonzalo Huesa"},"content":{"rendered":"<p>Muy buenas, compartimos con todas y todos vosotros esta <a href=\"http:\/\/bibliotecagonzalohuesa.blogspot.com.es\/\" target=\"_blank\" rel=\"noopener\">noticia recibida desde el instituto Profesor Gonzalo Huesa.&nbsp;<\/a><\/p>\n<p>\u00abEl pasado 22 de febrero recibimos una grata noticia desde la Fundaci\u00f3n Manuel Alc\u00e1ntara. Nuestra alumna Mar\u00eda Guerrero Garc\u00eda de 1\u00ba de Bachillerato obten\u00eda el primer premio en el II Certamen Literario de Articulismo \u00abLiteratura en las Aulas. Piensa + Redacta + Publica\u00bb. Adem\u00e1s, nos daban la enhorabuena por la alta participaci\u00f3n y la gran calidad de los trabajos presentados por los estudiantes de nuestro instituto (varios trabajos de nuestros alumnos formaron parte de los finalistas). Asimismo, nos agradec\u00edan inmensamente nuestra labor al impulsar esta actividad, cuyo objetivo es fomentar el gusto por la lectura y la escritura entre el alumnado. La alumna ganadora podr\u00e1 ir, acompa\u00f1ada de su clase y de sus profesores, a recoger el premio a M\u00e1laga\u00bb.<\/p>\n<p><a href=\"https:\/\/i0.wp.com\/cepronda.com\/blog\/wp-content\/uploads\/2018\/04\/Libertad.jpg\"><img data-recalc-dims=\"1\" loading=\"lazy\" decoding=\"async\" class=\"aligncenter size-full wp-image-1660\" src=\"https:\/\/i0.wp.com\/cepronda.com\/blog\/wp-content\/uploads\/2018\/04\/Libertad.jpg?resize=1170%2C878\" alt=\"\" width=\"1170\" height=\"878\" srcset=\"https:\/\/i0.wp.com\/cepronda.com\/blog\/wp-content\/uploads\/2018\/04\/Libertad.jpg?w=1600&amp;ssl=1 1600w, https:\/\/i0.wp.com\/cepronda.com\/blog\/wp-content\/uploads\/2018\/04\/Libertad.jpg?resize=300%2C225&amp;ssl=1 300w, https:\/\/i0.wp.com\/cepronda.com\/blog\/wp-content\/uploads\/2018\/04\/Libertad.jpg?resize=768%2C576&amp;ssl=1 768w, https:\/\/i0.wp.com\/cepronda.com\/blog\/wp-content\/uploads\/2018\/04\/Libertad.jpg?resize=1024%2C768&amp;ssl=1 1024w\" sizes=\"auto, (max-width: 1170px) 100vw, 1170px\" \/><\/a><\/p>\n","protected":false},"excerpt":{"rendered":"<p>Muy buenas, compartimos con todas y todos vosotros esta noticia recibida desde el instituto Profesor Gonzalo Huesa.&nbsp; \u00abEl pasado 22 de febrero recibimos una grata noticia desde la Fundaci\u00f3n Manuel Alc\u00e1ntara. Nuestra alumna Mar\u00eda Guerrero Garc\u00eda de 1\u00ba de Bachillerato obten\u00eda el primer premio en el II Certamen Literario de Articulismo \u00abLiteratura en las Aulas. [&hellip;]<\/p>\n","protected":false},"author":3,"featured_media":1660,"comment_status":"open","ping_status":"open","sticky":false,"template":"","format":"standard","meta":{"_crdt_document":"","advanced_seo_description":"","jetpack_seo_html_title":"","jetpack_seo_noindex":false,"jetpack_post_was_ever_published":false,"_jetpack_newsletter_access":"","_jetpack_dont_email_post_to_subs":false,"_jetpack_newsletter_tier_id":0,"_jetpack_memberships_contains_paywalled_content":false,"_jetpack_memberships_contains_paid_content":false,"footnotes":"","jetpack_publicize_message":"","jetpack_publicize_feature_enabled":true,"jetpack_social_post_already_shared":true,"jetpack_social_options":{"image_generator_settings":{"template":"highway","default_image_id":0,"font":"","enabled":false},"version":2}},"categories":[5],"tags":[122,57],"class_list":{"0":"post-1659","1":"post","2":"type-post","3":"status-publish","4":"format-standard","5":"has-post-thumbnail","7":"category-noticias","8":"tag-concurso","9":"tag-premios","10":"czr-hentry"},"jetpack_publicize_connections":[],"jetpack_featured_media_url":"https:\/\/i0.wp.com\/cepronda.com\/blog\/wp-content\/uploads\/2018\/04\/Libertad.jpg?fit=1600%2C1200&ssl=1","jetpack_shortlink":"https:\/\/wp.me\/p8M4X7-qL","jetpack-related-posts":[{"id":3009,"url":"https:\/\/cepronda.com\/blog\/hi-room-una-innovadora-idea-del-ies-profesor-gonzalo-huesa\/","url_meta":{"origin":1659,"position":0},"title":"Hi Room! Una innovadora idea del IES Profesor Gonzalo Huesa","author":"V\u00edctor Caballero","date":"19 septiembre, 2019","format":false,"excerpt":"Muy buenas, Hace unos d\u00edas con pasaban un v\u00eddeo intrigante desde el Instituto Gonzalo Huesa, y ya hoy hemos podido ver las fotos de la actividad que organizaron para recibir al alumnado de 1\u00ba de ESO. Os recomendamos ver el v\u00eddeo que han publicado en sus redes sociales. Desde el\u2026","rel":"","context":"En \u00abNoticias\u00bb","block_context":{"text":"Noticias","link":"https:\/\/cepronda.com\/blog\/category\/noticias\/"},"img":{"alt_text":"","src":"https:\/\/i0.wp.com\/cepronda.com\/blog\/wp-content\/uploads\/2019\/09\/IES-Gonzalo-Huesa.png?resize=350%2C200","width":350,"height":200},"classes":[]},{"id":2474,"url":"https:\/\/cepronda.com\/blog\/video-contra-la-violencia-de-genero-del-ies-profesor-goznalo-huesa\/","url_meta":{"origin":1659,"position":1},"title":"V\u00eddeo contra la violencia de g\u00e9nero del IES Profesor Goznalo Huesa","author":"V\u00edctor Caballero","date":"27 noviembre, 2018","format":false,"excerpt":"Hola de nuevo, Desde el IES Profesor Gonzalo Huesa nos mandan este v\u00eddeo donde podemos ver como el alumnado se pronuncia contra la violencia de g\u00e9nero. Desde el CEP queremos dar la enhorabuena a todo el profesorado y alumnado participante, ya que han hecho un trabajo excelente.\u00a0 Enlace al v\u00eddeo","rel":"","context":"En \u00abNoticias\u00bb","block_context":{"text":"Noticias","link":"https:\/\/cepronda.com\/blog\/category\/noticias\/"},"img":{"alt_text":"","src":"https:\/\/i0.wp.com\/cepronda.com\/blog\/wp-content\/uploads\/2018\/11\/man-101001_1920.jpg?fit=1200%2C848&ssl=1&resize=350%2C200","width":350,"height":200,"srcset":"https:\/\/i0.wp.com\/cepronda.com\/blog\/wp-content\/uploads\/2018\/11\/man-101001_1920.jpg?fit=1200%2C848&ssl=1&resize=350%2C200 1x, https:\/\/i0.wp.com\/cepronda.com\/blog\/wp-content\/uploads\/2018\/11\/man-101001_1920.jpg?fit=1200%2C848&ssl=1&resize=525%2C300 1.5x, https:\/\/i0.wp.com\/cepronda.com\/blog\/wp-content\/uploads\/2018\/11\/man-101001_1920.jpg?fit=1200%2C848&ssl=1&resize=700%2C400 2x, https:\/\/i0.wp.com\/cepronda.com\/blog\/wp-content\/uploads\/2018\/11\/man-101001_1920.jpg?fit=1200%2C848&ssl=1&resize=1050%2C600 3x"},"classes":[]},{"id":4462,"url":"https:\/\/cepronda.com\/blog\/doble-acreditacion-erasmus-para-el-i-e-s-profesor-gonzalo-huesa\/","url_meta":{"origin":1659,"position":2},"title":"DOBLE ACREDITACI\u00d3N ERASMUS PARA EL I.E.S. PROFESOR GONZALO HUESA","author":"Mar\u00eda Jos\u00e9 M\u00e1rquez","date":"21 abril, 2021","format":false,"excerpt":"\u00a0 Desde el Centro del Profesorado de Ronda queremos felicitar al I.E.S. Profesor Gonzalo Huesa por haber logrado\u00a0una doble acreditaci\u00f3n del programa Erasmus+ dirigida tanto al alumnado de Formaci\u00f3n Profesional como del resto de ense\u00f1anzas que se imparten en el centro.En Andaluc\u00eda, \u00fanicamente, son 12 los centros que cuentan con\u2026","rel":"","context":"En \u00abFormaciones\u00bb","block_context":{"text":"Formaciones","link":"https:\/\/cepronda.com\/blog\/category\/formaciones\/"},"img":{"alt_text":"","src":"https:\/\/i0.wp.com\/cepronda.com\/blog\/wp-content\/uploads\/2021\/04\/acreditacio%CC%81n-ERASMUS-300x152.jpeg?resize=350%2C200","width":350,"height":200},"classes":[]},{"id":3630,"url":"https:\/\/cepronda.com\/blog\/ganadores-relatos-cortos\/","url_meta":{"origin":1659,"position":3},"title":"Ganadores Relatos Cortos","author":"V\u00edctor Caballero","date":"30 junio, 2020","format":false,"excerpt":"Nos comunican desde el IES Profesor Gonzalo Huesa que, desde la Casa de la Juventud de Ronda, una gran noticia: los ganadores del certamen de relato corto del Ayuntamiento de nuestra ciudad en categor\u00eda 1 y 2 son dos estudiantes de 3\u00ba de ESO \u00a0de nuestro centro. Los alumnos premiados\u2026","rel":"","context":"En \u00abNoticias\u00bb","block_context":{"text":"Noticias","link":"https:\/\/cepronda.com\/blog\/category\/noticias\/"},"img":{"alt_text":"","src":"https:\/\/i0.wp.com\/cepronda.com\/blog\/wp-content\/uploads\/2020\/06\/u1xcXPOz_400x400.jpg?resize=350%2C200","width":350,"height":200},"classes":[]},{"id":2867,"url":"https:\/\/cepronda.com\/blog\/otro-ejemplo-de-escape-room-esta-vez-en-el-ies-profesor-gonzalo-huesa\/","url_meta":{"origin":1659,"position":4},"title":"Otro ejemplo de Escape Room, esta vez en el IES Profesor Gonzalo Huesa","author":"V\u00edctor Caballero","date":"4 junio, 2019","format":false,"excerpt":"\u00a1Muy buenas! Pocas cosas satisfacen m\u00e1s que cuando trabajamos con nuestro alumnado un tema o concepto, y vemos que lo aplican de una manera pr\u00e1ctica. Pues igual nos pasa en el CEP ... pocas cosas satisfacen m\u00e1s que ver que lo trabajado en un curso tiene efectos tan r\u00e1pidos y\u2026","rel":"","context":"En \u00abNoticias\u00bb","block_context":{"text":"Noticias","link":"https:\/\/cepronda.com\/blog\/category\/noticias\/"},"img":{"alt_text":"","src":"https:\/\/i0.wp.com\/cepronda.com\/blog\/wp-content\/uploads\/2019\/05\/strong-box-1429334_1920.jpg?fit=1200%2C863&ssl=1&resize=350%2C200","width":350,"height":200,"srcset":"https:\/\/i0.wp.com\/cepronda.com\/blog\/wp-content\/uploads\/2019\/05\/strong-box-1429334_1920.jpg?fit=1200%2C863&ssl=1&resize=350%2C200 1x, https:\/\/i0.wp.com\/cepronda.com\/blog\/wp-content\/uploads\/2019\/05\/strong-box-1429334_1920.jpg?fit=1200%2C863&ssl=1&resize=525%2C300 1.5x, https:\/\/i0.wp.com\/cepronda.com\/blog\/wp-content\/uploads\/2019\/05\/strong-box-1429334_1920.jpg?fit=1200%2C863&ssl=1&resize=700%2C400 2x, https:\/\/i0.wp.com\/cepronda.com\/blog\/wp-content\/uploads\/2019\/05\/strong-box-1429334_1920.jpg?fit=1200%2C863&ssl=1&resize=1050%2C600 3x"},"classes":[]},{"id":2178,"url":"https:\/\/cepronda.com\/blog\/2-microrrelatos-escolares-premiados-que-conmemoran-el-ano-europeo-del-patrimonio-cultural\/","url_meta":{"origin":1659,"position":5},"title":"2 Microrrelatos escolares premiados que conmemoran el A\u00f1o Europeo del Patrimonio Cultural","author":"V\u00edctor Caballero","date":"12 junio, 2018","format":false,"excerpt":"Muy buenas,\u00a0 Hoy estamos de enhorabuena ya que dos microrrelatos de centros de nuestra zona ha sido premiados en el concurso de microrrelatos educativos \"Cu\u00e9ntanos una historia\". M\u00e1s concretamente se trata de\u00a0\u201cNoche que alegra el alma\u201d de\u00a0Mar\u00eda Guerrero Garc\u00eda, del\u00a0IES Profesor Gonzalo Huesa de Ronda\u00a0y\u00a0\u00a0\u201cAdi\u00f3s\u201d de\u00a0Javier Aguilar M\u00e9ndez, del\u00a0IES Valle\u2026","rel":"","context":"En \u00abNoticias\u00bb","block_context":{"text":"Noticias","link":"https:\/\/cepronda.com\/blog\/category\/noticias\/"},"img":{"alt_text":"","src":"https:\/\/i0.wp.com\/cepronda.com\/blog\/wp-content\/uploads\/2018\/06\/premios.jpg?fit=1200%2C792&ssl=1&resize=350%2C200","width":350,"height":200,"srcset":"https:\/\/i0.wp.com\/cepronda.com\/blog\/wp-content\/uploads\/2018\/06\/premios.jpg?fit=1200%2C792&ssl=1&resize=350%2C200 1x, https:\/\/i0.wp.com\/cepronda.com\/blog\/wp-content\/uploads\/2018\/06\/premios.jpg?fit=1200%2C792&ssl=1&resize=525%2C300 1.5x, https:\/\/i0.wp.com\/cepronda.com\/blog\/wp-content\/uploads\/2018\/06\/premios.jpg?fit=1200%2C792&ssl=1&resize=700%2C400 2x, https:\/\/i0.wp.com\/cepronda.com\/blog\/wp-content\/uploads\/2018\/06\/premios.jpg?fit=1200%2C792&ssl=1&resize=1050%2C600 3x"},"classes":[]}],"jetpack_sharing_enabled":true,"_links":{"self":[{"href":"https:\/\/cepronda.com\/blog\/wp-json\/wp\/v2\/posts\/1659","targetHints":{"allow":["GET"]}}],"collection":[{"href":"https:\/\/cepronda.com\/blog\/wp-json\/wp\/v2\/posts"}],"about":[{"href":"https:\/\/cepronda.com\/blog\/wp-json\/wp\/v2\/types\/post"}],"author":[{"embeddable":true,"href":"https:\/\/cepronda.com\/blog\/wp-json\/wp\/v2\/users\/3"}],"replies":[{"embeddable":true,"href":"https:\/\/cepronda.com\/blog\/wp-json\/wp\/v2\/comments?post=1659"}],"version-history":[{"count":1,"href":"https:\/\/cepronda.com\/blog\/wp-json\/wp\/v2\/posts\/1659\/revisions"}],"predecessor-version":[{"id":1661,"href":"https:\/\/cepronda.com\/blog\/wp-json\/wp\/v2\/posts\/1659\/revisions\/1661"}],"wp:featuredmedia":[{"embeddable":true,"href":"https:\/\/cepronda.com\/blog\/wp-json\/wp\/v2\/media\/1660"}],"wp:attachment":[{"href":"https:\/\/cepronda.com\/blog\/wp-json\/wp\/v2\/media?parent=1659"}],"wp:term":[{"taxonomy":"category","embeddable":true,"href":"https:\/\/cepronda.com\/blog\/wp-json\/wp\/v2\/categories?post=1659"},{"taxonomy":"post_tag","embeddable":true,"href":"https:\/\/cepronda.com\/blog\/wp-json\/wp\/v2\/tags?post=1659"}],"curies":[{"name":"wp","href":"https:\/\/api.w.org\/{rel}","templated":true}]}}