{"id":1655,"date":"2018-04-02T09:39:48","date_gmt":"2018-04-02T07:39:48","guid":{"rendered":"http:\/\/cepronda.com\/blog\/?p=1655"},"modified":"2018-04-02T09:39:48","modified_gmt":"2018-04-02T07:39:48","slug":"teatro-back-to-the-toys","status":"publish","type":"post","link":"https:\/\/cepronda.com\/blog\/teatro-back-to-the-toys\/","title":{"rendered":"Teatro \u00abBack to the toys\u00bb"},"content":{"rendered":"<p>\u00bfQu\u00e9 tal os ha ido la semana? Seguro que nos ha permitido coger fuerzas para afrontar estos meses que nos quedan. \u00a1\u00c1nimo!<\/p>\n<p>Hoy queremos compartir con todas y todos vosotros la exposici\u00f3n y obra de teatro que han preparado profesorado y alumnado del IES Mart\u00edn Rivero, y que tiene una pinta excelente. Ser\u00e1 el pr\u00f3ximo mi\u00e9rcoles 4 de abril, a partir de las 19 horas, siendo la obra de teatro a las 20 horas, y siendo la entrada libre. Os animamos a acercaros y disfrutar del magn\u00edfico trabajo cient\u00edfico.&nbsp;<\/p>\n<p><a href=\"https:\/\/i0.wp.com\/cepronda.com\/blog\/wp-content\/uploads\/2018\/04\/Foto-de-Helena-Gonzalez.jpg\"><img data-recalc-dims=\"1\" loading=\"lazy\" decoding=\"async\" class=\"aligncenter size-full wp-image-1656\" src=\"https:\/\/i0.wp.com\/cepronda.com\/blog\/wp-content\/uploads\/2018\/04\/Foto-de-Helena-Gonzalez.jpg?resize=1170%2C1560\" alt=\"\" width=\"1170\" height=\"1560\" srcset=\"https:\/\/i0.wp.com\/cepronda.com\/blog\/wp-content\/uploads\/2018\/04\/Foto-de-Helena-Gonzalez.jpg?w=1200&amp;ssl=1 1200w, https:\/\/i0.wp.com\/cepronda.com\/blog\/wp-content\/uploads\/2018\/04\/Foto-de-Helena-Gonzalez.jpg?resize=225%2C300&amp;ssl=1 225w, https:\/\/i0.wp.com\/cepronda.com\/blog\/wp-content\/uploads\/2018\/04\/Foto-de-Helena-Gonzalez.jpg?resize=768%2C1024&amp;ssl=1 768w\" sizes=\"auto, (max-width: 1170px) 100vw, 1170px\" \/><\/a><\/p>\n<p><a href=\"http:\/\/cepronda.com\/blog\/wp-content\/uploads\/2018\/04\/teatro-back-to-the-toys.pdf\">teatro back to the toys<\/a><\/p>\n","protected":false},"excerpt":{"rendered":"<p>\u00bfQu\u00e9 tal os ha ido la semana? Seguro que nos ha permitido coger fuerzas para afrontar estos meses que nos quedan. \u00a1\u00c1nimo! Hoy queremos compartir con todas y todos vosotros la exposici\u00f3n y obra de teatro que han preparado profesorado y alumnado del IES Mart\u00edn Rivero, y que tiene una pinta excelente. Ser\u00e1 el pr\u00f3ximo [&hellip;]<\/p>\n","protected":false},"author":3,"featured_media":1656,"comment_status":"open","ping_status":"open","sticky":false,"template":"","format":"standard","meta":{"_crdt_document":"","advanced_seo_description":"","jetpack_seo_html_title":"","jetpack_seo_noindex":false,"jetpack_post_was_ever_published":false,"_jetpack_newsletter_access":"","_jetpack_dont_email_post_to_subs":false,"_jetpack_newsletter_tier_id":0,"_jetpack_memberships_contains_paywalled_content":false,"_jetpack_memberships_contains_paid_content":false,"footnotes":"","jetpack_publicize_message":"Teatro \"Back to the toys\" por parte del IES MArt\u00edn Rivero. Pr\u00f3ximo mi\u00e9rcoles 4 de abril en el Teatro Vicente Espinel a partir de las 19 horas","jetpack_publicize_feature_enabled":true,"jetpack_social_post_already_shared":true,"jetpack_social_options":{"image_generator_settings":{"template":"highway","default_image_id":0,"font":"","enabled":false},"version":2}},"categories":[5],"tags":[14,64],"class_list":{"0":"post-1655","1":"post","2":"type-post","3":"status-publish","4":"format-standard","5":"has-post-thumbnail","7":"category-noticias","8":"tag-ciencias","9":"tag-teatro","10":"czr-hentry"},"jetpack_publicize_connections":[],"jetpack_featured_media_url":"https:\/\/i0.wp.com\/cepronda.com\/blog\/wp-content\/uploads\/2018\/04\/Foto-de-Helena-Gonzalez.jpg?fit=1200%2C1600&ssl=1","jetpack_shortlink":"https:\/\/wp.me\/p8M4X7-qH","jetpack-related-posts":[{"id":1628,"url":"https:\/\/cepronda.com\/blog\/formularios-para-participar-como-publico-v-certamen-de-teatro-ciudad-de-ronda\/","url_meta":{"origin":1655,"position":0},"title":"FORMULARIOS PARA PARTICIPAR COMO P\u00daBLICO V CERTAMEN DE TEATRO \u00abCIUDAD DE RONDA\u00bb","author":"V\u00edctor Caballero","date":"5 marzo, 2018","format":false,"excerpt":"\u00a1Saludos teatrales compa\u00f1eros\/as!!: Ya ha llegado Marzo y como os prometimos aqu\u00ed os dejamos el enlace para participar gratis como p\u00fablico asistente al\u00a0V CERTAMEN DE TEATRO \"CIUDAD DE RONDA\"\u00a0 Esperamos vuestra presencia un a\u00f1o m\u00e1s en el Teatro Vicente Espinel para disfrutar de la calidad de nuestros actores y actrices.\u2026","rel":"","context":"En \u00abNoticias\u00bb","block_context":{"text":"Noticias","link":"https:\/\/cepronda.com\/blog\/category\/noticias\/"},"img":{"alt_text":"","src":"","width":0,"height":0},"classes":[]},{"id":225,"url":"https:\/\/cepronda.com\/blog\/formulario-teatro-juana-la-loca\/","url_meta":{"origin":1655,"position":1},"title":"Formulario teatro \u00abJuana la loca\u00bb","author":"V\u00edctor Caballero","date":"18 octubre, 2016","format":false,"excerpt":"Si quer\u00e9is asistir con vuestro alumnado a esta magn\u00edfica obra de teatro, necesitamos que cumpliment\u00e9is el siguiente formulario para as\u00ed poder organizar los distintos pases. Cargando...","rel":"","context":"En \u00abNoticias\u00bb","block_context":{"text":"Noticias","link":"https:\/\/cepronda.com\/blog\/category\/noticias\/"},"img":{"alt_text":"","src":"","width":0,"height":0},"classes":[]},{"id":5895,"url":"https:\/\/cepronda.com\/blog\/curso-el-teatro-de-repertorio-como-recurso-educativo\/","url_meta":{"origin":1655,"position":2},"title":"CURSO \u00abEL TEATRO DE REPERTORIO COMO RECURSO EDUCATIVO\u00bb","author":"Mamen Moreno","date":"10 abril, 2023","format":false,"excerpt":"Os Informamos de que se encuentra abierto el plazo de inscripci\u00f3n del CURSO \"EL TEATRO DE REPERTORIO COMO RECURSO EDUCATIVO\" con c\u00f3digo: 232924GE047 \u00a0 Fecha inscripci\u00f3n: 10\/04\/2023 hasta 03\/05\/2023 Fecha actividad: 04\/05\/2023 hasta 16\/05\/2023 \u00a0 Horas totales: 12 h. Lugar de realizaci\u00f3n: CEP DE RONDA Detalle e inscripci\u00f3n: https:\/\/www.juntadeandalucia.es\/educacion\/secretariavirtual\/consultaCEP\/actividad\/232924GE047\/ \u00a0\u2026","rel":"","context":"En \u00abFormaciones\u00bb","block_context":{"text":"Formaciones","link":"https:\/\/cepronda.com\/blog\/category\/formaciones\/"},"img":{"alt_text":"","src":"https:\/\/i0.wp.com\/cepronda.com\/blog\/wp-content\/uploads\/2023\/04\/curso-teatro-en-el-aula-1.jpg?fit=848%2C1200&ssl=1&resize=350%2C200","width":350,"height":200,"srcset":"https:\/\/i0.wp.com\/cepronda.com\/blog\/wp-content\/uploads\/2023\/04\/curso-teatro-en-el-aula-1.jpg?fit=848%2C1200&ssl=1&resize=350%2C200 1x, https:\/\/i0.wp.com\/cepronda.com\/blog\/wp-content\/uploads\/2023\/04\/curso-teatro-en-el-aula-1.jpg?fit=848%2C1200&ssl=1&resize=525%2C300 1.5x, https:\/\/i0.wp.com\/cepronda.com\/blog\/wp-content\/uploads\/2023\/04\/curso-teatro-en-el-aula-1.jpg?fit=848%2C1200&ssl=1&resize=700%2C400 2x"},"classes":[]},{"id":2729,"url":"https:\/\/cepronda.com\/blog\/aplazada-actividad-del-teatro-del-oprimido-y-las-oprimidas\/","url_meta":{"origin":1655,"position":3},"title":"Aplazada actividad del Teatro del oprimido y las oprimidas","author":"V\u00edctor Caballero","date":"9 abril, 2019","format":"aside","excerpt":"Os informamos que, por razones de fuerza mayor, se aplaza la actividad \"Teatro del oprimido y las oprimidas\" . Confiamos en poder realizarla a comienzos del pr\u00f3ximo curso. Rogamos disculp\u00e9is las molestias. Un saludo","rel":"","context":"En \u00abNoticias\u00bb","block_context":{"text":"Noticias","link":"https:\/\/cepronda.com\/blog\/category\/noticias\/"},"img":{"alt_text":"","src":"","width":0,"height":0},"classes":[]},{"id":2659,"url":"https:\/\/cepronda.com\/blog\/teatro-del-oprimido-y-las-oprimidas\/","url_meta":{"origin":1655,"position":4},"title":"TEATRO DEL OPRIMIDO Y LAS OPRIMIDAS","author":"V\u00edctor Caballero","date":"4 marzo, 2019","format":false,"excerpt":"A lo largo de esta formaci\u00f3n trabajaremos desde la confianza y contacto con el grupo, pasando por las t\u00e9cnicas b\u00e1sicas de teatro aplicadas a la consciencia de nuestro cuerpo, uso de la voz y el movimiento, hasta las conflictivas sociales de nuestro entorno, trabajando a trav\u00e9s del teatro del oprimido\u2026","rel":"","context":"En \u00abFormaciones\u00bb","block_context":{"text":"Formaciones","link":"https:\/\/cepronda.com\/blog\/category\/formaciones\/"},"img":{"alt_text":"","src":"https:\/\/i0.wp.com\/cepronda.com\/blog\/wp-content\/uploads\/2017\/11\/mask-1636121_960_720.jpg?fit=960%2C638&ssl=1&resize=350%2C200","width":350,"height":200,"srcset":"https:\/\/i0.wp.com\/cepronda.com\/blog\/wp-content\/uploads\/2017\/11\/mask-1636121_960_720.jpg?fit=960%2C638&ssl=1&resize=350%2C200 1x, https:\/\/i0.wp.com\/cepronda.com\/blog\/wp-content\/uploads\/2017\/11\/mask-1636121_960_720.jpg?fit=960%2C638&ssl=1&resize=525%2C300 1.5x, https:\/\/i0.wp.com\/cepronda.com\/blog\/wp-content\/uploads\/2017\/11\/mask-1636121_960_720.jpg?fit=960%2C638&ssl=1&resize=700%2C400 2x"},"classes":[]},{"id":7374,"url":"https:\/\/cepronda.com\/blog\/ix-certamen-de-teatro-en-el-aula-ciudad-de-ronda\/","url_meta":{"origin":1655,"position":5},"title":"IX CERTAMEN DE TEATRO EN EL AULA. CIUDAD DE RONDA.","author":"Mamen Moreno","date":"16 enero, 2024","format":false,"excerpt":"Desde el d\u00eda 02 de enero hasta el 31 de enero los centros educativos de Educaci\u00f3n Secundaria y Bachillerato de Ronda y la Comarca que lo deseen, podr\u00e1n inscribirse en el IX CERTAMEN DE TEATRO EN EL AULA \u201cCIUDAD DE RONDA\u201d para participar con una o dos obras de teatro\u2026","rel":"","context":"En \u00abFormaciones\u00bb","block_context":{"text":"Formaciones","link":"https:\/\/cepronda.com\/blog\/category\/formaciones\/"},"img":{"alt_text":"","src":"https:\/\/i0.wp.com\/cepronda.com\/blog\/wp-content\/uploads\/2024\/01\/Logo-Tacir-768x733-1.jpg?fit=768%2C733&ssl=1&resize=350%2C200","width":350,"height":200,"srcset":"https:\/\/i0.wp.com\/cepronda.com\/blog\/wp-content\/uploads\/2024\/01\/Logo-Tacir-768x733-1.jpg?fit=768%2C733&ssl=1&resize=350%2C200 1x, https:\/\/i0.wp.com\/cepronda.com\/blog\/wp-content\/uploads\/2024\/01\/Logo-Tacir-768x733-1.jpg?fit=768%2C733&ssl=1&resize=525%2C300 1.5x, https:\/\/i0.wp.com\/cepronda.com\/blog\/wp-content\/uploads\/2024\/01\/Logo-Tacir-768x733-1.jpg?fit=768%2C733&ssl=1&resize=700%2C400 2x"},"classes":[]}],"jetpack_sharing_enabled":true,"_links":{"self":[{"href":"https:\/\/cepronda.com\/blog\/wp-json\/wp\/v2\/posts\/1655","targetHints":{"allow":["GET"]}}],"collection":[{"href":"https:\/\/cepronda.com\/blog\/wp-json\/wp\/v2\/posts"}],"about":[{"href":"https:\/\/cepronda.com\/blog\/wp-json\/wp\/v2\/types\/post"}],"author":[{"embeddable":true,"href":"https:\/\/cepronda.com\/blog\/wp-json\/wp\/v2\/users\/3"}],"replies":[{"embeddable":true,"href":"https:\/\/cepronda.com\/blog\/wp-json\/wp\/v2\/comments?post=1655"}],"version-history":[{"count":1,"href":"https:\/\/cepronda.com\/blog\/wp-json\/wp\/v2\/posts\/1655\/revisions"}],"predecessor-version":[{"id":1658,"href":"https:\/\/cepronda.com\/blog\/wp-json\/wp\/v2\/posts\/1655\/revisions\/1658"}],"wp:featuredmedia":[{"embeddable":true,"href":"https:\/\/cepronda.com\/blog\/wp-json\/wp\/v2\/media\/1656"}],"wp:attachment":[{"href":"https:\/\/cepronda.com\/blog\/wp-json\/wp\/v2\/media?parent=1655"}],"wp:term":[{"taxonomy":"category","embeddable":true,"href":"https:\/\/cepronda.com\/blog\/wp-json\/wp\/v2\/categories?post=1655"},{"taxonomy":"post_tag","embeddable":true,"href":"https:\/\/cepronda.com\/blog\/wp-json\/wp\/v2\/tags?post=1655"}],"curies":[{"name":"wp","href":"https:\/\/api.w.org\/{rel}","templated":true}]}}