{"id":1651,"date":"2018-03-23T09:24:20","date_gmt":"2018-03-23T08:24:20","guid":{"rendered":"http:\/\/cepronda.com\/blog\/?p=1651"},"modified":"2025-04-25T12:08:12","modified_gmt":"2025-04-25T10:08:12","slug":"concurso-de-dibujo-y-microrrelatos-esta-es-mi-familia","status":"publish","type":"post","link":"https:\/\/cepronda.com\/blog\/concurso-de-dibujo-y-microrrelatos-esta-es-mi-familia\/","title":{"rendered":"Concurso de dibujo y microrrelatos \u00abEsta es mi familia\u00bb"},"content":{"rendered":"<p>\u00a1Muy buenas familia!<\/p>\n<p>Hoy viernes, antes de tomarnos nuestra merecida semana de vacaciones, os dejamos con esta informaci\u00f3n que nos ha llegado desde la Delegaci\u00f3n de Educaci\u00f3n de M\u00e1laga.<\/p>\n<p>La FELGTB (Federaci\u00f3n Estatal de Lesbianas, Gais, Transexuales y Bisexuales)&nbsp;&nbsp;convoca la Segunda Edici\u00f3n del Concurso de dibujo y microrrelatos para ni\u00f1as, ni\u00f1os y j\u00f3venes \u201cESTA ES MI FAMILIA\u201d. Se cuenta con la colaboraci\u00f3n de la librer\u00eda Berkana<\/p>\n<p>Este concurso busca seguir valorando la creatividad de ni\u00f1os y ni\u00f1as a trav\u00e9s de sus dibujos y textos, y a su vez representar y poner en valor su composici\u00f3n familiar ante a la sociedad. Actualmente la sociedad est\u00e1 formada por familias diversas que siguen sin tener una representaci\u00f3n real en medios de comunicaci\u00f3n, literatura infantil y juvenil, libros de texto, etc. Especialmente se pretende resaltar a las familias LGTB por su car\u00e1cter minoritario y poco representado.<\/p>\n<p>Para acceder a las bases del concurso y toda la informaci\u00f3n s\u00f3lo ten\u00e9is que <a href=\"http:\/\/www.felgtb.org\/temas\/familias\/noticias\/i\/14481\/273\/concurso-de-dibujo-y-microrrelatos-esta-es-mi-familia\" target=\"_blank\" rel=\"noopener\">seguir este enlace<\/a>. Un saludo y que teng\u00e1is una buena semana.&nbsp;<\/p>\n<p><a href=\"http:\/\/www.felgtb.org\/temas\/familias\/noticias\/i\/14481\/273\/concurso-de-dibujo-y-microrrelatos-esta-es-mi-familia\" target=\"_blank\" rel=\"noopener\"><img data-recalc-dims=\"1\" loading=\"lazy\" decoding=\"async\" class=\"aligncenter wp-image-1652 size-full\" src=\"https:\/\/i0.wp.com\/cepronda.com\/blog\/wp-content\/uploads\/2018\/03\/concurso-familias-1.jpg?resize=200%2C268\" alt=\"\" width=\"200\" height=\"268\"><\/a><\/p>\n","protected":false},"excerpt":{"rendered":"<p>\u00a1Muy buenas familia! Hoy viernes, antes de tomarnos nuestra merecida semana de vacaciones, os dejamos con esta informaci\u00f3n que nos ha llegado desde la Delegaci\u00f3n de Educaci\u00f3n de M\u00e1laga. La FELGTB (Federaci\u00f3n Estatal de Lesbianas, Gais, Transexuales y Bisexuales)&nbsp;&nbsp;convoca la Segunda Edici\u00f3n del Concurso de dibujo y microrrelatos para ni\u00f1as, ni\u00f1os y j\u00f3venes \u201cESTA ES [&hellip;]<\/p>\n","protected":false},"author":3,"featured_media":1652,"comment_status":"open","ping_status":"open","sticky":false,"template":"","format":"standard","meta":{"_crdt_document":"","advanced_seo_description":"","jetpack_seo_html_title":"","jetpack_seo_noindex":false,"jetpack_post_was_ever_published":false,"_jetpack_newsletter_access":"","_jetpack_dont_email_post_to_subs":false,"_jetpack_newsletter_tier_id":0,"_jetpack_memberships_contains_paywalled_content":false,"_jetpack_memberships_contains_paid_content":false,"footnotes":"","jetpack_publicize_message":"","jetpack_publicize_feature_enabled":true,"jetpack_social_post_already_shared":true,"jetpack_social_options":{"image_generator_settings":{"template":"highway","default_image_id":0,"font":"","enabled":false},"version":2}},"categories":[5],"tags":[231,122,120,121],"class_list":{"0":"post-1651","1":"post","2":"type-post","3":"status-publish","4":"format-standard","5":"has-post-thumbnail","7":"category-noticias","8":"tag-certamen","9":"tag-concurso","10":"tag-dibujo","11":"tag-microrrelatos","12":"czr-hentry"},"jetpack_publicize_connections":[],"jetpack_featured_media_url":"https:\/\/i0.wp.com\/cepronda.com\/blog\/wp-content\/uploads\/2018\/03\/concurso-familias-1.jpg?fit=200%2C268&ssl=1","jetpack_shortlink":"https:\/\/wp.me\/p8M4X7-qD","jetpack-related-posts":[{"id":2543,"url":"https:\/\/cepronda.com\/blog\/concurso-de-dibujo-mujer-y-astronomia\/","url_meta":{"origin":1651,"position":0},"title":"CONCURSO DE DIBUJO MUJER Y ASTRONOM\u00cdA","author":"V\u00edctor Caballero","date":"20 diciembre, 2018","format":false,"excerpt":"Muy buenas familia, compartimos con todas y todos vosotros este concurso de dibujo que creemos puede ser muy interesante. Os adjuntamos las bases donde encontrar toda la informaci\u00f3n. Concurso_Dibujo_SEA_2019Descargar La Sociedad Espa\u00f1ola de Astronom\u00eda a trav\u00e9s de su Comisi\u00f3n de Mujer y Astronom\u00eda, convoca un concurso de dibujo para escolares\u2026","rel":"","context":"En \u00abNoticias\u00bb","block_context":{"text":"Noticias","link":"https:\/\/cepronda.com\/blog\/category\/noticias\/"},"img":{"alt_text":"","src":"https:\/\/i0.wp.com\/cepronda.com\/blog\/wp-content\/uploads\/2018\/12\/concurso-mujres-y-astronomia.jpg?fit=1200%2C788&ssl=1&resize=350%2C200","width":350,"height":200,"srcset":"https:\/\/i0.wp.com\/cepronda.com\/blog\/wp-content\/uploads\/2018\/12\/concurso-mujres-y-astronomia.jpg?fit=1200%2C788&ssl=1&resize=350%2C200 1x, https:\/\/i0.wp.com\/cepronda.com\/blog\/wp-content\/uploads\/2018\/12\/concurso-mujres-y-astronomia.jpg?fit=1200%2C788&ssl=1&resize=525%2C300 1.5x, https:\/\/i0.wp.com\/cepronda.com\/blog\/wp-content\/uploads\/2018\/12\/concurso-mujres-y-astronomia.jpg?fit=1200%2C788&ssl=1&resize=700%2C400 2x, https:\/\/i0.wp.com\/cepronda.com\/blog\/wp-content\/uploads\/2018\/12\/concurso-mujres-y-astronomia.jpg?fit=1200%2C788&ssl=1&resize=1050%2C600 3x"},"classes":[]},{"id":2178,"url":"https:\/\/cepronda.com\/blog\/2-microrrelatos-escolares-premiados-que-conmemoran-el-ano-europeo-del-patrimonio-cultural\/","url_meta":{"origin":1651,"position":1},"title":"2 Microrrelatos escolares premiados que conmemoran el A\u00f1o Europeo del Patrimonio Cultural","author":"V\u00edctor Caballero","date":"12 junio, 2018","format":false,"excerpt":"Muy buenas,\u00a0 Hoy estamos de enhorabuena ya que dos microrrelatos de centros de nuestra zona ha sido premiados en el concurso de microrrelatos educativos \"Cu\u00e9ntanos una historia\". M\u00e1s concretamente se trata de\u00a0\u201cNoche que alegra el alma\u201d de\u00a0Mar\u00eda Guerrero Garc\u00eda, del\u00a0IES Profesor Gonzalo Huesa de Ronda\u00a0y\u00a0\u00a0\u201cAdi\u00f3s\u201d de\u00a0Javier Aguilar M\u00e9ndez, del\u00a0IES Valle\u2026","rel":"","context":"En \u00abNoticias\u00bb","block_context":{"text":"Noticias","link":"https:\/\/cepronda.com\/blog\/category\/noticias\/"},"img":{"alt_text":"","src":"https:\/\/i0.wp.com\/cepronda.com\/blog\/wp-content\/uploads\/2018\/06\/premios.jpg?fit=1200%2C792&ssl=1&resize=350%2C200","width":350,"height":200,"srcset":"https:\/\/i0.wp.com\/cepronda.com\/blog\/wp-content\/uploads\/2018\/06\/premios.jpg?fit=1200%2C792&ssl=1&resize=350%2C200 1x, https:\/\/i0.wp.com\/cepronda.com\/blog\/wp-content\/uploads\/2018\/06\/premios.jpg?fit=1200%2C792&ssl=1&resize=525%2C300 1.5x, https:\/\/i0.wp.com\/cepronda.com\/blog\/wp-content\/uploads\/2018\/06\/premios.jpg?fit=1200%2C792&ssl=1&resize=700%2C400 2x, https:\/\/i0.wp.com\/cepronda.com\/blog\/wp-content\/uploads\/2018\/06\/premios.jpg?fit=1200%2C792&ssl=1&resize=1050%2C600 3x"},"classes":[]},{"id":2272,"url":"https:\/\/cepronda.com\/blog\/iii-certamen-de-microrrelatos-sobre-violencia-de-genero-en-la-juventud-malaga-2018\/","url_meta":{"origin":1651,"position":2},"title":"III Certamen de Microrrelatos sobre Violencia de g\u00e9nero en la juventud &#8211; M\u00e1laga 2018","author":"V\u00edctor Caballero","date":"7 septiembre, 2018","format":false,"excerpt":"Muy buenas de nuevo familia.\u00a0 Hoy queremos compartir con todas y todos vosotros una iniciativa que nos ha llegado por medio de Antonio Poleo. Se trata del III Certamen de Microrrelatos sobre violencia de g\u00e9nero en la juventud. Va dirigido a j\u00f3venes hasta 20 a\u00f1os, as\u00ed que pod\u00e9is participar con\u2026","rel":"","context":"En \u00abNoticias\u00bb","block_context":{"text":"Noticias","link":"https:\/\/cepronda.com\/blog\/category\/noticias\/"},"img":{"alt_text":"","src":"https:\/\/i0.wp.com\/cepronda.com\/blog\/wp-content\/uploads\/2018\/09\/Cartel_Microrrelatos.png?fit=608%2C855&ssl=1&resize=350%2C200","width":350,"height":200,"srcset":"https:\/\/i0.wp.com\/cepronda.com\/blog\/wp-content\/uploads\/2018\/09\/Cartel_Microrrelatos.png?fit=608%2C855&ssl=1&resize=350%2C200 1x, https:\/\/i0.wp.com\/cepronda.com\/blog\/wp-content\/uploads\/2018\/09\/Cartel_Microrrelatos.png?fit=608%2C855&ssl=1&resize=525%2C300 1.5x"},"classes":[]},{"id":2501,"url":"https:\/\/cepronda.com\/blog\/premiados-en-el-iii-certamen-de-microrrelatos-sobre-violencia-de-genero-en-la-juventud\/","url_meta":{"origin":1651,"position":3},"title":"Premiados en el III CERTAMEN DE MICRORRELATOS SOBRE VIOLENCIA DE G\u00c9NERO EN LA JUVENTUD","author":"V\u00edctor Caballero","date":"30 noviembre, 2018","format":false,"excerpt":"Muy buenas, terminamos la semana con una magn\u00edfica noticia, y es que 3 relatos presentados por 3 alumnas del IES Profesor Gonzalo Huesa han sido seleccionados en el\u00a0III CERTAMEN DE MICRORRELATOS SOBREVIOLENCIA DE G\u00c9NERO EN LA JUVENTUD. Os dejamos con algunas fotos tomadas en el d\u00eda de la entrega de\u2026","rel":"","context":"En \u00abNoticias\u00bb","block_context":{"text":"Noticias","link":"https:\/\/cepronda.com\/blog\/category\/noticias\/"},"img":{"alt_text":"","src":"https:\/\/i0.wp.com\/cepronda.com\/blog\/wp-content\/uploads\/2018\/11\/Gonzalo-Huesa-premio.jpg?fit=576%2C1024&ssl=1&resize=350%2C200","width":350,"height":200,"srcset":"https:\/\/i0.wp.com\/cepronda.com\/blog\/wp-content\/uploads\/2018\/11\/Gonzalo-Huesa-premio.jpg?fit=576%2C1024&ssl=1&resize=350%2C200 1x, https:\/\/i0.wp.com\/cepronda.com\/blog\/wp-content\/uploads\/2018\/11\/Gonzalo-Huesa-premio.jpg?fit=576%2C1024&ssl=1&resize=525%2C300 1.5x"},"classes":[]},{"id":3084,"url":"https:\/\/cepronda.com\/blog\/iv-certamen-de-microrrelatos-sobre-violencia-de-genero-en-la-juventud-malaga-2019\/","url_meta":{"origin":1651,"position":4},"title":"IV Certamen de microrrelatos sobre Violencia de g\u00e9nero en la juventud &#8211; M\u00e1laga 2019","author":"V\u00edctor Caballero","date":"8 octubre, 2019","format":false,"excerpt":"Muy buenas, como ya publicamos hace unso d\u00edas ya est\u00e1 en marcha el IV Certamen de microrrelatos sobre violencia de g\u00e9nero. Desde la organizaci\u00f3n del mismo nos hacen llegar esta informaci\u00f3n que pasamos a compartir con todos y todas vosotras. Estimads amigs: Os adjuntamos una infograf\u00eda para ayudar al alumnado\u2026","rel":"","context":"En \u00abNoticias\u00bb","block_context":{"text":"Noticias","link":"https:\/\/cepronda.com\/blog\/category\/noticias\/"},"img":{"alt_text":"","src":"https:\/\/i0.wp.com\/cepronda.com\/blog\/wp-content\/uploads\/2019\/10\/image.png?fit=849%2C1200&ssl=1&resize=350%2C200","width":350,"height":200,"srcset":"https:\/\/i0.wp.com\/cepronda.com\/blog\/wp-content\/uploads\/2019\/10\/image.png?fit=849%2C1200&ssl=1&resize=350%2C200 1x, https:\/\/i0.wp.com\/cepronda.com\/blog\/wp-content\/uploads\/2019\/10\/image.png?fit=849%2C1200&ssl=1&resize=525%2C300 1.5x, https:\/\/i0.wp.com\/cepronda.com\/blog\/wp-content\/uploads\/2019\/10\/image.png?fit=849%2C1200&ssl=1&resize=700%2C400 2x"},"classes":[]},{"id":3469,"url":"https:\/\/cepronda.com\/blog\/ii-concurso-de-dibujo-y-relato-corto-por-un-mundo-en-igualdad-del-plan-director\/","url_meta":{"origin":1651,"position":5},"title":"II Concurso de dibujo y relato corto \u201cPor un mundo en igualdad\u201d del Plan Director","author":"V\u00edctor Caballero","date":"9 marzo, 2020","format":false,"excerpt":"La Subdelegaci\u00f3n del Gobierno, a trav\u00e9s del\u00a0Plan Director\u00a0y de la Unidad contra la violencia sobre la mujer, organiza, con motivo del 8M, la segunda edici\u00f3n del Concurso de Dibujo y Relato Corto\u00a0\u00abPor un mundo en igualdad\u00bb\u00a0en colaboraci\u00f3n con la Fundaci\u00f3n M\u00e1laga CF, la Fundaci\u00f3n Cueva de Nerja y El Corte\u2026","rel":"","context":"En \u00abNoticias\u00bb","block_context":{"text":"Noticias","link":"https:\/\/cepronda.com\/blog\/category\/noticias\/"},"img":{"alt_text":"","src":"https:\/\/i0.wp.com\/cepronda.com\/blog\/wp-content\/uploads\/2020\/03\/plan-director.png?resize=350%2C200","width":350,"height":200},"classes":[]}],"jetpack_sharing_enabled":true,"_links":{"self":[{"href":"https:\/\/cepronda.com\/blog\/wp-json\/wp\/v2\/posts\/1651","targetHints":{"allow":["GET"]}}],"collection":[{"href":"https:\/\/cepronda.com\/blog\/wp-json\/wp\/v2\/posts"}],"about":[{"href":"https:\/\/cepronda.com\/blog\/wp-json\/wp\/v2\/types\/post"}],"author":[{"embeddable":true,"href":"https:\/\/cepronda.com\/blog\/wp-json\/wp\/v2\/users\/3"}],"replies":[{"embeddable":true,"href":"https:\/\/cepronda.com\/blog\/wp-json\/wp\/v2\/comments?post=1651"}],"version-history":[{"count":1,"href":"https:\/\/cepronda.com\/blog\/wp-json\/wp\/v2\/posts\/1651\/revisions"}],"predecessor-version":[{"id":1653,"href":"https:\/\/cepronda.com\/blog\/wp-json\/wp\/v2\/posts\/1651\/revisions\/1653"}],"wp:featuredmedia":[{"embeddable":true,"href":"https:\/\/cepronda.com\/blog\/wp-json\/wp\/v2\/media\/1652"}],"wp:attachment":[{"href":"https:\/\/cepronda.com\/blog\/wp-json\/wp\/v2\/media?parent=1651"}],"wp:term":[{"taxonomy":"category","embeddable":true,"href":"https:\/\/cepronda.com\/blog\/wp-json\/wp\/v2\/categories?post=1651"},{"taxonomy":"post_tag","embeddable":true,"href":"https:\/\/cepronda.com\/blog\/wp-json\/wp\/v2\/tags?post=1651"}],"curies":[{"name":"wp","href":"https:\/\/api.w.org\/{rel}","templated":true}]}}