{"id":1645,"date":"2018-03-13T12:05:14","date_gmt":"2018-03-13T11:05:14","guid":{"rendered":"http:\/\/cepronda.com\/blog\/?p=1645"},"modified":"2018-03-13T12:05:14","modified_gmt":"2018-03-13T11:05:14","slug":"programa-formacion-profesorado-escuelas-mentoras","status":"publish","type":"post","link":"https:\/\/cepronda.com\/blog\/programa-formacion-profesorado-escuelas-mentoras\/","title":{"rendered":"Programa Formaci\u00f3n Profesorado Escuelas Mentoras"},"content":{"rendered":"<p>\u00a1Hola a todo el mundo!<\/p>\n<p>Compartimos con todos y todas vosotras este programa que acaba de publicarse y que creemos puede ser una idea muy interesante para compartir&nbsp; con el resto de profesorado nuestras experiencias, y aprender mutuamente. Se ha denominado Programa de escuelas mentoras y para acceder a toda la informaci\u00f3n s\u00f3lo ten\u00e9is que <a href=\"http:\/\/www.juntadeandalucia.es\/educacion\/portals\/web\/ced\/contenidos\/-\/contenidos\/detalle\/instrucciones-de-9-de-marzo-de-la-direccion-general-de-innovacion-y-formacion-del-profesorado-por-las-que-se-convoca\" target=\"_blank\" rel=\"noopener\">seguir este enlace<\/a> o bien hacer clic en la imagen.<\/p>\n<p>Desde el CEP os animamos a participar en este programa, ya que pensamos que puede ser una gran oportunidad de aprender y compartir. Un saludo.<\/p>\n<p><a href=\"http:\/\/www.juntadeandalucia.es\/educacion\/portals\/web\/ced\/contenidos\/-\/contenidos\/detalle\/instrucciones-de-9-de-marzo-de-la-direccion-general-de-innovacion-y-formacion-del-profesorado-por-las-que-se-convoca\" target=\"_blank\" rel=\"noopener\"><img data-recalc-dims=\"1\" loading=\"lazy\" decoding=\"async\" class=\"aligncenter wp-image-1646 size-full\" src=\"https:\/\/i0.wp.com\/cepronda.com\/blog\/wp-content\/uploads\/2018\/03\/connect-316638_640.jpg?resize=640%2C426\" alt=\"\" width=\"640\" height=\"426\" srcset=\"https:\/\/i0.wp.com\/cepronda.com\/blog\/wp-content\/uploads\/2018\/03\/connect-316638_640.jpg?w=640&amp;ssl=1 640w, https:\/\/i0.wp.com\/cepronda.com\/blog\/wp-content\/uploads\/2018\/03\/connect-316638_640.jpg?resize=300%2C200&amp;ssl=1 300w\" sizes=\"auto, (max-width: 640px) 100vw, 640px\" \/><\/a><\/p>\n","protected":false},"excerpt":{"rendered":"<p>\u00a1Hola a todo el mundo! Compartimos con todos y todas vosotras este programa que acaba de publicarse y que creemos puede ser una idea muy interesante para compartir&nbsp; con el resto de profesorado nuestras experiencias, y aprender mutuamente. Se ha denominado Programa de escuelas mentoras y para acceder a toda la informaci\u00f3n s\u00f3lo ten\u00e9is que [&hellip;]<\/p>\n","protected":false},"author":3,"featured_media":1646,"comment_status":"open","ping_status":"open","sticky":false,"template":"","format":"standard","meta":{"_crdt_document":"","advanced_seo_description":"","jetpack_seo_html_title":"","jetpack_seo_noindex":false,"jetpack_post_was_ever_published":false,"_jetpack_newsletter_access":"","_jetpack_dont_email_post_to_subs":false,"_jetpack_newsletter_tier_id":0,"_jetpack_memberships_contains_paywalled_content":false,"_jetpack_memberships_contains_paid_content":false,"footnotes":"","jetpack_publicize_message":"Informaci\u00f3n sobre Programa Formaci\u00f3n Profesorado Escuelas Mentoras","jetpack_publicize_feature_enabled":true,"jetpack_social_post_already_shared":true,"jetpack_social_options":{"image_generator_settings":{"template":"highway","default_image_id":0,"font":"","enabled":false},"version":2}},"categories":[5],"tags":[119],"class_list":{"0":"post-1645","1":"post","2":"type-post","3":"status-publish","4":"format-standard","5":"has-post-thumbnail","7":"category-noticias","8":"tag-escuelas-mentoras","9":"czr-hentry"},"jetpack_publicize_connections":[],"jetpack_featured_media_url":"https:\/\/i0.wp.com\/cepronda.com\/blog\/wp-content\/uploads\/2018\/03\/connect-316638_640.jpg?fit=640%2C426&ssl=1","jetpack_shortlink":"https:\/\/wp.me\/p8M4X7-qx","jetpack-related-posts":[{"id":2243,"url":"https:\/\/cepronda.com\/blog\/programa-de-escuelas-mentoras\/","url_meta":{"origin":1645,"position":0},"title":"Programa de Escuelas Mentoras","author":"V\u00edctor Caballero","date":"3 septiembre, 2018","format":false,"excerpt":"Y seguimos con las novedades... En este caso se trata de un programa que el curso pasado se puso a mediados de curso y de forma experimental y, este curso, se pone en marcha desde ya, de modo que el aprendizaje mutuo sea mayor. Escuelas mentoras es un programa de\u2026","rel":"","context":"En \u00abNoticias\u00bb","block_context":{"text":"Noticias","link":"https:\/\/cepronda.com\/blog\/category\/noticias\/"},"img":{"alt_text":"","src":"https:\/\/i0.wp.com\/cepronda.com\/blog\/wp-content\/uploads\/2018\/09\/puzzle-210785_640.jpg?fit=640%2C480&ssl=1&resize=350%2C200","width":350,"height":200,"srcset":"https:\/\/i0.wp.com\/cepronda.com\/blog\/wp-content\/uploads\/2018\/09\/puzzle-210785_640.jpg?fit=640%2C480&ssl=1&resize=350%2C200 1x, https:\/\/i0.wp.com\/cepronda.com\/blog\/wp-content\/uploads\/2018\/09\/puzzle-210785_640.jpg?fit=640%2C480&ssl=1&resize=525%2C300 1.5x"},"classes":[]},{"id":2453,"url":"https:\/\/cepronda.com\/blog\/participacion-como-centro-telemaco\/","url_meta":{"origin":1645,"position":1},"title":"Participaci\u00f3n como centro Tel\u00e9maco","author":"V\u00edctor Caballero","date":"8 noviembre, 2018","format":false,"excerpt":"Muy buenas familia,\u00a0 Ponemos en vuestro conocimiento que, desde hoy hasta el d\u00eda 21 de noviembre, ten\u00e9is abierto el plazo de inscripci\u00f3n para inscribiros como centro Tel\u00e9maco dentro del programa de Escuelas Mentoras. Si os inscrib\u00eds como centro Tel\u00e9maco pod\u00e9is tener la opci\u00f3n de visitar alguna de las escuelas mentoras,\u2026","rel":"","context":"En \u00abFormaciones\u00bb","block_context":{"text":"Formaciones","link":"https:\/\/cepronda.com\/blog\/category\/formaciones\/"},"img":{"alt_text":"","src":"https:\/\/i0.wp.com\/cepronda.com\/blog\/wp-content\/uploads\/2017\/05\/logo_ja_ce_mejor.jpg?fit=732%2C600&ssl=1&resize=350%2C200","width":350,"height":200,"srcset":"https:\/\/i0.wp.com\/cepronda.com\/blog\/wp-content\/uploads\/2017\/05\/logo_ja_ce_mejor.jpg?fit=732%2C600&ssl=1&resize=350%2C200 1x, https:\/\/i0.wp.com\/cepronda.com\/blog\/wp-content\/uploads\/2017\/05\/logo_ja_ce_mejor.jpg?fit=732%2C600&ssl=1&resize=525%2C300 1.5x, https:\/\/i0.wp.com\/cepronda.com\/blog\/wp-content\/uploads\/2017\/05\/logo_ja_ce_mejor.jpg?fit=732%2C600&ssl=1&resize=700%2C400 2x"},"classes":[]},{"id":5505,"url":"https:\/\/cepronda.com\/blog\/i-jornadas-provinciales-de-escuelas-infantiles-0-3\/","url_meta":{"origin":1645,"position":2},"title":"I JORNADAS PROVINCIALES DE ESCUELAS INFANTILES (0-3)","author":"Mamen Moreno","date":"27 septiembre, 2022","format":false,"excerpt":"Os informamos que ya est\u00e1 abierto el plazo de inscripci\u00f3n para las I Jornadas Provinciales de Escuelas Infantiles (0-3).\u00a0 Facultad de Ciencias de la Educaci\u00f3n el d\u00eda 22 de Octubre. Mas informaci\u00f3n e inscripci\u00f3n en el siguiente enlace: https:\/\/blogsaverroes.juntadeandalucia.es\/infante\/programa","rel":"","context":"En \u00abFormaciones\u00bb","block_context":{"text":"Formaciones","link":"https:\/\/cepronda.com\/blog\/category\/formaciones\/"},"img":{"alt_text":"","src":"https:\/\/i0.wp.com\/cepronda.com\/blog\/wp-content\/uploads\/2022\/09\/JEI-0-3-para-RRSS.png?fit=1080%2C1080&ssl=1&resize=350%2C200","width":350,"height":200,"srcset":"https:\/\/i0.wp.com\/cepronda.com\/blog\/wp-content\/uploads\/2022\/09\/JEI-0-3-para-RRSS.png?fit=1080%2C1080&ssl=1&resize=350%2C200 1x, https:\/\/i0.wp.com\/cepronda.com\/blog\/wp-content\/uploads\/2022\/09\/JEI-0-3-para-RRSS.png?fit=1080%2C1080&ssl=1&resize=525%2C300 1.5x, https:\/\/i0.wp.com\/cepronda.com\/blog\/wp-content\/uploads\/2022\/09\/JEI-0-3-para-RRSS.png?fit=1080%2C1080&ssl=1&resize=700%2C400 2x, https:\/\/i0.wp.com\/cepronda.com\/blog\/wp-content\/uploads\/2022\/09\/JEI-0-3-para-RRSS.png?fit=1080%2C1080&ssl=1&resize=1050%2C600 3x"},"classes":[]},{"id":2319,"url":"https:\/\/cepronda.com\/blog\/v-encuentro-de-escuelas-rurales-de-andalucia\/","url_meta":{"origin":1645,"position":3},"title":"V Encuentro de Escuelas Rurales de Andaluc\u00eda","author":"V\u00edctor Caballero","date":"13 septiembre, 2018","format":false,"excerpt":"Muy buenas, Como sab\u00e9is una de nuestras prioridades son los centros rurales agrupados dada su casu\u00edstica tan peculiar, y dado que tenemos la gran suerte de contar con 5 de ellos en nuestra zona. En este sentido os queremos comunicar que los pr\u00f3ximos d\u00edas 4 y 5 de octubre se\u2026","rel":"","context":"En \u00abNoticias\u00bb","block_context":{"text":"Noticias","link":"https:\/\/cepronda.com\/blog\/category\/noticias\/"},"img":{"alt_text":"","src":"https:\/\/i0.wp.com\/cepronda.com\/blog\/wp-content\/uploads\/2018\/09\/handbag-407198_640.jpg?fit=640%2C426&ssl=1&resize=350%2C200","width":350,"height":200,"srcset":"https:\/\/i0.wp.com\/cepronda.com\/blog\/wp-content\/uploads\/2018\/09\/handbag-407198_640.jpg?fit=640%2C426&ssl=1&resize=350%2C200 1x, https:\/\/i0.wp.com\/cepronda.com\/blog\/wp-content\/uploads\/2018\/09\/handbag-407198_640.jpg?fit=640%2C426&ssl=1&resize=525%2C300 1.5x"},"classes":[]},{"id":1560,"url":"https:\/\/cepronda.com\/blog\/andalucia-profundiza-2017-2018\/","url_meta":{"origin":1645,"position":4},"title":"Andaluc\u00eda profundiza 2017-2018","author":"V\u00edctor Caballero","date":"16 enero, 2018","format":false,"excerpt":"\u00a1Hola! Queremos compartir con todas las personas interesadas la puesta en marcha del programa ANDALUC\u00cdA PROFUNDIZA. Os dejamos con la informaci\u00f3n recogida en la web de la Junta de Andaluc\u00eda. La Consejer\u00eda de Educaci\u00f3n pone de nuevo en marcha el Programa ANDALUC\u00cdA PROFUNDIZA. Este programa est\u00e1\u00a0 dirigido a todo el\u2026","rel":"","context":"En \u00abNoticias\u00bb","block_context":{"text":"Noticias","link":"https:\/\/cepronda.com\/blog\/category\/noticias\/"},"img":{"alt_text":"","src":"","width":0,"height":0},"classes":[]},{"id":1098,"url":"https:\/\/cepronda.com\/blog\/programa-de-inmersion-linguistica-para-el-profesorado-con-destino-en-los-centros-publicos-bilingues-convocatoria-2017\/","url_meta":{"origin":1645,"position":5},"title":"Programa de Inmersi\u00f3n Ling\u00fc\u00edstica para el profesorado con destino en los centros p\u00fablicos biling\u00fces. Convocatoria 2017","author":"V\u00edctor Caballero","date":"29 mayo, 2017","format":false,"excerpt":"\u00a1Hola de nuevo! Seguimos informando de novedades... En este caso se trata del inicio del plazo de inscripci\u00f3n en el programa de inmersi\u00f3n ling\u00fc\u00edstica para el profesorado con destino en los centros p\u00fablicos biling\u00fces, en su convocatoria del a\u00f1o 2017. Para poder acceder a la informaci\u00f3n s\u00f3lo ten\u00e9is que hacer\u2026","rel":"","context":"En \u00abNoticias\u00bb","block_context":{"text":"Noticias","link":"https:\/\/cepronda.com\/blog\/category\/noticias\/"},"img":{"alt_text":"","src":"https:\/\/i0.wp.com\/cepronda.com\/blog\/wp-content\/uploads\/2017\/05\/learn-2004905_640.png?fit=640%2C285&ssl=1&resize=350%2C200","width":350,"height":200,"srcset":"https:\/\/i0.wp.com\/cepronda.com\/blog\/wp-content\/uploads\/2017\/05\/learn-2004905_640.png?fit=640%2C285&ssl=1&resize=350%2C200 1x, https:\/\/i0.wp.com\/cepronda.com\/blog\/wp-content\/uploads\/2017\/05\/learn-2004905_640.png?fit=640%2C285&ssl=1&resize=525%2C300 1.5x"},"classes":[]}],"jetpack_sharing_enabled":true,"_links":{"self":[{"href":"https:\/\/cepronda.com\/blog\/wp-json\/wp\/v2\/posts\/1645","targetHints":{"allow":["GET"]}}],"collection":[{"href":"https:\/\/cepronda.com\/blog\/wp-json\/wp\/v2\/posts"}],"about":[{"href":"https:\/\/cepronda.com\/blog\/wp-json\/wp\/v2\/types\/post"}],"author":[{"embeddable":true,"href":"https:\/\/cepronda.com\/blog\/wp-json\/wp\/v2\/users\/3"}],"replies":[{"embeddable":true,"href":"https:\/\/cepronda.com\/blog\/wp-json\/wp\/v2\/comments?post=1645"}],"version-history":[{"count":1,"href":"https:\/\/cepronda.com\/blog\/wp-json\/wp\/v2\/posts\/1645\/revisions"}],"predecessor-version":[{"id":1647,"href":"https:\/\/cepronda.com\/blog\/wp-json\/wp\/v2\/posts\/1645\/revisions\/1647"}],"wp:featuredmedia":[{"embeddable":true,"href":"https:\/\/cepronda.com\/blog\/wp-json\/wp\/v2\/media\/1646"}],"wp:attachment":[{"href":"https:\/\/cepronda.com\/blog\/wp-json\/wp\/v2\/media?parent=1645"}],"wp:term":[{"taxonomy":"category","embeddable":true,"href":"https:\/\/cepronda.com\/blog\/wp-json\/wp\/v2\/categories?post=1645"},{"taxonomy":"post_tag","embeddable":true,"href":"https:\/\/cepronda.com\/blog\/wp-json\/wp\/v2\/tags?post=1645"}],"curies":[{"name":"wp","href":"https:\/\/api.w.org\/{rel}","templated":true}]}}