{"id":1641,"date":"2018-03-12T10:22:00","date_gmt":"2018-03-12T09:22:00","guid":{"rendered":"http:\/\/cepronda.com\/blog\/?p=1641"},"modified":"2018-03-12T10:22:00","modified_gmt":"2018-03-12T09:22:00","slug":"introduccion-a-mindfulness-para-gestionar-emociones-en-el-aula-programa-inteligencia-emocional-plena-inep","status":"publish","type":"post","link":"https:\/\/cepronda.com\/blog\/introduccion-a-mindfulness-para-gestionar-emociones-en-el-aula-programa-inteligencia-emocional-plena-inep\/","title":{"rendered":"INTRODUCCI\u00d3N A MINDFULNESS PARA GESTIONAR EMOCIONES EN EL AULA: PROGRAMA INTELIGENCIA EMOCIONAL PLENA (INEP)"},"content":{"rendered":"<p>\u00a1Hola!&nbsp;<\/p>\n<p>Os contamos que sacamos una nueva actividad, esta vez enfocada al mindfulness, y contamos con tres ponentes de categor\u00eda. Para poder acceder a la informaci\u00f3n e inscribiros s\u00f3lo ten\u00e9is que <a href=\"https:\/\/www.juntadeandalucia.es\/educacion\/secretariavirtual\/consultaCEP\/actividad\/182924GE202\/\" target=\"_blank\" rel=\"noopener\">seguir el siguiente enlace<\/a>. Os animamos a participar. Un saludo.<\/p>\n<p><a href=\"https:\/\/www.juntadeandalucia.es\/educacion\/secretariavirtual\/consultaCEP\/actividad\/182924GE202\/\" target=\"_blank\" rel=\"noopener\"><img data-recalc-dims=\"1\" loading=\"lazy\" decoding=\"async\" class=\"aligncenter wp-image-1642 size-full\" src=\"https:\/\/i0.wp.com\/cepronda.com\/blog\/wp-content\/uploads\/2018\/03\/balance-2686214_640.jpg?resize=640%2C426\" alt=\"\" width=\"640\" height=\"426\" srcset=\"https:\/\/i0.wp.com\/cepronda.com\/blog\/wp-content\/uploads\/2018\/03\/balance-2686214_640.jpg?w=640&amp;ssl=1 640w, https:\/\/i0.wp.com\/cepronda.com\/blog\/wp-content\/uploads\/2018\/03\/balance-2686214_640.jpg?resize=300%2C200&amp;ssl=1 300w\" sizes=\"auto, (max-width: 640px) 100vw, 640px\" \/><\/a><\/p>\n","protected":false},"excerpt":{"rendered":"<p>\u00a1Hola!&nbsp; Os contamos que sacamos una nueva actividad, esta vez enfocada al mindfulness, y contamos con tres ponentes de categor\u00eda. Para poder acceder a la informaci\u00f3n e inscribiros s\u00f3lo ten\u00e9is que seguir el siguiente enlace. Os animamos a participar. Un saludo.<\/p>\n","protected":false},"author":3,"featured_media":1642,"comment_status":"open","ping_status":"open","sticky":false,"template":"","format":"standard","meta":{"_crdt_document":"","advanced_seo_description":"","jetpack_seo_html_title":"","jetpack_seo_noindex":false,"jetpack_post_was_ever_published":false,"_jetpack_newsletter_access":"","_jetpack_dont_email_post_to_subs":false,"_jetpack_newsletter_tier_id":0,"_jetpack_memberships_contains_paywalled_content":false,"_jetpack_memberships_contains_paid_content":false,"footnotes":"","jetpack_publicize_message":"","jetpack_publicize_feature_enabled":true,"jetpack_social_post_already_shared":true,"jetpack_social_options":{"image_generator_settings":{"template":"highway","default_image_id":0,"font":"","enabled":false},"version":2}},"categories":[3],"tags":[118],"class_list":{"0":"post-1641","1":"post","2":"type-post","3":"status-publish","4":"format-standard","5":"has-post-thumbnail","7":"category-formaciones","8":"tag-mindfulness","9":"czr-hentry"},"jetpack_publicize_connections":[],"jetpack_featured_media_url":"https:\/\/i0.wp.com\/cepronda.com\/blog\/wp-content\/uploads\/2018\/03\/balance-2686214_640.jpg?fit=640%2C426&ssl=1","jetpack_shortlink":"https:\/\/wp.me\/p8M4X7-qt","jetpack-related-posts":[{"id":5230,"url":"https:\/\/cepronda.com\/blog\/mindfulness-para-docentes-ultimos-dias\/","url_meta":{"origin":1641,"position":0},"title":"MINDFULNESS PARA DOCENTES \u00a1\u00daLTIMOS D\u00cdAS!","author":"V\u00edctor Caballero","date":"17 abril, 2022","format":false,"excerpt":"\u00a1\u00daLTIMOS D\u00cdAS! \u00a1NO TE LO PIERDAS! Os informamos que a\u00fan sigue abierto el plazo de inscripci\u00f3n del curso MINDFULNESS PARA DOCENTES con c\u00f3digo 222924GE047. Fechas de inscripci\u00f3n : hasta el lunes 18\/04\/2022 Fecha de inicio: 19\/04\/2022 Fecha finalizaci\u00f3n: 31\/05\/2022 Horas: 16h\u00a0 ( 3 sesiones de 2h + 4 sesiones de\u2026","rel":"","context":"En \u00abFormaciones\u00bb","block_context":{"text":"Formaciones","link":"https:\/\/cepronda.com\/blog\/category\/formaciones\/"},"img":{"alt_text":"","src":"https:\/\/i0.wp.com\/cepronda.com\/blog\/wp-content\/uploads\/2022\/04\/222924GE047-Cartel-Mindfulness.png?fit=848%2C1200&ssl=1&resize=350%2C200","width":350,"height":200,"srcset":"https:\/\/i0.wp.com\/cepronda.com\/blog\/wp-content\/uploads\/2022\/04\/222924GE047-Cartel-Mindfulness.png?fit=848%2C1200&ssl=1&resize=350%2C200 1x, https:\/\/i0.wp.com\/cepronda.com\/blog\/wp-content\/uploads\/2022\/04\/222924GE047-Cartel-Mindfulness.png?fit=848%2C1200&ssl=1&resize=525%2C300 1.5x, https:\/\/i0.wp.com\/cepronda.com\/blog\/wp-content\/uploads\/2022\/04\/222924GE047-Cartel-Mindfulness.png?fit=848%2C1200&ssl=1&resize=700%2C400 2x"},"classes":[]},{"id":5208,"url":"https:\/\/cepronda.com\/blog\/mindfulness-para-docentes-2\/","url_meta":{"origin":1641,"position":1},"title":"MINDFULNESS PARA DOCENTES","author":"V\u00edctor Caballero","date":"1 abril, 2022","format":false,"excerpt":"Buenos d\u00edas compa\u00f1eras y compa\u00f1eros Os informamos que est\u00e1 abierto el plazo de solicitudes para\u00a0 el curso MINDFULNESS PARA DOCENTES con c\u00f3digo 222924GE047 Fechas de inscripci\u00f3n : del\u00a0 01\/04\/2022 al 15\/04\/2022 Fecha de inicio: 19\/04\/2022 Fecha finalizaci\u00f3n: 31\/05\/2022 Horas: 16h\u00a0 ( 3 sesiones de 2h + 4 sesiones de 2,5h.\u2026","rel":"","context":"En \u00abFormaciones\u00bb","block_context":{"text":"Formaciones","link":"https:\/\/cepronda.com\/blog\/category\/formaciones\/"},"img":{"alt_text":"","src":"https:\/\/i0.wp.com\/cepronda.com\/blog\/wp-content\/uploads\/2022\/04\/222924GE047-Cartel-Mindfulness.png?fit=848%2C1200&ssl=1&resize=350%2C200","width":350,"height":200,"srcset":"https:\/\/i0.wp.com\/cepronda.com\/blog\/wp-content\/uploads\/2022\/04\/222924GE047-Cartel-Mindfulness.png?fit=848%2C1200&ssl=1&resize=350%2C200 1x, https:\/\/i0.wp.com\/cepronda.com\/blog\/wp-content\/uploads\/2022\/04\/222924GE047-Cartel-Mindfulness.png?fit=848%2C1200&ssl=1&resize=525%2C300 1.5x, https:\/\/i0.wp.com\/cepronda.com\/blog\/wp-content\/uploads\/2022\/04\/222924GE047-Cartel-Mindfulness.png?fit=848%2C1200&ssl=1&resize=700%2C400 2x"},"classes":[]},{"id":4337,"url":"https:\/\/cepronda.com\/blog\/mindfulness-para-docentes\/","url_meta":{"origin":1641,"position":2},"title":"MINDFULNESS PARA DOCENTES","author":"V\u00edctor Caballero","date":"19 marzo, 2021","format":false,"excerpt":"Muy buenas, compa\u00f1eros y compa\u00f1eras. Se abre el plazo para participar en la actividad formativa:\u00a0 \" MINDFULNESS PARA DOCENTES\", con Pau S\u00e1nchez como ponente. Esperamos que sea de vuestro inter\u00e9s. Un saludo. Fecha actividad:\u00a006\/04\/2021 hasta 25\/05\/2021 Fecha inscripci\u00f3n:\u00a019\/03\/2021 hasta 31\/03\/2021 Horas totales:\u00a016 Horas presenciales:\u00a016 Horas presenciales: 16h (Videoconferencias en BB\u2026","rel":"","context":"En \u00abFormaciones\u00bb","block_context":{"text":"Formaciones","link":"https:\/\/cepronda.com\/blog\/category\/formaciones\/"},"img":{"alt_text":"","src":"https:\/\/i0.wp.com\/cepronda.com\/blog\/wp-content\/uploads\/2021\/03\/212924GE038-Mindfulness-para-docentes.jpg?fit=848%2C1200&ssl=1&resize=350%2C200","width":350,"height":200,"srcset":"https:\/\/i0.wp.com\/cepronda.com\/blog\/wp-content\/uploads\/2021\/03\/212924GE038-Mindfulness-para-docentes.jpg?fit=848%2C1200&ssl=1&resize=350%2C200 1x, https:\/\/i0.wp.com\/cepronda.com\/blog\/wp-content\/uploads\/2021\/03\/212924GE038-Mindfulness-para-docentes.jpg?fit=848%2C1200&ssl=1&resize=525%2C300 1.5x, https:\/\/i0.wp.com\/cepronda.com\/blog\/wp-content\/uploads\/2021\/03\/212924GE038-Mindfulness-para-docentes.jpg?fit=848%2C1200&ssl=1&resize=700%2C400 2x"},"classes":[]},{"id":4050,"url":"https:\/\/cepronda.com\/blog\/creando-aulas-resilientes-2\/","url_meta":{"origin":1641,"position":3},"title":"MINDFULNESS, BIENESTAR EMOCIONAL Y CREATIVIDAD EN EL AULA DE INGL\u00c9S","author":"V\u00edctor Caballero","date":"15 diciembre, 2020","format":false,"excerpt":"Muy buenas, compa\u00f1eros y compa\u00f1eras. Se abre el plazo para participar en la actividad formativa a nivel provincial que lleva el CEP de Marbella-Co\u00edn titulada:\u00a0 \"MINDFULNESS, BIENESTAR EMOCIONAL Y CREATIVIDAD EN EL AULA DE INGL\u00c9S\", con Lawrence Body. Esperamos que sea de vuestro inter\u00e9s. Un saludo. Fecha actividad:\u00a004\/02\/2021 hasta 22\/04\/2021\u2026","rel":"","context":"En \u00abNoticias\u00bb","block_context":{"text":"Noticias","link":"https:\/\/cepronda.com\/blog\/category\/noticias\/"},"img":{"alt_text":"","src":"https:\/\/i0.wp.com\/cepronda.com\/blog\/wp-content\/uploads\/2020\/12\/WhatsApp-Image-2020-12-15-at-11.04.01.jpeg?fit=848%2C1200&ssl=1&resize=350%2C200","width":350,"height":200,"srcset":"https:\/\/i0.wp.com\/cepronda.com\/blog\/wp-content\/uploads\/2020\/12\/WhatsApp-Image-2020-12-15-at-11.04.01.jpeg?fit=848%2C1200&ssl=1&resize=350%2C200 1x, https:\/\/i0.wp.com\/cepronda.com\/blog\/wp-content\/uploads\/2020\/12\/WhatsApp-Image-2020-12-15-at-11.04.01.jpeg?fit=848%2C1200&ssl=1&resize=525%2C300 1.5x, https:\/\/i0.wp.com\/cepronda.com\/blog\/wp-content\/uploads\/2020\/12\/WhatsApp-Image-2020-12-15-at-11.04.01.jpeg?fit=848%2C1200&ssl=1&resize=700%2C400 2x"},"classes":[]},{"id":2773,"url":"https:\/\/cepronda.com\/blog\/convocatoria-de-asesorias-para-los-centro-de-profesorado\/","url_meta":{"origin":1641,"position":4},"title":"Convocatoria de asesor\u00edas para los Centro de Profesorado","author":"V\u00edctor Caballero","date":"2 mayo, 2019","format":false,"excerpt":"Muy buenas familia, \u00bfQu\u00e9 tal el d\u00eda de ayer? Seguro que muy bien, y sirvi\u00f3 para descansar y disfrutar del d\u00eda tan bueno. Os comunicamos que ya ha salido la convocatoria para las distintas plazas de asesor\u00edas vacantes en los Centros de Profesorado de Andaluc\u00eda. En concreto, en nuestro CEP,\u2026","rel":"","context":"En \u00abNoticias\u00bb","block_context":{"text":"Noticias","link":"https:\/\/cepronda.com\/blog\/category\/noticias\/"},"img":{"alt_text":"","src":"https:\/\/i0.wp.com\/cepronda.com\/blog\/wp-content\/uploads\/2019\/05\/Logo-Educaci%C3%B3n-y-deporte.png?fit=512%2C512&ssl=1&resize=350%2C200","width":350,"height":200},"classes":[]},{"id":2389,"url":"https:\/\/cepronda.com\/blog\/curso-conoce-tu-ciudad\/","url_meta":{"origin":1641,"position":5},"title":"Curso \u00abConoce tu ciudad\u00bb","author":"V\u00edctor Caballero","date":"19 octubre, 2018","format":false,"excerpt":"\u00a1Muy buenas! Compartimos este curso que creemos os puede resultar muy interesante ya que nos puede servir para conocer mejor nuestra ciudad y as\u00ed poder transmitir de mejor modo a nuestro alumnado todo lo que tenemos en Ronda. Contamos para ello con dos grandes ponentes, grandes conocedoras de Ronda, y\u2026","rel":"","context":"En \u00abFormaciones\u00bb","block_context":{"text":"Formaciones","link":"https:\/\/cepronda.com\/blog\/category\/formaciones\/"},"img":{"alt_text":"","src":"https:\/\/i0.wp.com\/cepronda.com\/blog\/wp-content\/uploads\/2018\/10\/round-2685747_1920.jpg?fit=1200%2C800&ssl=1&resize=350%2C200","width":350,"height":200,"srcset":"https:\/\/i0.wp.com\/cepronda.com\/blog\/wp-content\/uploads\/2018\/10\/round-2685747_1920.jpg?fit=1200%2C800&ssl=1&resize=350%2C200 1x, https:\/\/i0.wp.com\/cepronda.com\/blog\/wp-content\/uploads\/2018\/10\/round-2685747_1920.jpg?fit=1200%2C800&ssl=1&resize=525%2C300 1.5x, https:\/\/i0.wp.com\/cepronda.com\/blog\/wp-content\/uploads\/2018\/10\/round-2685747_1920.jpg?fit=1200%2C800&ssl=1&resize=700%2C400 2x, https:\/\/i0.wp.com\/cepronda.com\/blog\/wp-content\/uploads\/2018\/10\/round-2685747_1920.jpg?fit=1200%2C800&ssl=1&resize=1050%2C600 3x"},"classes":[]}],"jetpack_sharing_enabled":true,"_links":{"self":[{"href":"https:\/\/cepronda.com\/blog\/wp-json\/wp\/v2\/posts\/1641","targetHints":{"allow":["GET"]}}],"collection":[{"href":"https:\/\/cepronda.com\/blog\/wp-json\/wp\/v2\/posts"}],"about":[{"href":"https:\/\/cepronda.com\/blog\/wp-json\/wp\/v2\/types\/post"}],"author":[{"embeddable":true,"href":"https:\/\/cepronda.com\/blog\/wp-json\/wp\/v2\/users\/3"}],"replies":[{"embeddable":true,"href":"https:\/\/cepronda.com\/blog\/wp-json\/wp\/v2\/comments?post=1641"}],"version-history":[{"count":1,"href":"https:\/\/cepronda.com\/blog\/wp-json\/wp\/v2\/posts\/1641\/revisions"}],"predecessor-version":[{"id":1643,"href":"https:\/\/cepronda.com\/blog\/wp-json\/wp\/v2\/posts\/1641\/revisions\/1643"}],"wp:featuredmedia":[{"embeddable":true,"href":"https:\/\/cepronda.com\/blog\/wp-json\/wp\/v2\/media\/1642"}],"wp:attachment":[{"href":"https:\/\/cepronda.com\/blog\/wp-json\/wp\/v2\/media?parent=1641"}],"wp:term":[{"taxonomy":"category","embeddable":true,"href":"https:\/\/cepronda.com\/blog\/wp-json\/wp\/v2\/categories?post=1641"},{"taxonomy":"post_tag","embeddable":true,"href":"https:\/\/cepronda.com\/blog\/wp-json\/wp\/v2\/tags?post=1641"}],"curies":[{"name":"wp","href":"https:\/\/api.w.org\/{rel}","templated":true}]}}