{"id":1638,"date":"2018-03-09T12:40:29","date_gmt":"2018-03-09T11:40:29","guid":{"rendered":"http:\/\/cepronda.com\/blog\/?p=1638"},"modified":"2018-03-09T12:40:29","modified_gmt":"2018-03-09T11:40:29","slug":"curso-visitas-guiadas-a-las-navas-de-los-pinsapos-y-a-la-finca-algaba","status":"publish","type":"post","link":"https:\/\/cepronda.com\/blog\/curso-visitas-guiadas-a-las-navas-de-los-pinsapos-y-a-la-finca-algaba\/","title":{"rendered":"Curso \u00abVISITAS GUIADAS A LAS NAVAS DE LOS PINSAPOS Y A LA FINCA ALGABA\u00bb"},"content":{"rendered":"<p>\u00a1Hola!&nbsp;<\/p>\n<p>Terminamos la semana abriendo el plazo de inscripci\u00f3n para la actividad \u00bb&nbsp;VISITAS GUIADAS A LAS NAVAS DE LOS PINSAPOS Y A LA FINCA ALGABA\u00bb. Se trata de una actividad donde podremos visitar tanto Las Navas de los Pinsapos como la Finca La Algaba y conocer las posibilidades educativas de las dos zonas. El traslado a ambas zonas se har\u00e1 en autob\u00fas, corriendo el CEP de Ronda con los gastos del mismo.<\/p>\n<p>Para acceder a toda la informaci\u00f3n e inscribiros s\u00f3lo ten\u00e9is que <a href=\"https:\/\/www.juntadeandalucia.es\/educacion\/secretariavirtual\/consultaCEP\/actividad\/182924GE206\/\" target=\"_blank\" rel=\"noopener\">seguir este enlac<\/a>e.&nbsp;<\/p>\n<p><a href=\"https:\/\/www.juntadeandalucia.es\/educacion\/secretariavirtual\/consultaCEP\/actividad\/182924GE206\/\" target=\"_blank\" rel=\"noopener\"><img data-recalc-dims=\"1\" loading=\"lazy\" decoding=\"async\" class=\"aligncenter wp-image-1639 size-full\" src=\"https:\/\/i0.wp.com\/cepronda.com\/blog\/wp-content\/uploads\/2018\/03\/persian-oak-wood-3064187_640.jpg?resize=640%2C456\" alt=\"\" width=\"640\" height=\"456\" srcset=\"https:\/\/i0.wp.com\/cepronda.com\/blog\/wp-content\/uploads\/2018\/03\/persian-oak-wood-3064187_640.jpg?w=640&amp;ssl=1 640w, https:\/\/i0.wp.com\/cepronda.com\/blog\/wp-content\/uploads\/2018\/03\/persian-oak-wood-3064187_640.jpg?resize=300%2C214&amp;ssl=1 300w\" sizes=\"auto, (max-width: 640px) 100vw, 640px\" \/><\/a><\/p>\n","protected":false},"excerpt":{"rendered":"<p>\u00a1Hola!&nbsp; Terminamos la semana abriendo el plazo de inscripci\u00f3n para la actividad \u00bb&nbsp;VISITAS GUIADAS A LAS NAVAS DE LOS PINSAPOS Y A LA FINCA ALGABA\u00bb. Se trata de una actividad donde podremos visitar tanto Las Navas de los Pinsapos como la Finca La Algaba y conocer las posibilidades educativas de las dos zonas. El traslado [&hellip;]<\/p>\n","protected":false},"author":3,"featured_media":1639,"comment_status":"open","ping_status":"open","sticky":false,"template":"","format":"standard","meta":{"_crdt_document":"","advanced_seo_description":"","jetpack_seo_html_title":"","jetpack_seo_noindex":false,"jetpack_post_was_ever_published":false,"_jetpack_newsletter_access":"","_jetpack_dont_email_post_to_subs":false,"_jetpack_newsletter_tier_id":0,"_jetpack_memberships_contains_paywalled_content":false,"_jetpack_memberships_contains_paid_content":false,"footnotes":"","jetpack_publicize_message":"","jetpack_publicize_feature_enabled":true,"jetpack_social_post_already_shared":true,"jetpack_social_options":{"image_generator_settings":{"template":"highway","default_image_id":0,"font":"","enabled":false},"version":2}},"categories":[3],"tags":[50],"class_list":{"0":"post-1638","1":"post","2":"type-post","3":"status-publish","4":"format-standard","5":"has-post-thumbnail","7":"category-formaciones","8":"tag-naturaleza","9":"czr-hentry"},"jetpack_publicize_connections":[],"jetpack_featured_media_url":"https:\/\/i0.wp.com\/cepronda.com\/blog\/wp-content\/uploads\/2018\/03\/persian-oak-wood-3064187_640.jpg?fit=640%2C456&ssl=1","jetpack_shortlink":"https:\/\/wp.me\/p8M4X7-qq","jetpack-related-posts":[{"id":1530,"url":"https:\/\/cepronda.com\/blog\/actividad-conoce-tu-ciudad\/","url_meta":{"origin":1638,"position":0},"title":"Actividad \u00abConoce tu ciudad\u00bb","author":"V\u00edctor Caballero","date":"12 enero, 2018","format":false,"excerpt":"Muy buenas a todo el mundo, Os informamos que ya se encuentra abierto el plazo de inscripci\u00f3n para el curso \"Conoce tu ciudad\".\u00a0Esta actividad se plantea como un acercamiento para los docentes interesados a la Historia de Ronda y su comarca natural, mediante exposiciones te\u00f3ricas debidamente documentadas y visitas guiadas\u2026","rel":"","context":"En \u00abFormaciones\u00bb","block_context":{"text":"Formaciones","link":"https:\/\/cepronda.com\/blog\/category\/formaciones\/"},"img":{"alt_text":"","src":"https:\/\/i0.wp.com\/cepronda.com\/blog\/wp-content\/uploads\/2018\/01\/ronda-2154601_640.jpg?fit=640%2C426&ssl=1&resize=350%2C200","width":350,"height":200,"srcset":"https:\/\/i0.wp.com\/cepronda.com\/blog\/wp-content\/uploads\/2018\/01\/ronda-2154601_640.jpg?fit=640%2C426&ssl=1&resize=350%2C200 1x, https:\/\/i0.wp.com\/cepronda.com\/blog\/wp-content\/uploads\/2018\/01\/ronda-2154601_640.jpg?fit=640%2C426&ssl=1&resize=525%2C300 1.5x"},"classes":[]},{"id":2980,"url":"https:\/\/cepronda.com\/blog\/ronda-con-nombre-de-mujer-un-paseo-por-la-historia-de-las-mujeres-de-ronda-y-la-serrania\/","url_meta":{"origin":1638,"position":1},"title":"RONDA CON NOMBRE DE MUJER: UN PASEO POR LA HISTORIA DE LAS MUJERES DE RONDA Y LA SERRAN\u00cdA","author":"V\u00edctor Caballero","date":"9 septiembre, 2019","format":false,"excerpt":"Muy buenas familia, Comenzamos la semana poniendo en marcha un curso que el a\u00f1o pasado tuvo muy buena acogida, y que creemos que os puede interesar, tanto a las personas que el a\u00f1o pasado ya lo hicisteis (ya que conoceremos a nuevas mujeres y haremos una visita nueva) como como\u2026","rel":"","context":"En \u00abFormaciones\u00bb","block_context":{"text":"Formaciones","link":"https:\/\/cepronda.com\/blog\/category\/formaciones\/"},"img":{"alt_text":"","src":"https:\/\/i0.wp.com\/cepronda.com\/blog\/wp-content\/uploads\/2019\/09\/Ronda_con_nombre_de_mujer.png?fit=645%2C917&ssl=1&resize=350%2C200","width":350,"height":200,"srcset":"https:\/\/i0.wp.com\/cepronda.com\/blog\/wp-content\/uploads\/2019\/09\/Ronda_con_nombre_de_mujer.png?fit=645%2C917&ssl=1&resize=350%2C200 1x, https:\/\/i0.wp.com\/cepronda.com\/blog\/wp-content\/uploads\/2019\/09\/Ronda_con_nombre_de_mujer.png?fit=645%2C917&ssl=1&resize=525%2C300 1.5x"},"classes":[]},{"id":765,"url":"https:\/\/cepronda.com\/blog\/mujeres-naturalistas-y-pensamiento-biologico\/","url_meta":{"origin":1638,"position":2},"title":"Mujeres naturalistas y pensamiento biol\u00f3gico","author":"V\u00edctor Caballero","date":"17 octubre, 2016","format":false,"excerpt":"\u00a1Seguimos con nuestro buen ritmo de principio de curso! Ahora os contamos una jornada denominada \"Mujeres naturalistas y pensamiento biol\u00f3gico\" que vamos a realizar en la Finca La Algaba el pr\u00f3ximo s\u00e1bado 19 de noviembre, \u00a1que tiene una pinta espectacular!, ya que contaremos con las siguientes ponencias: Mujeres naturalistas desde\u2026","rel":"","context":"En \u00abFormaciones\u00bb","block_context":{"text":"Formaciones","link":"https:\/\/cepronda.com\/blog\/category\/formaciones\/"},"img":{"alt_text":"ggpeque","src":"https:\/\/i0.wp.com\/cepronda.com\/blog\/wp-content\/uploads\/2016\/10\/GGpeque-300x213.png?resize=350%2C200","width":350,"height":200},"classes":[]},{"id":775,"url":"https:\/\/cepronda.com\/blog\/orquideas-de-ronda\/","url_meta":{"origin":1638,"position":3},"title":"Orqu\u00eddeas de Ronda","author":"V\u00edctor Caballero","date":"17 abril, 2017","format":false,"excerpt":"Buenas El s\u00e1bado 22 de abril, en la Finca Algaba de Ronda, se realizar\u00e1n unas Jornadas sobre orqu\u00eddeas de la zona de Ronda. Empezaremos con una conferencia, a cargo de D. Jos\u00e9 Antonio D\u00edaz Romera y terminaremos con una salida en busca de algunas especies. Se recomienda llevar ropa y\u2026","rel":"","context":"En \u00abNoticias\u00bb","block_context":{"text":"Noticias","link":"https:\/\/cepronda.com\/blog\/category\/noticias\/"},"img":{"alt_text":"","src":"https:\/\/i0.wp.com\/cepronda.com\/blog\/wp-content\/uploads\/2017\/04\/orchid-233425_640-e1495712671573.jpg?fit=500%2C334&ssl=1&resize=350%2C200","width":350,"height":200},"classes":[]},{"id":2588,"url":"https:\/\/cepronda.com\/blog\/exposicion-bachillerato-artistico-ies-martin-rivero\/","url_meta":{"origin":1638,"position":4},"title":"Exposici\u00f3n Bachillerato Art\u00edstico IES Mart\u00edn Rivero","author":"V\u00edctor Caballero","date":"17 enero, 2019","format":false,"excerpt":"\u00a1Hola familia! Compartimos con todos los centros de nuestra zona esta noticia. Y es que el Bachillerato de Bellas Artes del IES Mart\u00edn Rivero ha organziado una exposici\u00f3n para celebrar el 20\u00ba Aniversario de esta modalidad organizada por el IES Mart\u00edn Rivero. Las visitas ser\u00e1n guiadas, dirigidas al alumnado de\u2026","rel":"","context":"En \u00abNoticias\u00bb","block_context":{"text":"Noticias","link":"https:\/\/cepronda.com\/blog\/category\/noticias\/"},"img":{"alt_text":"","src":"https:\/\/i0.wp.com\/cepronda.com\/blog\/wp-content\/uploads\/2019\/01\/expo20ba.jpg?fit=931%2C1200&ssl=1&resize=350%2C200","width":350,"height":200,"srcset":"https:\/\/i0.wp.com\/cepronda.com\/blog\/wp-content\/uploads\/2019\/01\/expo20ba.jpg?fit=931%2C1200&ssl=1&resize=350%2C200 1x, https:\/\/i0.wp.com\/cepronda.com\/blog\/wp-content\/uploads\/2019\/01\/expo20ba.jpg?fit=931%2C1200&ssl=1&resize=525%2C300 1.5x, https:\/\/i0.wp.com\/cepronda.com\/blog\/wp-content\/uploads\/2019\/01\/expo20ba.jpg?fit=931%2C1200&ssl=1&resize=700%2C400 2x"},"classes":[]},{"id":2691,"url":"https:\/\/cepronda.com\/blog\/visitas-17a-feria-de-la-ciencia-de-sevilla\/","url_meta":{"origin":1638,"position":5},"title":"Visitas 17\u00aa Feria de la Ciencia de Sevilla","author":"V\u00edctor Caballero","date":"1 abril, 2019","format":false,"excerpt":"Muy buenas familia, Compartimos con todos y todas vosotras que se ha abierto el plazo de inscripci\u00f3n para acudir con vuestro centro educativo a visitar la Feria de la Ciencia de Sevilla. Todas aquellas personas que otros a\u00f1os han acudido hablan maravillas de esta experiencia, y creemos que puede ser\u2026","rel":"","context":"En \u00abNoticias\u00bb","block_context":{"text":"Noticias","link":"https:\/\/cepronda.com\/blog\/category\/noticias\/"},"img":{"alt_text":"","src":"","width":0,"height":0},"classes":[]}],"jetpack_sharing_enabled":true,"_links":{"self":[{"href":"https:\/\/cepronda.com\/blog\/wp-json\/wp\/v2\/posts\/1638","targetHints":{"allow":["GET"]}}],"collection":[{"href":"https:\/\/cepronda.com\/blog\/wp-json\/wp\/v2\/posts"}],"about":[{"href":"https:\/\/cepronda.com\/blog\/wp-json\/wp\/v2\/types\/post"}],"author":[{"embeddable":true,"href":"https:\/\/cepronda.com\/blog\/wp-json\/wp\/v2\/users\/3"}],"replies":[{"embeddable":true,"href":"https:\/\/cepronda.com\/blog\/wp-json\/wp\/v2\/comments?post=1638"}],"version-history":[{"count":1,"href":"https:\/\/cepronda.com\/blog\/wp-json\/wp\/v2\/posts\/1638\/revisions"}],"predecessor-version":[{"id":1640,"href":"https:\/\/cepronda.com\/blog\/wp-json\/wp\/v2\/posts\/1638\/revisions\/1640"}],"wp:featuredmedia":[{"embeddable":true,"href":"https:\/\/cepronda.com\/blog\/wp-json\/wp\/v2\/media\/1639"}],"wp:attachment":[{"href":"https:\/\/cepronda.com\/blog\/wp-json\/wp\/v2\/media?parent=1638"}],"wp:term":[{"taxonomy":"category","embeddable":true,"href":"https:\/\/cepronda.com\/blog\/wp-json\/wp\/v2\/categories?post=1638"},{"taxonomy":"post_tag","embeddable":true,"href":"https:\/\/cepronda.com\/blog\/wp-json\/wp\/v2\/tags?post=1638"}],"curies":[{"name":"wp","href":"https:\/\/api.w.org\/{rel}","templated":true}]}}