{"id":1632,"date":"2018-03-07T12:35:42","date_gmt":"2018-03-07T11:35:42","guid":{"rendered":"http:\/\/cepronda.com\/blog\/?p=1632"},"modified":"2018-03-07T12:35:42","modified_gmt":"2018-03-07T11:35:42","slug":"evento-google-for-education-en-tu-aula-en-malaga","status":"publish","type":"post","link":"https:\/\/cepronda.com\/blog\/evento-google-for-education-en-tu-aula-en-malaga\/","title":{"rendered":"Evento \u00abGoogle for education en tu aula\u00bb en M\u00e1laga"},"content":{"rendered":"<p>\u00a1Hola!<\/p>\n<p>Compartimos con todas y todos vosotros este evento de Google que va a tener lugar en M\u00e1laga el pr\u00f3ximo 14 de marzo.&nbsp;<\/p>\n<p>Para poder acceder a la informaci\u00f3n, y poder inscribiros en el evento s\u00f3lo ten\u00e9is que <a href=\"https:\/\/cloud.gruposolutia.com\/google-education-para-tu-aula-malaga?utm_source=inbound&amp;utm_medium=email&amp;utm_campaign=evento-google-malaga&amp;utm_content=email-invitacion\" target=\"_blank\" rel=\"noopener\">seguir este enlace<\/a>.&nbsp;<\/p>\n<p>Un saludo y nos vemos por los pasillos.&nbsp;<\/p>\n<p><a href=\"https:\/\/cloud.gruposolutia.com\/google-education-para-tu-aula-malaga?utm_source=inbound&amp;utm_medium=email&amp;utm_campaign=evento-google-malaga&amp;utm_content=email-invitacion\" target=\"_blank\" rel=\"noopener\"><img data-recalc-dims=\"1\" loading=\"lazy\" decoding=\"async\" class=\"aligncenter wp-image-1633 size-large\" src=\"https:\/\/i0.wp.com\/cepronda.com\/blog\/wp-content\/uploads\/2018\/03\/Google_for_education-1024x434.png?resize=1024%2C434\" alt=\"\" width=\"1024\" height=\"434\" srcset=\"https:\/\/i0.wp.com\/cepronda.com\/blog\/wp-content\/uploads\/2018\/03\/Google_for_education.png?resize=1024%2C434&amp;ssl=1 1024w, https:\/\/i0.wp.com\/cepronda.com\/blog\/wp-content\/uploads\/2018\/03\/Google_for_education.png?resize=300%2C127&amp;ssl=1 300w, https:\/\/i0.wp.com\/cepronda.com\/blog\/wp-content\/uploads\/2018\/03\/Google_for_education.png?resize=768%2C326&amp;ssl=1 768w, https:\/\/i0.wp.com\/cepronda.com\/blog\/wp-content\/uploads\/2018\/03\/Google_for_education.png?w=1261&amp;ssl=1 1261w\" sizes=\"auto, (max-width: 1024px) 100vw, 1024px\" \/><\/a><\/p>\n","protected":false},"excerpt":{"rendered":"<p>\u00a1Hola! Compartimos con todas y todos vosotros este evento de Google que va a tener lugar en M\u00e1laga el pr\u00f3ximo 14 de marzo.&nbsp; Para poder acceder a la informaci\u00f3n, y poder inscribiros en el evento s\u00f3lo ten\u00e9is que seguir este enlace.&nbsp; Un saludo y nos vemos por los pasillos.&nbsp;<\/p>\n","protected":false},"author":3,"featured_media":1633,"comment_status":"open","ping_status":"open","sticky":false,"template":"","format":"standard","meta":{"_crdt_document":"","advanced_seo_description":"","jetpack_seo_html_title":"","jetpack_seo_noindex":false,"jetpack_post_was_ever_published":false,"_jetpack_newsletter_access":"","_jetpack_dont_email_post_to_subs":false,"_jetpack_newsletter_tier_id":0,"_jetpack_memberships_contains_paywalled_content":false,"_jetpack_memberships_contains_paid_content":false,"footnotes":"","jetpack_publicize_message":"","jetpack_publicize_feature_enabled":true,"jetpack_social_post_already_shared":true,"jetpack_social_options":{"image_generator_settings":{"template":"highway","default_image_id":0,"font":"","enabled":false},"version":2}},"categories":[5],"tags":[117],"class_list":{"0":"post-1632","1":"post","2":"type-post","3":"status-publish","4":"format-standard","5":"has-post-thumbnail","7":"category-noticias","8":"tag-google","9":"czr-hentry"},"jetpack_publicize_connections":[],"jetpack_featured_media_url":"https:\/\/i0.wp.com\/cepronda.com\/blog\/wp-content\/uploads\/2018\/03\/Google_for_education.png?fit=1261%2C535&ssl=1","jetpack_shortlink":"https:\/\/wp.me\/p8M4X7-qk","jetpack-related-posts":[{"id":5789,"url":"https:\/\/cepronda.com\/blog\/vi-jornadas-provinciales-de-educacion-fisica-provincia-de-malaga\/","url_meta":{"origin":1632,"position":0},"title":"VI JORNADAS PROVINCIALES DE EDUCACI\u00d3N F\u00cdSICA (Provincia de M\u00e1laga)","author":"V\u00edctor Caballero","date":"17 febrero, 2023","format":false,"excerpt":"Buenos d\u00edas. \u00a1Este curso s\u00ed que s\u00ed! El equipo provincial de Educaci\u00f3n F\u00edsica de la red asesora de la provincia de M\u00e1laga ya est\u00e1 trabajando de pleno en las VI Jornadas provinciales de E.F. Muy atentos a las redes sociales y a la mensajer\u00eda de S\u00e9neca ya que las plazas\u2026","rel":"","context":"En \u00abNoticias\u00bb","block_context":{"text":"Noticias","link":"https:\/\/cepronda.com\/blog\/category\/noticias\/"},"img":{"alt_text":"","src":"https:\/\/i0.wp.com\/cepronda.com\/blog\/wp-content\/uploads\/2023\/02\/EF.jpeg?fit=1080%2C1080&ssl=1&resize=350%2C200","width":350,"height":200,"srcset":"https:\/\/i0.wp.com\/cepronda.com\/blog\/wp-content\/uploads\/2023\/02\/EF.jpeg?fit=1080%2C1080&ssl=1&resize=350%2C200 1x, https:\/\/i0.wp.com\/cepronda.com\/blog\/wp-content\/uploads\/2023\/02\/EF.jpeg?fit=1080%2C1080&ssl=1&resize=525%2C300 1.5x, https:\/\/i0.wp.com\/cepronda.com\/blog\/wp-content\/uploads\/2023\/02\/EF.jpeg?fit=1080%2C1080&ssl=1&resize=700%2C400 2x, https:\/\/i0.wp.com\/cepronda.com\/blog\/wp-content\/uploads\/2023\/02\/EF.jpeg?fit=1080%2C1080&ssl=1&resize=1050%2C600 3x"},"classes":[]},{"id":8328,"url":"https:\/\/cepronda.com\/blog\/jornadas-provinciales-de-la-red-profesional-becrea-malaga\/","url_meta":{"origin":1632,"position":1},"title":"JORNADAS PROVINCIALES DE LA RED PROFESIONAL BECREA M\u00c1LAGA","author":"Mamen Moreno","date":"12 marzo, 2025","format":false,"excerpt":"ABIERTO EL PLAZO DE SOLICITUDES PARA LAS JORNADAS PROVINCIALES DE LA RED PROFESIONAL BECREA M\u00c1LAGA: \u201cBibliotecas con ciencia. Descubriendo soluciones\u201d. C\u00f3digo 259923BE002 Inscripciones hasta el 26 de marzo a las 10:00. Fecha y lugar: 29 de abril en el Polo Digital (M\u00e1laga). M\u00e1s informaci\u00f3n e inscripci\u00f3n: https:\/\/www.juntadeandalucia.es\/educacion\/secretariavirtual\/consultaCEP\/actividad\/259923BE002\/ \u00a0","rel":"","context":"En \u00abFormaciones\u00bb","block_context":{"text":"Formaciones","link":"https:\/\/cepronda.com\/blog\/category\/formaciones\/"},"img":{"alt_text":"","src":"https:\/\/i0.wp.com\/cepronda.com\/blog\/wp-content\/uploads\/2025\/03\/WhatsApp-Image-2025-03-11-at-17.53.16.jpeg?fit=1000%2C1000&ssl=1&resize=350%2C200","width":350,"height":200,"srcset":"https:\/\/i0.wp.com\/cepronda.com\/blog\/wp-content\/uploads\/2025\/03\/WhatsApp-Image-2025-03-11-at-17.53.16.jpeg?fit=1000%2C1000&ssl=1&resize=350%2C200 1x, https:\/\/i0.wp.com\/cepronda.com\/blog\/wp-content\/uploads\/2025\/03\/WhatsApp-Image-2025-03-11-at-17.53.16.jpeg?fit=1000%2C1000&ssl=1&resize=525%2C300 1.5x, https:\/\/i0.wp.com\/cepronda.com\/blog\/wp-content\/uploads\/2025\/03\/WhatsApp-Image-2025-03-11-at-17.53.16.jpeg?fit=1000%2C1000&ssl=1&resize=700%2C400 2x"},"classes":[]},{"id":9516,"url":"https:\/\/cepronda.com\/blog\/jornadas-provinciales-de-la-red-profesional-de-bibliotecas-escolares-becrea-malaga\/","url_meta":{"origin":1632,"position":2},"title":"JORNADAS PROVINCIALES DE LA RED PROFESIONAL DE BIBLIOTECAS ESCOLARES- BECREA M\u00c1LAGA","author":"Maribel Mu\u00f1oz","date":"21 abril, 2026","format":false,"excerpt":"Se encuentra abierto el plazo inscripci\u00f3n para las\u00a0 Jornadas Provinciales de la Red Profesional de Bibliotecas Escolares BECREA M\u00c1LAGA. Inscripciones hasta el 24 de abril: https:\/\/lajunta.es\/6dwpw Descarga el programa aqu\u00ed: https:\/\/drive.google.com\/file\/d\/1incEKdE9Ca-EZlq0oPWMsHIyQElE0Ov0\/view?usp=sharing Dirigido a: Internivelar \u00a0 \u00a0 \u00a0 \u00a0","rel":"","context":"En \u00abFormaciones\u00bb","block_context":{"text":"Formaciones","link":"https:\/\/cepronda.com\/blog\/category\/formaciones\/"},"img":{"alt_text":"","src":"https:\/\/i0.wp.com\/cepronda.com\/blog\/wp-content\/uploads\/2026\/04\/WhatsApp-Image-2026-04-20-at-13.25.19-185x300.jpeg?resize=350%2C200&ssl=1","width":350,"height":200},"classes":[]},{"id":4827,"url":"https:\/\/cepronda.com\/blog\/reunion-inicial-responsables-noveles-bibliotecas-escolares-becrea-malaga\/","url_meta":{"origin":1632,"position":3},"title":"REUNI\u00d3N INICIAL. RESPONSABLES NOVELES. BIBLIOTECAS ESCOLARES.BECREA M\u00c1LAGA","author":"Maribel Mu\u00f1oz","date":"26 octubre, 2021","format":false,"excerpt":"Buenas tardes compa\u00f1eras y compa\u00f1eros, Os informamos que el pr\u00f3ximo 3 de noviembre se celebrar\u00e1\u00a0 la REUNI\u00d3N INICIAL DE RESPONSABLES NOVELES\u00a0de Bibliotecas Escolares en horario de 17: 00 a 19:00 horas. La reuni\u00f3n se realizar\u00e1 por videoconferencia\u00a0 en el AVFP, concretamente en la pesta\u00f1a de la Red Profesional \"Sala Virtual\"\u2026","rel":"","context":"En \u00abNoticias\u00bb","block_context":{"text":"Noticias","link":"https:\/\/cepronda.com\/blog\/category\/noticias\/"},"img":{"alt_text":"","src":"https:\/\/i0.wp.com\/cepronda.com\/blog\/wp-content\/uploads\/2021\/10\/Reunion-inicial-BBEE-212x300.jpg?resize=350%2C200","width":350,"height":200},"classes":[]},{"id":7970,"url":"https:\/\/cepronda.com\/blog\/i-encuentro-de-radios-escolares-de-malaga\/","url_meta":{"origin":1632,"position":4},"title":"I ENCUENTRO DE RADIOS ESCOLARES DE M\u00c1LAGA","author":"Mamen Moreno","date":"20 diciembre, 2024","format":false,"excerpt":"Se encuentra abierto el plazo de inscripci\u00f3n de l a ACTIVIDAD PROVINCIAL: I ENCUENTRO DE RADIOS ESCOLARES DE M\u00c1LAGA. C\u00f3digo 252922GE067 Duraci\u00f3n: 8 horas. \u00c1mbito: PROVINCIAL Fecha de realizaci\u00f3n:\u00a012\/02\/2025\u00a0hasta\u00a013\/02\/2025 Fecha de inscripci\u00f3n:\u00a017\/12\/2024\u00a0hasta\u00a030\/01\/2025 Lugar de realizaci\u00f3n: La T\u00e9rmica (M\u00e1laga). M\u00e1s informaci\u00f3n e inscripciones en:\u00a0 https:\/\/www.juntadeandalucia.es\/educacion\/secretariavirtual\/consultaCEP\/actividad\/252922GE067\/","rel":"","context":"En \u00abFormaciones\u00bb","block_context":{"text":"Formaciones","link":"https:\/\/cepronda.com\/blog\/category\/formaciones\/"},"img":{"alt_text":"","src":"https:\/\/i0.wp.com\/cepronda.com\/blog\/wp-content\/uploads\/2024\/12\/Cartel_cuadrado_encuentro_radios_escolares-1.jpeg?fit=1080%2C1080&ssl=1&resize=350%2C200","width":350,"height":200,"srcset":"https:\/\/i0.wp.com\/cepronda.com\/blog\/wp-content\/uploads\/2024\/12\/Cartel_cuadrado_encuentro_radios_escolares-1.jpeg?fit=1080%2C1080&ssl=1&resize=350%2C200 1x, https:\/\/i0.wp.com\/cepronda.com\/blog\/wp-content\/uploads\/2024\/12\/Cartel_cuadrado_encuentro_radios_escolares-1.jpeg?fit=1080%2C1080&ssl=1&resize=525%2C300 1.5x, https:\/\/i0.wp.com\/cepronda.com\/blog\/wp-content\/uploads\/2024\/12\/Cartel_cuadrado_encuentro_radios_escolares-1.jpeg?fit=1080%2C1080&ssl=1&resize=700%2C400 2x, https:\/\/i0.wp.com\/cepronda.com\/blog\/wp-content\/uploads\/2024\/12\/Cartel_cuadrado_encuentro_radios_escolares-1.jpeg?fit=1080%2C1080&ssl=1&resize=1050%2C600 3x"},"classes":[]},{"id":8544,"url":"https:\/\/cepronda.com\/blog\/suspension-jornadas-becrea-malaga\/","url_meta":{"origin":1632,"position":5},"title":"SUSPENSI\u00d3N DE LAS JORNADAS RED BECREA M\u00c1LAGA","author":"Mamen Moreno","date":"29 abril, 2025","format":false,"excerpt":"En vista de los recientes acontecimientos, las condiciones relacionadas con transporte, conectividad, electricidad\u2026 y con el objetivo de que pod\u00e1is atender al alumnado correctamente en los centros educativos, hemos tomado la decisi\u00f3n de POSPONER LAS JORNADAS DE LA RED BECREA M\u00e1laga. Les comunicaremos una nueva fecha para las mismas tan\u2026","rel":"","context":"En \u00abNoticias\u00bb","block_context":{"text":"Noticias","link":"https:\/\/cepronda.com\/blog\/category\/noticias\/"},"img":{"alt_text":"","src":"https:\/\/i0.wp.com\/cepronda.com\/blog\/wp-content\/uploads\/2025\/04\/WhatsApp-Image-2025-04-29-at-07.38.58.jpeg?fit=675%2C1200&ssl=1&resize=350%2C200","width":350,"height":200,"srcset":"https:\/\/i0.wp.com\/cepronda.com\/blog\/wp-content\/uploads\/2025\/04\/WhatsApp-Image-2025-04-29-at-07.38.58.jpeg?fit=675%2C1200&ssl=1&resize=350%2C200 1x, https:\/\/i0.wp.com\/cepronda.com\/blog\/wp-content\/uploads\/2025\/04\/WhatsApp-Image-2025-04-29-at-07.38.58.jpeg?fit=675%2C1200&ssl=1&resize=525%2C300 1.5x"},"classes":[]}],"jetpack_sharing_enabled":true,"_links":{"self":[{"href":"https:\/\/cepronda.com\/blog\/wp-json\/wp\/v2\/posts\/1632","targetHints":{"allow":["GET"]}}],"collection":[{"href":"https:\/\/cepronda.com\/blog\/wp-json\/wp\/v2\/posts"}],"about":[{"href":"https:\/\/cepronda.com\/blog\/wp-json\/wp\/v2\/types\/post"}],"author":[{"embeddable":true,"href":"https:\/\/cepronda.com\/blog\/wp-json\/wp\/v2\/users\/3"}],"replies":[{"embeddable":true,"href":"https:\/\/cepronda.com\/blog\/wp-json\/wp\/v2\/comments?post=1632"}],"version-history":[{"count":1,"href":"https:\/\/cepronda.com\/blog\/wp-json\/wp\/v2\/posts\/1632\/revisions"}],"predecessor-version":[{"id":1634,"href":"https:\/\/cepronda.com\/blog\/wp-json\/wp\/v2\/posts\/1632\/revisions\/1634"}],"wp:featuredmedia":[{"embeddable":true,"href":"https:\/\/cepronda.com\/blog\/wp-json\/wp\/v2\/media\/1633"}],"wp:attachment":[{"href":"https:\/\/cepronda.com\/blog\/wp-json\/wp\/v2\/media?parent=1632"}],"wp:term":[{"taxonomy":"category","embeddable":true,"href":"https:\/\/cepronda.com\/blog\/wp-json\/wp\/v2\/categories?post=1632"},{"taxonomy":"post_tag","embeddable":true,"href":"https:\/\/cepronda.com\/blog\/wp-json\/wp\/v2\/tags?post=1632"}],"curies":[{"name":"wp","href":"https:\/\/api.w.org\/{rel}","templated":true}]}}