{"id":1628,"date":"2018-03-05T17:07:30","date_gmt":"2018-03-05T16:07:30","guid":{"rendered":"http:\/\/cepronda.com\/blog\/?p=1628"},"modified":"2025-04-28T12:09:11","modified_gmt":"2025-04-28T10:09:11","slug":"formularios-para-participar-como-publico-v-certamen-de-teatro-ciudad-de-ronda","status":"publish","type":"post","link":"https:\/\/cepronda.com\/blog\/formularios-para-participar-como-publico-v-certamen-de-teatro-ciudad-de-ronda\/","title":{"rendered":"FORMULARIOS PARA PARTICIPAR COMO P\u00daBLICO V CERTAMEN DE TEATRO \u00abCIUDAD DE RONDA\u00bb"},"content":{"rendered":"<p>\u00a1Saludos teatrales compa\u00f1eros\/as!!:<\/p>\n<p>Ya ha llegado Marzo y como os prometimos aqu\u00ed os dejamos el enlace para participar gratis como p\u00fablico asistente al\u00a0<strong>V CERTAMEN DE TEATRO \u00abCIUDAD DE RONDA\u00bb\u00a0<\/strong><\/p>\n<p>Esperamos vuestra presencia un a\u00f1o m\u00e1s en el Teatro Vicente Espinel para disfrutar de la calidad de nuestros actores y actrices.<\/p>\n<p>Pod\u00e9is inscribir como p\u00fablico a alumnado de 6\u00ba de Primaria, ESO y Bachillerato. No olvid\u00e9is <strong>incluir el n\u00famero de profesorado que asiste junto al grupo<\/strong> para evitar sobrepasar el aforo de la sala.<\/p>\n<p>Las fechas de las representaciones ser\u00e1n este a\u00f1o del <strong>4 al 8 de Junio<\/strong>. Como cada a\u00f1o (en torno al mes de Mayo como muy tarde) se os comunicar\u00e1 el d\u00eda, la hora y la obra a la que os haya correspondido asistir para que pod\u00e1is preparar las autorizaciones, organizar transporte&#8230; etc.<\/p>\n<div><a href=\"https:\/\/goo.gl\/forms\/ipuA8XnE4ZrHrWju1\"><strong>PINCHA AQU\u00cd AHORA PARA ASISTIR GRATIS COMO P\u00daBLICO al certamen<\/strong><\/a><\/div>\n<div><\/div>\n<div>\n<p>&nbsp;<\/p>\n<\/div>\n","protected":false},"excerpt":{"rendered":"<p>\u00a1Saludos teatrales compa\u00f1eros\/as!!: Ya ha llegado Marzo y como os prometimos aqu\u00ed os dejamos el enlace para participar gratis como p\u00fablico asistente al\u00a0V CERTAMEN DE TEATRO \u00abCIUDAD DE RONDA\u00bb\u00a0 Esperamos vuestra presencia un a\u00f1o m\u00e1s en el Teatro Vicente Espinel para disfrutar de la calidad de nuestros actores y actrices. Pod\u00e9is inscribir como p\u00fablico a [&hellip;]<\/p>\n","protected":false},"author":3,"featured_media":0,"comment_status":"open","ping_status":"open","sticky":false,"template":"","format":"standard","meta":{"_crdt_document":"","advanced_seo_description":"","jetpack_seo_html_title":"","jetpack_seo_noindex":false,"jetpack_post_was_ever_published":false,"_jetpack_newsletter_access":"","_jetpack_dont_email_post_to_subs":false,"_jetpack_newsletter_tier_id":0,"_jetpack_memberships_contains_paywalled_content":false,"_jetpack_memberships_contains_paid_content":false,"footnotes":"","jetpack_publicize_message":"","jetpack_publicize_feature_enabled":true,"jetpack_social_post_already_shared":true,"jetpack_social_options":{"image_generator_settings":{"template":"highway","default_image_id":0,"font":"","enabled":false},"version":2}},"categories":[5],"tags":[30,64],"class_list":{"0":"post-1628","1":"post","2":"type-post","3":"status-publish","4":"format-standard","6":"category-noticias","7":"tag-formulario","8":"tag-teatro","9":"czr-hentry"},"jetpack_publicize_connections":[],"jetpack_featured_media_url":"","jetpack_shortlink":"https:\/\/wp.me\/p8M4X7-qg","jetpack-related-posts":[{"id":408,"url":"https:\/\/cepronda.com\/blog\/iv-certamen-de-teatro-ciudad-de-ronda\/","url_meta":{"origin":1628,"position":0},"title":"IV CERTAMEN DE TEATRO CIUDAD DE RONDA","author":"V\u00edctor Caballero","date":"1 diciembre, 2016","format":false,"excerpt":"Nos es grato anunciaros que desde hoy 1 DE DICIEMBRE est\u00e1n abiertos los formularios de inscripci\u00f3n y participaci\u00f3n como p\u00fablico en el\u00a0 IV CERTAMEN DE TEATRO \"CIUDAD DE RONDA\" que ya est\u00e1 convirti\u00e9ndose en un cl\u00e1sico en nuestra ciudad: El IES Dr. Rodr\u00edguez Delgado a trav\u00e9s de su Departamento de\u2026","rel":"","context":"En \u00abNoticias\u00bb","block_context":{"text":"Noticias","link":"https:\/\/cepronda.com\/blog\/category\/noticias\/"},"img":{"alt_text":"theater-1477670_1280","src":"https:\/\/i0.wp.com\/cepronda.com\/blog\/wp-content\/uploads\/2016\/12\/theater-1477670_1280-300x199.jpg?resize=350%2C200","width":350,"height":200},"classes":[]},{"id":1432,"url":"https:\/\/cepronda.com\/blog\/formularios-v-certamen-de-teatro-ciudad-de-ronda\/","url_meta":{"origin":1628,"position":1},"title":"FORMULARIOS V CERTAMEN DE TEATRO \u00abCIUDAD DE RONDA\u00bb","author":"V\u00edctor Caballero","date":"30 noviembre, 2017","format":false,"excerpt":"\u00a1\u00a1Saludos teatrales compa\u00f1eros\/as!!: Aqu\u00ed os dejamos los enlaces para participar como grupo teatral en el V CERTAMEN DE TEATRO \"CIUDAD DE RONDA\" as\u00ed como al CURSO DE FORMACI\u00d3N para el profesorado paralelo al certamen. Dicha formaci\u00f3n tiene como t\u00edtulo: INTERPRETACI\u00d3N TEATRAL PARA EL PROFESORADO con una duraci\u00f3n de 12 horas\u2026","rel":"","context":"En \u00abFormaciones\u00bb","block_context":{"text":"Formaciones","link":"https:\/\/cepronda.com\/blog\/category\/formaciones\/"},"img":{"alt_text":"","src":"https:\/\/i0.wp.com\/cepronda.com\/blog\/wp-content\/uploads\/2017\/11\/mask-1636121_960_720-300x199.jpg?resize=350%2C200","width":350,"height":200},"classes":[]},{"id":5949,"url":"https:\/\/cepronda.com\/blog\/viii-certamen-de-teatro-en-el-aula-ciudad-de-ronda\/","url_meta":{"origin":1628,"position":2},"title":"VIII CERTAMEN DE TEATRO EN EL AULA \u00abCIUDAD DE RONDA\u00bb","author":"Mamen Moreno","date":"18 abril, 2023","format":false,"excerpt":"Os informamos que el pasado lunes 17 de abril se presento el cartel anunciador del VII Certamen de Teatro en el aula Ciudad de Ronda (TACIR) Este certamen se de desarrollara durante el 26 de mayo al 2 de junio Los teatros se realizaran en el Teatro Vicente Espinel de\u2026","rel":"","context":"En \u00abNoticias\u00bb","block_context":{"text":"Noticias","link":"https:\/\/cepronda.com\/blog\/category\/noticias\/"},"img":{"alt_text":"","src":"https:\/\/i0.wp.com\/cepronda.com\/blog\/wp-content\/uploads\/2023\/04\/CARTEL-CERTAMEN-DEFINITIVO.jpg?fit=1200%2C812&ssl=1&resize=350%2C200","width":350,"height":200,"srcset":"https:\/\/i0.wp.com\/cepronda.com\/blog\/wp-content\/uploads\/2023\/04\/CARTEL-CERTAMEN-DEFINITIVO.jpg?fit=1200%2C812&ssl=1&resize=350%2C200 1x, https:\/\/i0.wp.com\/cepronda.com\/blog\/wp-content\/uploads\/2023\/04\/CARTEL-CERTAMEN-DEFINITIVO.jpg?fit=1200%2C812&ssl=1&resize=525%2C300 1.5x, https:\/\/i0.wp.com\/cepronda.com\/blog\/wp-content\/uploads\/2023\/04\/CARTEL-CERTAMEN-DEFINITIVO.jpg?fit=1200%2C812&ssl=1&resize=700%2C400 2x, https:\/\/i0.wp.com\/cepronda.com\/blog\/wp-content\/uploads\/2023\/04\/CARTEL-CERTAMEN-DEFINITIVO.jpg?fit=1200%2C812&ssl=1&resize=1050%2C600 3x"},"classes":[]},{"id":7514,"url":"https:\/\/cepronda.com\/blog\/enlace-inscripcion-centros-asistir-ix-certamen-de-teatro-en-el-aula-ciudad-de-ronda-tacir\/","url_meta":{"origin":1628,"position":3},"title":"Enlace Inscripci\u00f3n Centros Asistir \u201cIX CERTAMEN DE TEATRO EN EL AULA\u201d CIUDAD DE RONDA (TACIR)","author":"Mamen Moreno","date":"18 marzo, 2024","format":false,"excerpt":"Abierto el plazo para la inscripci\u00f3n como p\u00fablico\u00a0a las obras de teatro que se presentan en el \u201cIX CERTAMEN DE TEATRO EN EL AULA\u201d. ENLACE:\u00a0\u201d Pincha Aqu\u00ed\u201d. NOTA:\u00a0 EL PLAZO PARA LA INSCRIPCI\u00d3N COMO P\u00daBLICO ES DESDE EL 15 DE MARZO HASTA EL 15 DE ABRIL.","rel":"","context":"En \u00abNoticias\u00bb","block_context":{"text":"Noticias","link":"https:\/\/cepronda.com\/blog\/category\/noticias\/"},"img":{"alt_text":"","src":"https:\/\/i0.wp.com\/cepronda.com\/blog\/wp-content\/uploads\/2024\/03\/Logo-Tacir-1024x977-1.jpg?fit=1024%2C977&ssl=1&resize=350%2C200","width":350,"height":200,"srcset":"https:\/\/i0.wp.com\/cepronda.com\/blog\/wp-content\/uploads\/2024\/03\/Logo-Tacir-1024x977-1.jpg?fit=1024%2C977&ssl=1&resize=350%2C200 1x, https:\/\/i0.wp.com\/cepronda.com\/blog\/wp-content\/uploads\/2024\/03\/Logo-Tacir-1024x977-1.jpg?fit=1024%2C977&ssl=1&resize=525%2C300 1.5x, https:\/\/i0.wp.com\/cepronda.com\/blog\/wp-content\/uploads\/2024\/03\/Logo-Tacir-1024x977-1.jpg?fit=1024%2C977&ssl=1&resize=700%2C400 2x"},"classes":[]},{"id":5007,"url":"https:\/\/cepronda.com\/blog\/vii-certamen-de-teatro-en-el-aula-ciudad-de-ronda-2\/","url_meta":{"origin":1628,"position":4},"title":"VII CERTAMEN DE TEATRO EN EL AULA \u00abCIUDAD DE RONDA\u00bb","author":"Antonio Montes","date":"18 enero, 2022","format":false,"excerpt":"Buenos d\u00edas, Desde el Centro del Profesorado de Ronda os anunciamos que, desde el 1 de enero al 31 de enero de 2022, est\u00e1 abierto el plazo para inscribirse como participantes en el VII certamen de teatro en el aula \"Ciudad de Ronda\". Esta edici\u00f3n quiere rendir un homenaje a\u2026","rel":"","context":"En \u00abNoticias\u00bb","block_context":{"text":"Noticias","link":"https:\/\/cepronda.com\/blog\/category\/noticias\/"},"img":{"alt_text":"","src":"https:\/\/i0.wp.com\/cepronda.com\/blog\/wp-content\/uploads\/2019\/12\/theatre-430552_1920.jpg?fit=1200%2C821&ssl=1&resize=350%2C200","width":350,"height":200,"srcset":"https:\/\/i0.wp.com\/cepronda.com\/blog\/wp-content\/uploads\/2019\/12\/theatre-430552_1920.jpg?fit=1200%2C821&ssl=1&resize=350%2C200 1x, https:\/\/i0.wp.com\/cepronda.com\/blog\/wp-content\/uploads\/2019\/12\/theatre-430552_1920.jpg?fit=1200%2C821&ssl=1&resize=525%2C300 1.5x, https:\/\/i0.wp.com\/cepronda.com\/blog\/wp-content\/uploads\/2019\/12\/theatre-430552_1920.jpg?fit=1200%2C821&ssl=1&resize=700%2C400 2x, https:\/\/i0.wp.com\/cepronda.com\/blog\/wp-content\/uploads\/2019\/12\/theatre-430552_1920.jpg?fit=1200%2C821&ssl=1&resize=1050%2C600 3x"},"classes":[]},{"id":5701,"url":"https:\/\/cepronda.com\/blog\/5701-2\/","url_meta":{"origin":1628,"position":5},"title":"VIII CERTAMEN DE TEATRO EN EL AULA","author":"Inmaculada Garc\u00eda","date":"17 enero, 2023","format":false,"excerpt":"Est\u00e1 abierta la inscripci\u00f3n al VIII CERTAMEN DE TEATRO EN EL AULA, ciudad de Ronda. Os animamos a participar. INSCRIPCIONES hasta el 31 de enero en https:\/\/docs.google.com\/forms\/d\/1IZxCFXDNLBDhDhCuWmx2Q-ITnIe7m4u1B0u2fBegtnA\/viewform?edit_requested=true \u00a0 \u00a0","rel":"","context":"En \u00abNoticias\u00bb","block_context":{"text":"Noticias","link":"https:\/\/cepronda.com\/blog\/category\/noticias\/"},"img":{"alt_text":"","src":"https:\/\/i0.wp.com\/cepronda.com\/blog\/wp-content\/uploads\/2023\/01\/Poster-Concurso-CERTAMEN-DE-TEATRO.png?fit=848%2C1200&ssl=1&resize=350%2C200","width":350,"height":200,"srcset":"https:\/\/i0.wp.com\/cepronda.com\/blog\/wp-content\/uploads\/2023\/01\/Poster-Concurso-CERTAMEN-DE-TEATRO.png?fit=848%2C1200&ssl=1&resize=350%2C200 1x, https:\/\/i0.wp.com\/cepronda.com\/blog\/wp-content\/uploads\/2023\/01\/Poster-Concurso-CERTAMEN-DE-TEATRO.png?fit=848%2C1200&ssl=1&resize=525%2C300 1.5x, https:\/\/i0.wp.com\/cepronda.com\/blog\/wp-content\/uploads\/2023\/01\/Poster-Concurso-CERTAMEN-DE-TEATRO.png?fit=848%2C1200&ssl=1&resize=700%2C400 2x"},"classes":[]}],"jetpack_sharing_enabled":true,"_links":{"self":[{"href":"https:\/\/cepronda.com\/blog\/wp-json\/wp\/v2\/posts\/1628","targetHints":{"allow":["GET"]}}],"collection":[{"href":"https:\/\/cepronda.com\/blog\/wp-json\/wp\/v2\/posts"}],"about":[{"href":"https:\/\/cepronda.com\/blog\/wp-json\/wp\/v2\/types\/post"}],"author":[{"embeddable":true,"href":"https:\/\/cepronda.com\/blog\/wp-json\/wp\/v2\/users\/3"}],"replies":[{"embeddable":true,"href":"https:\/\/cepronda.com\/blog\/wp-json\/wp\/v2\/comments?post=1628"}],"version-history":[{"count":3,"href":"https:\/\/cepronda.com\/blog\/wp-json\/wp\/v2\/posts\/1628\/revisions"}],"predecessor-version":[{"id":1631,"href":"https:\/\/cepronda.com\/blog\/wp-json\/wp\/v2\/posts\/1628\/revisions\/1631"}],"wp:attachment":[{"href":"https:\/\/cepronda.com\/blog\/wp-json\/wp\/v2\/media?parent=1628"}],"wp:term":[{"taxonomy":"category","embeddable":true,"href":"https:\/\/cepronda.com\/blog\/wp-json\/wp\/v2\/categories?post=1628"},{"taxonomy":"post_tag","embeddable":true,"href":"https:\/\/cepronda.com\/blog\/wp-json\/wp\/v2\/tags?post=1628"}],"curies":[{"name":"wp","href":"https:\/\/api.w.org\/{rel}","templated":true}]}}