{"id":1625,"date":"2018-03-05T14:01:34","date_gmt":"2018-03-05T13:01:34","guid":{"rendered":"http:\/\/cepronda.com\/blog\/?p=1625"},"modified":"2018-03-05T14:01:34","modified_gmt":"2018-03-05T13:01:34","slug":"curso-de-aprendizaje-basado-en-proyectos-para-secundaria","status":"publish","type":"post","link":"https:\/\/cepronda.com\/blog\/curso-de-aprendizaje-basado-en-proyectos-para-secundaria\/","title":{"rendered":"Curso de aprendizaje basado en proyectos para secundaria"},"content":{"rendered":"<p>Muy buenas de nuevo,<\/p>\n<p>Acabamos de abrir tambi\u00e9n el plazo de inscripci\u00f3n para el curso \u00abAPRENDIZAJE BASADO EN PROYECTOS EN EDUCACI\u00d3N SECUNDARIA\u00bb. Tendr\u00e1 como objetivos los siguientes:&nbsp;<\/p>\n<p>Delimitar la metodolog\u00eda del AbP en relaci\u00f3n con otras metodolog\u00edas activas complejas.<\/p>\n<p>Relaci\u00f3n con los est\u00e1ndares de aprendizaje evaluables y las competencias clave Dise\u00f1ar proyectos AbP disciplinares e interdisciplinares.<\/p>\n<p>Aplicar en el aula proyectos AbP con eficiencia.<\/p>\n<p>Evaluar el aprendizaje del alumnado mediante proyectos AbP.<\/p>\n<p>Evaluar la pr\u00e1ctica docente en la aplicaci\u00f3n de la metodolog\u00eda AbP.<\/p>\n<p>Para poder acceder a toda la informaci\u00f3n, s\u00f3lo ten\u00e9is que <a href=\"https:\/\/www.juntadeandalucia.es\/educacion\/secretariavirtual\/consultaCEP\/actividad\/182924GE160\/\" target=\"_blank\" rel=\"noopener\">seguir este enlace<\/a>. Un saludo.&nbsp;<\/p>\n<p><a href=\"https:\/\/www.juntadeandalucia.es\/educacion\/secretariavirtual\/consultaCEP\/actividad\/182924GE160\/\" target=\"_blank\" rel=\"noopener\"><img data-recalc-dims=\"1\" loading=\"lazy\" decoding=\"async\" class=\"aligncenter wp-image-1474 size-medium\" src=\"https:\/\/i0.wp.com\/cepronda.com\/blog\/wp-content\/uploads\/2017\/12\/bag-1245954_640-300x200.jpg?resize=300%2C200\" alt=\"\" width=\"300\" height=\"200\"><\/a>ria<\/p>\n","protected":false},"excerpt":{"rendered":"<p>Muy buenas de nuevo, Acabamos de abrir tambi\u00e9n el plazo de inscripci\u00f3n para el curso \u00abAPRENDIZAJE BASADO EN PROYECTOS EN EDUCACI\u00d3N SECUNDARIA\u00bb. Tendr\u00e1 como objetivos los siguientes:&nbsp; Delimitar la metodolog\u00eda del AbP en relaci\u00f3n con otras metodolog\u00edas activas complejas. Relaci\u00f3n con los est\u00e1ndares de aprendizaje evaluables y las competencias clave Dise\u00f1ar proyectos AbP disciplinares e [&hellip;]<\/p>\n","protected":false},"author":3,"featured_media":0,"comment_status":"open","ping_status":"open","sticky":false,"template":"","format":"standard","meta":{"_crdt_document":"","advanced_seo_description":"","jetpack_seo_html_title":"","jetpack_seo_noindex":false,"jetpack_post_was_ever_published":false,"_jetpack_newsletter_access":"","_jetpack_dont_email_post_to_subs":false,"_jetpack_newsletter_tier_id":0,"_jetpack_memberships_contains_paywalled_content":false,"_jetpack_memberships_contains_paid_content":false,"footnotes":"","jetpack_publicize_message":"","jetpack_publicize_feature_enabled":true,"jetpack_social_post_already_shared":true,"jetpack_social_options":{"image_generator_settings":{"template":"highway","default_image_id":0,"font":"","enabled":false},"version":2}},"categories":[3],"tags":[79],"class_list":{"0":"post-1625","1":"post","2":"type-post","3":"status-publish","4":"format-standard","6":"category-formaciones","7":"tag-educacion-secundaria","8":"czr-hentry"},"jetpack_publicize_connections":[],"jetpack_featured_media_url":"","jetpack_shortlink":"https:\/\/wp.me\/p8M4X7-qd","jetpack-related-posts":[{"id":1662,"url":"https:\/\/cepronda.com\/blog\/aprendizaje-basado-en-proyectos-en-secundaria\/","url_meta":{"origin":1625,"position":0},"title":"Aprendizaje basado en proyectos en Secundaria","author":"V\u00edctor Caballero","date":"3 abril, 2018","format":false,"excerpt":"Muy buenas, Queremos comunicaros que para el profesorado de Educaci\u00f3n Secundaria tenemos en marcha un curso de Aprendizaje basado en Proyectos. Hemos cambiado algunas fechas para facilitaros vuestra asistencia al mismo, s\u00f3lo ten\u00e9is que seguir este enlace para inscribiros y poder estudiar todos los detalles de la actividad. \u00a1Os animamos\u2026","rel":"","context":"En \u00abFormaciones\u00bb","block_context":{"text":"Formaciones","link":"https:\/\/cepronda.com\/blog\/category\/formaciones\/"},"img":{"alt_text":"","src":"https:\/\/i0.wp.com\/cepronda.com\/blog\/wp-content\/uploads\/2018\/04\/ABP-secundaria.png?fit=800%2C800&ssl=1&resize=350%2C200","width":350,"height":200,"srcset":"https:\/\/i0.wp.com\/cepronda.com\/blog\/wp-content\/uploads\/2018\/04\/ABP-secundaria.png?fit=800%2C800&ssl=1&resize=350%2C200 1x, https:\/\/i0.wp.com\/cepronda.com\/blog\/wp-content\/uploads\/2018\/04\/ABP-secundaria.png?fit=800%2C800&ssl=1&resize=525%2C300 1.5x, https:\/\/i0.wp.com\/cepronda.com\/blog\/wp-content\/uploads\/2018\/04\/ABP-secundaria.png?fit=800%2C800&ssl=1&resize=700%2C400 2x"},"classes":[]},{"id":5212,"url":"https:\/\/cepronda.com\/blog\/la-serrania-innova-abp\/","url_meta":{"origin":1625,"position":1},"title":"LA SERRAN\u00cdA INNOVA. ABP.","author":"Inmaculada Garc\u00eda","date":"4 abril, 2022","format":false,"excerpt":"Estimados compa\u00f1eros y compa\u00f1eras continuamos con el nuevo proyecto del CEP de Ronda: \u00a0\u201cLA SERRAN\u00cdA INNOVA\u201d. Metodolog\u00edas Emergentes. En esta ocasi\u00f3n vamos a conocer de la mano de nuestra compa\u00f1era Ester Valiente la metodolog\u00eda ABP (Aprendizaje Basado en Proyectos) y su puesta en pr\u00e1ctica con el alumnado de Secundaria integrando\u2026","rel":"","context":"En \u00abNoticias\u00bb","block_context":{"text":"Noticias","link":"https:\/\/cepronda.com\/blog\/category\/noticias\/"},"img":{"alt_text":"","src":"https:\/\/i0.wp.com\/cepronda.com\/blog\/wp-content\/uploads\/2022\/04\/ABP-1-1.png?fit=1080%2C1080&ssl=1&resize=350%2C200","width":350,"height":200,"srcset":"https:\/\/i0.wp.com\/cepronda.com\/blog\/wp-content\/uploads\/2022\/04\/ABP-1-1.png?fit=1080%2C1080&ssl=1&resize=350%2C200 1x, https:\/\/i0.wp.com\/cepronda.com\/blog\/wp-content\/uploads\/2022\/04\/ABP-1-1.png?fit=1080%2C1080&ssl=1&resize=525%2C300 1.5x, https:\/\/i0.wp.com\/cepronda.com\/blog\/wp-content\/uploads\/2022\/04\/ABP-1-1.png?fit=1080%2C1080&ssl=1&resize=700%2C400 2x, https:\/\/i0.wp.com\/cepronda.com\/blog\/wp-content\/uploads\/2022\/04\/ABP-1-1.png?fit=1080%2C1080&ssl=1&resize=1050%2C600 3x"},"classes":[]},{"id":202,"url":"https:\/\/cepronda.com\/blog\/nuevo-curso-no-te-lo-puedes-perder\/","url_meta":{"origin":1625,"position":2},"title":"Nuevo curso&#8230; \u00a1No te lo puedes perder!","author":"V\u00edctor Caballero","date":"10 octubre, 2016","format":false,"excerpt":"Muy buenas, Iniciamos la semana publicitando un curso muy interesante sobre el Aprendizaje basado en proyectos, Flipped Classroom y la Evaluaci\u00f3n de las competencias en Educaci\u00f3n Infantil y Primaria. La fecha de inscripci\u00f3n est\u00e1 abierta hasta el pr\u00f3ximo 17 de octubre, dando comienzo el curso al d\u00eda siguiente. Ser\u00e1n cinco\u2026","rel":"","context":"En \u00abFormaciones\u00bb","block_context":{"text":"Formaciones","link":"https:\/\/cepronda.com\/blog\/category\/formaciones\/"},"img":{"alt_text":"hands-1697898_640","src":"https:\/\/i0.wp.com\/cepronda.com\/blog\/wp-content\/uploads\/2016\/10\/hands-1697898_640-300x200.jpg?resize=350%2C200","width":350,"height":200},"classes":[]},{"id":2594,"url":"https:\/\/cepronda.com\/blog\/1a-edicion-de-la-convocatoria-de-2019-de-cursos-en-red-del-intef-para-el-profesorado-de-los-centros-educativos\/","url_meta":{"origin":1625,"position":3},"title":"1\u00aa edici\u00f3n de la convocatoria de 2019 de cursos en red del INTEF para el profesorado de los centros educativos.","author":"V\u00edctor Caballero","date":"17 enero, 2019","format":false,"excerpt":"C\u00f3mo sab\u00e9is una de las modalidades formativas m\u00e1s interesantes es la formaci\u00f3n on-line. En este sentido, adem\u00e1s del Aula Virtual de Formaci\u00f3n del Profesorado de la Junta de Andaluc\u00eda, tenemos la opci\u00f3n de inscribirnos en los cursos ofertados por el INTEF. El plazo de inscripci\u00f3n finalizar\u00e1 el 28 de enero.\u2026","rel":"","context":"En \u00abFormaciones\u00bb","block_context":{"text":"Formaciones","link":"https:\/\/cepronda.com\/blog\/category\/formaciones\/"},"img":{"alt_text":"","src":"","width":0,"height":0},"classes":[]},{"id":2293,"url":"https:\/\/cepronda.com\/blog\/curso-iniciacion-al-aprendizaje-basado-en-proyectos-para-primaria\/","url_meta":{"origin":1625,"position":4},"title":"Curso: INICIACI\u00d3N AL APRENDIZAJE BASADO EN PROYECTOS PARA PRIMARIA","author":"V\u00edctor Caballero","date":"10 septiembre, 2018","format":false,"excerpt":"Seguimos con nuestro buen ritmo de principio de semana... En este caso queremos dar respuesta a las demandas que hemos tenido en los \u00faltimos a\u00f1os sobre c\u00f3mo llevar el trabajo por proyectos a nuestras aulas de Primaria. Para ello contaremos como ponente a Antonio Manuel G\u00e1lvez,\u00a0\u00a0y con esta\u00a0actividad formativa pretendemos\u2026","rel":"","context":"En \u00abFormaciones\u00bb","block_context":{"text":"Formaciones","link":"https:\/\/cepronda.com\/blog\/category\/formaciones\/"},"img":{"alt_text":"","src":"https:\/\/i0.wp.com\/cepronda.com\/blog\/wp-content\/uploads\/2018\/09\/children-99507_640.jpg?fit=640%2C426&ssl=1&resize=350%2C200","width":350,"height":200,"srcset":"https:\/\/i0.wp.com\/cepronda.com\/blog\/wp-content\/uploads\/2018\/09\/children-99507_640.jpg?fit=640%2C426&ssl=1&resize=350%2C200 1x, https:\/\/i0.wp.com\/cepronda.com\/blog\/wp-content\/uploads\/2018\/09\/children-99507_640.jpg?fit=640%2C426&ssl=1&resize=525%2C300 1.5x"},"classes":[]},{"id":818,"url":"https:\/\/cepronda.com\/blog\/2a-edicion-cursos-de-formacion-en-red-del-profesorado-2017-del-intef\/","url_meta":{"origin":1625,"position":5},"title":"2\u00aa Edici\u00f3n Cursos de Formaci\u00f3n en Red del Profesorado 2017 del INTEF","author":"V\u00edctor Caballero","date":"11 mayo, 2017","format":false,"excerpt":"\u00a1Hola a todo el mundo! Escribimos esta entrada para contaros que el pasado martes se abri\u00f3 el plazo de inscripci\u00f3n de los cursos de formaci\u00f3n del INTEF. Se trata de una serie de cursos on-line y la oferta es bastante amplia. El pasado\u00a0martes, 9 de mayo de 2017, se abrir\u00e1\u2026","rel":"","context":"En \u00abNoticias\u00bb","block_context":{"text":"Noticias","link":"https:\/\/cepronda.com\/blog\/category\/noticias\/"},"img":{"alt_text":"","src":"https:\/\/i0.wp.com\/cepronda.com\/blog\/wp-content\/uploads\/2017\/05\/intef.png?resize=350%2C200","width":350,"height":200},"classes":[]}],"jetpack_sharing_enabled":true,"_links":{"self":[{"href":"https:\/\/cepronda.com\/blog\/wp-json\/wp\/v2\/posts\/1625","targetHints":{"allow":["GET"]}}],"collection":[{"href":"https:\/\/cepronda.com\/blog\/wp-json\/wp\/v2\/posts"}],"about":[{"href":"https:\/\/cepronda.com\/blog\/wp-json\/wp\/v2\/types\/post"}],"author":[{"embeddable":true,"href":"https:\/\/cepronda.com\/blog\/wp-json\/wp\/v2\/users\/3"}],"replies":[{"embeddable":true,"href":"https:\/\/cepronda.com\/blog\/wp-json\/wp\/v2\/comments?post=1625"}],"version-history":[{"count":1,"href":"https:\/\/cepronda.com\/blog\/wp-json\/wp\/v2\/posts\/1625\/revisions"}],"predecessor-version":[{"id":1626,"href":"https:\/\/cepronda.com\/blog\/wp-json\/wp\/v2\/posts\/1625\/revisions\/1626"}],"wp:attachment":[{"href":"https:\/\/cepronda.com\/blog\/wp-json\/wp\/v2\/media?parent=1625"}],"wp:term":[{"taxonomy":"category","embeddable":true,"href":"https:\/\/cepronda.com\/blog\/wp-json\/wp\/v2\/categories?post=1625"},{"taxonomy":"post_tag","embeddable":true,"href":"https:\/\/cepronda.com\/blog\/wp-json\/wp\/v2\/tags?post=1625"}],"curies":[{"name":"wp","href":"https:\/\/api.w.org\/{rel}","templated":true}]}}