{"id":1622,"date":"2018-03-05T13:50:23","date_gmt":"2018-03-05T12:50:23","guid":{"rendered":"http:\/\/cepronda.com\/blog\/?p=1622"},"modified":"2018-03-05T13:50:23","modified_gmt":"2018-03-05T12:50:23","slug":"nuevo-curso-de-disciplina-positiva","status":"publish","type":"post","link":"https:\/\/cepronda.com\/blog\/nuevo-curso-de-disciplina-positiva\/","title":{"rendered":"Nuevo curso de Disciplina Positiva"},"content":{"rendered":"<p>\u00a1Hola de nuevo familia!<\/p>\n<p>Queremos compartir con todos y todas vosotras que volvemos a tener el suerte de contar con Macarena Soto para trabajar con ella la gesti\u00f3n del aula en base a la neurosicoeducaci\u00f3n y la disciplina positiva. Ser\u00e1n cuatro sesiones en el mes de abril, donde seguimos teniendo la oportunidad de aprender con esta magn\u00edfica profesional.<\/p>\n<p>La presente formaci\u00f3n pretende, entre otros objetivos, despertar el pensamiento cr\u00edtico y reflexivo del docente a trav\u00e9s del autoconocimiento. NO existe una f\u00f3rmula m\u00e1gica que nos proporcione la herramienta estrella para que el alumnado est\u00e9 motivado y se muestre cooperativo, y es partiendo de este axioma de donde surge el presente planteamiento.<\/p>\n<p>Que no exista f\u00f3rmula m\u00e1gica no implica que no podamos contribuir a que la motivaci\u00f3n y la cooperaci\u00f3n se produzcan, de hecho, es la actitud del docente que acompa\u00f1a al alumno la mejor herramienta para que este cambio pueda llevarse a cabo. Profundizar en la naturaleza de las relaciones sociales as\u00ed como en los mecanismos neurobiol\u00f3gicos que influyen en el aprendizaje es elemento primordial para una gesti\u00f3n del aula m\u00e1s adecuada donde se pueda dar ese sentimiento de pertenencia fundamental para el alumnado y determinante en los procesos de atenci\u00f3n ejecutiva.<\/p>\n<p>En esta formaci\u00f3n no veremos ni premios ni castigos, sino las bases para un manejo del aula basado en Disciplina Positiva, donde la firmeza y la amabilidad van de la mano, entendiendo por \u00e9stas el respeto por el alumno, el docente y la situaci\u00f3n.<\/p>\n<p>Os dejo con el<a href=\"https:\/\/www.juntadeandalucia.es\/educacion\/secretariavirtual\/consultaCEP\/actividad\/182924GE012\/\" target=\"_blank\" rel=\"noopener\"> enlace para conocer m\u00e1s detalles e inscribiros<\/a>.<\/p>\n<p><a href=\"https:\/\/www.juntadeandalucia.es\/educacion\/secretariavirtual\/consultaCEP\/actividad\/182924GE012\/\" target=\"_blank\" rel=\"noopener\"><img data-recalc-dims=\"1\" loading=\"lazy\" decoding=\"async\" class=\"aligncenter wp-image-1623 size-full\" src=\"https:\/\/i0.wp.com\/cepronda.com\/blog\/wp-content\/uploads\/2018\/03\/brain-2062057_640.jpg?resize=640%2C487\" alt=\"\" width=\"640\" height=\"487\" srcset=\"https:\/\/i0.wp.com\/cepronda.com\/blog\/wp-content\/uploads\/2018\/03\/brain-2062057_640.jpg?w=640&amp;ssl=1 640w, https:\/\/i0.wp.com\/cepronda.com\/blog\/wp-content\/uploads\/2018\/03\/brain-2062057_640.jpg?resize=300%2C228&amp;ssl=1 300w\" sizes=\"auto, (max-width: 640px) 100vw, 640px\" \/><\/a><\/p>\n","protected":false},"excerpt":{"rendered":"<p>\u00a1Hola de nuevo familia! Queremos compartir con todos y todas vosotras que volvemos a tener el suerte de contar con Macarena Soto para trabajar con ella la gesti\u00f3n del aula en base a la neurosicoeducaci\u00f3n y la disciplina positiva. Ser\u00e1n cuatro sesiones en el mes de abril, donde seguimos teniendo la oportunidad de aprender con [&hellip;]<\/p>\n","protected":false},"author":3,"featured_media":0,"comment_status":"open","ping_status":"open","sticky":false,"template":"","format":"standard","meta":{"_crdt_document":"","advanced_seo_description":"","jetpack_seo_html_title":"","jetpack_seo_noindex":false,"jetpack_post_was_ever_published":false,"_jetpack_newsletter_access":"","_jetpack_dont_email_post_to_subs":false,"_jetpack_newsletter_tier_id":0,"_jetpack_memberships_contains_paywalled_content":false,"_jetpack_memberships_contains_paid_content":false,"footnotes":"","jetpack_publicize_message":"Nuevo curso de Disciplina Positiva: GESTI\u00d3N DEL AULA EN BASE A LA NEUROSICOEDUCACI\u00d3N Y A LA DISCIPLINA POSITIVA","jetpack_publicize_feature_enabled":true,"jetpack_social_post_already_shared":true,"jetpack_social_options":{"image_generator_settings":{"template":"highway","default_image_id":0,"font":"","enabled":false},"version":2}},"categories":[3],"tags":[21],"class_list":{"0":"post-1622","1":"post","2":"type-post","3":"status-publish","4":"format-standard","6":"category-formaciones","7":"tag-disciplina-positiva","8":"czr-hentry"},"jetpack_publicize_connections":[],"jetpack_featured_media_url":"","jetpack_shortlink":"https:\/\/wp.me\/p8M4X7-qa","jetpack-related-posts":[{"id":4821,"url":"https:\/\/cepronda.com\/blog\/implementando-la-disciplina-positiva-en-el-aula\/","url_meta":{"origin":1622,"position":0},"title":"IMPLEMENTANDO LA DISCIPLINA POSITIVA EN EL AULA.","author":"Inmaculada Garc\u00eda","date":"26 octubre, 2021","format":false,"excerpt":"Buenas d\u00edas, compa\u00f1eras y compa\u00f1eros. Os informamos que est\u00e1 abierto el plazo de inscripci\u00f3n en la actividad\u00a0 \u00ab IMPLEMENTANDO LA DISCIPLINA POSITIVA EN EL AULA\u00bb con c\u00f3digo 222924GE028. Es una actividad del \u00e1mbito CEP de Ronda.\u00a0 Se desarrollar\u00e1 de manera presencial en el CEP de Ronda. Las fechas de la\u2026","rel":"","context":"En \u00abFormaciones\u00bb","block_context":{"text":"Formaciones","link":"https:\/\/cepronda.com\/blog\/category\/formaciones\/"},"img":{"alt_text":"","src":"https:\/\/i0.wp.com\/cepronda.com\/blog\/wp-content\/uploads\/2021\/10\/escuela-primaria-la-cascada.png?fit=848%2C1200&ssl=1&resize=350%2C200","width":350,"height":200,"srcset":"https:\/\/i0.wp.com\/cepronda.com\/blog\/wp-content\/uploads\/2021\/10\/escuela-primaria-la-cascada.png?fit=848%2C1200&ssl=1&resize=350%2C200 1x, https:\/\/i0.wp.com\/cepronda.com\/blog\/wp-content\/uploads\/2021\/10\/escuela-primaria-la-cascada.png?fit=848%2C1200&ssl=1&resize=525%2C300 1.5x, https:\/\/i0.wp.com\/cepronda.com\/blog\/wp-content\/uploads\/2021\/10\/escuela-primaria-la-cascada.png?fit=848%2C1200&ssl=1&resize=700%2C400 2x"},"classes":[]},{"id":4333,"url":"https:\/\/cepronda.com\/blog\/promoviendo-relaciones-respetuosas-en-el-aula-de-fpb-estrategias-practicas-de-intervencion-con-disciplina-positiva\/","url_meta":{"origin":1622,"position":1},"title":"PROMOVIENDO RELACIONES RESPETUOSAS EN EL AULA DE FPB. ESTRATEGIAS PR\u00c1CTICAS DE INTERVENCI\u00d3N CON DISCIPLINA POSITIVA","author":"Antonio Montes","date":"19 marzo, 2021","format":false,"excerpt":"Buenas tardes compa\u00f1eras y compa\u00f1eros, Os informamos que est\u00e1 abierto el plazo de inscripci\u00f3n de la formaci\u00f3n PROMOVIENDO RELACIONES RESPETUOSAS EN EL AULA DE FPB. ESTRATEGIAS PR\u00c1CTICAS DE INTERVENCI\u00d3N CON DISCIPLINA POSITIVA, PROVINCIAL\u00a0 212924FP004,\u00a0\u00a0 que comenzar\u00e1 a desarrollarse el pr\u00f3ximo\u00a0 27\/04\/2021. Adjuntamos enlace : https:\/\/www.juntadeandalucia.es\/educacion\/secretariavirtual\/consultaCEP\/actividad\/212924FP004\/ El plazo de inscripci\u00f3n finaliza\u2026","rel":"","context":"En \u00abFormaciones\u00bb","block_context":{"text":"Formaciones","link":"https:\/\/cepronda.com\/blog\/category\/formaciones\/"},"img":{"alt_text":"","src":"https:\/\/i0.wp.com\/cepronda.com\/blog\/wp-content\/uploads\/2021\/03\/212924FP004-PROMOVIENDO-RELACIONES-RESPETUOSAS-EN-EL-AULA-DE-FPB.jpg?fit=848%2C1200&ssl=1&resize=350%2C200","width":350,"height":200,"srcset":"https:\/\/i0.wp.com\/cepronda.com\/blog\/wp-content\/uploads\/2021\/03\/212924FP004-PROMOVIENDO-RELACIONES-RESPETUOSAS-EN-EL-AULA-DE-FPB.jpg?fit=848%2C1200&ssl=1&resize=350%2C200 1x, https:\/\/i0.wp.com\/cepronda.com\/blog\/wp-content\/uploads\/2021\/03\/212924FP004-PROMOVIENDO-RELACIONES-RESPETUOSAS-EN-EL-AULA-DE-FPB.jpg?fit=848%2C1200&ssl=1&resize=525%2C300 1.5x, https:\/\/i0.wp.com\/cepronda.com\/blog\/wp-content\/uploads\/2021\/03\/212924FP004-PROMOVIENDO-RELACIONES-RESPETUOSAS-EN-EL-AULA-DE-FPB.jpg?fit=848%2C1200&ssl=1&resize=700%2C400 2x"},"classes":[]},{"id":462,"url":"https:\/\/cepronda.com\/blog\/curso-de-disciplina-positiva-en-primaria\/","url_meta":{"origin":1622,"position":2},"title":"CURSO DE DISCIPLINA POSITIVA PARA PRIMARIA","author":"V\u00edctor Caballero","date":"13 diciembre, 2016","format":false,"excerpt":"Abierto tambi\u00e9n el plazo de solicitudes para el curso Disciplina positiva en Primaria, que comenzaremos a la vuelta de las vacaciones de Navidad. (el 26 de Enero). Este curso ya va por su segunda edici\u00f3n por el \u00e9xito cosechado en a\u00f1os anteriores. Impartido por Macarena Soto, una gran profesional, nos\u2026","rel":"","context":"En \u00abFormaciones\u00bb","block_context":{"text":"Formaciones","link":"https:\/\/cepronda.com\/blog\/category\/formaciones\/"},"img":{"alt_text":"heart-762564_1280","src":"https:\/\/i0.wp.com\/cepronda.com\/blog\/wp-content\/uploads\/2016\/12\/heart-762564_1280-300x200.jpg?resize=350%2C200","width":350,"height":200},"classes":[]},{"id":458,"url":"https:\/\/cepronda.com\/blog\/curso-de-disciplina-positiva-para-secundaria\/","url_meta":{"origin":1622,"position":3},"title":"Curso de disciplina positiva para Secundaria","author":"V\u00edctor Caballero","date":"13 diciembre, 2016","format":false,"excerpt":"\u00a1Seguimos con nuestro buen ritmo esta semana! Hoy os queremos informar de un curso muy muy interesante para el profesorado de Secundaria, que comenzaremos a la vuelta de las vacaciones de Navidad. \u00a0Se trata de un curso sobre disciplina positiva en Secundaria, enfocado de forma espec\u00edfica a nuestros y nuestras\u2026","rel":"","context":"En \u00abFormaciones\u00bb","block_context":{"text":"Formaciones","link":"https:\/\/cepronda.com\/blog\/category\/formaciones\/"},"img":{"alt_text":"havefun-1754193_640","src":"https:\/\/i0.wp.com\/cepronda.com\/blog\/wp-content\/uploads\/2016\/12\/havefun-1754193_640.jpg?resize=350%2C200","width":350,"height":200,"srcset":"https:\/\/i0.wp.com\/cepronda.com\/blog\/wp-content\/uploads\/2016\/12\/havefun-1754193_640.jpg?resize=350%2C200 1x, https:\/\/i0.wp.com\/cepronda.com\/blog\/wp-content\/uploads\/2016\/12\/havefun-1754193_640.jpg?resize=525%2C300 1.5x"},"classes":[]},{"id":9230,"url":"https:\/\/cepronda.com\/blog\/9230-2\/","url_meta":{"origin":1622,"position":4},"title":"DISCIPLINA POSITIVA, NEUROEDUCACI\u00d3N Y BIENESTAR EMOCIONAL\u201d:  CLAVES PARA LA CONVIVENCIA Y LA GESTI\u00d3N DEL ESTR\u00c9S EN RESIDENCIAS ESCOLARES.","author":"Encarni Jim\u00e9nez Rosado","date":"19 enero, 2026","format":false,"excerpt":"Abierto plazo de inscripci\u00f3n para el curso \u00a0\u201cDISCIPLINA POSITIVA, NEUROEDUCACI\u00d3N Y BIENESTAR EMOCIONAL\u201d: \u00a0CLAVES PARA LA CONVIVENCIA Y LA GESTI\u00d3N DEL ESTR\u00c9S EN RESIDENCIAS ESCOLARES. C\u00f3digo 262922GE107. Curso dirigido exclusivamente a profesorado\/educadores de RESIDENCIAS ESCOLARES. Duraci\u00f3n: 12 horas presenciales de 10:00 a 13:00. Inscripci\u00f3n: 16\/01\/2026 hasta 23\/01\/2026. Realizaci\u00f3n: 06\/02\/2026 hasta\u2026","rel":"","context":"En \u00abFormaciones\u00bb","block_context":{"text":"Formaciones","link":"https:\/\/cepronda.com\/blog\/category\/formaciones\/"},"img":{"alt_text":"","src":"","width":0,"height":0},"classes":[]},{"id":4695,"url":"https:\/\/cepronda.com\/blog\/itinerario-formativo-en-igualdad-y-convivencia-cep-de-ronda\/","url_meta":{"origin":1622,"position":5},"title":"ITINERARIO FORMATIVO EN IGUALDAD Y CONVIVENCIA. CEP DE RONDA.","author":"Inmaculada Garc\u00eda","date":"29 septiembre, 2021","format":false,"excerpt":"Buenos d\u00edas compa\u00f1eros y compa\u00f1eras, os presentamos nuestro ITINERARIO FORMATIVO EN IGUALDAD Y CONVIVENCIA, en el que podr\u00e9is encontrar actividades formativas centradas en la implementaci\u00f3n del Programa de Inteligencia Emocional, Disciplina positiva, Mediaci\u00f3n, Acoso y Ciberacoso, Identidad Sexual, Masculinidades Diversas, y, adem\u00e1s, nuestras MALETAS VIAJERAS POR LA INCLUSI\u00d3N. Esperamos que\u2026","rel":"","context":"En \u00abNoticias\u00bb","block_context":{"text":"Noticias","link":"https:\/\/cepronda.com\/blog\/category\/noticias\/"},"img":{"alt_text":"","src":"https:\/\/i0.wp.com\/cepronda.com\/blog\/wp-content\/uploads\/2021\/09\/Captura-de-pantalla-68.png?fit=1200%2C678&ssl=1&resize=350%2C200","width":350,"height":200,"srcset":"https:\/\/i0.wp.com\/cepronda.com\/blog\/wp-content\/uploads\/2021\/09\/Captura-de-pantalla-68.png?fit=1200%2C678&ssl=1&resize=350%2C200 1x, https:\/\/i0.wp.com\/cepronda.com\/blog\/wp-content\/uploads\/2021\/09\/Captura-de-pantalla-68.png?fit=1200%2C678&ssl=1&resize=525%2C300 1.5x, https:\/\/i0.wp.com\/cepronda.com\/blog\/wp-content\/uploads\/2021\/09\/Captura-de-pantalla-68.png?fit=1200%2C678&ssl=1&resize=700%2C400 2x, https:\/\/i0.wp.com\/cepronda.com\/blog\/wp-content\/uploads\/2021\/09\/Captura-de-pantalla-68.png?fit=1200%2C678&ssl=1&resize=1050%2C600 3x"},"classes":[]}],"jetpack_sharing_enabled":true,"_links":{"self":[{"href":"https:\/\/cepronda.com\/blog\/wp-json\/wp\/v2\/posts\/1622","targetHints":{"allow":["GET"]}}],"collection":[{"href":"https:\/\/cepronda.com\/blog\/wp-json\/wp\/v2\/posts"}],"about":[{"href":"https:\/\/cepronda.com\/blog\/wp-json\/wp\/v2\/types\/post"}],"author":[{"embeddable":true,"href":"https:\/\/cepronda.com\/blog\/wp-json\/wp\/v2\/users\/3"}],"replies":[{"embeddable":true,"href":"https:\/\/cepronda.com\/blog\/wp-json\/wp\/v2\/comments?post=1622"}],"version-history":[{"count":1,"href":"https:\/\/cepronda.com\/blog\/wp-json\/wp\/v2\/posts\/1622\/revisions"}],"predecessor-version":[{"id":1624,"href":"https:\/\/cepronda.com\/blog\/wp-json\/wp\/v2\/posts\/1622\/revisions\/1624"}],"wp:attachment":[{"href":"https:\/\/cepronda.com\/blog\/wp-json\/wp\/v2\/media?parent=1622"}],"wp:term":[{"taxonomy":"category","embeddable":true,"href":"https:\/\/cepronda.com\/blog\/wp-json\/wp\/v2\/categories?post=1622"},{"taxonomy":"post_tag","embeddable":true,"href":"https:\/\/cepronda.com\/blog\/wp-json\/wp\/v2\/tags?post=1622"}],"curies":[{"name":"wp","href":"https:\/\/api.w.org\/{rel}","templated":true}]}}