{"id":1620,"date":"2018-03-05T09:34:51","date_gmt":"2018-03-05T08:34:51","guid":{"rendered":"http:\/\/cepronda.com\/blog\/?p=1620"},"modified":"2018-03-05T09:34:51","modified_gmt":"2018-03-05T08:34:51","slug":"2a-convocatoria-regional-de-cursos-de-teleformacion-actividades-vinculadas-a-planes-y-programas","status":"publish","type":"post","link":"https:\/\/cepronda.com\/blog\/2a-convocatoria-regional-de-cursos-de-teleformacion-actividades-vinculadas-a-planes-y-programas\/","title":{"rendered":"2\u00aa convocatoria regional de cursos de teleformaci\u00f3n. Actividades vinculadas a Planes y Programas"},"content":{"rendered":"<p>Muy buenas,<\/p>\n<p>\u00bfQu\u00e9 tal esa semana blanca pasada por agua? Esperamos que bien.&nbsp;<\/p>\n<p>Empezamos la semana compartiendo con todas y todos vosotros la segunda convocatoria regional de cursos de teleformaci\u00f3n, que en este curso escolar est\u00e1 dedicado de forma exclusiva a actividades vinculadas a los Planes y Programas Educativos.&nbsp;<\/p>\n<p>Dentro del plan de formaci\u00f3n del profesorado de la Consejer\u00eda de Educaci\u00f3n se ofertan 8 cursos vinculados a Planes y Programas en la modalidad de teleformaci\u00f3n.<\/p>\n<p>Las condiciones de la oferta son las siguientes:<\/p>\n<ul>\n<li><strong>Plazo de inscripci\u00f3n:<\/strong> Desde el 5 de marzo del 2018 a las 10:00 horas al 12 de marzo del 2018 a las 10:00h<\/li>\n<li><strong>Publicaci\u00f3n de listas de admisi\u00f3n en los cursos:<\/strong> 19 de marzo de 2018.<\/li>\n<li><strong>Fechas de realizaci\u00f3n:<\/strong> Los cursos se iniciar\u00e1n el 22 de marzo de 2018. La fecha de finalizaci\u00f3n estar\u00e1 en funci\u00f3n de la duraci\u00f3n de cada curso.<\/li>\n<li><strong>Destinatarios:<\/strong> Profesorado de los centros docentes andaluces no universitarios sostenidos con fondos p\u00fablicos.<\/li>\n<\/ul>\n<p>Os dejamos con el <a href=\"http:\/\/www.juntadeandalucia.es\/educacion\/portals\/web\/ced\/actividades-formativas\/aula-virtual\" target=\"_blank\" rel=\"noopener\">enlace a toda la informaci\u00f3n<\/a>. Un saludo.&nbsp;<\/p>\n<p><a href=\"http:\/\/www.juntadeandalucia.es\/educacion\/portals\/web\/ced\/actividades-formativas\/aula-virtual\" target=\"_blank\" rel=\"noopener\"><img data-recalc-dims=\"1\" loading=\"lazy\" decoding=\"async\" class=\"aligncenter wp-image-897 size-medium\" src=\"https:\/\/i0.wp.com\/cepronda.com\/blog\/wp-content\/uploads\/2017\/05\/macbook-336704_640-300x200.jpg?resize=300%2C200\" alt=\"\" width=\"300\" height=\"200\" srcset=\"https:\/\/i0.wp.com\/cepronda.com\/blog\/wp-content\/uploads\/2017\/05\/macbook-336704_640.jpg?resize=300%2C200&amp;ssl=1 300w, https:\/\/i0.wp.com\/cepronda.com\/blog\/wp-content\/uploads\/2017\/05\/macbook-336704_640.jpg?w=640&amp;ssl=1 640w\" sizes=\"auto, (max-width: 300px) 100vw, 300px\" \/><\/a><\/p>\n<p>&nbsp;<\/p>\n","protected":false},"excerpt":{"rendered":"<p>Muy buenas, \u00bfQu\u00e9 tal esa semana blanca pasada por agua? Esperamos que bien.&nbsp; Empezamos la semana compartiendo con todas y todos vosotros la segunda convocatoria regional de cursos de teleformaci\u00f3n, que en este curso escolar est\u00e1 dedicado de forma exclusiva a actividades vinculadas a los Planes y Programas Educativos.&nbsp; Dentro del plan de formaci\u00f3n del [&hellip;]<\/p>\n","protected":false},"author":3,"featured_media":897,"comment_status":"open","ping_status":"open","sticky":false,"template":"","format":"standard","meta":{"_crdt_document":"","advanced_seo_description":"","jetpack_seo_html_title":"","jetpack_seo_noindex":false,"jetpack_post_was_ever_published":false,"_jetpack_newsletter_access":"","_jetpack_dont_email_post_to_subs":false,"_jetpack_newsletter_tier_id":0,"_jetpack_memberships_contains_paywalled_content":false,"_jetpack_memberships_contains_paid_content":false,"footnotes":"","jetpack_publicize_message":"","jetpack_publicize_feature_enabled":true,"jetpack_social_post_already_shared":true,"jetpack_social_options":{"image_generator_settings":{"template":"highway","default_image_id":0,"font":"","enabled":false},"version":2}},"categories":[5],"tags":[66],"class_list":{"0":"post-1620","1":"post","2":"type-post","3":"status-publish","4":"format-standard","5":"has-post-thumbnail","7":"category-noticias","8":"tag-teleformacion","9":"czr-hentry"},"jetpack_publicize_connections":[],"jetpack_featured_media_url":"https:\/\/i0.wp.com\/cepronda.com\/blog\/wp-content\/uploads\/2017\/05\/macbook-336704_640.jpg?fit=640%2C426&ssl=1","jetpack_shortlink":"https:\/\/wp.me\/p8M4X7-q8","jetpack-related-posts":[{"id":368,"url":"https:\/\/cepronda.com\/blog\/1a-convocatoria-de-cursos-de-teleformacion-regional-2016-17\/","url_meta":{"origin":1620,"position":0},"title":"1\u00aa convocatoria de cursos de teleformaci\u00f3n regional 2016-17","author":"V\u00edctor Caballero","date":"18 noviembre, 2016","format":false,"excerpt":"Terminamos la semana con la noticia de que ya se ha publicado la 1\u00aa convocatoria de cursos de teleformaci\u00f3n regional del presente curso. Para esta convocatoria se ofertan 26 cursos de distintas modalidades, y seguro que alguno de ellos cuadra con vuestras inquietudes y\/o necesidades. Si quer\u00e9is acceder al listado,\u2026","rel":"","context":"En \u00abFormaciones\u00bb","block_context":{"text":"Formaciones","link":"https:\/\/cepronda.com\/blog\/category\/formaciones\/"},"img":{"alt_text":"internet-42584_150","src":"https:\/\/i0.wp.com\/cepronda.com\/blog\/wp-content\/uploads\/2016\/11\/internet-42584_150.png?resize=350%2C200","width":350,"height":200},"classes":[]},{"id":729,"url":"https:\/\/cepronda.com\/blog\/segunda-convocatoria-de-cursos-de-teleformacion-regional\/","url_meta":{"origin":1620,"position":1},"title":"Segunda convocatoria de Cursos de Teleformaci\u00f3n regional","author":"V\u00edctor Caballero","date":"9 marzo, 2017","format":false,"excerpt":"Hola \u00a1muy buenas! Escribimos esta entrada para comunicaros que se abri\u00f3 hace un par de d\u00edas el plazo de solicitud de inscripci\u00f3n en los cursos de Teleformaci\u00f3n Regional del Aula Virtual de Formaci\u00f3n del Profesorado. Existen bastantes cursos muy interesantes, os dejamos con el enlace con la informaci\u00f3n de los\u2026","rel":"","context":"En \u00abNoticias\u00bb","block_context":{"text":"Noticias","link":"https:\/\/cepronda.com\/blog\/category\/noticias\/"},"img":{"alt_text":"","src":"https:\/\/i0.wp.com\/cepronda.com\/blog\/wp-content\/uploads\/2016\/11\/macbook-336704_640-300x200.jpg?resize=350%2C200","width":350,"height":200},"classes":[]},{"id":2496,"url":"https:\/\/cepronda.com\/blog\/primera-convocatoria-regional-de-teleformacion-2018-19\/","url_meta":{"origin":1620,"position":2},"title":"Primera Convocatoria Regional de Teleformaci\u00f3n 2018\/19","author":"V\u00edctor Caballero","date":"29 noviembre, 2018","format":false,"excerpt":"Muy buenas familia,\u00a0 Sabemos que muchas y muchos de vosotros estabais esperando esta convocatoria, y ya la tenemos aqu\u00ed.\u00a0Para m\u00e1s informaci\u00f3n y solicitar la inscripci\u00f3n en alguna de la oferta s\u00f3lo ten\u00e9is que seguir este enlace. El plazo de inscripci\u00f3n se abre ma\u00f1ana 30 de noviembre a las 10:00. Dentro\u2026","rel":"","context":"En \u00abFormaciones\u00bb","block_context":{"text":"Formaciones","link":"https:\/\/cepronda.com\/blog\/category\/formaciones\/"},"img":{"alt_text":"","src":"https:\/\/i0.wp.com\/cepronda.com\/blog\/wp-content\/uploads\/2017\/05\/logo_ja_ce_mejor.jpg?fit=732%2C600&ssl=1&resize=350%2C200","width":350,"height":200,"srcset":"https:\/\/i0.wp.com\/cepronda.com\/blog\/wp-content\/uploads\/2017\/05\/logo_ja_ce_mejor.jpg?fit=732%2C600&ssl=1&resize=350%2C200 1x, https:\/\/i0.wp.com\/cepronda.com\/blog\/wp-content\/uploads\/2017\/05\/logo_ja_ce_mejor.jpg?fit=732%2C600&ssl=1&resize=525%2C300 1.5x, https:\/\/i0.wp.com\/cepronda.com\/blog\/wp-content\/uploads\/2017\/05\/logo_ja_ce_mejor.jpg?fit=732%2C600&ssl=1&resize=700%2C400 2x"},"classes":[]},{"id":2621,"url":"https:\/\/cepronda.com\/blog\/2a-convocatoria-de-cursos-de-teleformacion-regional-2018-19\/","url_meta":{"origin":1620,"position":3},"title":"2\u00aa Convocatoria de cursos de Teleformaci\u00f3n Regional 2018-19","author":"V\u00edctor Caballero","date":"30 enero, 2019","format":false,"excerpt":"Dentro\u00a0del\u00a0plan de formaci\u00f3n del profesorado de la Consejer\u00eda de Educaci\u00f3n se ofertan 21 cursos\u00a0en la modalidad de teleformaci\u00f3n. Las condiciones de la oferta son las siguientes: Plazo de inscripci\u00f3n:\u00a0Desde el 1 de febrero\u00a0de 2019\u00a0a las 10:00 horas al 6 de febrero de 2019 a las 14:00h\u00a0Publicaci\u00f3n de listas de admisi\u00f3n\u2026","rel":"","context":"En \u00abFormaciones\u00bb","block_context":{"text":"Formaciones","link":"https:\/\/cepronda.com\/blog\/category\/formaciones\/"},"img":{"alt_text":"","src":"","width":0,"height":0},"classes":[]},{"id":1512,"url":"https:\/\/cepronda.com\/blog\/convocatoria-de-cursos-a-distancia-del-aula-virtual-de-formacion\/","url_meta":{"origin":1620,"position":4},"title":"Convocatoria de cursos a distancia del Aula Virtual de Formaci\u00f3n","author":"V\u00edctor Caballero","date":"8 enero, 2018","format":false,"excerpt":"\u00a1Hola a todo el mundo! \u00bfQu\u00e9 tal esas vacaciones? Esperamos desde el CEP que haya ido todo muy bien, y hayamos recuperado energ\u00edas...que falta nos hace que entre las clases y las nuevas actividades formativas que ponemos en marcha nos vamos a ver mucho en las pr\u00f3ximas semanas. En esta\u2026","rel":"","context":"En \u00abFormaciones\u00bb","block_context":{"text":"Formaciones","link":"https:\/\/cepronda.com\/blog\/category\/formaciones\/"},"img":{"alt_text":"","src":"https:\/\/i0.wp.com\/cepronda.com\/blog\/wp-content\/uploads\/2018\/01\/laptop-1071779_640.jpg?fit=640%2C381&ssl=1&resize=350%2C200","width":350,"height":200,"srcset":"https:\/\/i0.wp.com\/cepronda.com\/blog\/wp-content\/uploads\/2018\/01\/laptop-1071779_640.jpg?fit=640%2C381&ssl=1&resize=350%2C200 1x, https:\/\/i0.wp.com\/cepronda.com\/blog\/wp-content\/uploads\/2018\/01\/laptop-1071779_640.jpg?fit=640%2C381&ssl=1&resize=525%2C300 1.5x"},"classes":[]},{"id":1515,"url":"https:\/\/cepronda.com\/blog\/cursos-a-distancia-ofertados-por-el-intef\/","url_meta":{"origin":1620,"position":5},"title":"Cursos a distancia ofertados por el INTEF","author":"V\u00edctor Caballero","date":"8 enero, 2018","format":false,"excerpt":"\u00a1Hola de nuevo familia! En esta entrada queremos compartir otra oferta formativa a distancia, en esta ocasi\u00f3n a trav\u00e9s del INTEF y el MECD. EL plazo de inscripci\u00f3n tambi\u00e9n se abre ma\u00f1ana, y tambi\u00e9n ten\u00e9is varios cursos interesantes a vuestra disposici\u00f3n.\u00a0 Para acceder a toda la informaci\u00f3n s\u00f3lo ten\u00e9is que\u2026","rel":"","context":"En \u00abFormaciones\u00bb","block_context":{"text":"Formaciones","link":"https:\/\/cepronda.com\/blog\/category\/formaciones\/"},"img":{"alt_text":"","src":"https:\/\/i0.wp.com\/cepronda.com\/blog\/wp-content\/uploads\/2018\/01\/notebook-2560953_640.jpg?fit=640%2C426&ssl=1&resize=350%2C200","width":350,"height":200,"srcset":"https:\/\/i0.wp.com\/cepronda.com\/blog\/wp-content\/uploads\/2018\/01\/notebook-2560953_640.jpg?fit=640%2C426&ssl=1&resize=350%2C200 1x, https:\/\/i0.wp.com\/cepronda.com\/blog\/wp-content\/uploads\/2018\/01\/notebook-2560953_640.jpg?fit=640%2C426&ssl=1&resize=525%2C300 1.5x"},"classes":[]}],"jetpack_sharing_enabled":true,"_links":{"self":[{"href":"https:\/\/cepronda.com\/blog\/wp-json\/wp\/v2\/posts\/1620","targetHints":{"allow":["GET"]}}],"collection":[{"href":"https:\/\/cepronda.com\/blog\/wp-json\/wp\/v2\/posts"}],"about":[{"href":"https:\/\/cepronda.com\/blog\/wp-json\/wp\/v2\/types\/post"}],"author":[{"embeddable":true,"href":"https:\/\/cepronda.com\/blog\/wp-json\/wp\/v2\/users\/3"}],"replies":[{"embeddable":true,"href":"https:\/\/cepronda.com\/blog\/wp-json\/wp\/v2\/comments?post=1620"}],"version-history":[{"count":1,"href":"https:\/\/cepronda.com\/blog\/wp-json\/wp\/v2\/posts\/1620\/revisions"}],"predecessor-version":[{"id":1621,"href":"https:\/\/cepronda.com\/blog\/wp-json\/wp\/v2\/posts\/1620\/revisions\/1621"}],"wp:featuredmedia":[{"embeddable":true,"href":"https:\/\/cepronda.com\/blog\/wp-json\/wp\/v2\/media\/897"}],"wp:attachment":[{"href":"https:\/\/cepronda.com\/blog\/wp-json\/wp\/v2\/media?parent=1620"}],"wp:term":[{"taxonomy":"category","embeddable":true,"href":"https:\/\/cepronda.com\/blog\/wp-json\/wp\/v2\/categories?post=1620"},{"taxonomy":"post_tag","embeddable":true,"href":"https:\/\/cepronda.com\/blog\/wp-json\/wp\/v2\/tags?post=1620"}],"curies":[{"name":"wp","href":"https:\/\/api.w.org\/{rel}","templated":true}]}}