{"id":1616,"date":"2018-02-20T12:45:30","date_gmt":"2018-02-20T11:45:30","guid":{"rendered":"http:\/\/cepronda.com\/blog\/?p=1616"},"modified":"2018-02-20T12:45:30","modified_gmt":"2018-02-20T11:45:30","slug":"informacion-sobre-los-proyectos-de-investigacion-e-innovacion-educativa","status":"publish","type":"post","link":"https:\/\/cepronda.com\/blog\/informacion-sobre-los-proyectos-de-investigacion-e-innovacion-educativa\/","title":{"rendered":"Informaci\u00f3n sobre los proyectos de investigaci\u00f3n e innovaci\u00f3n educativa"},"content":{"rendered":"<p>Muy buenas de nuevo,&nbsp;<\/p>\n<p>Se recuerda a todo el profesorado que desee participar en la convocatoria 2018 de medidas de apoyo, aprobaci\u00f3n y reconocimiento al profesorado para la realizaci\u00f3n de proyectos de investigaci\u00f3n e innovaci\u00f3n educativa y de elaboraci\u00f3n de materiales curriculares (<a href=\"http:\/\/www.juntadeandalucia.es\/boja\/2009\/21\/1\" target=\"_blank\" rel=\"noopener\">Orden de 14 de enero de 2009, BOJA n\u00fam. 21 de 2 de febrero de 2009<\/a>), que el pr\u00f3ximo d\u00eda 27 de febrero finaliza el plazo de solicitud. En caso de participar, no olvide firmar el documento de solicitud as\u00ed como adjuntar el proyecto en formato comprimido, en el momento de la firma.<\/p>\n<p>Os animamos a participar en esta convocatoria, ya que sabemos que en vuestros centros est\u00e1is haciendo grandes trabajos.&nbsp;<a href=\"http:\/\/www.juntadeandalucia.es\/boja\/2009\/21\/1\" target=\"_blank\" rel=\"noopener\"><img data-recalc-dims=\"1\" loading=\"lazy\" decoding=\"async\" class=\"aligncenter wp-image-1617 size-medium\" src=\"https:\/\/i0.wp.com\/cepronda.com\/blog\/wp-content\/uploads\/2018\/02\/thought-2123970_640-300x208.jpg?resize=300%2C208\" alt=\"\" width=\"300\" height=\"208\" srcset=\"https:\/\/i0.wp.com\/cepronda.com\/blog\/wp-content\/uploads\/2018\/02\/thought-2123970_640.jpg?resize=300%2C208&amp;ssl=1 300w, https:\/\/i0.wp.com\/cepronda.com\/blog\/wp-content\/uploads\/2018\/02\/thought-2123970_640.jpg?w=640&amp;ssl=1 640w\" sizes=\"auto, (max-width: 300px) 100vw, 300px\" \/><\/a><\/p>\n","protected":false},"excerpt":{"rendered":"<p>Muy buenas de nuevo,&nbsp; Se recuerda a todo el profesorado que desee participar en la convocatoria 2018 de medidas de apoyo, aprobaci\u00f3n y reconocimiento al profesorado para la realizaci\u00f3n de proyectos de investigaci\u00f3n e innovaci\u00f3n educativa y de elaboraci\u00f3n de materiales curriculares (Orden de 14 de enero de 2009, BOJA n\u00fam. 21 de 2 de [&hellip;]<\/p>\n","protected":false},"author":3,"featured_media":1617,"comment_status":"open","ping_status":"open","sticky":false,"template":"","format":"standard","meta":{"_crdt_document":"","advanced_seo_description":"","jetpack_seo_html_title":"","jetpack_seo_noindex":false,"jetpack_post_was_ever_published":false,"_jetpack_newsletter_access":"","_jetpack_dont_email_post_to_subs":false,"_jetpack_newsletter_tier_id":0,"_jetpack_memberships_contains_paywalled_content":false,"_jetpack_memberships_contains_paid_content":false,"footnotes":"","jetpack_publicize_message":"Informaci\u00f3n sobre los proyectos de investigaci\u00f3n e innovaci\u00f3n educativa","jetpack_publicize_feature_enabled":true,"jetpack_social_post_already_shared":true,"jetpack_social_options":{"image_generator_settings":{"template":"highway","default_image_id":0,"font":"","enabled":false},"version":2}},"categories":[5],"tags":[39],"class_list":{"0":"post-1616","1":"post","2":"type-post","3":"status-publish","4":"format-standard","5":"has-post-thumbnail","7":"category-noticias","8":"tag-innovacion-educativa","9":"czr-hentry"},"jetpack_publicize_connections":[],"jetpack_featured_media_url":"https:\/\/i0.wp.com\/cepronda.com\/blog\/wp-content\/uploads\/2018\/02\/thought-2123970_640.jpg?fit=640%2C444&ssl=1","jetpack_shortlink":"https:\/\/wp.me\/p8M4X7-q4","jetpack-related-posts":[{"id":3283,"url":"https:\/\/cepronda.com\/blog\/convocatoria-de-medidas-de-apoyo-aprobacion-y-reconocimiento-al-profesorado-para-la-realizacion-de-proyectos-de-investigacion-e-innovacion-educativa-y-de-elaboracion-de-materiales-para-el-curso-acad\/","url_meta":{"origin":1616,"position":0},"title":"Convocatoria de medidas de apoyo, aprobaci\u00f3n y reconocimiento al profesorado para la realizaci\u00f3n de proyectos de investigaci\u00f3n, e innovaci\u00f3n educativa y de elaboraci\u00f3n de materiales para el curso acad\u00e9mico 2020\/2021","author":"V\u00edctor Caballero","date":"7 enero, 2020","format":false,"excerpt":"Compartimos con todas aquellas personas interesadas esta convocatoria. Para acceder a toda la informaci\u00f3n s\u00f3lo ten\u00e9is que seguir este enlace.","rel":"","context":"En \u00abFormaciones\u00bb","block_context":{"text":"Formaciones","link":"https:\/\/cepronda.com\/blog\/category\/formaciones\/"},"img":{"alt_text":"","src":"https:\/\/i0.wp.com\/cepronda.com\/blog\/wp-content\/uploads\/2019\/05\/logo-nuevo.jpg?fit=531%2C342&ssl=1&resize=350%2C200","width":350,"height":200,"srcset":"https:\/\/i0.wp.com\/cepronda.com\/blog\/wp-content\/uploads\/2019\/05\/logo-nuevo.jpg?fit=531%2C342&ssl=1&resize=350%2C200 1x, https:\/\/i0.wp.com\/cepronda.com\/blog\/wp-content\/uploads\/2019\/05\/logo-nuevo.jpg?fit=531%2C342&ssl=1&resize=525%2C300 1.5x"},"classes":[]},{"id":591,"url":"https:\/\/cepronda.com\/blog\/abierto-el-plazo-de-solicitud-de-apoyo-aprobacion-y-reconocimiento-al-profesorado-para-la-realizacion-de-proyectos-de-investigacion-e-innovacion-educativa-y-elaboracion-de-materiales-curriculares\/","url_meta":{"origin":1616,"position":1},"title":"Abierto el plazo de solicitud de apoyo, aprobaci\u00f3n y reconocimiento al profesorado para la realizaci\u00f3n de proyectos de investigaci\u00f3n e innovaci\u00f3n educativa y elaboraci\u00f3n de materiales curriculares","author":"V\u00edctor Caballero","date":"10 enero, 2017","format":false,"excerpt":"\u00a1Muy buenas! Hoy quer\u00eda compartir con todo el profesorado esta convocatoria de la Junta de Andaluc\u00eda para el desarrollo de proyectos de investigaci\u00f3n e innovaci\u00f3n educativa. Muchas veces como docentes pecamos de no hacer valer nuestro trabajo, y hacemos grandes cosas en nuestras aulas, y tenemos que hacerlas visibles. Una\u2026","rel":"","context":"En \u00abNoticias\u00bb","block_context":{"text":"Noticias","link":"https:\/\/cepronda.com\/blog\/category\/noticias\/"},"img":{"alt_text":"","src":"","width":0,"height":0},"classes":[]},{"id":2572,"url":"https:\/\/cepronda.com\/blog\/abierto-el-plazo-de-solicitud-de-apoyo-aprobacion-y-reconocimiento-al-profesorado-para-la-realizacion-de-proyectos-de-investigacion-e-innovacion-educativa-y-elaboracion-de-materiales-curriculares-2\/","url_meta":{"origin":1616,"position":2},"title":"Abierto el plazo de solicitud de apoyo, aprobaci\u00f3n y reconocimiento al profesorado para la realizaci\u00f3n de proyectos de investigaci\u00f3n e innovaci\u00f3n educativa y elaboraci\u00f3n de materiales curriculares.","author":"V\u00edctor Caballero","date":"11 enero, 2019","format":false,"excerpt":"Muy buenas familia, queremos animaros a participar en esta convocatoria de proyectos de investigaci\u00f3n e innovaci\u00f3n educativa y elaboraci\u00f3n de materiales curriculares. Para ello os copiamos la informaci\u00f3n aparecida en Averroes, junto con los enlaces correspondientes. La Consejer\u00eda de Educaci\u00f3n de la Junta de Andaluc\u00eda ha puesto en marcha una\u2026","rel":"","context":"En \u00abFormaciones\u00bb","block_context":{"text":"Formaciones","link":"https:\/\/cepronda.com\/blog\/category\/formaciones\/"},"img":{"alt_text":"","src":"https:\/\/i0.wp.com\/cepronda.com\/blog\/wp-content\/uploads\/2019\/01\/averroes.jpg?resize=350%2C200","width":350,"height":200},"classes":[]},{"id":3731,"url":"https:\/\/cepronda.com\/blog\/programas-para-la-innovacion-educativa\/","url_meta":{"origin":1616,"position":3},"title":"Programas para la Innovaci\u00f3n Educativa","author":"Mar\u00eda Jos\u00e9 M\u00e1rquez","date":"10 septiembre, 2020","format":false,"excerpt":"Buenos d\u00edas compa\u00f1eras y compa\u00f1eros, os recordamos que , hasta el 30 de septiembre, est\u00e1 abierto el plazo de inscripci\u00f3n para participar en la convocatoria de los Programas para la Innovaci\u00f3n Educativa para el curso 2020\/2021. Se solicitar\u00e1n a trav\u00e9s de la plataforma S\u00e9neca siguiendo la ruta: Centro\/Planes y Proyectos\u2026","rel":"","context":"En \u00abNoticias\u00bb","block_context":{"text":"Noticias","link":"https:\/\/cepronda.com\/blog\/category\/noticias\/"},"img":{"alt_text":"","src":"https:\/\/i0.wp.com\/cepronda.com\/blog\/wp-content\/uploads\/2020\/09\/Programas-educativos.png?fit=795%2C794&ssl=1&resize=350%2C200","width":350,"height":200,"srcset":"https:\/\/i0.wp.com\/cepronda.com\/blog\/wp-content\/uploads\/2020\/09\/Programas-educativos.png?fit=795%2C794&ssl=1&resize=350%2C200 1x, https:\/\/i0.wp.com\/cepronda.com\/blog\/wp-content\/uploads\/2020\/09\/Programas-educativos.png?fit=795%2C794&ssl=1&resize=525%2C300 1.5x, https:\/\/i0.wp.com\/cepronda.com\/blog\/wp-content\/uploads\/2020\/09\/Programas-educativos.png?fit=795%2C794&ssl=1&resize=700%2C400 2x"},"classes":[]},{"id":667,"url":"https:\/\/cepronda.com\/blog\/informacion-sobre-la-convocatoria-de-proyectos-de-investigacion-e-innovacion-educativa\/","url_meta":{"origin":1616,"position":4},"title":"Informaci\u00f3n sobre la convocatoria de Proyectos de investigaci\u00f3n e innovaci\u00f3n educativa","author":"V\u00edctor Caballero","date":"8 febrero, 2017","format":false,"excerpt":"Muy buenas, Os comunicamos que ha salido publicada la convocatoria sobre Proyectos de innovaci\u00f3n e investigaci\u00f3n educativa, y elaboraci\u00f3n de materiales curriculares. Si quer\u00e9is tener m\u00e1s informaci\u00f3n sobre esta convocatoria, haced clic en la imagen y llegar\u00e9is a la web donde encontrar toda la informaci\u00f3n necesaria para participar en esta\u2026","rel":"","context":"En \u00abNoticias\u00bb","block_context":{"text":"Noticias","link":"https:\/\/cepronda.com\/blog\/category\/noticias\/"},"img":{"alt_text":"","src":"https:\/\/i0.wp.com\/cepronda.com\/blog\/wp-content\/uploads\/2017\/02\/image_gallery-e1486571384802.jpg?resize=350%2C200","width":350,"height":200},"classes":[]},{"id":7976,"url":"https:\/\/cepronda.com\/blog\/guia-y-tutorizacion-para-la-participacion-en-la-convocatoria-de-proyectos-de-investigacion-innovacion-y-elaboracion-de-materiales\/","url_meta":{"origin":1616,"position":5},"title":"GU\u00cdA Y TUTORIZACI\u00d3N PARA LA PARTICIPACI\u00d3N EN LA CONVOCATORIA DE PROYECTOS DE INVESTIGACI\u00d3N, INNOVACI\u00d3N Y ELABORACI\u00d3N DE MATERIALES","author":"Inmaculada Garc\u00eda","date":"20 diciembre, 2024","format":false,"excerpt":"\u00a0\u00a0Abierta inscripci\u00f3n de la Actividad Formativa regional: \"GU\u00cdA Y TUTORIZACI\u00d3N PARA LA PARTICIPACI\u00d3N EN LA CONVOCATORIA DE PROYECTOS DE INVESTIGACI\u00d3N, INNOVACI\u00d3N Y ELABORACI\u00d3N DE MATERIALES\" (259915KPF370). \u00a0Inscripciones: hasta el 8 de enero. \u00a0Enlace a la inscripci\u00f3n:\u00a0https:\/\/www.juntadeandalucia.es\/educacion\/secretariavirtual\/consultaCEP\/actividad\/259915KPF370\/\u00a0 \u00a0El curso est\u00e1 dirigido a hacer un acompa\u00f1amiento al profesorado de cara a la\u2026","rel":"","context":"En \u00abFormaciones\u00bb","block_context":{"text":"Formaciones","link":"https:\/\/cepronda.com\/blog\/category\/formaciones\/"},"img":{"alt_text":"","src":"","width":0,"height":0},"classes":[]}],"jetpack_sharing_enabled":true,"_links":{"self":[{"href":"https:\/\/cepronda.com\/blog\/wp-json\/wp\/v2\/posts\/1616","targetHints":{"allow":["GET"]}}],"collection":[{"href":"https:\/\/cepronda.com\/blog\/wp-json\/wp\/v2\/posts"}],"about":[{"href":"https:\/\/cepronda.com\/blog\/wp-json\/wp\/v2\/types\/post"}],"author":[{"embeddable":true,"href":"https:\/\/cepronda.com\/blog\/wp-json\/wp\/v2\/users\/3"}],"replies":[{"embeddable":true,"href":"https:\/\/cepronda.com\/blog\/wp-json\/wp\/v2\/comments?post=1616"}],"version-history":[{"count":1,"href":"https:\/\/cepronda.com\/blog\/wp-json\/wp\/v2\/posts\/1616\/revisions"}],"predecessor-version":[{"id":1618,"href":"https:\/\/cepronda.com\/blog\/wp-json\/wp\/v2\/posts\/1616\/revisions\/1618"}],"wp:featuredmedia":[{"embeddable":true,"href":"https:\/\/cepronda.com\/blog\/wp-json\/wp\/v2\/media\/1617"}],"wp:attachment":[{"href":"https:\/\/cepronda.com\/blog\/wp-json\/wp\/v2\/media?parent=1616"}],"wp:term":[{"taxonomy":"category","embeddable":true,"href":"https:\/\/cepronda.com\/blog\/wp-json\/wp\/v2\/categories?post=1616"},{"taxonomy":"post_tag","embeddable":true,"href":"https:\/\/cepronda.com\/blog\/wp-json\/wp\/v2\/tags?post=1616"}],"curies":[{"name":"wp","href":"https:\/\/api.w.org\/{rel}","templated":true}]}}