{"id":1606,"date":"2018-02-13T13:56:40","date_gmt":"2018-02-13T12:56:40","guid":{"rendered":"http:\/\/cepronda.com\/blog\/?p=1606"},"modified":"2025-04-25T12:08:12","modified_gmt":"2025-04-25T10:08:12","slug":"concurso-un-viaje-por-el-patrimonio-y-los-albergues-de-mi-comunidad","status":"publish","type":"post","link":"https:\/\/cepronda.com\/blog\/concurso-un-viaje-por-el-patrimonio-y-los-albergues-de-mi-comunidad\/","title":{"rendered":"Concurso \u00abUn Viaje por el Patrimonio y los Albergues de mi Comunidad\u00bb"},"content":{"rendered":"<p>\u00a1Hola a todo el mundo!<\/p>\n<p>Escribimos esta entrada para informaros de este concurso, que creemos que puede ser de gran inter\u00e9s para los centros de primaria, ya que va destinado a alumnado de 6\u00ba de primaria.&nbsp;<\/p>\n<section class=\"cuerpo detalle_html\">\n<div class=\"inner_cuerpo\">\n<p>La Red Espa\u00f1ola de Albergues Juveniles (REAJ) organiza un concurso de v\u00eddeos dirigido a clases de 6\u00ba de primaria de cualquier colegio del territorio espa\u00f1ol.<\/p>\n<p>Para participar los colegios tendr\u00e1n que presentar un v\u00eddeo en el que muestren el Patrimonio Mundial y los albergues juveniles de su Comunidad.<\/p>\n<p>El v\u00eddeo tendr\u00e1 una duraci\u00f3n m\u00e1xima de 4 minutos, y no ser\u00e1 necesario trasladarse hasta el bien Patrimonio Mundial ni hasta los albergues.<\/p>\n<p>El formato es totalmente libre: Puede ser una explicaci\u00f3n, una entrevista, un spot, una representaci\u00f3n teatral, un baile, una canci\u00f3n\u2026 \u00a1O cualquier otro formato que sirva para dar a conocer el Patrimonio Mundial y los albergues de la Comunidad!<\/p>\n<p>Dos premios:<\/p>\n<p>\u00b75.000 \u20ac IVA Incluido)para que el colegio ganador organice un viaje con alojamiento en albergues REAJ para que toda la clase visite un bien declarado Patrimonio Mundial por la UNESCO.<\/p>\n<p>\u00b7Equipaci\u00f3n deportiva valorada en 1.000\u20ac (IVA Incluido) a sortear entre todos los colegios participantes<\/p>\n<p><strong>Inscripci\u00f3n y presentaci\u00f3n de v\u00eddeos hasta el pr\u00f3ximo 12 de marzo a las 15.00 horas<\/strong><\/p>\n<\/div>\n<\/section>\n<section class=\"section_widget_abaco enlaces links_relacionados_web\">\n<header>\n<h1 class=\"titulo\">Enlaces relacionados<\/h1>\n<\/header>\n<div class=\"wrapper-listado\">\n<div class=\"inner-item\">&nbsp;<a class=\"ico_enlaceExt\" title=\"Se abre en una nueva ventana\" href=\"https:\/\/reaj.com\/patrimoniocolegios\/\" target=\"_blank\" rel=\"noopener\">M\u00e1s informaci\u00f3n en la web de REAJ:<\/a><\/div>\n<\/div>\n<\/section>\n<section class=\"section_widget_abaco documentos doc_relacionados_web\">\n<header>\n<h1 class=\"titulo\">Documentaci\u00f3n:<\/h1>\n<\/header>\n<div class=\"wrapper-listado\">\n<div class=\"inner-item\">&nbsp;<a title=\"Visualizar el documento Se abre en una nueva ventana\" href=\"http:\/\/www.juntadeandalucia.es\/educacion\/portals\/abaco-portlet\/content\/89999c78-4c3c-4725-8efb-ed05084551e4\" target=\"_blank\" rel=\"noopener\">Bases de la convocatoria.pdf (PDF \/ 1496.34Kb)<\/a><\/div>\n<\/div>\n<\/section>\n","protected":false},"excerpt":{"rendered":"<p>\u00a1Hola a todo el mundo! Escribimos esta entrada para informaros de este concurso, que creemos que puede ser de gran inter\u00e9s para los centros de primaria, ya que va destinado a alumnado de 6\u00ba de primaria.&nbsp; La Red Espa\u00f1ola de Albergues Juveniles (REAJ) organiza un concurso de v\u00eddeos dirigido a clases de 6\u00ba de primaria [&hellip;]<\/p>\n","protected":false},"author":3,"featured_media":1607,"comment_status":"open","ping_status":"open","sticky":false,"template":"","format":"standard","meta":{"_crdt_document":"","advanced_seo_description":"","jetpack_seo_html_title":"","jetpack_seo_noindex":false,"jetpack_post_was_ever_published":false,"_jetpack_newsletter_access":"","_jetpack_dont_email_post_to_subs":false,"_jetpack_newsletter_tier_id":0,"_jetpack_memberships_contains_paywalled_content":false,"_jetpack_memberships_contains_paid_content":false,"footnotes":"","jetpack_publicize_message":"Concurso \"Un Viaje por el Patrimonio y los Albergues de mi Comunidad\" para alumnado de 6\u00ba de primaria @EducaAnd","jetpack_publicize_feature_enabled":true,"jetpack_social_post_already_shared":true,"jetpack_social_options":{"image_generator_settings":{"template":"highway","default_image_id":0,"font":"","enabled":false},"version":2}},"categories":[5],"tags":[231,122],"class_list":{"0":"post-1606","1":"post","2":"type-post","3":"status-publish","4":"format-standard","5":"has-post-thumbnail","7":"category-noticias","8":"tag-certamen","9":"tag-concurso","10":"czr-hentry"},"jetpack_publicize_connections":[],"jetpack_featured_media_url":"https:\/\/i0.wp.com\/cepronda.com\/blog\/wp-content\/uploads\/2018\/02\/concurso_patrimonio.png?fit=444%2C395&ssl=1","jetpack_shortlink":"https:\/\/wp.me\/p8M4X7-pU","jetpack-related-posts":[{"id":3358,"url":"https:\/\/cepronda.com\/blog\/concurso-un-viaje-por-el-patrimonio-de-mi-comunidad\/","url_meta":{"origin":1606,"position":0},"title":"Concurso \u201cUn Viaje por el Patrimonio de mi Comunidad\u201d","author":"V\u00edctor Caballero","date":"21 enero, 2020","format":false,"excerpt":"La Red Espa\u00f1ola de Albergues Juveniles (REAJ) organiza un concurso de v\u00eddeos dirigido a clases de 6\u00ba de Primaria de cualquier colegio del territorio espa\u00f1ol. Para participar los colegios tendr\u00e1n que presentar un v\u00eddeo en el que muestren el Patrimonio Mundial y los albergues juveniles de su Comunidad. El v\u00eddeo\u2026","rel":"","context":"En \u00abNoticias\u00bb","block_context":{"text":"Noticias","link":"https:\/\/cepronda.com\/blog\/category\/noticias\/"},"img":{"alt_text":"","src":"https:\/\/i0.wp.com\/cepronda.com\/blog\/wp-content\/uploads\/2019\/05\/logo-nuevo.jpg?fit=531%2C342&ssl=1&resize=350%2C200","width":350,"height":200,"srcset":"https:\/\/i0.wp.com\/cepronda.com\/blog\/wp-content\/uploads\/2019\/05\/logo-nuevo.jpg?fit=531%2C342&ssl=1&resize=350%2C200 1x, https:\/\/i0.wp.com\/cepronda.com\/blog\/wp-content\/uploads\/2019\/05\/logo-nuevo.jpg?fit=531%2C342&ssl=1&resize=525%2C300 1.5x"},"classes":[]},{"id":3353,"url":"https:\/\/cepronda.com\/blog\/xxix-concurso-patrimonio-nacional-de-pintura-infantil-y-juvenil-curso-2019-2020\/","url_meta":{"origin":1606,"position":1},"title":"XXIX Concurso Patrimonio Nacional de Pintura Infantil y Juvenil, curso 2019-2020","author":"V\u00edctor Caballero","date":"20 enero, 2020","format":false,"excerpt":"Patrimonio Nacional convoca el XXIX Concurso de Pintura Infantil y Juvenil para Centros Escolares. El prop\u00f3sito de este concurso es divulgar, entre los ni\u00f1os, ni\u00f1as y j\u00f3venes, los monumentos, palacios y monasterios reales que integran Patrimonio Nacional, a trav\u00e9s de su expresi\u00f3n pl\u00e1stica. El concurso tiene dos categor\u00edas: A) Alumnado\u2026","rel":"","context":"En \u00abNoticias\u00bb","block_context":{"text":"Noticias","link":"https:\/\/cepronda.com\/blog\/category\/noticias\/"},"img":{"alt_text":"","src":"","width":0,"height":0},"classes":[]},{"id":7921,"url":"https:\/\/cepronda.com\/blog\/concurso-cartel-anunciador-its-ronda-2024-25\/","url_meta":{"origin":1606,"position":2},"title":"CONCURSO CARTEL ANUNCIADOR   IT\u2019s Ronda 2024\/25","author":"Inmaculada Garc\u00eda","date":"5 diciembre, 2024","format":false,"excerpt":"CONCURSO CARTEL ANUNCIADOR. \u00a0 Se convoca concurso para elegir el cartel que representar\u00e1 a la IV Feria de Inventos y Talentos, IT's Ronda 2025. \u00a0 \u00bfEres un joven talento de la Serran\u00eda de Ronda con pasi\u00f3n por el arte y la ciencia? Entonces, el Concurso de Cartel Anunciador para la\u2026","rel":"","context":"En \u00abNoticias\u00bb","block_context":{"text":"Noticias","link":"https:\/\/cepronda.com\/blog\/category\/noticias\/"},"img":{"alt_text":"","src":"https:\/\/i0.wp.com\/cepronda.com\/blog\/wp-content\/uploads\/2024\/12\/de-2.jpg?fit=1080%2C1080&ssl=1&resize=350%2C200","width":350,"height":200,"srcset":"https:\/\/i0.wp.com\/cepronda.com\/blog\/wp-content\/uploads\/2024\/12\/de-2.jpg?fit=1080%2C1080&ssl=1&resize=350%2C200 1x, https:\/\/i0.wp.com\/cepronda.com\/blog\/wp-content\/uploads\/2024\/12\/de-2.jpg?fit=1080%2C1080&ssl=1&resize=525%2C300 1.5x, https:\/\/i0.wp.com\/cepronda.com\/blog\/wp-content\/uploads\/2024\/12\/de-2.jpg?fit=1080%2C1080&ssl=1&resize=700%2C400 2x, https:\/\/i0.wp.com\/cepronda.com\/blog\/wp-content\/uploads\/2024\/12\/de-2.jpg?fit=1080%2C1080&ssl=1&resize=1050%2C600 3x"},"classes":[]},{"id":245,"url":"https:\/\/cepronda.com\/blog\/concurso-consumopolis12\/","url_meta":{"origin":1606,"position":3},"title":"Concurso Consum\u00f3polis12","author":"V\u00edctor Caballero","date":"27 octubre, 2016","format":false,"excerpt":"\u00a1Hola de nuevo! Nos acaba de llegar un concurso para tercer ciclo de primaria, y para 1\u00ba,2\u00ba,3\u00ba y 4\u00ba de ESO que creemos puede ser muy interesante. Es un concurso on-line\u00a0sobre consumo responsable con el lema \u201cInternet: \u00bfhaces un uso responsable?\u201d, y tiene como objetivo ofrecer a la comunidad escolar\u2026","rel":"","context":"En \u00abNoticias\u00bb","block_context":{"text":"Noticias","link":"https:\/\/cepronda.com\/blog\/category\/noticias\/"},"img":{"alt_text":"consumopolis","src":"https:\/\/i0.wp.com\/cepronda.com\/blog\/wp-content\/uploads\/2016\/10\/consum%C3%B3polis-300x77.png?resize=350%2C200","width":350,"height":200},"classes":[]},{"id":2637,"url":"https:\/\/cepronda.com\/blog\/informacion-sobre-varias-concursos-interesantes\/","url_meta":{"origin":1606,"position":4},"title":"Informaci\u00f3n sobre varias concursos interesantes","author":"V\u00edctor Caballero","date":"13 febrero, 2019","format":false,"excerpt":"Buenas familia, Compartimos con todas y todos vosotros en una misma entrada varias propuestas que nos llegan sobre concursos que pueden resultar interesantes para vuestros centros. Cada uno de ellos os env\u00eda el enlace a la p\u00e1gina informativa sobre las caracter\u00edsticas de cada uno de ellos. Concurso \"Magallanes-Elcano y la\u2026","rel":"","context":"En \u00abNoticias\u00bb","block_context":{"text":"Noticias","link":"https:\/\/cepronda.com\/blog\/category\/noticias\/"},"img":{"alt_text":"","src":"https:\/\/i0.wp.com\/cepronda.com\/blog\/wp-content\/uploads\/2017\/05\/logo_ja_ce_mejor.jpg?fit=732%2C600&ssl=1&resize=350%2C200","width":350,"height":200,"srcset":"https:\/\/i0.wp.com\/cepronda.com\/blog\/wp-content\/uploads\/2017\/05\/logo_ja_ce_mejor.jpg?fit=732%2C600&ssl=1&resize=350%2C200 1x, https:\/\/i0.wp.com\/cepronda.com\/blog\/wp-content\/uploads\/2017\/05\/logo_ja_ce_mejor.jpg?fit=732%2C600&ssl=1&resize=525%2C300 1.5x, https:\/\/i0.wp.com\/cepronda.com\/blog\/wp-content\/uploads\/2017\/05\/logo_ja_ce_mejor.jpg?fit=732%2C600&ssl=1&resize=700%2C400 2x"},"classes":[]},{"id":9322,"url":"https:\/\/cepronda.com\/blog\/concurso-cartel-anunciador-its-ronda-2025-26\/","url_meta":{"origin":1606,"position":5},"title":"CONCURSO CARTEL ANUNCIADOR.  IT\u2019s Ronda 2025\/26","author":"Inmaculada Garc\u00eda","date":"29 enero, 2026","format":false,"excerpt":"\u00bfVives en la Serran\u00eda de Ronda y te apasiona crear? Entonces, el Concurso de Cartel Anunciador para la V Feria de Inventos y Talentos, IT's Ronda 2026, es tu oportunidad para brillar. \u00bfQui\u00e9n puede participar? Este concurso est\u00e1 abierto para estudiantes de educaci\u00f3n infantil, primaria, secundaria, bachillerato y FP de\u2026","rel":"","context":"En \u00abNoticias\u00bb","block_context":{"text":"Noticias","link":"https:\/\/cepronda.com\/blog\/category\/noticias\/"},"img":{"alt_text":"","src":"https:\/\/i0.wp.com\/cepronda.com\/blog\/wp-content\/uploads\/2026\/01\/de.jpg?fit=1080%2C1080&ssl=1&resize=350%2C200","width":350,"height":200,"srcset":"https:\/\/i0.wp.com\/cepronda.com\/blog\/wp-content\/uploads\/2026\/01\/de.jpg?fit=1080%2C1080&ssl=1&resize=350%2C200 1x, https:\/\/i0.wp.com\/cepronda.com\/blog\/wp-content\/uploads\/2026\/01\/de.jpg?fit=1080%2C1080&ssl=1&resize=525%2C300 1.5x, https:\/\/i0.wp.com\/cepronda.com\/blog\/wp-content\/uploads\/2026\/01\/de.jpg?fit=1080%2C1080&ssl=1&resize=700%2C400 2x, https:\/\/i0.wp.com\/cepronda.com\/blog\/wp-content\/uploads\/2026\/01\/de.jpg?fit=1080%2C1080&ssl=1&resize=1050%2C600 3x"},"classes":[]}],"jetpack_sharing_enabled":true,"_links":{"self":[{"href":"https:\/\/cepronda.com\/blog\/wp-json\/wp\/v2\/posts\/1606","targetHints":{"allow":["GET"]}}],"collection":[{"href":"https:\/\/cepronda.com\/blog\/wp-json\/wp\/v2\/posts"}],"about":[{"href":"https:\/\/cepronda.com\/blog\/wp-json\/wp\/v2\/types\/post"}],"author":[{"embeddable":true,"href":"https:\/\/cepronda.com\/blog\/wp-json\/wp\/v2\/users\/3"}],"replies":[{"embeddable":true,"href":"https:\/\/cepronda.com\/blog\/wp-json\/wp\/v2\/comments?post=1606"}],"version-history":[{"count":1,"href":"https:\/\/cepronda.com\/blog\/wp-json\/wp\/v2\/posts\/1606\/revisions"}],"predecessor-version":[{"id":1608,"href":"https:\/\/cepronda.com\/blog\/wp-json\/wp\/v2\/posts\/1606\/revisions\/1608"}],"wp:featuredmedia":[{"embeddable":true,"href":"https:\/\/cepronda.com\/blog\/wp-json\/wp\/v2\/media\/1607"}],"wp:attachment":[{"href":"https:\/\/cepronda.com\/blog\/wp-json\/wp\/v2\/media?parent=1606"}],"wp:term":[{"taxonomy":"category","embeddable":true,"href":"https:\/\/cepronda.com\/blog\/wp-json\/wp\/v2\/categories?post=1606"},{"taxonomy":"post_tag","embeddable":true,"href":"https:\/\/cepronda.com\/blog\/wp-json\/wp\/v2\/tags?post=1606"}],"curies":[{"name":"wp","href":"https:\/\/api.w.org\/{rel}","templated":true}]}}