{"id":1600,"date":"2018-02-08T12:29:52","date_gmt":"2018-02-08T11:29:52","guid":{"rendered":"http:\/\/cepronda.com\/blog\/?p=1600"},"modified":"2018-02-08T12:29:52","modified_gmt":"2018-02-08T11:29:52","slug":"creando-codigo","status":"publish","type":"post","link":"https:\/\/cepronda.com\/blog\/creando-codigo\/","title":{"rendered":"Creando c\u00f3digo"},"content":{"rendered":"<p>Muy buenas, compartimos con todos y todas vosotras esta informaci\u00f3n que creemos os puede resultar interesante. Se trata del proyecto \u00abCreando c\u00f3digo\u00bb.&nbsp;<\/p>\n<p><em>Con la metodolog\u00eda del&nbsp;<strong>aprendizaje basado en proyectos<\/strong>&nbsp;el proyecto&nbsp;<strong>Creando C\u00f3digo&nbsp;<\/strong>permitir\u00e1 a los profesionales del futuro adquirir las competencias del siglo XXI: colaboraci\u00f3n, comunicaci\u00f3n, creatividad, pensamiento cr\u00edtico y resoluci\u00f3n de problemas a trav\u00e9s de la tecnolog\u00eda. Adem\u00e1s, potenciar\u00e1 el pensamiento computacional en ni\u00f1os y j\u00f3venes, gracias a la integraci\u00f3n de la rob\u00f3tica y la programaci\u00f3n en las programaciones de aula.<\/em><\/p>\n<p><em>Un proyecto&nbsp;<strong>dirigido<\/strong>&nbsp;a&nbsp;<strong>Infantil, Primaria y Secundaria Obligatoria<\/strong>, que acompa\u00f1a a los docentes en el desarrollo de sus nuevas competencias y roles, a la par que impulsa la integraci\u00f3n de la ingenier\u00eda y la tecnolog\u00eda como ejes transversales en todas las disciplinas y materias (Lengua, Matem\u00e1ticas, M\u00fasica, Ciencias Sociales y Ciencias Naturales).<\/em><\/p>\n<p><em>En&nbsp;<strong>Creando C\u00f3digo<\/strong>, a trav\u00e9s de metodolog\u00edas activas de aprendizaje, se motiva a nuestro alumnado para que pasen de ser consumidores a ser creadores de tecnolog\u00eda.<\/em><\/p>\n<p><em>\u00bfQuieres potenciar en tu alumnado el pensamiento computacional, la resoluci\u00f3n de problemas, el dominio inform\u00e1tico, la capacidad de analizar datos y comprender algoritmos, pero no eres profesor de tecnolog\u00eda? Sigue leyendo, en&nbsp;<strong>Creando C\u00f3digo&nbsp;<\/strong>tienes la respuesta a estos interrogantes.<\/em><\/p>\n<p><a href=\"http:\/\/colaboraeducacion30.juntadeandalucia.es\/educacion\/colabora\/web\/innicia\/creando-codigo\" target=\"_blank\" rel=\"noopener\">P\u00e1gina del proyecto en Colabora<\/a><\/p>\n<p><a href=\"https:\/\/docs.google.com\/forms\/d\/e\/1FAIpQLSdwtVdBngiaX_2U8LMVoo4HjelGrF9eU2ZiL6xKpSYwQUISjA\/viewform\" target=\"_blank\" rel=\"noopener\">Formulario de inscripci\u00f3n<\/a><\/p>\n<p><a href=\"http:\/\/colaboraeducacion30.juntadeandalucia.es\/educacion\/colabora\/web\/innicia\/creando-codigo\" target=\"_blank\" rel=\"noopener\"><img data-recalc-dims=\"1\" loading=\"lazy\" decoding=\"async\" class=\"aligncenter wp-image-1601 size-medium\" src=\"https:\/\/i0.wp.com\/cepronda.com\/blog\/wp-content\/uploads\/2018\/02\/creando_c%C3%B3digo-300x265.png?resize=300%2C265\" alt=\"\" width=\"300\" height=\"265\" srcset=\"https:\/\/i0.wp.com\/cepronda.com\/blog\/wp-content\/uploads\/2018\/02\/creando_c%C3%B3digo.png?resize=300%2C265&amp;ssl=1 300w, https:\/\/i0.wp.com\/cepronda.com\/blog\/wp-content\/uploads\/2018\/02\/creando_c%C3%B3digo.png?w=764&amp;ssl=1 764w\" sizes=\"auto, (max-width: 300px) 100vw, 300px\" \/><\/a><\/p>\n","protected":false},"excerpt":{"rendered":"<p>Muy buenas, compartimos con todos y todas vosotras esta informaci\u00f3n que creemos os puede resultar interesante. Se trata del proyecto \u00abCreando c\u00f3digo\u00bb.&nbsp; Con la metodolog\u00eda del&nbsp;aprendizaje basado en proyectos&nbsp;el proyecto&nbsp;Creando C\u00f3digo&nbsp;permitir\u00e1 a los profesionales del futuro adquirir las competencias del siglo XXI: colaboraci\u00f3n, comunicaci\u00f3n, creatividad, pensamiento cr\u00edtico y resoluci\u00f3n de problemas a trav\u00e9s de la [&hellip;]<\/p>\n","protected":false},"author":3,"featured_media":1601,"comment_status":"open","ping_status":"open","sticky":false,"template":"","format":"standard","meta":{"_crdt_document":"","advanced_seo_description":"","jetpack_seo_html_title":"","jetpack_seo_noindex":false,"jetpack_post_was_ever_published":false,"_jetpack_newsletter_access":"","_jetpack_dont_email_post_to_subs":false,"_jetpack_newsletter_tier_id":0,"_jetpack_memberships_contains_paywalled_content":false,"_jetpack_memberships_contains_paid_content":false,"footnotes":"","jetpack_publicize_message":"Creando c\u00f3digo, una opci\u00f3n mas para trabajar en nuestros centros sobre programaci\u00f3n, rob\u00f3tica, impresi\u00f3n 3d,...","jetpack_publicize_feature_enabled":true,"jetpack_social_post_already_shared":true,"jetpack_social_options":{"image_generator_settings":{"template":"highway","default_image_id":0,"font":"","enabled":false},"version":2}},"categories":[5],"tags":[36],"class_list":{"0":"post-1600","1":"post","2":"type-post","3":"status-publish","4":"format-standard","5":"has-post-thumbnail","7":"category-noticias","8":"tag-herramientas-tic","9":"czr-hentry"},"jetpack_publicize_connections":[],"jetpack_featured_media_url":"https:\/\/i0.wp.com\/cepronda.com\/blog\/wp-content\/uploads\/2018\/02\/creando_c%C3%B3digo.png?fit=764%2C676&ssl=1","jetpack_shortlink":"https:\/\/wp.me\/p8M4X7-pO","jetpack-related-posts":[{"id":7826,"url":"https:\/\/cepronda.com\/blog\/curso-provincial-creando-entornos-de-aprendizaje-inclusivos-atencion-a-la-diversidad-en-el-aula-y-en-el-centro-escolar-con-codigo-252924ge004\/","url_meta":{"origin":1600,"position":0},"title":"Curso provincial: \u00abCREANDO ENTORNOS DE APRENDIZAJE INCLUSIVOS: ATENCI\u00d3N A LA DIVERSIDAD EN EL AULA Y EN EL CENTRO ESCOLAR\u00bb, con c\u00f3digo 252924GE004.","author":"Inmaculada Garc\u00eda","date":"30 octubre, 2024","format":false,"excerpt":"Se encuentra abierto el plazo de inscripci\u00f3n en el curso provincial: \"CREANDO ENTORNOS DE APRENDIZAJE INCLUSIVOS: ATENCI\u00d3N A LA DIVERSIDAD EN EL AULA Y EN EL CENTRO ESCOLAR\", con c\u00f3digo 252924GE004. Fecha inscripci\u00f3n: 30\/10\/2024 hasta 15\/11\/2024. Fecha actividad: 19\/11\/2024 hasta 10\/12\/2024 Lugar: Sala de videoconferencias Webex. Duraci\u00f3n del curso: 15\u2026","rel":"","context":"En \u00abFormaciones\u00bb","block_context":{"text":"Formaciones","link":"https:\/\/cepronda.com\/blog\/category\/formaciones\/"},"img":{"alt_text":"","src":"https:\/\/i0.wp.com\/cepronda.com\/blog\/wp-content\/uploads\/2024\/10\/CREANDO-ENTORNOS-DE-APRENDIZAJE-INCLUSIVOS-ATENCION-A-LA-DIVERSIDAD-EN-EL-AULA-Y-EN-EL-CENTRO-ESCOLAR.jpg?fit=1120%2C1120&ssl=1&resize=350%2C200","width":350,"height":200,"srcset":"https:\/\/i0.wp.com\/cepronda.com\/blog\/wp-content\/uploads\/2024\/10\/CREANDO-ENTORNOS-DE-APRENDIZAJE-INCLUSIVOS-ATENCION-A-LA-DIVERSIDAD-EN-EL-AULA-Y-EN-EL-CENTRO-ESCOLAR.jpg?fit=1120%2C1120&ssl=1&resize=350%2C200 1x, https:\/\/i0.wp.com\/cepronda.com\/blog\/wp-content\/uploads\/2024\/10\/CREANDO-ENTORNOS-DE-APRENDIZAJE-INCLUSIVOS-ATENCION-A-LA-DIVERSIDAD-EN-EL-AULA-Y-EN-EL-CENTRO-ESCOLAR.jpg?fit=1120%2C1120&ssl=1&resize=525%2C300 1.5x, https:\/\/i0.wp.com\/cepronda.com\/blog\/wp-content\/uploads\/2024\/10\/CREANDO-ENTORNOS-DE-APRENDIZAJE-INCLUSIVOS-ATENCION-A-LA-DIVERSIDAD-EN-EL-AULA-Y-EN-EL-CENTRO-ESCOLAR.jpg?fit=1120%2C1120&ssl=1&resize=700%2C400 2x, https:\/\/i0.wp.com\/cepronda.com\/blog\/wp-content\/uploads\/2024\/10\/CREANDO-ENTORNOS-DE-APRENDIZAJE-INCLUSIVOS-ATENCION-A-LA-DIVERSIDAD-EN-EL-AULA-Y-EN-EL-CENTRO-ESCOLAR.jpg?fit=1120%2C1120&ssl=1&resize=1050%2C600 3x"},"classes":[]},{"id":8258,"url":"https:\/\/cepronda.com\/blog\/curso-autoevaluacion-plan-de-mejora-y-proyecto-formativo-codigo-259923kpf386\/","url_meta":{"origin":1600,"position":1},"title":"AUTOEVALUACI\u00d3N. PLAN DE MEJORA Y PROYECTO FORMATIVO","author":"Inmaculada Garc\u00eda","date":"21 febrero, 2025","format":false,"excerpt":"Abierto el plazo de inscripci\u00f3n del curso semipresencial provincial: AUTOEVALUACI\u00d3N. PLAN DE MEJORA Y PROYECTO FORMATIVO. C\u00f3digo: 259923KPF386 \u00a0 \u00b7 Inscripci\u00f3n hasta el 21 de marzo \u00b7 Aula Virtual de Formaci\u00f3n del Profesorado entre 01\/04\/25 y 20\/05\/25 \u00b7 Sesiones presenciales en el CEP de M\u00e1laga: 24\/04\/25 y 08\/05\/25 de 16:30\u2026","rel":"","context":"En \u00abFormaciones\u00bb","block_context":{"text":"Formaciones","link":"https:\/\/cepronda.com\/blog\/category\/formaciones\/"},"img":{"alt_text":"","src":"https:\/\/i0.wp.com\/cepronda.com\/blog\/wp-content\/uploads\/2025\/03\/Sin-titulo-1080-x-1350-px.jpg?fit=960%2C1200&ssl=1&resize=350%2C200","width":350,"height":200,"srcset":"https:\/\/i0.wp.com\/cepronda.com\/blog\/wp-content\/uploads\/2025\/03\/Sin-titulo-1080-x-1350-px.jpg?fit=960%2C1200&ssl=1&resize=350%2C200 1x, https:\/\/i0.wp.com\/cepronda.com\/blog\/wp-content\/uploads\/2025\/03\/Sin-titulo-1080-x-1350-px.jpg?fit=960%2C1200&ssl=1&resize=525%2C300 1.5x, https:\/\/i0.wp.com\/cepronda.com\/blog\/wp-content\/uploads\/2025\/03\/Sin-titulo-1080-x-1350-px.jpg?fit=960%2C1200&ssl=1&resize=700%2C400 2x"},"classes":[]},{"id":8067,"url":"https:\/\/cepronda.com\/blog\/convivencia-y-aprendizaje-creando-ambientes-educativos-positivos\/","url_meta":{"origin":1600,"position":2},"title":"CONVIVENCIA Y APRENDIZAJE: CREANDO AMBIENTES EDUCATIVOS POSITIVOS","author":"Mamen Moreno","date":"21 enero, 2025","format":false,"excerpt":"Inscripciones abiertas para el curso \"Convivencia y Aprendizaje: Creando Ambientes Educativos Positivos\" con c\u00f3digo 252924GE017 Duraci\u00f3n: 15 horas (12 horas presenciales y 3 horas de tareas) Dirigido a: Todo el profesorado (Internivelar) Inscripciones: del 21 de enero al 21 de febrero Lugar: CEP de Ronda \/ Sala de Videoconferencias Fechas:\u00a0\u2026","rel":"","context":"En \u00abFormaciones\u00bb","block_context":{"text":"Formaciones","link":"https:\/\/cepronda.com\/blog\/category\/formaciones\/"},"img":{"alt_text":"","src":"https:\/\/i0.wp.com\/cepronda.com\/blog\/wp-content\/uploads\/2025\/01\/CONVIVENCIA.jpg?fit=1080%2C1080&ssl=1&resize=350%2C200","width":350,"height":200,"srcset":"https:\/\/i0.wp.com\/cepronda.com\/blog\/wp-content\/uploads\/2025\/01\/CONVIVENCIA.jpg?fit=1080%2C1080&ssl=1&resize=350%2C200 1x, https:\/\/i0.wp.com\/cepronda.com\/blog\/wp-content\/uploads\/2025\/01\/CONVIVENCIA.jpg?fit=1080%2C1080&ssl=1&resize=525%2C300 1.5x, https:\/\/i0.wp.com\/cepronda.com\/blog\/wp-content\/uploads\/2025\/01\/CONVIVENCIA.jpg?fit=1080%2C1080&ssl=1&resize=700%2C400 2x, https:\/\/i0.wp.com\/cepronda.com\/blog\/wp-content\/uploads\/2025\/01\/CONVIVENCIA.jpg?fit=1080%2C1080&ssl=1&resize=1050%2C600 3x"},"classes":[]},{"id":7924,"url":"https:\/\/cepronda.com\/blog\/competencias-docentes-para-la-deteccion-el-tratamiento-y-el-manejo-de-conductas-de-riesgo-en-residencias-escolares-codigo-252923ge859\/","url_meta":{"origin":1600,"position":3},"title":"COMPETENCIAS DOCENTES PARA LA DETECCI\u00d3N, EL TRATAMIENTO Y EL MANEJO DE CONDUCTAS DE RIESGO EN RESIDENCIAS ESCOLARES. C\u00f3digo: 252923GE859","author":"Inmaculada Garc\u00eda","date":"10 diciembre, 2024","format":false,"excerpt":"Abierto el plazo de inscripci\u00f3n para la actividad provincial: COMPETENCIAS DOCENTES PARA LA DETECCI\u00d3N, EL TRATAMIENTO Y EL MANEJO DE CONDUCTAS DE RIESGO EN RESIDENCIAS ESCOLARES. C\u00f3digo: 252923GE859 \u270f\ufe0fFecha inscripci\u00f3n: 05\/12\/2024 hasta 07\/01\/2025 Fecha actividad: 17\/01\/2025 hasta 04\/04\/2025 Lugar de realizaci\u00f3n: RESIDENCIA ESCOLAR VIRGEN DE LA FUENSANTA - CO\u00cdN M\u00e1s\u2026","rel":"","context":"En \u00abFormaciones\u00bb","block_context":{"text":"Formaciones","link":"https:\/\/cepronda.com\/blog\/category\/formaciones\/"},"img":{"alt_text":"COMPETENCIAS DOCENTES PARA LA DETECCI\u00d3N, EL TRATAMIENTO Y EL MANEJO DE CONDUCTAS DE RIESGO EN RESIDENCIAS ESCOLARES","src":"https:\/\/i0.wp.com\/cepronda.com\/blog\/wp-content\/uploads\/2024\/12\/WhatsApp-Image-2024-12-10-at-12.42.27.jpeg?fit=1080%2C1080&ssl=1&resize=350%2C200","width":350,"height":200,"srcset":"https:\/\/i0.wp.com\/cepronda.com\/blog\/wp-content\/uploads\/2024\/12\/WhatsApp-Image-2024-12-10-at-12.42.27.jpeg?fit=1080%2C1080&ssl=1&resize=350%2C200 1x, https:\/\/i0.wp.com\/cepronda.com\/blog\/wp-content\/uploads\/2024\/12\/WhatsApp-Image-2024-12-10-at-12.42.27.jpeg?fit=1080%2C1080&ssl=1&resize=525%2C300 1.5x, https:\/\/i0.wp.com\/cepronda.com\/blog\/wp-content\/uploads\/2024\/12\/WhatsApp-Image-2024-12-10-at-12.42.27.jpeg?fit=1080%2C1080&ssl=1&resize=700%2C400 2x, https:\/\/i0.wp.com\/cepronda.com\/blog\/wp-content\/uploads\/2024\/12\/WhatsApp-Image-2024-12-10-at-12.42.27.jpeg?fit=1080%2C1080&ssl=1&resize=1050%2C600 3x"},"classes":[]},{"id":9521,"url":"https:\/\/cepronda.com\/blog\/9521-2\/","url_meta":{"origin":1600,"position":4},"title":"AUTOEVALUACI\u00d3N. PLAN DE MEJORA Y PROYECTO FORMATIVO.","author":"Encarni Jim\u00e9nez Rosado","date":"23 abril, 2026","format":false,"excerpt":"Se abre plazo de inscripci\u00f3n para el viso \u201cAUTOEVALUACI\u00d3N. PLAN DE MEJORA Y PROYECTO FORMATIVO\u201d C\u00d3DIGO: 269923KPF386 MODALIDAD: Curso Semipresencial \u00c1MBITO: Provincial FECHA INSCRIPCI\u00d3N: 23\/04\/2026 hasta 05\/05\/2026 FECHA ACTIVIDAD: 14\/05\/2026 hasta 28\/05\/2026 \ud83d\udd17 M\u00c1S INFORMACI\u00d3N E INSCRIPCI\u00d3N: https:\/\/secretariavirtual.juntadeandalucia.es\/secretariavirtual\/consultaCEP\/actividad\/269923KPF386\/ \u00a0","rel":"","context":"En \u00abFormaciones\u00bb","block_context":{"text":"Formaciones","link":"https:\/\/cepronda.com\/blog\/category\/formaciones\/"},"img":{"alt_text":"","src":"https:\/\/i0.wp.com\/cepronda.com\/blog\/wp-content\/uploads\/2026\/04\/Autoevaluacion-y-plan-de-mejora.png?fit=695%2C869&ssl=1&resize=350%2C200","width":350,"height":200,"srcset":"https:\/\/i0.wp.com\/cepronda.com\/blog\/wp-content\/uploads\/2026\/04\/Autoevaluacion-y-plan-de-mejora.png?fit=695%2C869&ssl=1&resize=350%2C200 1x, https:\/\/i0.wp.com\/cepronda.com\/blog\/wp-content\/uploads\/2026\/04\/Autoevaluacion-y-plan-de-mejora.png?fit=695%2C869&ssl=1&resize=525%2C300 1.5x"},"classes":[]},{"id":7576,"url":"https:\/\/cepronda.com\/blog\/profundizacion-de-las-competencias-profesionales-de-las-direcciones-escolares\/","url_meta":{"origin":1600,"position":5},"title":"PROFUNDIZACI\u00d3N DE LAS COMPETENCIAS PROFESIONALES DE LAS DIRECCIONES ESCOLARES","author":"Mamen Moreno","date":"16 abril, 2024","format":false,"excerpt":"Jornadas provinciales: \"PROFUNDIZACI\u00d3N DE LAS COMPETENCIAS PROFESIONALES DE LAS DIRECCIONES ESCOLARES (SECUNDARIA, BACHILLERATO, FP, ERE)\" C\u00f3digo 242923GE556. Se desarrollar\u00e1 en el CIO Mijas el lunes 13 de mayo de 2024. Periodo de inscripci\u00f3n del 15\/04\/24 al 05\/05\/24 Informaci\u00f3n e inscripci\u00f3n: https:\/\/www.juntadeandalucia.es\/educacion\/secretariavirtual\/consultaCEP\/actividad\/242923GE556\/","rel":"","context":"En \u00abNoticias\u00bb","block_context":{"text":"Noticias","link":"https:\/\/cepronda.com\/blog\/category\/noticias\/"},"img":{"alt_text":"","src":"https:\/\/i0.wp.com\/cepronda.com\/blog\/wp-content\/uploads\/2024\/04\/cartel-jornadas-ADIAN.png?fit=1080%2C1080&ssl=1&resize=350%2C200","width":350,"height":200,"srcset":"https:\/\/i0.wp.com\/cepronda.com\/blog\/wp-content\/uploads\/2024\/04\/cartel-jornadas-ADIAN.png?fit=1080%2C1080&ssl=1&resize=350%2C200 1x, https:\/\/i0.wp.com\/cepronda.com\/blog\/wp-content\/uploads\/2024\/04\/cartel-jornadas-ADIAN.png?fit=1080%2C1080&ssl=1&resize=525%2C300 1.5x, https:\/\/i0.wp.com\/cepronda.com\/blog\/wp-content\/uploads\/2024\/04\/cartel-jornadas-ADIAN.png?fit=1080%2C1080&ssl=1&resize=700%2C400 2x, https:\/\/i0.wp.com\/cepronda.com\/blog\/wp-content\/uploads\/2024\/04\/cartel-jornadas-ADIAN.png?fit=1080%2C1080&ssl=1&resize=1050%2C600 3x"},"classes":[]}],"jetpack_sharing_enabled":true,"_links":{"self":[{"href":"https:\/\/cepronda.com\/blog\/wp-json\/wp\/v2\/posts\/1600","targetHints":{"allow":["GET"]}}],"collection":[{"href":"https:\/\/cepronda.com\/blog\/wp-json\/wp\/v2\/posts"}],"about":[{"href":"https:\/\/cepronda.com\/blog\/wp-json\/wp\/v2\/types\/post"}],"author":[{"embeddable":true,"href":"https:\/\/cepronda.com\/blog\/wp-json\/wp\/v2\/users\/3"}],"replies":[{"embeddable":true,"href":"https:\/\/cepronda.com\/blog\/wp-json\/wp\/v2\/comments?post=1600"}],"version-history":[{"count":1,"href":"https:\/\/cepronda.com\/blog\/wp-json\/wp\/v2\/posts\/1600\/revisions"}],"predecessor-version":[{"id":1602,"href":"https:\/\/cepronda.com\/blog\/wp-json\/wp\/v2\/posts\/1600\/revisions\/1602"}],"wp:featuredmedia":[{"embeddable":true,"href":"https:\/\/cepronda.com\/blog\/wp-json\/wp\/v2\/media\/1601"}],"wp:attachment":[{"href":"https:\/\/cepronda.com\/blog\/wp-json\/wp\/v2\/media?parent=1600"}],"wp:term":[{"taxonomy":"category","embeddable":true,"href":"https:\/\/cepronda.com\/blog\/wp-json\/wp\/v2\/categories?post=1600"},{"taxonomy":"post_tag","embeddable":true,"href":"https:\/\/cepronda.com\/blog\/wp-json\/wp\/v2\/tags?post=1600"}],"curies":[{"name":"wp","href":"https:\/\/api.w.org\/{rel}","templated":true}]}}