{"id":1597,"date":"2018-02-06T13:49:47","date_gmt":"2018-02-06T12:49:47","guid":{"rendered":"http:\/\/cepronda.com\/blog\/?p=1597"},"modified":"2018-02-06T13:49:47","modified_gmt":"2018-02-06T12:49:47","slug":"cuaderno-iseneca-en-el-ceip-juan-martin-pinzon","status":"publish","type":"post","link":"https:\/\/cepronda.com\/blog\/cuaderno-iseneca-en-el-ceip-juan-martin-pinzon\/","title":{"rendered":"CUADERNO ISENECA EN EL CEIP JUAN MART\u00cdN PINZ\u00d3N"},"content":{"rendered":"<p>Hola familia,&nbsp;<\/p>\n<p>Abrimos este curso para resto de profesorado interesado en conocer el uso del cuaderno IS\u00e9neca. Est\u00e1 orientado para profesorado de Educaci\u00f3n Primaria e Infantil.&nbsp;<\/p>\n<p>Toda la informaci\u00f3n la ten\u00e9is en el<a href=\"https:\/\/www.juntadeandalucia.es\/educacion\/secretariavirtual\/consultaCEP\/actividad\/182924GE318\/\" target=\"_blank\" rel=\"noopener\"> siguiente enlace<\/a> o bien haciendo clic en la imagen.<\/p>\n<p><a href=\"https:\/\/www.juntadeandalucia.es\/educacion\/secretariavirtual\/consultaCEP\/actividad\/182924GE318\/\" target=\"_blank\" rel=\"noopener\"><img data-recalc-dims=\"1\" loading=\"lazy\" decoding=\"async\" class=\"aligncenter wp-image-852 size-medium\" src=\"https:\/\/i0.wp.com\/cepronda.com\/blog\/wp-content\/uploads\/2017\/05\/CvIM0y6WcAA7hen-300x136.jpg?resize=300%2C136\" alt=\"\" width=\"300\" height=\"136\" srcset=\"https:\/\/i0.wp.com\/cepronda.com\/blog\/wp-content\/uploads\/2017\/05\/CvIM0y6WcAA7hen.jpg?resize=300%2C136&amp;ssl=1 300w, https:\/\/i0.wp.com\/cepronda.com\/blog\/wp-content\/uploads\/2017\/05\/CvIM0y6WcAA7hen.jpg?w=673&amp;ssl=1 673w\" sizes=\"auto, (max-width: 300px) 100vw, 300px\" \/><\/a><\/p>\n","protected":false},"excerpt":{"rendered":"<p>Hola familia,&nbsp; Abrimos este curso para resto de profesorado interesado en conocer el uso del cuaderno IS\u00e9neca. Est\u00e1 orientado para profesorado de Educaci\u00f3n Primaria e Infantil.&nbsp; Toda la informaci\u00f3n la ten\u00e9is en el siguiente enlace o bien haciendo clic en la imagen.<\/p>\n","protected":false},"author":3,"featured_media":852,"comment_status":"open","ping_status":"open","sticky":false,"template":"","format":"standard","meta":{"_crdt_document":"","advanced_seo_description":"","jetpack_seo_html_title":"","jetpack_seo_noindex":false,"jetpack_post_was_ever_published":false,"_jetpack_newsletter_access":"","_jetpack_dont_email_post_to_subs":false,"_jetpack_newsletter_tier_id":0,"_jetpack_memberships_contains_paywalled_content":false,"_jetpack_memberships_contains_paid_content":false,"footnotes":"","jetpack_publicize_message":"CUADERNO ISENECA EN EL CEIP JUAN MART\u00cdN PINZ\u00d3N. Abierto tambi\u00e9n para resto de profesorado interesado","jetpack_publicize_feature_enabled":true,"jetpack_social_post_already_shared":true,"jetpack_social_options":{"image_generator_settings":{"template":"highway","default_image_id":0,"font":"","enabled":false},"version":2}},"categories":[3],"tags":[36],"class_list":{"0":"post-1597","1":"post","2":"type-post","3":"status-publish","4":"format-standard","5":"has-post-thumbnail","7":"category-formaciones","8":"tag-herramientas-tic","9":"czr-hentry"},"jetpack_publicize_connections":[],"jetpack_featured_media_url":"https:\/\/i0.wp.com\/cepronda.com\/blog\/wp-content\/uploads\/2017\/05\/CvIM0y6WcAA7hen.jpg?fit=673%2C305&ssl=1","jetpack_shortlink":"https:\/\/wp.me\/p8M4X7-pL","jetpack-related-posts":[{"id":5610,"url":"https:\/\/cepronda.com\/blog\/plataforma-iseneca-ipasen-ensenanzas-artisticas-de-musica-cuaderno-de-clase\/","url_meta":{"origin":1597,"position":0},"title":"PLATAFORMA ISENECA\/IPASEN ENSE\u00d1ANZAS ART\u00cdSTICAS DE M\u00daSICA. CUADERNO DE CLASE.","author":"Maribel Mu\u00f1oz","date":"11 noviembre, 2022","format":false,"excerpt":"Buenas tardes compa\u00f1eras y compa\u00f1eros, Os\u00a0 informamos que est\u00e1 abierto el plazo de inscripci\u00f3n en el curso provincial\u00a0 PLATAFORMA ISENECA\/IPASEN ENSE\u00d1ANZAS ART\u00cdSTICAS DE M\u00daSICA. CUADERNO DE CLASE con c\u00f3digo 232924GE031. Fechas de inscripci\u00f3n : del 11\/11\/2022 al 25\/11\/2022 Fecha de inicio: 1\/12\/2022 Fecha finalizaci\u00f3n: 23\/01\/2023 Horas: 15\u00a0 ( 8h de\u2026","rel":"","context":"En \u00abFormaciones\u00bb","block_context":{"text":"Formaciones","link":"https:\/\/cepronda.com\/blog\/category\/formaciones\/"},"img":{"alt_text":"","src":"https:\/\/i0.wp.com\/cepronda.com\/blog\/wp-content\/uploads\/2022\/11\/WhatsApp-Image-2022-11-10-at-17.04.44.jpeg?fit=848%2C1200&ssl=1&resize=350%2C200","width":350,"height":200,"srcset":"https:\/\/i0.wp.com\/cepronda.com\/blog\/wp-content\/uploads\/2022\/11\/WhatsApp-Image-2022-11-10-at-17.04.44.jpeg?fit=848%2C1200&ssl=1&resize=350%2C200 1x, https:\/\/i0.wp.com\/cepronda.com\/blog\/wp-content\/uploads\/2022\/11\/WhatsApp-Image-2022-11-10-at-17.04.44.jpeg?fit=848%2C1200&ssl=1&resize=525%2C300 1.5x, https:\/\/i0.wp.com\/cepronda.com\/blog\/wp-content\/uploads\/2022\/11\/WhatsApp-Image-2022-11-10-at-17.04.44.jpeg?fit=848%2C1200&ssl=1&resize=700%2C400 2x"},"classes":[]},{"id":3769,"url":"https:\/\/cepronda.com\/blog\/cuaderno-del-profesor-comunicaciones-iseneca-e-ipasen\/","url_meta":{"origin":1597,"position":1},"title":"Cuaderno del profesor, comunicaciones, iS\u00e9neca e iPasen","author":"Maribel Mu\u00f1oz","date":"23 septiembre, 2020","format":false,"excerpt":"Buenas tardes compa\u00f1eras y compa\u00f1eros, Os informamos que est\u00e1 abierto el plazo de inscripci\u00f3n de la formaci\u00f3n CUADERNO DEL PROFESOR, COMUNICACIONES, iS\u00c9NECA E iPASEN\u00a0 a nivel provincial y que comenzar\u00e1 a desarrollarse el pr\u00f3ximo\u00a0 1 de octubre. Adjuntamos cartel informativo. EL PLAZO DE INSCRIPCI\u00d3N TERMINA ESTE VIERNES. Deseamos que sea\u2026","rel":"","context":"En \u00abFormaciones\u00bb","block_context":{"text":"Formaciones","link":"https:\/\/cepronda.com\/blog\/category\/formaciones\/"},"img":{"alt_text":"","src":"https:\/\/i0.wp.com\/cepronda.com\/blog\/wp-content\/uploads\/2020\/09\/WhatsApp-Image-2020-09-23-at-16.52.45.jpeg?resize=350%2C200&ssl=1","width":350,"height":200,"srcset":"https:\/\/i0.wp.com\/cepronda.com\/blog\/wp-content\/uploads\/2020\/09\/WhatsApp-Image-2020-09-23-at-16.52.45.jpeg?resize=350%2C200&ssl=1 1x, https:\/\/i0.wp.com\/cepronda.com\/blog\/wp-content\/uploads\/2020\/09\/WhatsApp-Image-2020-09-23-at-16.52.45.jpeg?resize=525%2C300&ssl=1 1.5x, https:\/\/i0.wp.com\/cepronda.com\/blog\/wp-content\/uploads\/2020\/09\/WhatsApp-Image-2020-09-23-at-16.52.45.jpeg?resize=700%2C400&ssl=1 2x, https:\/\/i0.wp.com\/cepronda.com\/blog\/wp-content\/uploads\/2020\/09\/WhatsApp-Image-2020-09-23-at-16.52.45.jpeg?resize=1050%2C600&ssl=1 3x"},"classes":[]},{"id":1184,"url":"https:\/\/cepronda.com\/blog\/buen-verano\/","url_meta":{"origin":1597,"position":2},"title":"Buen verano","author":"V\u00edctor Caballero","date":"3 julio, 2017","format":false,"excerpt":"No quer\u00edamos dejar de escribiros para desearos un feliz verano, que sirva sobre todo para recargar pilas y desconectar... de modo que a la vuelta sigamos haciendo un buen trabajo. Por nuestra parte en el CEP seguimos trabajando estos d\u00edas y preparando el pr\u00f3ximo curso con bastantes actividades formativas que\u2026","rel":"","context":"En \u00abNoticias\u00bb","block_context":{"text":"Noticias","link":"https:\/\/cepronda.com\/blog\/category\/noticias\/"},"img":{"alt_text":"","src":"https:\/\/i0.wp.com\/cepronda.com\/blog\/wp-content\/uploads\/2017\/07\/balance-15712_640.jpg?fit=640%2C426&ssl=1&resize=350%2C200","width":350,"height":200,"srcset":"https:\/\/i0.wp.com\/cepronda.com\/blog\/wp-content\/uploads\/2017\/07\/balance-15712_640.jpg?fit=640%2C426&ssl=1&resize=350%2C200 1x, https:\/\/i0.wp.com\/cepronda.com\/blog\/wp-content\/uploads\/2017\/07\/balance-15712_640.jpg?fit=640%2C426&ssl=1&resize=525%2C300 1.5x"},"classes":[]},{"id":8830,"url":"https:\/\/cepronda.com\/blog\/cuaderno-de-clase-seneca-para-la-evaluacion-competencial\/","url_meta":{"origin":1597,"position":3},"title":"CUADERNO DE CLASE S\u00c9NECA PARA LA EVALUACI\u00d3N COMPETENCIAL","author":"V\u00edctor Caballero","date":"24 septiembre, 2025","format":false,"excerpt":"Abierto el plazo de inscripci\u00f3n para el curso \"CUADERNO DE CLASE S\u00c9NECA PARA LA EVALUACI\u00d3N COMPETENCIAL\" c\u00f3digo 262924GE103 Curso a distancia tutorizado que pretende dotar al profesorado de los conocimientos necesarios para configurar el cuaderno de S\u00e9neca, usarlo para el seguimiento acad\u00e9mico, la evaluaci\u00f3n del alumnado y conocer como se\u2026","rel":"","context":"En \u00abFormaciones\u00bb","block_context":{"text":"Formaciones","link":"https:\/\/cepronda.com\/blog\/category\/formaciones\/"},"img":{"alt_text":"","src":"https:\/\/i0.wp.com\/cepronda.com\/blog\/wp-content\/uploads\/2025\/09\/262924GE103_Cartel-Cuaderno-Seneca-50h.png?fit=1080%2C1080&ssl=1&resize=350%2C200","width":350,"height":200,"srcset":"https:\/\/i0.wp.com\/cepronda.com\/blog\/wp-content\/uploads\/2025\/09\/262924GE103_Cartel-Cuaderno-Seneca-50h.png?fit=1080%2C1080&ssl=1&resize=350%2C200 1x, https:\/\/i0.wp.com\/cepronda.com\/blog\/wp-content\/uploads\/2025\/09\/262924GE103_Cartel-Cuaderno-Seneca-50h.png?fit=1080%2C1080&ssl=1&resize=525%2C300 1.5x, https:\/\/i0.wp.com\/cepronda.com\/blog\/wp-content\/uploads\/2025\/09\/262924GE103_Cartel-Cuaderno-Seneca-50h.png?fit=1080%2C1080&ssl=1&resize=700%2C400 2x, https:\/\/i0.wp.com\/cepronda.com\/blog\/wp-content\/uploads\/2025\/09\/262924GE103_Cartel-Cuaderno-Seneca-50h.png?fit=1080%2C1080&ssl=1&resize=1050%2C600 3x"},"classes":[]},{"id":4866,"url":"https:\/\/cepronda.com\/blog\/ipasen-e-iseneca-para-docentes-uso-con-las-familias\/","url_meta":{"origin":1597,"position":4},"title":"IPASEN E IS\u00c9NECA PARA DOCENTES. USO CON LAS FAMILIAS","author":"V\u00edctor Caballero","date":"26 noviembre, 2021","format":false,"excerpt":"Buenas tardes compa\u00f1eros y compa\u00f1eras. Os informamos de la apertura de solicitudes para un curso muy interesante sobre: IPASEN E IS\u00c9NECA PARA DOCENTES. USO CON LAS FAMILIAS. (222924FC055) Curso de 5 h de duraci\u00f3n repartidas en dos sesiones a trav\u00e9s de videoconferencia Webex. \u00a1\u00a1\u00a1Inscripciones solo hasta el martes 30 de\u2026","rel":"","context":"En \u00abFormaciones\u00bb","block_context":{"text":"Formaciones","link":"https:\/\/cepronda.com\/blog\/category\/formaciones\/"},"img":{"alt_text":"","src":"https:\/\/i0.wp.com\/cepronda.com\/blog\/wp-content\/uploads\/2021\/11\/WhatsApp-Image-2021-11-26-at-13.14.38.jpeg?fit=848%2C1200&ssl=1&resize=350%2C200","width":350,"height":200,"srcset":"https:\/\/i0.wp.com\/cepronda.com\/blog\/wp-content\/uploads\/2021\/11\/WhatsApp-Image-2021-11-26-at-13.14.38.jpeg?fit=848%2C1200&ssl=1&resize=350%2C200 1x, https:\/\/i0.wp.com\/cepronda.com\/blog\/wp-content\/uploads\/2021\/11\/WhatsApp-Image-2021-11-26-at-13.14.38.jpeg?fit=848%2C1200&ssl=1&resize=525%2C300 1.5x, https:\/\/i0.wp.com\/cepronda.com\/blog\/wp-content\/uploads\/2021\/11\/WhatsApp-Image-2021-11-26-at-13.14.38.jpeg?fit=848%2C1200&ssl=1&resize=700%2C400 2x"},"classes":[]},{"id":6105,"url":"https:\/\/cepronda.com\/blog\/cuaderno-seneca-para-formacion-profesional-242923fp153\/","url_meta":{"origin":1597,"position":5},"title":"CUADERNO S\u00c9NECA PARA FORMACI\u00d3N PROFESIONAL (242923FP153)","author":"Inmaculada Garc\u00eda","date":"18 octubre, 2023","format":false,"excerpt":"Abierto plazo de inscripci\u00f3n para el Curso a Distancia, gestionado por el CEP de Marbella- Co\u00edn: \"CUADERNO S\u00c9NECA PARA FORMACI\u00d3N PROFESIONAL (242923FP153)\" Destinados a profesorado de Formaci\u00f3n profesional de la provincia de M\u00e1laga. Inscripci\u00f3n del 18 al 27 de octubre. Realizaci\u00f3n entre el 6 de Noviembre y el 15 de\u2026","rel":"","context":"En \u00abNoticias\u00bb","block_context":{"text":"Noticias","link":"https:\/\/cepronda.com\/blog\/category\/noticias\/"},"img":{"alt_text":"","src":"https:\/\/i0.wp.com\/cepronda.com\/blog\/wp-content\/uploads\/2023\/10\/WhatsApp-Image-2023-10-17-at-20.51.07.jpeg?fit=1080%2C1080&ssl=1&resize=350%2C200","width":350,"height":200,"srcset":"https:\/\/i0.wp.com\/cepronda.com\/blog\/wp-content\/uploads\/2023\/10\/WhatsApp-Image-2023-10-17-at-20.51.07.jpeg?fit=1080%2C1080&ssl=1&resize=350%2C200 1x, https:\/\/i0.wp.com\/cepronda.com\/blog\/wp-content\/uploads\/2023\/10\/WhatsApp-Image-2023-10-17-at-20.51.07.jpeg?fit=1080%2C1080&ssl=1&resize=525%2C300 1.5x, https:\/\/i0.wp.com\/cepronda.com\/blog\/wp-content\/uploads\/2023\/10\/WhatsApp-Image-2023-10-17-at-20.51.07.jpeg?fit=1080%2C1080&ssl=1&resize=700%2C400 2x, https:\/\/i0.wp.com\/cepronda.com\/blog\/wp-content\/uploads\/2023\/10\/WhatsApp-Image-2023-10-17-at-20.51.07.jpeg?fit=1080%2C1080&ssl=1&resize=1050%2C600 3x"},"classes":[]}],"jetpack_sharing_enabled":true,"_links":{"self":[{"href":"https:\/\/cepronda.com\/blog\/wp-json\/wp\/v2\/posts\/1597","targetHints":{"allow":["GET"]}}],"collection":[{"href":"https:\/\/cepronda.com\/blog\/wp-json\/wp\/v2\/posts"}],"about":[{"href":"https:\/\/cepronda.com\/blog\/wp-json\/wp\/v2\/types\/post"}],"author":[{"embeddable":true,"href":"https:\/\/cepronda.com\/blog\/wp-json\/wp\/v2\/users\/3"}],"replies":[{"embeddable":true,"href":"https:\/\/cepronda.com\/blog\/wp-json\/wp\/v2\/comments?post=1597"}],"version-history":[{"count":1,"href":"https:\/\/cepronda.com\/blog\/wp-json\/wp\/v2\/posts\/1597\/revisions"}],"predecessor-version":[{"id":1598,"href":"https:\/\/cepronda.com\/blog\/wp-json\/wp\/v2\/posts\/1597\/revisions\/1598"}],"wp:featuredmedia":[{"embeddable":true,"href":"https:\/\/cepronda.com\/blog\/wp-json\/wp\/v2\/media\/852"}],"wp:attachment":[{"href":"https:\/\/cepronda.com\/blog\/wp-json\/wp\/v2\/media?parent=1597"}],"wp:term":[{"taxonomy":"category","embeddable":true,"href":"https:\/\/cepronda.com\/blog\/wp-json\/wp\/v2\/categories?post=1597"},{"taxonomy":"post_tag","embeddable":true,"href":"https:\/\/cepronda.com\/blog\/wp-json\/wp\/v2\/tags?post=1597"}],"curies":[{"name":"wp","href":"https:\/\/api.w.org\/{rel}","templated":true}]}}