{"id":1594,"date":"2018-02-05T19:28:30","date_gmt":"2018-02-05T18:28:30","guid":{"rendered":"http:\/\/cepronda.com\/blog\/?p=1594"},"modified":"2018-02-05T19:28:30","modified_gmt":"2018-02-05T18:28:30","slug":"xxxiv-olimpiada-matematica-thales","status":"publish","type":"post","link":"https:\/\/cepronda.com\/blog\/xxxiv-olimpiada-matematica-thales\/","title":{"rendered":"XXXIV Olimpiada Matem\u00e1tica Thales"},"content":{"rendered":"<p>Hola familia,&nbsp;<\/p>\n<p>Hoy queremos compartir con los centros de Educaci\u00f3n Secundaria&nbsp; que ya se encuentra abierto el plazo de inscripci\u00f3n para la Olimpiada Matem\u00e1tica Thales.<\/p>\n<p>El periodo de inscripci\u00f3n ser\u00e1 del 2 de febrero hasta las 16:00 del 2 de marzo de 2018<\/p>\n<p>La fase provincial de la XXXIV edici\u00f3n de la Olimpiada Matem\u00e1tica Thales se celebrar\u00e1 el d\u00eda 10 de marzo de 2018. <strong>El periodo de inscripci\u00f3n ser\u00e1 del 2 de febrero hasta las 16:00 del 2 de marzo de 2018<\/strong>, a trav\u00e9s de la web:<\/p>\n<p><a href=\"http:\/\/thales.cica.es\/olimpiada2\/\">http:\/\/thales.cica.es\/olimpiada2<\/a><\/p>\n<p>Est\u00e1 dirigida al alumnado de los centros educativos de Andaluc\u00eda que curse 2\u00ba de E.S.O.<\/p>\n<p>Los\/as cinco clasificados de cada provincia participar\u00e1n en la fase regional que tendr\u00e1 lugar en Granada del 9 al 12 de mayo, de donde saldr\u00e1n los\/as seis representantes andaluces en la fase nacional, que este a\u00f1o se celebra a finales del mes de junio en Valencia.<\/p>\n<p><a href=\"http:\/\/thales.cica.es\/olimpiada2\/\" target=\"_blank\" rel=\"noopener\"><img data-recalc-dims=\"1\" loading=\"lazy\" decoding=\"async\" class=\"aligncenter wp-image-1595 size-medium\" src=\"https:\/\/i0.wp.com\/cepronda.com\/blog\/wp-content\/uploads\/2018\/02\/thales-213x300.png?resize=213%2C300\" alt=\"\" width=\"213\" height=\"300\" srcset=\"https:\/\/i0.wp.com\/cepronda.com\/blog\/wp-content\/uploads\/2018\/02\/thales.png?resize=213%2C300&amp;ssl=1 213w, https:\/\/i0.wp.com\/cepronda.com\/blog\/wp-content\/uploads\/2018\/02\/thales.png?w=509&amp;ssl=1 509w\" sizes=\"auto, (max-width: 213px) 100vw, 213px\" \/><\/a><\/p>\n","protected":false},"excerpt":{"rendered":"<p>Hola familia,&nbsp; Hoy queremos compartir con los centros de Educaci\u00f3n Secundaria&nbsp; que ya se encuentra abierto el plazo de inscripci\u00f3n para la Olimpiada Matem\u00e1tica Thales. El periodo de inscripci\u00f3n ser\u00e1 del 2 de febrero hasta las 16:00 del 2 de marzo de 2018 La fase provincial de la XXXIV edici\u00f3n de la Olimpiada Matem\u00e1tica Thales [&hellip;]<\/p>\n","protected":false},"author":3,"featured_media":1595,"comment_status":"open","ping_status":"open","sticky":false,"template":"","format":"standard","meta":{"_crdt_document":"","advanced_seo_description":"","jetpack_seo_html_title":"","jetpack_seo_noindex":false,"jetpack_post_was_ever_published":false,"_jetpack_newsletter_access":"","_jetpack_dont_email_post_to_subs":false,"_jetpack_newsletter_tier_id":0,"_jetpack_memberships_contains_paywalled_content":false,"_jetpack_memberships_contains_paid_content":false,"footnotes":"","jetpack_publicize_message":"","jetpack_publicize_feature_enabled":true,"jetpack_social_post_already_shared":true,"jetpack_social_options":{"image_generator_settings":{"template":"highway","default_image_id":0,"font":"","enabled":false},"version":2}},"categories":[5],"tags":[48],"class_list":{"0":"post-1594","1":"post","2":"type-post","3":"status-publish","4":"format-standard","5":"has-post-thumbnail","7":"category-noticias","8":"tag-matematicas","9":"czr-hentry"},"jetpack_publicize_connections":[],"jetpack_featured_media_url":"https:\/\/i0.wp.com\/cepronda.com\/blog\/wp-content\/uploads\/2018\/02\/thales.png?fit=509%2C717&ssl=1","jetpack_shortlink":"https:\/\/wp.me\/p8M4X7-pI","jetpack-related-posts":[{"id":3433,"url":"https:\/\/cepronda.com\/blog\/xxxvi-olimpiada-matematica-thales\/","url_meta":{"origin":1594,"position":0},"title":"XXXVI Olimpiada Matem\u00e1tica Thales","author":"V\u00edctor Caballero","date":"17 febrero, 2020","format":false,"excerpt":"La Sociedad Andaluza de Educaci\u00f3n Matem\u00e1tica Thales convoca la XXXVI edici\u00f3n de la Olimpiada Matem\u00e1tica para alumnos y alumnas matriculados en 2\u00ba ESO de los centros educativos de Andaluc\u00eda. El plazo de inscripci\u00f3n permanecer\u00e1 abierto hasta las 16:00 horas del martes 10 de marzo de 2020. Los centros inscribir\u00e1n a\u2026","rel":"","context":"En \u00abNoticias\u00bb","block_context":{"text":"Noticias","link":"https:\/\/cepronda.com\/blog\/category\/noticias\/"},"img":{"alt_text":"","src":"","width":0,"height":0},"classes":[]},{"id":673,"url":"https:\/\/cepronda.com\/blog\/xxxiii-olimpiada-matematica-thales\/","url_meta":{"origin":1594,"position":1},"title":"XXXIII Olimpiada Matem\u00e1tica Thales","author":"V\u00edctor Caballero","date":"15 febrero, 2017","format":false,"excerpt":"\u00a1Hola! \u00bfQu\u00e9 tal? Queremos aprovechar esta entrada para todos aquellos docentes que est\u00e9is trabajando en 2\u00ba ESO en el \u00e1rea de Matem\u00e1ticas. Y es que ya est\u00e1 abierto el plazo de inscripci\u00f3n en la XXXIII edici\u00f3n de la Olimpiada Matem\u00e1tica Thales. As\u00ed que os animamos a participar en esta Olimpiada.\u2026","rel":"","context":"En \u00abNoticias\u00bb","block_context":{"text":"Noticias","link":"https:\/\/cepronda.com\/blog\/category\/noticias\/"},"img":{"alt_text":"","src":"https:\/\/i0.wp.com\/cepronda.com\/blog\/wp-content\/uploads\/2017\/02\/thales.png?resize=350%2C200","width":350,"height":200},"classes":[]},{"id":8090,"url":"https:\/\/cepronda.com\/blog\/los-cuentos-como-recurso-para-el-desarrollo-de-la-competencia-matematica-en-educacion-infantil\/","url_meta":{"origin":1594,"position":2},"title":"LOS CUENTOS COMO RECURSO PARA EL DESARROLLO DE LA COMPETENCIA MATEM\u00c1TICA EN EDUCACI\u00d3N INFANTIL","author":"Mamen Moreno","date":"30 enero, 2025","format":false,"excerpt":"Abierto el plazo de solicitudes para el curso \u201cLOS CUENTOS COMO RECURSO PARA EL DESARROLLO DE LA COMPETENCIA MATEM\u00c1TICA EN EDUCACI\u00d3N INFANTIL\u201d con c\u00f3digo 252924GE250 Ponente: Mar\u00eda del Mar Qu\u00edrell Jos\u00e9 Dirigido: Profesorado de Educaci\u00f3n Infantil Inscripci\u00f3n: 30\/01\/2025 hasta el 21\/02\/2025 Fecha de la actividad: 04\/03\/2025 hasta el 25\/04\/2025 Duraci\u00f3n:\u2026","rel":"","context":"En \u00abFormaciones\u00bb","block_context":{"text":"Formaciones","link":"https:\/\/cepronda.com\/blog\/category\/formaciones\/"},"img":{"alt_text":"","src":"https:\/\/i0.wp.com\/cepronda.com\/blog\/wp-content\/uploads\/2025\/01\/CARTEL-MATEMATICAS-CUENTOS-2.jpg?fit=1080%2C1080&ssl=1&resize=350%2C200","width":350,"height":200,"srcset":"https:\/\/i0.wp.com\/cepronda.com\/blog\/wp-content\/uploads\/2025\/01\/CARTEL-MATEMATICAS-CUENTOS-2.jpg?fit=1080%2C1080&ssl=1&resize=350%2C200 1x, https:\/\/i0.wp.com\/cepronda.com\/blog\/wp-content\/uploads\/2025\/01\/CARTEL-MATEMATICAS-CUENTOS-2.jpg?fit=1080%2C1080&ssl=1&resize=525%2C300 1.5x, https:\/\/i0.wp.com\/cepronda.com\/blog\/wp-content\/uploads\/2025\/01\/CARTEL-MATEMATICAS-CUENTOS-2.jpg?fit=1080%2C1080&ssl=1&resize=700%2C400 2x, https:\/\/i0.wp.com\/cepronda.com\/blog\/wp-content\/uploads\/2025\/01\/CARTEL-MATEMATICAS-CUENTOS-2.jpg?fit=1080%2C1080&ssl=1&resize=1050%2C600 3x"},"classes":[]},{"id":7318,"url":"https:\/\/cepronda.com\/blog\/abn-en-primaria-desarrollo-de-la-competencia-matematica-2\/","url_meta":{"origin":1594,"position":3},"title":"ABN EN PRIMARIA: DESARROLLO DE LA COMPETENCIA MATEM\u00c1TICA","author":"V\u00edctor Caballero","date":"11 enero, 2024","format":false,"excerpt":"Se encuentra abierto el plazo de inscripci\u00f3n para la formaci\u00f3n \u201cABN EN PRIMARIA: DESARROLLO DE LA COMPETENCIA MATEM\u00c1TICA\" C\u00d3DIGO 242924GE012 Ponente:\u00a0 Marisa Risue\u00f1o Duraci\u00f3n de la actividad 10 horas presenciales + 3 horas de tareas. Fecha actividad: X31 ene( 17:00 a 19:30h) CEP Ronda X7 feb (17:00 a 19:30h) CEP\u2026","rel":"","context":"En \u00abFormaciones\u00bb","block_context":{"text":"Formaciones","link":"https:\/\/cepronda.com\/blog\/category\/formaciones\/"},"img":{"alt_text":"","src":"https:\/\/i0.wp.com\/cepronda.com\/blog\/wp-content\/uploads\/2024\/01\/CARTEL-ABN-MATEMATICAS-ENERO-2024.png?fit=1080%2C1080&ssl=1&resize=350%2C200","width":350,"height":200,"srcset":"https:\/\/i0.wp.com\/cepronda.com\/blog\/wp-content\/uploads\/2024\/01\/CARTEL-ABN-MATEMATICAS-ENERO-2024.png?fit=1080%2C1080&ssl=1&resize=350%2C200 1x, https:\/\/i0.wp.com\/cepronda.com\/blog\/wp-content\/uploads\/2024\/01\/CARTEL-ABN-MATEMATICAS-ENERO-2024.png?fit=1080%2C1080&ssl=1&resize=525%2C300 1.5x, https:\/\/i0.wp.com\/cepronda.com\/blog\/wp-content\/uploads\/2024\/01\/CARTEL-ABN-MATEMATICAS-ENERO-2024.png?fit=1080%2C1080&ssl=1&resize=700%2C400 2x, https:\/\/i0.wp.com\/cepronda.com\/blog\/wp-content\/uploads\/2024\/01\/CARTEL-ABN-MATEMATICAS-ENERO-2024.png?fit=1080%2C1080&ssl=1&resize=1050%2C600 3x"},"classes":[]},{"id":9359,"url":"https:\/\/cepronda.com\/blog\/9359-2\/","url_meta":{"origin":1594,"position":4},"title":"MEJORA DE LA COMPETENCIA MATEM\u00c1TICA EN EL AULA DE EDUCACI\u00d3N INFANTIL Y PRIMARIA &#8211; NIVEL II con c\u00f3digo 269920KPF570.","author":"Encarni Jim\u00e9nez Rosado","date":"10 febrero, 2026","format":false,"excerpt":"Abierto el plazo de inscripci\u00f3n para el curso a distancia\u00a0MEJORA DE LA COMPETENCIA MATEM\u00c1TICA EN EL AULA DE EDUCACI\u00d3N INFANTIL Y PRIMARIA - NIVEL II con c\u00f3digo\u00a0269920KPF570. Esta formaci\u00f3n va dirigida al profesorado que imparta docencia en Educaci\u00f3n Infantil y Primaria de cualquier \u00e1rea o materia. Tendr\u00e1n preferencia los docentes\u2026","rel":"","context":"En \u00abFormaciones\u00bb","block_context":{"text":"Formaciones","link":"https:\/\/cepronda.com\/blog\/category\/formaciones\/"},"img":{"alt_text":"","src":"https:\/\/i0.wp.com\/cepronda.com\/blog\/wp-content\/uploads\/2026\/02\/COMPETEN.png?fit=745%2C753&ssl=1&resize=350%2C200","width":350,"height":200,"srcset":"https:\/\/i0.wp.com\/cepronda.com\/blog\/wp-content\/uploads\/2026\/02\/COMPETEN.png?fit=745%2C753&ssl=1&resize=350%2C200 1x, https:\/\/i0.wp.com\/cepronda.com\/blog\/wp-content\/uploads\/2026\/02\/COMPETEN.png?fit=745%2C753&ssl=1&resize=525%2C300 1.5x, https:\/\/i0.wp.com\/cepronda.com\/blog\/wp-content\/uploads\/2026\/02\/COMPETEN.png?fit=745%2C753&ssl=1&resize=700%2C400 2x"},"classes":[]},{"id":2607,"url":"https:\/\/cepronda.com\/blog\/vii-encuentro-de-andalucia-sobre-geogebra-en-el-aula\/","url_meta":{"origin":1594,"position":5},"title":"VII Encuentro de Andaluc\u00eda sobre Geogebra en el aula","author":"V\u00edctor Caballero","date":"25 enero, 2019","format":false,"excerpt":"Muy buenas, os informamos que est\u00e1 abierto el plazo para presentar comunicaciones y talleres en el\u00a0VII Encuentro de Andaluc\u00eda sobre GeoGebra en el aula\u00a0que se celebrar\u00e1 en el CEP de Jerez los d\u00edas\u00a05 y 6 de abril\u00a0de 2019.Este encuentro regional est\u00e1 organizado por la SAEM Thales, el Instituto de GeoGebra\u2026","rel":"","context":"En \u00abNoticias\u00bb","block_context":{"text":"Noticias","link":"https:\/\/cepronda.com\/blog\/category\/noticias\/"},"img":{"alt_text":"","src":"https:\/\/i0.wp.com\/cepronda.com\/blog\/wp-content\/uploads\/2019\/01\/geogebra.png?resize=350%2C200","width":350,"height":200},"classes":[]}],"jetpack_sharing_enabled":true,"_links":{"self":[{"href":"https:\/\/cepronda.com\/blog\/wp-json\/wp\/v2\/posts\/1594","targetHints":{"allow":["GET"]}}],"collection":[{"href":"https:\/\/cepronda.com\/blog\/wp-json\/wp\/v2\/posts"}],"about":[{"href":"https:\/\/cepronda.com\/blog\/wp-json\/wp\/v2\/types\/post"}],"author":[{"embeddable":true,"href":"https:\/\/cepronda.com\/blog\/wp-json\/wp\/v2\/users\/3"}],"replies":[{"embeddable":true,"href":"https:\/\/cepronda.com\/blog\/wp-json\/wp\/v2\/comments?post=1594"}],"version-history":[{"count":1,"href":"https:\/\/cepronda.com\/blog\/wp-json\/wp\/v2\/posts\/1594\/revisions"}],"predecessor-version":[{"id":1596,"href":"https:\/\/cepronda.com\/blog\/wp-json\/wp\/v2\/posts\/1594\/revisions\/1596"}],"wp:featuredmedia":[{"embeddable":true,"href":"https:\/\/cepronda.com\/blog\/wp-json\/wp\/v2\/media\/1595"}],"wp:attachment":[{"href":"https:\/\/cepronda.com\/blog\/wp-json\/wp\/v2\/media?parent=1594"}],"wp:term":[{"taxonomy":"category","embeddable":true,"href":"https:\/\/cepronda.com\/blog\/wp-json\/wp\/v2\/categories?post=1594"},{"taxonomy":"post_tag","embeddable":true,"href":"https:\/\/cepronda.com\/blog\/wp-json\/wp\/v2\/tags?post=1594"}],"curies":[{"name":"wp","href":"https:\/\/api.w.org\/{rel}","templated":true}]}}