{"id":1586,"date":"2018-02-02T10:52:26","date_gmt":"2018-02-02T09:52:26","guid":{"rendered":"http:\/\/cepronda.com\/blog\/?p=1586"},"modified":"2018-02-02T10:52:26","modified_gmt":"2018-02-02T09:52:26","slug":"21a-feria-de-la-ciencia-en-el-parque-de-las-ciencias-de-granada","status":"publish","type":"post","link":"https:\/\/cepronda.com\/blog\/21a-feria-de-la-ciencia-en-el-parque-de-las-ciencias-de-granada\/","title":{"rendered":"21\u00aa FERIA DE LA CIENCIA en el Parque de las Ciencias de Granada"},"content":{"rendered":"<p>\u00a1Muy buenas de nuevo!<\/p>\n<p>El s\u00e1bado 12 de mayo el PARQUE DE LAS CIENCIAS celebrar\u00e1 su 21\u00aa FERIA DE LA CIENCIA para la participaci\u00f3n de centros educativos de toda Andaluc\u00eda. Si quer\u00e9is participar en la misma con vuestro alumnado, abrid el documento pdf que ten\u00e9is mas abajo y podr\u00e9is encontrar toda la informaci\u00f3n.&nbsp;<\/p>\n<p><a href=\"http:\/\/cepronda.com\/blog\/wp-content\/uploads\/2018\/02\/Convocatoria-FERIA-DE-LA-CIENCIA-Parque-de-las-Ciencias.pdf\">Convocatoria FERIA DE LA CIENCIA Parque de las Ciencias<\/a><\/p>\n<p>\u00a1Animaros a participar!<\/p>\n<p><a href=\"https:\/\/i0.wp.com\/cepronda.com\/blog\/wp-content\/uploads\/2018\/02\/ParqueCiencias_Macroscopio.jpg\" target=\"_blank\" rel=\"noopener\"><img data-recalc-dims=\"1\" loading=\"lazy\" decoding=\"async\" class=\"aligncenter wp-image-1588 \" src=\"https:\/\/i0.wp.com\/cepronda.com\/blog\/wp-content\/uploads\/2018\/02\/ParqueCiencias_Macroscopio.jpg?resize=604%2C317\" alt=\"\" width=\"604\" height=\"317\" srcset=\"https:\/\/i0.wp.com\/cepronda.com\/blog\/wp-content\/uploads\/2018\/02\/ParqueCiencias_Macroscopio.jpg?w=1024&amp;ssl=1 1024w, https:\/\/i0.wp.com\/cepronda.com\/blog\/wp-content\/uploads\/2018\/02\/ParqueCiencias_Macroscopio.jpg?resize=300%2C158&amp;ssl=1 300w, https:\/\/i0.wp.com\/cepronda.com\/blog\/wp-content\/uploads\/2018\/02\/ParqueCiencias_Macroscopio.jpg?resize=768%2C404&amp;ssl=1 768w\" sizes=\"auto, (max-width: 604px) 100vw, 604px\" \/><\/a><\/p>\n<p>&nbsp;<\/p>\n","protected":false},"excerpt":{"rendered":"<p>\u00a1Muy buenas de nuevo! El s\u00e1bado 12 de mayo el PARQUE DE LAS CIENCIAS celebrar\u00e1 su 21\u00aa FERIA DE LA CIENCIA para la participaci\u00f3n de centros educativos de toda Andaluc\u00eda. Si quer\u00e9is participar en la misma con vuestro alumnado, abrid el documento pdf que ten\u00e9is mas abajo y podr\u00e9is encontrar toda la informaci\u00f3n.&nbsp; Convocatoria FERIA [&hellip;]<\/p>\n","protected":false},"author":3,"featured_media":1588,"comment_status":"open","ping_status":"open","sticky":false,"template":"","format":"standard","meta":{"_crdt_document":"","advanced_seo_description":"","jetpack_seo_html_title":"","jetpack_seo_noindex":false,"jetpack_post_was_ever_published":false,"_jetpack_newsletter_access":"","_jetpack_dont_email_post_to_subs":false,"_jetpack_newsletter_tier_id":0,"_jetpack_memberships_contains_paywalled_content":false,"_jetpack_memberships_contains_paid_content":false,"footnotes":"","jetpack_publicize_message":"","jetpack_publicize_feature_enabled":true,"jetpack_social_post_already_shared":true,"jetpack_social_options":{"image_generator_settings":{"template":"highway","default_image_id":0,"font":"","enabled":false},"version":2}},"categories":[5],"tags":[14],"class_list":{"0":"post-1586","1":"post","2":"type-post","3":"status-publish","4":"format-standard","5":"has-post-thumbnail","7":"category-noticias","8":"tag-ciencias","9":"czr-hentry"},"jetpack_publicize_connections":[],"jetpack_featured_media_url":"https:\/\/i0.wp.com\/cepronda.com\/blog\/wp-content\/uploads\/2018\/02\/ParqueCiencias_Macroscopio.jpg?fit=1024%2C538&ssl=1","jetpack_shortlink":"https:\/\/wp.me\/p8M4X7-pA","jetpack-related-posts":[{"id":2708,"url":"https:\/\/cepronda.com\/blog\/aprender-ciencia-desde-la-indagacion\/","url_meta":{"origin":1586,"position":0},"title":"APRENDER CIENCIA DESDE LA INDAGACI\u00d3N","author":"V\u00edctor Caballero","date":"5 abril, 2019","format":false,"excerpt":"Muy buenas familia, desde el CEP de Granada se oferta un curso a distancia de \u00c1mbito Regional: APRENDER CIENCIA DESDE LA INDAGACI\u00d3N y queremos compartirlo con todos y todas aquellas que os interese. Est\u00e1 dirigido a profesorado interesado en conocer, comprender y aplicar en sus clases los elementos que involucra\u2026","rel":"","context":"En \u00abNoticias\u00bb","block_context":{"text":"Noticias","link":"https:\/\/cepronda.com\/blog\/category\/noticias\/"},"img":{"alt_text":"","src":"https:\/\/i0.wp.com\/cepronda.com\/blog\/wp-content\/uploads\/2019\/04\/dna-1811955_1920.jpg?fit=1200%2C600&ssl=1&resize=350%2C200","width":350,"height":200,"srcset":"https:\/\/i0.wp.com\/cepronda.com\/blog\/wp-content\/uploads\/2019\/04\/dna-1811955_1920.jpg?fit=1200%2C600&ssl=1&resize=350%2C200 1x, https:\/\/i0.wp.com\/cepronda.com\/blog\/wp-content\/uploads\/2019\/04\/dna-1811955_1920.jpg?fit=1200%2C600&ssl=1&resize=525%2C300 1.5x, https:\/\/i0.wp.com\/cepronda.com\/blog\/wp-content\/uploads\/2019\/04\/dna-1811955_1920.jpg?fit=1200%2C600&ssl=1&resize=700%2C400 2x, https:\/\/i0.wp.com\/cepronda.com\/blog\/wp-content\/uploads\/2019\/04\/dna-1811955_1920.jpg?fit=1200%2C600&ssl=1&resize=1050%2C600 3x"},"classes":[]},{"id":2992,"url":"https:\/\/cepronda.com\/blog\/convocatoria-para-la-participacion-de-los-centros-en-la-feria-de-la-ciencia-2020\/","url_meta":{"origin":1586,"position":1},"title":"Convocatoria para la participaci\u00f3n de los centros en la Feria de la Ciencia 2020","author":"V\u00edctor Caballero","date":"10 septiembre, 2019","format":false,"excerpt":"\u00a1Hola! Os comunicamos a todos y a todas que os pod\u00e9is inscribir para participar en la pr\u00f3xima Feria de la Ciencia de Sevilla. Sabemos que algunos de nuestros centros ya hab\u00e9is asistido, y creemos que puede resultar de gran inter\u00e9s que los dem\u00e1s centros tambi\u00e9n participen. Os dejamos con toda\u2026","rel":"","context":"En \u00abNoticias\u00bb","block_context":{"text":"Noticias","link":"https:\/\/cepronda.com\/blog\/category\/noticias\/"},"img":{"alt_text":"","src":"https:\/\/i0.wp.com\/cepronda.com\/blog\/wp-content\/uploads\/2019\/09\/alien-1905155_1920.png?fit=1181%2C1200&ssl=1&resize=350%2C200","width":350,"height":200,"srcset":"https:\/\/i0.wp.com\/cepronda.com\/blog\/wp-content\/uploads\/2019\/09\/alien-1905155_1920.png?fit=1181%2C1200&ssl=1&resize=350%2C200 1x, https:\/\/i0.wp.com\/cepronda.com\/blog\/wp-content\/uploads\/2019\/09\/alien-1905155_1920.png?fit=1181%2C1200&ssl=1&resize=525%2C300 1.5x, https:\/\/i0.wp.com\/cepronda.com\/blog\/wp-content\/uploads\/2019\/09\/alien-1905155_1920.png?fit=1181%2C1200&ssl=1&resize=700%2C400 2x, https:\/\/i0.wp.com\/cepronda.com\/blog\/wp-content\/uploads\/2019\/09\/alien-1905155_1920.png?fit=1181%2C1200&ssl=1&resize=1050%2C600 3x"},"classes":[]},{"id":2602,"url":"https:\/\/cepronda.com\/blog\/una-llamada-de-auxilio-desde-el-cep-marbella-coin\/","url_meta":{"origin":1586,"position":2},"title":"Una llamada de auxilio desde el CEP Marbella- Co\u00edn","author":"V\u00edctor Caballero","date":"21 enero, 2019","format":false,"excerpt":"\u00a1Atenci\u00f3n al siguiente v\u00eddeo compa\u00f1eros\/as! Algo grave va a suceder pr\u00f3ximamente y es necesario actuar. Todo el profesorado de la provincia debe de estar preparado para lo que se avecina. \u00a1Os necesitamos! https:\/\/www.youtube.com\/watch?v=F7pZuzJOoWg Sigue todos los detalles por aqu\u00ed, y en las siguientes redes y perfiles: Instagram: @ferialbaytarTwitter: @ferialbaytarCanal Telegram:\u2026","rel":"","context":"En \u00abNoticias\u00bb","block_context":{"text":"Noticias","link":"https:\/\/cepronda.com\/blog\/category\/noticias\/"},"img":{"alt_text":"","src":"https:\/\/i0.wp.com\/cepronda.com\/blog\/wp-content\/uploads\/2019\/01\/help-153094_1280.png?fit=1200%2C1007&ssl=1&resize=350%2C200","width":350,"height":200,"srcset":"https:\/\/i0.wp.com\/cepronda.com\/blog\/wp-content\/uploads\/2019\/01\/help-153094_1280.png?fit=1200%2C1007&ssl=1&resize=350%2C200 1x, https:\/\/i0.wp.com\/cepronda.com\/blog\/wp-content\/uploads\/2019\/01\/help-153094_1280.png?fit=1200%2C1007&ssl=1&resize=525%2C300 1.5x, https:\/\/i0.wp.com\/cepronda.com\/blog\/wp-content\/uploads\/2019\/01\/help-153094_1280.png?fit=1200%2C1007&ssl=1&resize=700%2C400 2x, https:\/\/i0.wp.com\/cepronda.com\/blog\/wp-content\/uploads\/2019\/01\/help-153094_1280.png?fit=1200%2C1007&ssl=1&resize=1050%2C600 3x"},"classes":[]},{"id":2654,"url":"https:\/\/cepronda.com\/blog\/proyecto-spaceeu\/","url_meta":{"origin":1586,"position":3},"title":"Proyecto SpaceEU","author":"V\u00edctor Caballero","date":"4 marzo, 2019","format":false,"excerpt":"Desde el Parque de las Ciencias nos piden colaboraci\u00f3n para difundir la convocatoria del proyecto SpaceEU que est\u00e1 dirigida al profesorado interesado en la ense\u00f1anza de ciencia vinculada a temas espaciales. \u00a0 Dicho proyecto persigue el fomento de vocaciones cient\u00edficas en torno al espacio y se dirige al profesorado que\u2026","rel":"","context":"En \u00abNoticias\u00bb","block_context":{"text":"Noticias","link":"https:\/\/cepronda.com\/blog\/category\/noticias\/"},"img":{"alt_text":"","src":"https:\/\/i0.wp.com\/cepronda.com\/blog\/wp-content\/uploads\/2018\/02\/ParqueCiencias_Macroscopio.jpg?fit=1024%2C538&ssl=1&resize=350%2C200","width":350,"height":200,"srcset":"https:\/\/i0.wp.com\/cepronda.com\/blog\/wp-content\/uploads\/2018\/02\/ParqueCiencias_Macroscopio.jpg?fit=1024%2C538&ssl=1&resize=350%2C200 1x, https:\/\/i0.wp.com\/cepronda.com\/blog\/wp-content\/uploads\/2018\/02\/ParqueCiencias_Macroscopio.jpg?fit=1024%2C538&ssl=1&resize=525%2C300 1.5x, https:\/\/i0.wp.com\/cepronda.com\/blog\/wp-content\/uploads\/2018\/02\/ParqueCiencias_Macroscopio.jpg?fit=1024%2C538&ssl=1&resize=700%2C400 2x"},"classes":[]},{"id":2691,"url":"https:\/\/cepronda.com\/blog\/visitas-17a-feria-de-la-ciencia-de-sevilla\/","url_meta":{"origin":1586,"position":4},"title":"Visitas 17\u00aa Feria de la Ciencia de Sevilla","author":"V\u00edctor Caballero","date":"1 abril, 2019","format":false,"excerpt":"Muy buenas familia, Compartimos con todos y todas vosotras que se ha abierto el plazo de inscripci\u00f3n para acudir con vuestro centro educativo a visitar la Feria de la Ciencia de Sevilla. Todas aquellas personas que otros a\u00f1os han acudido hablan maravillas de esta experiencia, y creemos que puede ser\u2026","rel":"","context":"En \u00abNoticias\u00bb","block_context":{"text":"Noticias","link":"https:\/\/cepronda.com\/blog\/category\/noticias\/"},"img":{"alt_text":"","src":"","width":0,"height":0},"classes":[]},{"id":2679,"url":"https:\/\/cepronda.com\/blog\/fisica-de-particulas-para-estudiantes-de-bachillerato-en-el-parque-de-las-ciencias\/","url_meta":{"origin":1586,"position":5},"title":"F\u00cdSICA DE PART\u00cdCULAS PARA ESTUDIANTES DE BACHILLERATO EN EL PARQUE DE LAS CIENCIAS","author":"V\u00edctor Caballero","date":"19 marzo, 2019","format":false,"excerpt":"Muy buenas familia, os escribimos hoy para contaros que tenemos hoy a dos estudiantes del IES Mart\u00edn Rivero ( Daniel Montesinos y Adri\u00e1n Fern\u00e1ndez) en el Parque de las Ciencias junto con el Grupo de F\u00edsica de Part\u00edculas Elementales de la UGR, organizan la \"Masterclass Hands on Particle Physics\".Durante toda\u2026","rel":"","context":"En \u00abNoticias\u00bb","block_context":{"text":"Noticias","link":"https:\/\/cepronda.com\/blog\/category\/noticias\/"},"img":{"alt_text":"","src":"https:\/\/i0.wp.com\/cepronda.com\/blog\/wp-content\/uploads\/2019\/03\/IES-Mart%C3%ADn-Rivero-Parque-Ciencias.jpeg?fit=1200%2C900&ssl=1&resize=350%2C200","width":350,"height":200,"srcset":"https:\/\/i0.wp.com\/cepronda.com\/blog\/wp-content\/uploads\/2019\/03\/IES-Mart%C3%ADn-Rivero-Parque-Ciencias.jpeg?fit=1200%2C900&ssl=1&resize=350%2C200 1x, https:\/\/i0.wp.com\/cepronda.com\/blog\/wp-content\/uploads\/2019\/03\/IES-Mart%C3%ADn-Rivero-Parque-Ciencias.jpeg?fit=1200%2C900&ssl=1&resize=525%2C300 1.5x, https:\/\/i0.wp.com\/cepronda.com\/blog\/wp-content\/uploads\/2019\/03\/IES-Mart%C3%ADn-Rivero-Parque-Ciencias.jpeg?fit=1200%2C900&ssl=1&resize=700%2C400 2x, https:\/\/i0.wp.com\/cepronda.com\/blog\/wp-content\/uploads\/2019\/03\/IES-Mart%C3%ADn-Rivero-Parque-Ciencias.jpeg?fit=1200%2C900&ssl=1&resize=1050%2C600 3x"},"classes":[]}],"jetpack_sharing_enabled":true,"_links":{"self":[{"href":"https:\/\/cepronda.com\/blog\/wp-json\/wp\/v2\/posts\/1586","targetHints":{"allow":["GET"]}}],"collection":[{"href":"https:\/\/cepronda.com\/blog\/wp-json\/wp\/v2\/posts"}],"about":[{"href":"https:\/\/cepronda.com\/blog\/wp-json\/wp\/v2\/types\/post"}],"author":[{"embeddable":true,"href":"https:\/\/cepronda.com\/blog\/wp-json\/wp\/v2\/users\/3"}],"replies":[{"embeddable":true,"href":"https:\/\/cepronda.com\/blog\/wp-json\/wp\/v2\/comments?post=1586"}],"version-history":[{"count":1,"href":"https:\/\/cepronda.com\/blog\/wp-json\/wp\/v2\/posts\/1586\/revisions"}],"predecessor-version":[{"id":1589,"href":"https:\/\/cepronda.com\/blog\/wp-json\/wp\/v2\/posts\/1586\/revisions\/1589"}],"wp:featuredmedia":[{"embeddable":true,"href":"https:\/\/cepronda.com\/blog\/wp-json\/wp\/v2\/media\/1588"}],"wp:attachment":[{"href":"https:\/\/cepronda.com\/blog\/wp-json\/wp\/v2\/media?parent=1586"}],"wp:term":[{"taxonomy":"category","embeddable":true,"href":"https:\/\/cepronda.com\/blog\/wp-json\/wp\/v2\/categories?post=1586"},{"taxonomy":"post_tag","embeddable":true,"href":"https:\/\/cepronda.com\/blog\/wp-json\/wp\/v2\/tags?post=1586"}],"curies":[{"name":"wp","href":"https:\/\/api.w.org\/{rel}","templated":true}]}}