{"id":1580,"date":"2018-02-02T09:38:02","date_gmt":"2018-02-02T08:38:02","guid":{"rendered":"http:\/\/cepronda.com\/blog\/?p=1580"},"modified":"2018-02-02T09:38:02","modified_gmt":"2018-02-02T08:38:02","slug":"calendario-educativo-stop-violencia-de-genero","status":"publish","type":"post","link":"https:\/\/cepronda.com\/blog\/calendario-educativo-stop-violencia-de-genero\/","title":{"rendered":"Calendario educativo STOP Violencia de g\u00e9nero"},"content":{"rendered":"<p>\u00a1Hola familia!&nbsp;<\/p>\n<p>Queremos compartir con todos los centros de nuestra zona esta gran noticia, y es que tres fotograf\u00edas de centros de nuestro \u00e1mbito han sido elegidas para formar parte del calendario STOP Violencia de g\u00e9nero. Os dejo con la <a href=\"https:\/\/lnx.educacionenmalaga.es\/valores\/\" target=\"_blank\" rel=\"noopener\">entrada recogida en el blog de valores de la delegaci\u00f3n de M\u00e1laga<\/a>.&nbsp;<\/p>\n<p><em>El IES Concha M\u00e9ndez Cuesta de Torremolinos ha acogido la presentaci\u00f3n de una nueva edici\u00f3n del calendario educativo contra la violencia de g\u00e9nero, elaborado a partir de una selecci\u00f3n de las m\u00e1s de 200 fotograf\u00edas presentadas al Concurso provincial \u201c\u00a1STOP! Violencia de g\u00e9nero\u201d.<\/em><\/p>\n<p><em>El acto de presentaci\u00f3n del calendario ha estado presidido por la delegada territorial de Educaci\u00f3n, Patricia Alba, y la coordinadora provincial del Instituto Andaluz de la Mujer, Carmen Moreno junto con el alcalde de Torremolinos, Jos\u00e9 Ortiz, y la responsable del \u00e1rea de Educaci\u00f3n y Solidaridad Social de la Fundaci\u00f3n Unicaja, Ana Cabrera.<\/em><\/p>\n<p><em>Este concurso, que ha alcanzado su octava edici\u00f3n, es una iniciativa de la Delegaci\u00f3n Territorial de Educaci\u00f3n de M\u00e1laga y el Instituto Andaluz de la Mujer dirigida a la comunidad educativa malague\u00f1a con el objetivo de sensibilizar a la sociedad contra la violencia de g\u00e9nero y para la prevenci\u00f3n de actitudes violentas, as\u00ed como para desarrollar la empat\u00eda y la solidaridad hacia las v\u00edctimas de la violencia en general, y de la violencia contra la mujer en particular, al tiempo que estimular la creatividad de los participantes. La publicaci\u00f3n del calendario ha contado con la colaboraci\u00f3n de la Fundaci\u00f3n Unicaja.<\/em><\/p>\n<p><em>En esta ocasi\u00f3n las doce fotograf\u00edas seleccionadas han sido presentadas por el C.E.PER. Victoria Kent de Alhaur\u00edn de la Torre, el C.E.I.P. Antonio Gala de El Borge, el I.E.S. Las Flores de \u00c1lora, el C.E.I.P. F\u00e9lix Rodr\u00edguez de la Fuente de Bobadilla-Estaci\u00f3n, el C.E.I.P. Manzano Jim\u00e9nez de Campillos, el <span style=\"color: #800080;\"><strong>C.E.I.P. Guzm\u00e1n el Bueno de Gauc\u00edn<\/strong><\/span>, el C.D.P. Gibraljaire y la E.I. Peque\u00f1o Picasso I de M\u00e1laga, <strong><span style=\"color: #800080;\">el C.E.I.P. Juan Mart\u00edn Pinz\u00f3n<\/span><\/strong> y el <strong><span style=\"color: #800080;\">C.E.I.P. Miguel de Cervantes<\/span><\/strong> de Ronda, el I.E.S. Concha M\u00e9ndez Cuesta de Torremolinos y el C.E.I.P. Augusto Santiago Bellido de V\u00e9lez-M\u00e1laga. Este es el&nbsp;<a href=\"https:\/\/www.flickr.com\/photos\/educacionenmalaga\/sets\/72157692864883925\/\" target=\"_blank\" rel=\"noopener\">\u00e1lbum fotogr\u00e1fico<\/a>&nbsp;de la entrega de diplomas.<\/em><\/p>\n<p><em>Los calendarios impresos se pueden recoger gratuitamente en el vest\u00edbulo del Edificio de Servicios M\u00faltiples, en la Avenida de la Aurora 47. Tambi\u00e9n se puede descargar en formato digital desde este&nbsp;<a href=\"https:\/\/lnx.educacionenmalaga.es\/valores\/files\/2018\/02\/calendario-2018.pdf\">enlace<\/a>.<\/em><\/p>\n<p><em>El siguiente v\u00eddeo ha sido elaborado con todas las fotograf\u00edas admitidas a concurso.<\/em><\/p>\n<p><span class=\"embed-youtube\" style=\"text-align:center; display: block;\"><iframe loading=\"lazy\" class=\"youtube-player\" width=\"1170\" height=\"659\" src=\"https:\/\/www.youtube.com\/embed\/Vn_SAZ7DHE4?version=3&#038;rel=1&#038;showsearch=0&#038;showinfo=1&#038;iv_load_policy=1&#038;fs=1&#038;hl=es-ES&#038;autohide=2&#038;wmode=transparent\" allowfullscreen=\"true\" style=\"border:0;\" sandbox=\"allow-scripts allow-same-origin allow-popups allow-presentation allow-popups-to-escape-sandbox\"><\/iframe><\/span><\/p>\n","protected":false},"excerpt":{"rendered":"<p>\u00a1Hola familia!&nbsp; Queremos compartir con todos los centros de nuestra zona esta gran noticia, y es que tres fotograf\u00edas de centros de nuestro \u00e1mbito han sido elegidas para formar parte del calendario STOP Violencia de g\u00e9nero. Os dejo con la entrada recogida en el blog de valores de la delegaci\u00f3n de M\u00e1laga.&nbsp; El IES Concha [&hellip;]<\/p>\n","protected":false},"author":3,"featured_media":1581,"comment_status":"open","ping_status":"open","sticky":false,"template":"","format":"standard","meta":{"_crdt_document":"","advanced_seo_description":"","jetpack_seo_html_title":"","jetpack_seo_noindex":false,"jetpack_post_was_ever_published":false,"_jetpack_newsletter_access":"","_jetpack_dont_email_post_to_subs":false,"_jetpack_newsletter_tier_id":0,"_jetpack_memberships_contains_paywalled_content":false,"_jetpack_memberships_contains_paid_content":false,"footnotes":"","jetpack_publicize_message":"Calendario educativo STOP Violencia de g\u00e9nero: tres fotograf\u00edas de centros de nuestra seleccionadas","jetpack_publicize_feature_enabled":true,"jetpack_social_post_already_shared":true,"jetpack_social_options":{"image_generator_settings":{"template":"highway","default_image_id":0,"font":"","enabled":false},"version":2}},"categories":[5],"tags":[37],"class_list":{"0":"post-1580","1":"post","2":"type-post","3":"status-publish","4":"format-standard","5":"has-post-thumbnail","7":"category-noticias","8":"tag-igualdad","9":"czr-hentry"},"jetpack_publicize_connections":[],"jetpack_featured_media_url":"https:\/\/i0.wp.com\/cepronda.com\/blog\/wp-content\/uploads\/2018\/02\/40020833951_7fa95a5d37_z.jpg?fit=400%2C640&ssl=1","jetpack_shortlink":"https:\/\/wp.me\/p8M4X7-pu","jetpack-related-posts":[{"id":2547,"url":"https:\/\/cepronda.com\/blog\/2-fotografias-de-nuestros-centros-en-el-calendario-stop-violencia-de-genero\/","url_meta":{"origin":1580,"position":0},"title":"2 fotograf\u00edas de nuestros centros en el calendario STOP Violencia de G\u00e9nero","author":"V\u00edctor Caballero","date":"20 diciembre, 2018","format":false,"excerpt":"Un nuevo calendario recoge los trabajos presentados a la novena edici\u00f3n del Concurso de Fotograf\u00eda \u201c\u00a1Stop! Violencia de g\u00e9nero\u201d. La delegada territorial de Educaci\u00f3n, Patricia Alba, la coordinadora provincial del Instituto Andaluz de la Mujer, Mar\u00eda del Carmen Moreno, y la responsable de la Unidad de Solidaridad Social y Educaci\u00f3n\u2026","rel":"","context":"En \u00abNoticias\u00bb","block_context":{"text":"Noticias","link":"https:\/\/cepronda.com\/blog\/category\/noticias\/"},"img":{"alt_text":"","src":"https:\/\/i0.wp.com\/cepronda.com\/blog\/wp-content\/uploads\/2018\/12\/calendario-2019-final-1-2.jpg?resize=350%2C200&ssl=1","width":350,"height":200,"srcset":"https:\/\/i0.wp.com\/cepronda.com\/blog\/wp-content\/uploads\/2018\/12\/calendario-2019-final-1-2.jpg?resize=350%2C200&ssl=1 1x, https:\/\/i0.wp.com\/cepronda.com\/blog\/wp-content\/uploads\/2018\/12\/calendario-2019-final-1-2.jpg?resize=525%2C300&ssl=1 1.5x, https:\/\/i0.wp.com\/cepronda.com\/blog\/wp-content\/uploads\/2018\/12\/calendario-2019-final-1-2.jpg?resize=700%2C400&ssl=1 2x, https:\/\/i0.wp.com\/cepronda.com\/blog\/wp-content\/uploads\/2018\/12\/calendario-2019-final-1-2.jpg?resize=1050%2C600&ssl=1 3x, https:\/\/i0.wp.com\/cepronda.com\/blog\/wp-content\/uploads\/2018\/12\/calendario-2019-final-1-2.jpg?resize=1400%2C800&ssl=1 4x"},"classes":[]},{"id":3786,"url":"https:\/\/cepronda.com\/blog\/plan-de-igualdad-convocatoria-abierta\/","url_meta":{"origin":1580,"position":1},"title":"Plan de Igualdad. Convocatoria abierta.","author":"Inmaculada Garc\u00eda","date":"30 septiembre, 2020","format":false,"excerpt":"Buenos d\u00edas compa\u00f1eras y compa\u00f1eros, Os informamos que est\u00e1 publicada la Resoluci\u00f3n que regula las medidas y actuaciones para la prevenci\u00f3n de la violencia de g\u00e9nero en el \u00e1mbito educativo y establece la convocatoria para este curso 2020\/2021. El plazo para solicitarlo est\u00e1 abierto y en la convocatoria vienen explicadas\u2026","rel":"","context":"En \u00abFormaciones\u00bb","block_context":{"text":"Formaciones","link":"https:\/\/cepronda.com\/blog\/category\/formaciones\/"},"img":{"alt_text":"","src":"https:\/\/i0.wp.com\/cepronda.com\/blog\/wp-content\/uploads\/2020\/09\/cartel_vg_bien.jpg?fit=300%2C300&ssl=1&resize=350%2C200","width":350,"height":200},"classes":[]},{"id":2272,"url":"https:\/\/cepronda.com\/blog\/iii-certamen-de-microrrelatos-sobre-violencia-de-genero-en-la-juventud-malaga-2018\/","url_meta":{"origin":1580,"position":2},"title":"III Certamen de Microrrelatos sobre Violencia de g\u00e9nero en la juventud &#8211; M\u00e1laga 2018","author":"V\u00edctor Caballero","date":"7 septiembre, 2018","format":false,"excerpt":"Muy buenas de nuevo familia.\u00a0 Hoy queremos compartir con todas y todos vosotros una iniciativa que nos ha llegado por medio de Antonio Poleo. Se trata del III Certamen de Microrrelatos sobre violencia de g\u00e9nero en la juventud. Va dirigido a j\u00f3venes hasta 20 a\u00f1os, as\u00ed que pod\u00e9is participar con\u2026","rel":"","context":"En \u00abNoticias\u00bb","block_context":{"text":"Noticias","link":"https:\/\/cepronda.com\/blog\/category\/noticias\/"},"img":{"alt_text":"","src":"https:\/\/i0.wp.com\/cepronda.com\/blog\/wp-content\/uploads\/2018\/09\/Cartel_Microrrelatos.png?fit=608%2C855&ssl=1&resize=350%2C200","width":350,"height":200,"srcset":"https:\/\/i0.wp.com\/cepronda.com\/blog\/wp-content\/uploads\/2018\/09\/Cartel_Microrrelatos.png?fit=608%2C855&ssl=1&resize=350%2C200 1x, https:\/\/i0.wp.com\/cepronda.com\/blog\/wp-content\/uploads\/2018\/09\/Cartel_Microrrelatos.png?fit=608%2C855&ssl=1&resize=525%2C300 1.5x"},"classes":[]},{"id":3084,"url":"https:\/\/cepronda.com\/blog\/iv-certamen-de-microrrelatos-sobre-violencia-de-genero-en-la-juventud-malaga-2019\/","url_meta":{"origin":1580,"position":3},"title":"IV Certamen de microrrelatos sobre Violencia de g\u00e9nero en la juventud &#8211; M\u00e1laga 2019","author":"V\u00edctor Caballero","date":"8 octubre, 2019","format":false,"excerpt":"Muy buenas, como ya publicamos hace unso d\u00edas ya est\u00e1 en marcha el IV Certamen de microrrelatos sobre violencia de g\u00e9nero. Desde la organizaci\u00f3n del mismo nos hacen llegar esta informaci\u00f3n que pasamos a compartir con todos y todas vosotras. Estimads amigs: Os adjuntamos una infograf\u00eda para ayudar al alumnado\u2026","rel":"","context":"En \u00abNoticias\u00bb","block_context":{"text":"Noticias","link":"https:\/\/cepronda.com\/blog\/category\/noticias\/"},"img":{"alt_text":"","src":"https:\/\/i0.wp.com\/cepronda.com\/blog\/wp-content\/uploads\/2019\/10\/image.png?fit=849%2C1200&ssl=1&resize=350%2C200","width":350,"height":200,"srcset":"https:\/\/i0.wp.com\/cepronda.com\/blog\/wp-content\/uploads\/2019\/10\/image.png?fit=849%2C1200&ssl=1&resize=350%2C200 1x, https:\/\/i0.wp.com\/cepronda.com\/blog\/wp-content\/uploads\/2019\/10\/image.png?fit=849%2C1200&ssl=1&resize=525%2C300 1.5x, https:\/\/i0.wp.com\/cepronda.com\/blog\/wp-content\/uploads\/2019\/10\/image.png?fit=849%2C1200&ssl=1&resize=700%2C400 2x"},"classes":[]},{"id":2501,"url":"https:\/\/cepronda.com\/blog\/premiados-en-el-iii-certamen-de-microrrelatos-sobre-violencia-de-genero-en-la-juventud\/","url_meta":{"origin":1580,"position":4},"title":"Premiados en el III CERTAMEN DE MICRORRELATOS SOBRE VIOLENCIA DE G\u00c9NERO EN LA JUVENTUD","author":"V\u00edctor Caballero","date":"30 noviembre, 2018","format":false,"excerpt":"Muy buenas, terminamos la semana con una magn\u00edfica noticia, y es que 3 relatos presentados por 3 alumnas del IES Profesor Gonzalo Huesa han sido seleccionados en el\u00a0III CERTAMEN DE MICRORRELATOS SOBREVIOLENCIA DE G\u00c9NERO EN LA JUVENTUD. Os dejamos con algunas fotos tomadas en el d\u00eda de la entrega de\u2026","rel":"","context":"En \u00abNoticias\u00bb","block_context":{"text":"Noticias","link":"https:\/\/cepronda.com\/blog\/category\/noticias\/"},"img":{"alt_text":"","src":"https:\/\/i0.wp.com\/cepronda.com\/blog\/wp-content\/uploads\/2018\/11\/Gonzalo-Huesa-premio.jpg?fit=576%2C1024&ssl=1&resize=350%2C200","width":350,"height":200,"srcset":"https:\/\/i0.wp.com\/cepronda.com\/blog\/wp-content\/uploads\/2018\/11\/Gonzalo-Huesa-premio.jpg?fit=576%2C1024&ssl=1&resize=350%2C200 1x, https:\/\/i0.wp.com\/cepronda.com\/blog\/wp-content\/uploads\/2018\/11\/Gonzalo-Huesa-premio.jpg?fit=576%2C1024&ssl=1&resize=525%2C300 1.5x"},"classes":[]},{"id":400,"url":"https:\/\/cepronda.com\/blog\/pildora-formate-en-5-minutos-en-materia-de-genero\/","url_meta":{"origin":1580,"position":5},"title":"P\u00edldora: F\u00f3rmate en 5 minutos en materia de g\u00e9nero","author":"V\u00edctor Caballero","date":"1 diciembre, 2016","format":false,"excerpt":"La violencia de g\u00e9nero es la expresi\u00f3n m\u00e1s grave de la discriminaci\u00f3n y de la situaci\u00f3n de desigualdad de las mujeres, ya que se ejerce sobre \u00e9stas por el hecho de serlo. Es un problema que requiere para su erradicaci\u00f3n de la implicaci\u00f3n de toda la sociedad y de respuestas\u2026","rel":"","context":"En \u00abNoticias\u00bb","block_context":{"text":"Noticias","link":"https:\/\/cepronda.com\/blog\/category\/noticias\/"},"img":{"alt_text":"","src":"","width":0,"height":0},"classes":[]}],"jetpack_sharing_enabled":true,"_links":{"self":[{"href":"https:\/\/cepronda.com\/blog\/wp-json\/wp\/v2\/posts\/1580","targetHints":{"allow":["GET"]}}],"collection":[{"href":"https:\/\/cepronda.com\/blog\/wp-json\/wp\/v2\/posts"}],"about":[{"href":"https:\/\/cepronda.com\/blog\/wp-json\/wp\/v2\/types\/post"}],"author":[{"embeddable":true,"href":"https:\/\/cepronda.com\/blog\/wp-json\/wp\/v2\/users\/3"}],"replies":[{"embeddable":true,"href":"https:\/\/cepronda.com\/blog\/wp-json\/wp\/v2\/comments?post=1580"}],"version-history":[{"count":1,"href":"https:\/\/cepronda.com\/blog\/wp-json\/wp\/v2\/posts\/1580\/revisions"}],"predecessor-version":[{"id":1582,"href":"https:\/\/cepronda.com\/blog\/wp-json\/wp\/v2\/posts\/1580\/revisions\/1582"}],"wp:featuredmedia":[{"embeddable":true,"href":"https:\/\/cepronda.com\/blog\/wp-json\/wp\/v2\/media\/1581"}],"wp:attachment":[{"href":"https:\/\/cepronda.com\/blog\/wp-json\/wp\/v2\/media?parent=1580"}],"wp:term":[{"taxonomy":"category","embeddable":true,"href":"https:\/\/cepronda.com\/blog\/wp-json\/wp\/v2\/categories?post=1580"},{"taxonomy":"post_tag","embeddable":true,"href":"https:\/\/cepronda.com\/blog\/wp-json\/wp\/v2\/tags?post=1580"}],"curies":[{"name":"wp","href":"https:\/\/api.w.org\/{rel}","templated":true}]}}