{"id":1577,"date":"2018-02-01T09:56:33","date_gmt":"2018-02-01T08:56:33","guid":{"rendered":"http:\/\/cepronda.com\/blog\/?p=1577"},"modified":"2018-02-01T09:56:33","modified_gmt":"2018-02-01T08:56:33","slug":"nuevo-curso-desarrollo-de-aplicaciones-web-en-j2ee","status":"publish","type":"post","link":"https:\/\/cepronda.com\/blog\/nuevo-curso-desarrollo-de-aplicaciones-web-en-j2ee\/","title":{"rendered":"Nuevo curso \u00abDESARROLLO DE APLICACIONES WEB EN J2EE\u00bb"},"content":{"rendered":"<p>\u00a1Hola a todo el mundo!<\/p>\n<p>Seguimos dando respuesta las necesidades de nuestro profesorado, y en esta ocasi\u00f3n en el \u00e1mbito tecnol\u00f3gico e inform\u00e1tico.&nbsp;<\/p>\n<p>Se trata de un curso de actualizaci\u00f3n de las competencias docentes del profesorado del ciclo de grado superior del IES Mart\u00edn Rivero de Ronda, en donde se desarrollar\u00e1n aplicaciones web en entorno servidor. Tambi\u00e9n se ofertar\u00e1 al profesorado que tenga inter\u00e9s en la formaci\u00f3n en el desarrollo de aplicaciones web. As\u00ed que, aunque tenga preferencia el profesorado del IES Mart\u00edn Rivero, no habr\u00e1 ning\u00fan problema en inscribirte en el mismo si eres de otro centro.&nbsp;&nbsp;<\/p>\n<p>Para acceder a toda la informaci\u00f3n sobre este curso, as\u00ed como poder inscribirte s\u00f3lo tienes que <a href=\"https:\/\/www.juntadeandalucia.es\/educacion\/secretariavirtual\/consultaCEP\/actividad\/182924GE055\/\" target=\"_blank\" rel=\"noopener\">seguir este enlace<\/a>, o bien hacer clic en la imagen. Un saludo y nos seguimos viendo en vuestros centros y en el CEP.&nbsp;<\/p>\n<p><a href=\"https:\/\/www.juntadeandalucia.es\/educacion\/secretariavirtual\/consultaCEP\/actividad\/182924GE055\/\" target=\"_blank\" rel=\"noopener\"><img data-recalc-dims=\"1\" loading=\"lazy\" decoding=\"async\" class=\"aligncenter wp-image-1578 size-medium\" src=\"https:\/\/i0.wp.com\/cepronda.com\/blog\/wp-content\/uploads\/2018\/02\/business-1839876_640-300x200.jpg?resize=300%2C200\" alt=\"\" width=\"300\" height=\"200\" srcset=\"https:\/\/i0.wp.com\/cepronda.com\/blog\/wp-content\/uploads\/2018\/02\/business-1839876_640.jpg?resize=300%2C200&amp;ssl=1 300w, https:\/\/i0.wp.com\/cepronda.com\/blog\/wp-content\/uploads\/2018\/02\/business-1839876_640.jpg?w=640&amp;ssl=1 640w\" sizes=\"auto, (max-width: 300px) 100vw, 300px\" \/><\/a><\/p>\n","protected":false},"excerpt":{"rendered":"<p>\u00a1Hola a todo el mundo! Seguimos dando respuesta las necesidades de nuestro profesorado, y en esta ocasi\u00f3n en el \u00e1mbito tecnol\u00f3gico e inform\u00e1tico.&nbsp; Se trata de un curso de actualizaci\u00f3n de las competencias docentes del profesorado del ciclo de grado superior del IES Mart\u00edn Rivero de Ronda, en donde se desarrollar\u00e1n aplicaciones web en entorno [&hellip;]<\/p>\n","protected":false},"author":3,"featured_media":1578,"comment_status":"open","ping_status":"open","sticky":false,"template":"","format":"standard","meta":{"_crdt_document":"","advanced_seo_description":"","jetpack_seo_html_title":"","jetpack_seo_noindex":false,"jetpack_post_was_ever_published":false,"_jetpack_newsletter_access":"","_jetpack_dont_email_post_to_subs":false,"_jetpack_newsletter_tier_id":0,"_jetpack_memberships_contains_paywalled_content":false,"_jetpack_memberships_contains_paid_content":false,"footnotes":"","jetpack_publicize_message":"","jetpack_publicize_feature_enabled":true,"jetpack_social_post_already_shared":true,"jetpack_social_options":{"image_generator_settings":{"template":"highway","default_image_id":0,"font":"","enabled":false},"version":2}},"categories":[3],"tags":[36],"class_list":{"0":"post-1577","1":"post","2":"type-post","3":"status-publish","4":"format-standard","5":"has-post-thumbnail","7":"category-formaciones","8":"tag-herramientas-tic","9":"czr-hentry"},"jetpack_publicize_connections":[],"jetpack_featured_media_url":"https:\/\/i0.wp.com\/cepronda.com\/blog\/wp-content\/uploads\/2018\/02\/business-1839876_640.jpg?fit=640%2C426&ssl=1","jetpack_shortlink":"https:\/\/wp.me\/p8M4X7-pr","jetpack-related-posts":[{"id":6001,"url":"https:\/\/cepronda.com\/blog\/el-ies-gran-capitan-de-cordoba-y-martin-rivero-de-ronda-logran-el-primer-premio-ciccartuja-futuros-investigadores\/","url_meta":{"origin":1577,"position":0},"title":"El IES Gran Capit\u00e1n de C\u00f3rdoba y Mart\u00edn Rivero de Ronda, logran el primer Premio CicCartuja \u201cfuturos investigadores\u201d","author":"Inmaculada Garc\u00eda","date":"17 mayo, 2023","format":false,"excerpt":"Desde el CEP de Ronda queremos dar la enhorabuena al alumnado y al profesorado del I.E.S. MArt\u00edn Rivero (Ronda) por su premio. \u201cDocumentales y Youtube: En busca de ideas para nuevas investigaciones\u201d es el t\u00edtulo del trabajo realizado de manera simult\u00e1nea durante este curso escolar en los IES Gran Capit\u00e1n\u2026","rel":"","context":"En \u00abNoticias\u00bb","block_context":{"text":"Noticias","link":"https:\/\/cepronda.com\/blog\/category\/noticias\/"},"img":{"alt_text":"","src":"https:\/\/i0.wp.com\/cepronda.com\/blog\/wp-content\/uploads\/2023\/05\/Entrega-premio-total.jpg?fit=853%2C841&ssl=1&resize=350%2C200","width":350,"height":200,"srcset":"https:\/\/i0.wp.com\/cepronda.com\/blog\/wp-content\/uploads\/2023\/05\/Entrega-premio-total.jpg?fit=853%2C841&ssl=1&resize=350%2C200 1x, https:\/\/i0.wp.com\/cepronda.com\/blog\/wp-content\/uploads\/2023\/05\/Entrega-premio-total.jpg?fit=853%2C841&ssl=1&resize=525%2C300 1.5x, https:\/\/i0.wp.com\/cepronda.com\/blog\/wp-content\/uploads\/2023\/05\/Entrega-premio-total.jpg?fit=853%2C841&ssl=1&resize=700%2C400 2x"},"classes":[]},{"id":1774,"url":"https:\/\/cepronda.com\/blog\/reconocimiento-y-premio-para-el-ies-martin-rivero\/","url_meta":{"origin":1577,"position":1},"title":"Reconocimiento y premio para el IES Mart\u00edn Rivero","author":"V\u00edctor Caballero","date":"7 mayo, 2018","format":false,"excerpt":"\u00a1Hola! Comenzamos la semana compartiendo y celebrando el premio que han recibido el alumnado y el profesorado del IES Mart\u00edn Rivero este fin de semana pasado en el marco de la Feria de las Ciencias de Sevilla. Desde el Centro de Profesorado nos sumamos a las felicitaciones y reconocimiento del\u2026","rel":"","context":"En \u00abNoticias\u00bb","block_context":{"text":"Noticias","link":"https:\/\/cepronda.com\/blog\/category\/noticias\/"},"img":{"alt_text":"","src":"https:\/\/i0.wp.com\/cepronda.com\/blog\/wp-content\/uploads\/2018\/05\/Foto-de-Helena-Gonzalez-9.jpg?fit=1200%2C900&ssl=1&resize=350%2C200","width":350,"height":200,"srcset":"https:\/\/i0.wp.com\/cepronda.com\/blog\/wp-content\/uploads\/2018\/05\/Foto-de-Helena-Gonzalez-9.jpg?fit=1200%2C900&ssl=1&resize=350%2C200 1x, https:\/\/i0.wp.com\/cepronda.com\/blog\/wp-content\/uploads\/2018\/05\/Foto-de-Helena-Gonzalez-9.jpg?fit=1200%2C900&ssl=1&resize=525%2C300 1.5x, https:\/\/i0.wp.com\/cepronda.com\/blog\/wp-content\/uploads\/2018\/05\/Foto-de-Helena-Gonzalez-9.jpg?fit=1200%2C900&ssl=1&resize=700%2C400 2x, https:\/\/i0.wp.com\/cepronda.com\/blog\/wp-content\/uploads\/2018\/05\/Foto-de-Helena-Gonzalez-9.jpg?fit=1200%2C900&ssl=1&resize=1050%2C600 3x"},"classes":[]},{"id":5137,"url":"https:\/\/cepronda.com\/blog\/taller-de-ceramica-para-el-profesorado\/","url_meta":{"origin":1577,"position":2},"title":"TALLER DE CER\u00c1MICA PARA EL PROFESORADO","author":"Antonio Montes","date":"24 febrero, 2022","format":false,"excerpt":"Buenos d\u00edas: Os informamos de la apertura de solicitudes para la siguiente actividad: TALLER DE CER\u00c1MICA PARA EL PROFESORADO (222924GE063) Curso de 21 horas SESIONES PRESENCIALES: 10, 17, 24 y 31 de marzo, 7, 21 y 28 de abril; en horario de 16:30 h a 19:30 h LUGAR: IES Mart\u00edn\u2026","rel":"","context":"En \u00abFormaciones\u00bb","block_context":{"text":"Formaciones","link":"https:\/\/cepronda.com\/blog\/category\/formaciones\/"},"img":{"alt_text":"","src":"https:\/\/i0.wp.com\/cepronda.com\/blog\/wp-content\/uploads\/2022\/02\/TALLER-DE-CERAMICA.jpg?fit=848%2C1200&ssl=1&resize=350%2C200","width":350,"height":200,"srcset":"https:\/\/i0.wp.com\/cepronda.com\/blog\/wp-content\/uploads\/2022\/02\/TALLER-DE-CERAMICA.jpg?fit=848%2C1200&ssl=1&resize=350%2C200 1x, https:\/\/i0.wp.com\/cepronda.com\/blog\/wp-content\/uploads\/2022\/02\/TALLER-DE-CERAMICA.jpg?fit=848%2C1200&ssl=1&resize=525%2C300 1.5x, https:\/\/i0.wp.com\/cepronda.com\/blog\/wp-content\/uploads\/2022\/02\/TALLER-DE-CERAMICA.jpg?fit=848%2C1200&ssl=1&resize=700%2C400 2x"},"classes":[]},{"id":699,"url":"https:\/\/cepronda.com\/blog\/curso-apps-para-educacion-secundaria\/","url_meta":{"origin":1577,"position":3},"title":"Curso Apps para Educaci\u00f3n Secundaria","author":"V\u00edctor Caballero","date":"23 febrero, 2017","format":false,"excerpt":"\u00a1Hola! Antes de irnos en nuestra merecida semanita de vacaciones, os dejamos con este curso dirigido espec\u00edficamente al profesorado de Secundaria, y donde podremos conocer y profundizar en distintas aplicaciones educativas que nos pueden ayudar en nuestra labor diaria con el alumnado y en la preparaci\u00f3n de nuestras clases. Al\u2026","rel":"","context":"En \u00abFormaciones\u00bb","block_context":{"text":"Formaciones","link":"https:\/\/cepronda.com\/blog\/category\/formaciones\/"},"img":{"alt_text":"","src":"","width":0,"height":0},"classes":[]},{"id":1432,"url":"https:\/\/cepronda.com\/blog\/formularios-v-certamen-de-teatro-ciudad-de-ronda\/","url_meta":{"origin":1577,"position":4},"title":"FORMULARIOS V CERTAMEN DE TEATRO \u00abCIUDAD DE RONDA\u00bb","author":"V\u00edctor Caballero","date":"30 noviembre, 2017","format":false,"excerpt":"\u00a1\u00a1Saludos teatrales compa\u00f1eros\/as!!: Aqu\u00ed os dejamos los enlaces para participar como grupo teatral en el V CERTAMEN DE TEATRO \"CIUDAD DE RONDA\" as\u00ed como al CURSO DE FORMACI\u00d3N para el profesorado paralelo al certamen. Dicha formaci\u00f3n tiene como t\u00edtulo: INTERPRETACI\u00d3N TEATRAL PARA EL PROFESORADO con una duraci\u00f3n de 12 horas\u2026","rel":"","context":"En \u00abFormaciones\u00bb","block_context":{"text":"Formaciones","link":"https:\/\/cepronda.com\/blog\/category\/formaciones\/"},"img":{"alt_text":"","src":"https:\/\/i0.wp.com\/cepronda.com\/blog\/wp-content\/uploads\/2017\/11\/mask-1636121_960_720-300x199.jpg?resize=350%2C200","width":350,"height":200},"classes":[]},{"id":1503,"url":"https:\/\/cepronda.com\/blog\/curso-musica-y-danza-como-metodo-de-resolucion-de-conflictos\/","url_meta":{"origin":1577,"position":5},"title":"Curso \u00abM\u00fasica y danza como m\u00e9todo de resoluci\u00f3n de conflictos\u00bb","author":"V\u00edctor Caballero","date":"18 diciembre, 2017","format":false,"excerpt":"\u00a1Hola!\u00a0 En esta \u00faltima semana antes de las merecid\u00edsimas vacaciones de Navidad seguimos ofertando cursos que pueden resultar de vuestro inter\u00e9s. En este caso se trata de un curso que ha salido como respuesta a un Grupo de Trabajo del IES P\u00e9rez de Guzm\u00e1n, aunque hemos pensado abrirlo al resto\u2026","rel":"","context":"En \u00abFormaciones\u00bb","block_context":{"text":"Formaciones","link":"https:\/\/cepronda.com\/blog\/category\/formaciones\/"},"img":{"alt_text":"","src":"https:\/\/i0.wp.com\/cepronda.com\/blog\/wp-content\/uploads\/2017\/12\/freedom-307791_640.png?resize=350%2C200","width":350,"height":200,"srcset":"https:\/\/i0.wp.com\/cepronda.com\/blog\/wp-content\/uploads\/2017\/12\/freedom-307791_640.png?resize=350%2C200 1x, https:\/\/i0.wp.com\/cepronda.com\/blog\/wp-content\/uploads\/2017\/12\/freedom-307791_640.png?resize=525%2C300 1.5x"},"classes":[]}],"jetpack_sharing_enabled":true,"_links":{"self":[{"href":"https:\/\/cepronda.com\/blog\/wp-json\/wp\/v2\/posts\/1577","targetHints":{"allow":["GET"]}}],"collection":[{"href":"https:\/\/cepronda.com\/blog\/wp-json\/wp\/v2\/posts"}],"about":[{"href":"https:\/\/cepronda.com\/blog\/wp-json\/wp\/v2\/types\/post"}],"author":[{"embeddable":true,"href":"https:\/\/cepronda.com\/blog\/wp-json\/wp\/v2\/users\/3"}],"replies":[{"embeddable":true,"href":"https:\/\/cepronda.com\/blog\/wp-json\/wp\/v2\/comments?post=1577"}],"version-history":[{"count":1,"href":"https:\/\/cepronda.com\/blog\/wp-json\/wp\/v2\/posts\/1577\/revisions"}],"predecessor-version":[{"id":1579,"href":"https:\/\/cepronda.com\/blog\/wp-json\/wp\/v2\/posts\/1577\/revisions\/1579"}],"wp:featuredmedia":[{"embeddable":true,"href":"https:\/\/cepronda.com\/blog\/wp-json\/wp\/v2\/media\/1578"}],"wp:attachment":[{"href":"https:\/\/cepronda.com\/blog\/wp-json\/wp\/v2\/media?parent=1577"}],"wp:term":[{"taxonomy":"category","embeddable":true,"href":"https:\/\/cepronda.com\/blog\/wp-json\/wp\/v2\/categories?post=1577"},{"taxonomy":"post_tag","embeddable":true,"href":"https:\/\/cepronda.com\/blog\/wp-json\/wp\/v2\/tags?post=1577"}],"curies":[{"name":"wp","href":"https:\/\/api.w.org\/{rel}","templated":true}]}}