{"id":1573,"date":"2018-01-29T10:35:56","date_gmt":"2018-01-29T09:35:56","guid":{"rendered":"http:\/\/cepronda.com\/blog\/?p=1573"},"modified":"2018-01-29T10:35:56","modified_gmt":"2018-01-29T09:35:56","slug":"curso-competencias-clave-en-secundaria-y-bachillerato","status":"publish","type":"post","link":"https:\/\/cepronda.com\/blog\/curso-competencias-clave-en-secundaria-y-bachillerato\/","title":{"rendered":"Curso \u00abCompetencias clave en Secundaria y Bachillerato\u00bb"},"content":{"rendered":"<p>Muy buenas,<\/p>\n<p>Os comentamos que ya se encuentra abierto el plazo de inscripci\u00f3n para el curso \u00abCompetencias clave en Secundaria y Bachillerato\u00bb a realizar a partir del 8 de febrero.&nbsp;<\/p>\n<div id=\"descripcion\" class=\"pruebaCEP\" aria-hidden=\"false\">\n<div class=\"sinSalto\">El desarrollo de las competencias clave en el alumnado supone un nuevo marco conceptual que modifica el enfoque del aprendizaje. Poner el acento en aprendizajes relevantes y en el desempe\u00f1o de estos por parte del alumnado es tarea esencial en un curr\u00edculo basado en competencias clave como es el que desarrollan las ense\u00f1anzas propias en Andaluc\u00eda. Conocer \u00e9ste y desarrollarlo es objetivo b\u00e1sico de este curso.<\/div>\n<\/div>\n<div>&nbsp;<\/div>\n<div>Para acceder a toda la informaci\u00f3n, as\u00ed como para inscribiros s\u00f3lo ten\u00e9is que<a href=\"https:\/\/www.juntadeandalucia.es\/educacion\/secretariavirtual\/consultaCEP\/actividad\/182924GE054\/\" target=\"_blank\" rel=\"noopener\"> seguir este enlace<\/a>, o hacer clic en la imagen.<\/div>\n<h3 data-collapse-summary=\"\" aria-expanded=\"false\">\n<a href=\"https:\/\/www.juntadeandalucia.es\/educacion\/secretariavirtual\/consultaCEP\/actividad\/182924GE054\/\" target=\"_blank\" rel=\"noopener\"><img data-recalc-dims=\"1\" loading=\"lazy\" decoding=\"async\" class=\"aligncenter wp-image-1574 size-medium\" src=\"https:\/\/i0.wp.com\/cepronda.com\/blog\/wp-content\/uploads\/2018\/01\/networks-3017395_640-300x200.jpg?resize=300%2C200\" alt=\"\" width=\"300\" height=\"200\" srcset=\"https:\/\/i0.wp.com\/cepronda.com\/blog\/wp-content\/uploads\/2018\/01\/networks-3017395_640.jpg?resize=300%2C200&amp;ssl=1 300w, https:\/\/i0.wp.com\/cepronda.com\/blog\/wp-content\/uploads\/2018\/01\/networks-3017395_640.jpg?w=640&amp;ssl=1 640w\" sizes=\"auto, (max-width: 300px) 100vw, 300px\" \/><\/a><\/h3>\n","protected":false},"excerpt":{"rendered":"<p>Muy buenas, Os comentamos que ya se encuentra abierto el plazo de inscripci\u00f3n para el curso \u00abCompetencias clave en Secundaria y Bachillerato\u00bb a realizar a partir del 8 de febrero.&nbsp; El desarrollo de las competencias clave en el alumnado supone un nuevo marco conceptual que modifica el enfoque del aprendizaje. Poner el acento en aprendizajes [&hellip;]<\/p>\n","protected":false},"author":3,"featured_media":1574,"comment_status":"open","ping_status":"open","sticky":false,"template":"","format":"standard","meta":{"_crdt_document":"","advanced_seo_description":"","jetpack_seo_html_title":"","jetpack_seo_noindex":false,"jetpack_post_was_ever_published":false,"_jetpack_newsletter_access":"","_jetpack_dont_email_post_to_subs":false,"_jetpack_newsletter_tier_id":0,"_jetpack_memberships_contains_paywalled_content":false,"_jetpack_memberships_contains_paid_content":false,"footnotes":"","jetpack_publicize_message":"","jetpack_publicize_feature_enabled":true,"jetpack_social_post_already_shared":true,"jetpack_social_options":{"image_generator_settings":{"template":"highway","default_image_id":0,"font":"","enabled":false},"version":2}},"categories":[3],"tags":[115,80,79],"class_list":{"0":"post-1573","1":"post","2":"type-post","3":"status-publish","4":"format-standard","5":"has-post-thumbnail","7":"category-formaciones","8":"tag-bachillerato","9":"tag-competencias-clave","10":"tag-educacion-secundaria","11":"czr-hentry"},"jetpack_publicize_connections":[],"jetpack_featured_media_url":"https:\/\/i0.wp.com\/cepronda.com\/blog\/wp-content\/uploads\/2018\/01\/networks-3017395_640.jpg?fit=640%2C426&ssl=1","jetpack_shortlink":"https:\/\/wp.me\/p8M4X7-pn","jetpack-related-posts":[{"id":2398,"url":"https:\/\/cepronda.com\/blog\/competencias-clave-en-el-aula-para-secundaria-y-bachillerato-programacion-metodologias-y-evaluacion\/","url_meta":{"origin":1573,"position":0},"title":"COMPETENCIAS CLAVE EN EL AULA, PARA SECUNDARIA Y BACHILLERATO: PROGRAMACI\u00d3N, METODOLOG\u00cdAS Y EVALUACI\u00d3N.","author":"V\u00edctor Caballero","date":"25 octubre, 2018","format":false,"excerpt":"Hola a todo el profesorado de Secundaria y Bachillerato. Llevamos un tiempo organizando con mucho mimo esta actividad dirigida a vosotras y vosotros. Se trata de un itinerario formativo en competencias claves y profesionales, y tenemos la gran suerte de contar con un ponente con una amplia experiencia en este\u2026","rel":"","context":"En \u00abFormaciones\u00bb","block_context":{"text":"Formaciones","link":"https:\/\/cepronda.com\/blog\/category\/formaciones\/"},"img":{"alt_text":"","src":"https:\/\/i0.wp.com\/cepronda.com\/blog\/wp-content\/uploads\/2018\/10\/board-761586_1920.jpg?fit=1200%2C800&ssl=1&resize=350%2C200","width":350,"height":200,"srcset":"https:\/\/i0.wp.com\/cepronda.com\/blog\/wp-content\/uploads\/2018\/10\/board-761586_1920.jpg?fit=1200%2C800&ssl=1&resize=350%2C200 1x, https:\/\/i0.wp.com\/cepronda.com\/blog\/wp-content\/uploads\/2018\/10\/board-761586_1920.jpg?fit=1200%2C800&ssl=1&resize=525%2C300 1.5x, https:\/\/i0.wp.com\/cepronda.com\/blog\/wp-content\/uploads\/2018\/10\/board-761586_1920.jpg?fit=1200%2C800&ssl=1&resize=700%2C400 2x, https:\/\/i0.wp.com\/cepronda.com\/blog\/wp-content\/uploads\/2018\/10\/board-761586_1920.jpg?fit=1200%2C800&ssl=1&resize=1050%2C600 3x"},"classes":[]},{"id":1208,"url":"https:\/\/cepronda.com\/blog\/trabajar-y-evaluar-por-competencias-clave-en-educacion-secundaria-y-bachillerato\/","url_meta":{"origin":1573,"position":1},"title":"TRABAJAR Y EVALUAR POR COMPETENCIAS CLAVE EN EDUCACI\u00d3N SECUNDARIA Y BACHILLERATO","author":"V\u00edctor Caballero","date":"6 septiembre, 2017","format":false,"excerpt":"\u00a1Hola de nuevo! Empezamos ya con las convocatorias de cursos. En este caso se trata de una jornada de una ma\u00f1ana de duraci\u00f3n donde se pretende\u00a0informar al profesorado de Secundaria y Bachillerato de la formaci\u00f3n que se va a organizar sobre competencias clave en Secundaria y Bachillerato, sobre las distintas\u2026","rel":"","context":"En \u00abFormaciones\u00bb","block_context":{"text":"Formaciones","link":"https:\/\/cepronda.com\/blog\/category\/formaciones\/"},"img":{"alt_text":"","src":"https:\/\/i0.wp.com\/cepronda.com\/blog\/wp-content\/uploads\/2017\/09\/pencil-1486278_640.jpg?fit=640%2C360&ssl=1&resize=350%2C200","width":350,"height":200,"srcset":"https:\/\/i0.wp.com\/cepronda.com\/blog\/wp-content\/uploads\/2017\/09\/pencil-1486278_640.jpg?fit=640%2C360&ssl=1&resize=350%2C200 1x, https:\/\/i0.wp.com\/cepronda.com\/blog\/wp-content\/uploads\/2017\/09\/pencil-1486278_640.jpg?fit=640%2C360&ssl=1&resize=525%2C300 1.5x"},"classes":[]},{"id":3103,"url":"https:\/\/cepronda.com\/blog\/taller-de-programacion-y-evaluacion-por-competencias-para-secundaria-bachillerato-y-fp\/","url_meta":{"origin":1573,"position":2},"title":"TALLER DE PROGRAMACI\u00d3N Y EVALUACI\u00d3N POR COMPETENCIAS PARA SECUNDARIA, BACHILLERATO Y FP","author":"V\u00edctor Caballero","date":"18 octubre, 2019","format":false,"excerpt":"Muy buenas, comunicamos que se ha abierto el plazo de inscripci\u00f3n para la actividad de \"TALLER DE PROGRAMACI\u00d3N Y EVALUACI\u00d3N POR COMPETENCIAS PARA SECUNDARIA, BACHILLERATO Y FP\". Os dejamos con el enlace a la actividad para que os pod\u00e1is inscribir.","rel":"","context":"En \u00abFormaciones\u00bb","block_context":{"text":"Formaciones","link":"https:\/\/cepronda.com\/blog\/category\/formaciones\/"},"img":{"alt_text":"","src":"https:\/\/i0.wp.com\/cepronda.com\/blog\/wp-content\/uploads\/2019\/10\/TALLER-DE-PROGRAMACI%C3%93N-POR-COMPETENCIAS-EN-SECUNDARIA-BACHILLERATO-Y-FP.jpg?fit=848%2C1200&ssl=1&resize=350%2C200","width":350,"height":200,"srcset":"https:\/\/i0.wp.com\/cepronda.com\/blog\/wp-content\/uploads\/2019\/10\/TALLER-DE-PROGRAMACI%C3%93N-POR-COMPETENCIAS-EN-SECUNDARIA-BACHILLERATO-Y-FP.jpg?fit=848%2C1200&ssl=1&resize=350%2C200 1x, https:\/\/i0.wp.com\/cepronda.com\/blog\/wp-content\/uploads\/2019\/10\/TALLER-DE-PROGRAMACI%C3%93N-POR-COMPETENCIAS-EN-SECUNDARIA-BACHILLERATO-Y-FP.jpg?fit=848%2C1200&ssl=1&resize=525%2C300 1.5x, https:\/\/i0.wp.com\/cepronda.com\/blog\/wp-content\/uploads\/2019\/10\/TALLER-DE-PROGRAMACI%C3%93N-POR-COMPETENCIAS-EN-SECUNDARIA-BACHILLERATO-Y-FP.jpg?fit=848%2C1200&ssl=1&resize=700%2C400 2x"},"classes":[]},{"id":1625,"url":"https:\/\/cepronda.com\/blog\/curso-de-aprendizaje-basado-en-proyectos-para-secundaria\/","url_meta":{"origin":1573,"position":3},"title":"Curso de aprendizaje basado en proyectos para secundaria","author":"V\u00edctor Caballero","date":"5 marzo, 2018","format":false,"excerpt":"Muy buenas de nuevo, Acabamos de abrir tambi\u00e9n el plazo de inscripci\u00f3n para el curso \"APRENDIZAJE BASADO EN PROYECTOS EN EDUCACI\u00d3N SECUNDARIA\". Tendr\u00e1 como objetivos los siguientes:\u00a0 Delimitar la metodolog\u00eda del AbP en relaci\u00f3n con otras metodolog\u00edas activas complejas. Relaci\u00f3n con los est\u00e1ndares de aprendizaje evaluables y las competencias clave\u2026","rel":"","context":"En \u00abFormaciones\u00bb","block_context":{"text":"Formaciones","link":"https:\/\/cepronda.com\/blog\/category\/formaciones\/"},"img":{"alt_text":"","src":"https:\/\/i0.wp.com\/cepronda.com\/blog\/wp-content\/uploads\/2017\/12\/bag-1245954_640-300x200.jpg?resize=350%2C200","width":350,"height":200},"classes":[]},{"id":8032,"url":"https:\/\/cepronda.com\/blog\/cerebro-y-corazon-del-alumnado-con-tdah-en-secundaria-con-codigo-252923ge557\/","url_meta":{"origin":1573,"position":4},"title":"CEREBRO Y CORAZ\u00d3N DEL ALUMNADO CON TDAH EN SECUNDARIA\u201d, con c\u00f3digo 252923GE557.","author":"Inmaculada Garc\u00eda","date":"13 enero, 2025","format":false,"excerpt":"Abierto el plazo de solicitudes de la actividad formativa \u201cCEREBRO Y CORAZ\u00d3N DEL ALUMNADO CON TDAH EN SECUNDARIA\u201d, con c\u00f3digo 252923GE557. Curso dirigido a profesorado de EDUCACI\u00d3N SECUNDARIA Y BACHILLERATO Lugar de realizaci\u00f3n: WEBEX Fechas: 4,11 de febrero y 5,11,18 y 25 de marzo. Inscripciones: Del 10 al 28 de\u2026","rel":"","context":"En \u00abFormaciones\u00bb","block_context":{"text":"Formaciones","link":"https:\/\/cepronda.com\/blog\/category\/formaciones\/"},"img":{"alt_text":"","src":"https:\/\/i0.wp.com\/cepronda.com\/blog\/wp-content\/uploads\/2025\/01\/Curso-provincial.jpg?fit=1080%2C1080&ssl=1&resize=350%2C200","width":350,"height":200,"srcset":"https:\/\/i0.wp.com\/cepronda.com\/blog\/wp-content\/uploads\/2025\/01\/Curso-provincial.jpg?fit=1080%2C1080&ssl=1&resize=350%2C200 1x, https:\/\/i0.wp.com\/cepronda.com\/blog\/wp-content\/uploads\/2025\/01\/Curso-provincial.jpg?fit=1080%2C1080&ssl=1&resize=525%2C300 1.5x, https:\/\/i0.wp.com\/cepronda.com\/blog\/wp-content\/uploads\/2025\/01\/Curso-provincial.jpg?fit=1080%2C1080&ssl=1&resize=700%2C400 2x, https:\/\/i0.wp.com\/cepronda.com\/blog\/wp-content\/uploads\/2025\/01\/Curso-provincial.jpg?fit=1080%2C1080&ssl=1&resize=1050%2C600 3x"},"classes":[]},{"id":7576,"url":"https:\/\/cepronda.com\/blog\/profundizacion-de-las-competencias-profesionales-de-las-direcciones-escolares\/","url_meta":{"origin":1573,"position":5},"title":"PROFUNDIZACI\u00d3N DE LAS COMPETENCIAS PROFESIONALES DE LAS DIRECCIONES ESCOLARES","author":"Mamen Moreno","date":"16 abril, 2024","format":false,"excerpt":"Jornadas provinciales: \"PROFUNDIZACI\u00d3N DE LAS COMPETENCIAS PROFESIONALES DE LAS DIRECCIONES ESCOLARES (SECUNDARIA, BACHILLERATO, FP, ERE)\" C\u00f3digo 242923GE556. Se desarrollar\u00e1 en el CIO Mijas el lunes 13 de mayo de 2024. Periodo de inscripci\u00f3n del 15\/04\/24 al 05\/05\/24 Informaci\u00f3n e inscripci\u00f3n: https:\/\/www.juntadeandalucia.es\/educacion\/secretariavirtual\/consultaCEP\/actividad\/242923GE556\/","rel":"","context":"En \u00abNoticias\u00bb","block_context":{"text":"Noticias","link":"https:\/\/cepronda.com\/blog\/category\/noticias\/"},"img":{"alt_text":"","src":"https:\/\/i0.wp.com\/cepronda.com\/blog\/wp-content\/uploads\/2024\/04\/cartel-jornadas-ADIAN.png?fit=1080%2C1080&ssl=1&resize=350%2C200","width":350,"height":200,"srcset":"https:\/\/i0.wp.com\/cepronda.com\/blog\/wp-content\/uploads\/2024\/04\/cartel-jornadas-ADIAN.png?fit=1080%2C1080&ssl=1&resize=350%2C200 1x, https:\/\/i0.wp.com\/cepronda.com\/blog\/wp-content\/uploads\/2024\/04\/cartel-jornadas-ADIAN.png?fit=1080%2C1080&ssl=1&resize=525%2C300 1.5x, https:\/\/i0.wp.com\/cepronda.com\/blog\/wp-content\/uploads\/2024\/04\/cartel-jornadas-ADIAN.png?fit=1080%2C1080&ssl=1&resize=700%2C400 2x, https:\/\/i0.wp.com\/cepronda.com\/blog\/wp-content\/uploads\/2024\/04\/cartel-jornadas-ADIAN.png?fit=1080%2C1080&ssl=1&resize=1050%2C600 3x"},"classes":[]}],"jetpack_sharing_enabled":true,"_links":{"self":[{"href":"https:\/\/cepronda.com\/blog\/wp-json\/wp\/v2\/posts\/1573","targetHints":{"allow":["GET"]}}],"collection":[{"href":"https:\/\/cepronda.com\/blog\/wp-json\/wp\/v2\/posts"}],"about":[{"href":"https:\/\/cepronda.com\/blog\/wp-json\/wp\/v2\/types\/post"}],"author":[{"embeddable":true,"href":"https:\/\/cepronda.com\/blog\/wp-json\/wp\/v2\/users\/3"}],"replies":[{"embeddable":true,"href":"https:\/\/cepronda.com\/blog\/wp-json\/wp\/v2\/comments?post=1573"}],"version-history":[{"count":1,"href":"https:\/\/cepronda.com\/blog\/wp-json\/wp\/v2\/posts\/1573\/revisions"}],"predecessor-version":[{"id":1575,"href":"https:\/\/cepronda.com\/blog\/wp-json\/wp\/v2\/posts\/1573\/revisions\/1575"}],"wp:featuredmedia":[{"embeddable":true,"href":"https:\/\/cepronda.com\/blog\/wp-json\/wp\/v2\/media\/1574"}],"wp:attachment":[{"href":"https:\/\/cepronda.com\/blog\/wp-json\/wp\/v2\/media?parent=1573"}],"wp:term":[{"taxonomy":"category","embeddable":true,"href":"https:\/\/cepronda.com\/blog\/wp-json\/wp\/v2\/categories?post=1573"},{"taxonomy":"post_tag","embeddable":true,"href":"https:\/\/cepronda.com\/blog\/wp-json\/wp\/v2\/tags?post=1573"}],"curies":[{"name":"wp","href":"https:\/\/api.w.org\/{rel}","templated":true}]}}