{"id":1560,"date":"2018-01-16T13:25:59","date_gmt":"2018-01-16T12:25:59","guid":{"rendered":"http:\/\/cepronda.com\/blog\/?p=1560"},"modified":"2018-01-16T13:25:59","modified_gmt":"2018-01-16T12:25:59","slug":"andalucia-profundiza-2017-2018","status":"publish","type":"post","link":"https:\/\/cepronda.com\/blog\/andalucia-profundiza-2017-2018\/","title":{"rendered":"Andaluc\u00eda profundiza 2017-2018"},"content":{"rendered":"<section class=\"cuerpo detalle_html clearfix\">\n<div class=\"inner_cuerpo\">\n<p>\u00a1Hola! Queremos compartir con todas las personas interesadas la puesta en marcha del programa ANDALUC\u00cdA PROFUNDIZA. Os dejamos con la informaci\u00f3n recogida en la web de la Junta de Andaluc\u00eda.<\/p>\n<p>La Consejer\u00eda de Educaci\u00f3n pone de nuevo en marcha el Programa ANDALUC\u00cdA PROFUNDIZA. Este programa est\u00e1&nbsp; dirigido a todo el alumnado desde 3\u00ba de Primaria hasta 4\u00ba de la ESO que muestre inter\u00e9s en dedicar parte de su tiempo libre a investigar y a profundizar en el conocimiento a trav\u00e9s del desarrollo de proyectos de aprendizaje por descubrimiento dirigidos por profesorado de los centros docentes p\u00fablicos de Andaluc\u00eda.<\/p>\n<p>Desde el curso 2010 \u2013 2011 la Consejer\u00eda de Educaci\u00f3n ha venido desarrollando de manera ininterumpida el programa Andaluc\u00eda Profundiza consolid\u00e1ndose y aumentando progresivamente su presencia debido al amplio inter\u00e9s mostrado por todos los sectores de la comunidad educativa y por estar convencidos de los beneficios que esta metodolog\u00eda de trabajo reportan al aprendizaje y a la motivaci\u00f3n del alumnado.<\/p>\n<p>Para conocer todos los proyectos que se han venido realizando a lo largo de estos cursos, puedes visitar nuestro espacio web:&nbsp;<a href=\"http:\/\/profundiza.org\/\" target=\"_blank\" rel=\"noopener\">http:\/\/profundiza.org<\/a><\/p>\n<p>El plazo para solicitar la participaci\u00f3n en el programa finaliza el pr\u00f3ximo 26 de enero de 2018 para el alumnado y el 31 de enero de 2018 en el caso de los centros y el profesorado. Pueden consultar todos los detalles y acceder a los modelos de solicitud en las instrucciones del programa que se adjuntan.<\/p>\n<\/div>\n<\/section>\n<section class=\"section_widget_abaco documentos docs_normativa\">\n<header>\n<h1 class=\"titulo\">Documentos de la normativa<\/h1>\n<\/header>\n<div class=\"wrapper-listado\">\n<ul class=\"listado\">\n<li class=\"item item_listado\">\n<div class=\"inner-item\">\n<div class=\"item_icon icopdf\">Icono descriptivo<\/div>\n<p>&nbsp;<a href=\"http:\/\/www.juntadeandalucia.es\/educacion\/portals\/abaco-portlet\/content\/da4e8fa4-dd86-4b9a-a331-0bb1600f1268\" target=\"_blank\" rel=\"noopener\">Instrucciones Profundiza 2016-17 (PDF \/ 90.65Kb)<\/a><\/div>\n<\/li>\n<li class=\"item item_listado\">\n<div class=\"inner-item\">\n<div class=\"item_icon icopdf\">Icono descriptivo<\/div>\n<p>&nbsp;<a href=\"http:\/\/www.juntadeandalucia.es\/educacion\/portals\/abaco-portlet\/content\/f77098a2-d723-47df-882f-da03c09dddb8\" target=\"_blank\" rel=\"noopener\">Anexo I.- Solicitud del alumnado (PDF \/ 36.54Kb)<\/a><\/div>\n<\/li>\n<li class=\"item item_listado\">\n<div class=\"inner-item\">\n<div class=\"item_icon icopdf\">Icono descriptivo<\/div>\n<p>&nbsp;<a href=\"http:\/\/www.juntadeandalucia.es\/educacion\/portals\/abaco-portlet\/content\/fd30c970-4ca0-4b35-8f05-6b128a10be96\" target=\"_blank\" rel=\"noopener\">Anexo II.- Solicitud del centro (PDF \/ 36.02Kb)<\/a><\/div>\n<\/li>\n<li class=\"item item_listado\">\n<div class=\"inner-item\">\n<div class=\"item_icon icopdf\">Icono descriptivo<\/div>\n<p>&nbsp;<a href=\"http:\/\/www.juntadeandalucia.es\/educacion\/portals\/abaco-portlet\/content\/1047e8c2-e197-4a67-acb6-20668ece1c95\" target=\"_blank\" rel=\"noopener\">Anexo III.- Solicitud del profesorado (PDF \/ 42.85Kb)<\/a><\/div>\n<\/li>\n<\/ul>\n<\/div>\n<\/section>\n<section class=\"section_widget_abaco documentos doc_relacionados_normativa\">\n<header>\n<h1 class=\"titulo\">Otros documentos relacionados<\/h1>\n<\/header>\n<div class=\"wrapper-listado\">\n<ul class=\"listado\">\n<li class=\"item item_listado\">\n<div class=\"inner-item\">\n<div class=\"item_icon icopdf\">Icono descriptivo<\/div>\n<p>&nbsp;<a href=\"http:\/\/www.juntadeandalucia.es\/educacion\/portals\/abaco-portlet\/content\/be64fa3e-7afc-4ad7-9e7d-b471fcc64716\" target=\"_blank\" rel=\"noopener\">Instrucciones Profundiza 2017-18 (PDF \/ 196.15Kb)<\/a><\/div>\n<\/li>\n<li class=\"item item_listado\">\n<div class=\"inner-item\">\n<div class=\"item_icon icopdf\">Icono descriptivo<\/div>\n<p>&nbsp;<a href=\"http:\/\/www.juntadeandalucia.es\/educacion\/portals\/abaco-portlet\/content\/54b3918c-95af-4cfa-bac0-15ed635cb1f9\" target=\"_blank\" rel=\"noopener\">Anexo I.- solicitud del alumnado (PDF \/ 36.54Kb)<\/a><\/div>\n<\/li>\n<li class=\"item item_listado\">\n<div class=\"inner-item\">\n<div class=\"item_icon icopdf\">Icono descriptivo<\/div>\n<p>&nbsp;<a href=\"http:\/\/www.juntadeandalucia.es\/educacion\/portals\/abaco-portlet\/content\/e2a7742d-64a8-4d54-96bc-be45d19e0882\" target=\"_blank\" rel=\"noopener\">Anexo II.- solicitud del centro (PDF \/ 36.02Kb)<\/a><\/div>\n<\/li>\n<li class=\"item item_listado\">\n<div class=\"inner-item\">\n<div class=\"item_icon icopdf\">Icono descriptivo<\/div>\n<p>&nbsp;<a href=\"http:\/\/www.juntadeandalucia.es\/educacion\/portals\/abaco-portlet\/content\/a376a24e-1537-4092-bb25-6d40c4231828\" target=\"_blank\" rel=\"noopener\">Anexo III.- solicitud del profesorado (PDF \/ 42.85Kb)<\/a><\/div>\n<\/li>\n<\/ul>\n<\/div>\n<\/section>\n","protected":false},"excerpt":{"rendered":"<p>\u00a1Hola! Queremos compartir con todas las personas interesadas la puesta en marcha del programa ANDALUC\u00cdA PROFUNDIZA. Os dejamos con la informaci\u00f3n recogida en la web de la Junta de Andaluc\u00eda. La Consejer\u00eda de Educaci\u00f3n pone de nuevo en marcha el Programa ANDALUC\u00cdA PROFUNDIZA. Este programa est\u00e1&nbsp; dirigido a todo el alumnado desde 3\u00ba de Primaria [&hellip;]<\/p>\n","protected":false},"author":3,"featured_media":1561,"comment_status":"open","ping_status":"open","sticky":false,"template":"","format":"standard","meta":{"_crdt_document":"","advanced_seo_description":"","jetpack_seo_html_title":"","jetpack_seo_noindex":false,"jetpack_post_was_ever_published":false,"_jetpack_newsletter_access":"","_jetpack_dont_email_post_to_subs":false,"_jetpack_newsletter_tier_id":0,"_jetpack_memberships_contains_paywalled_content":false,"_jetpack_memberships_contains_paid_content":false,"footnotes":"","jetpack_publicize_message":"Andaluc\u00eda profundiza 2017-2018. Abierto el plazo de inscripci\u00f3n","jetpack_publicize_feature_enabled":true,"jetpack_social_post_already_shared":true,"jetpack_social_options":{"image_generator_settings":{"template":"highway","default_image_id":0,"font":"","enabled":false},"version":2}},"categories":[5],"tags":[113],"class_list":{"0":"post-1560","1":"post","2":"type-post","3":"status-publish","4":"format-standard","5":"has-post-thumbnail","7":"category-noticias","8":"tag-profundiza","9":"czr-hentry"},"jetpack_publicize_connections":[],"jetpack_featured_media_url":"https:\/\/i0.wp.com\/cepronda.com\/blog\/wp-content\/uploads\/2018\/01\/profundiza.png?fit=328%2C154&ssl=1","jetpack_shortlink":"https:\/\/wp.me\/p8M4X7-pa","jetpack-related-posts":[{"id":2319,"url":"https:\/\/cepronda.com\/blog\/v-encuentro-de-escuelas-rurales-de-andalucia\/","url_meta":{"origin":1560,"position":0},"title":"V Encuentro de Escuelas Rurales de Andaluc\u00eda","author":"V\u00edctor Caballero","date":"13 septiembre, 2018","format":false,"excerpt":"Muy buenas, Como sab\u00e9is una de nuestras prioridades son los centros rurales agrupados dada su casu\u00edstica tan peculiar, y dado que tenemos la gran suerte de contar con 5 de ellos en nuestra zona. En este sentido os queremos comunicar que los pr\u00f3ximos d\u00edas 4 y 5 de octubre se\u2026","rel":"","context":"En \u00abNoticias\u00bb","block_context":{"text":"Noticias","link":"https:\/\/cepronda.com\/blog\/category\/noticias\/"},"img":{"alt_text":"","src":"https:\/\/i0.wp.com\/cepronda.com\/blog\/wp-content\/uploads\/2018\/09\/handbag-407198_640.jpg?fit=640%2C426&ssl=1&resize=350%2C200","width":350,"height":200,"srcset":"https:\/\/i0.wp.com\/cepronda.com\/blog\/wp-content\/uploads\/2018\/09\/handbag-407198_640.jpg?fit=640%2C426&ssl=1&resize=350%2C200 1x, https:\/\/i0.wp.com\/cepronda.com\/blog\/wp-content\/uploads\/2018\/09\/handbag-407198_640.jpg?fit=640%2C426&ssl=1&resize=525%2C300 1.5x"},"classes":[]},{"id":5307,"url":"https:\/\/cepronda.com\/blog\/la-realidad-de-los-centros-publicos-rurales-revista-andalucia-educativa\/","url_meta":{"origin":1560,"position":1},"title":"LA REALIDAD DE LOS CENTROS P\u00daBLICOS RURALES. REVISTA ANDALUC\u00cdA EDUCATIVA.","author":"Inmaculada Garc\u00eda","date":"12 mayo, 2022","format":false,"excerpt":"Estimados compa\u00f1eros y compa\u00f1eras, el pasado 26 de abril la revista Andaluc\u00eda Educativa public\u00f3 un art\u00edculo en el que contamos las necesidades detectadas en los CPRs de nuestra zona desde el CEP de Ronda y su asesor\u00eda de referencia, as\u00ed como las diferentes acciones que llevamos a cabo en esta\u2026","rel":"","context":"En \u00abNoticias\u00bb","block_context":{"text":"Noticias","link":"https:\/\/cepronda.com\/blog\/category\/noticias\/"},"img":{"alt_text":"","src":"https:\/\/i0.wp.com\/cepronda.com\/blog\/wp-content\/uploads\/2022\/05\/Captura-de-pantalla-104.png?fit=608%2C596&ssl=1&resize=350%2C200","width":350,"height":200,"srcset":"https:\/\/i0.wp.com\/cepronda.com\/blog\/wp-content\/uploads\/2022\/05\/Captura-de-pantalla-104.png?fit=608%2C596&ssl=1&resize=350%2C200 1x, https:\/\/i0.wp.com\/cepronda.com\/blog\/wp-content\/uploads\/2022\/05\/Captura-de-pantalla-104.png?fit=608%2C596&ssl=1&resize=525%2C300 1.5x"},"classes":[]},{"id":7932,"url":"https:\/\/cepronda.com\/blog\/actividad-regional-proceso-de-admision-ensenanzas-de-regimen-general-andalucia-oriental-y-occidental\/","url_meta":{"origin":1560,"position":2},"title":"ACTIVIDAD REGIONAL: PROCESO DE ADMISI\u00d3N ENSE\u00d1ANZAS DE R\u00c9GIMEN GENERAL (ANDALUC\u00cdA ORIENTAL y OCCIDENTAL)","author":"Mamen Moreno","date":"13 diciembre, 2024","format":false,"excerpt":"Abierto el plazo de solicitudes para la\u00a0 ACTIVIDAD REGIONAL:\u00a0 PROCESO DE ADMISI\u00d3N ENSE\u00d1ANZAS DE R\u00c9GIMEN GENERAL (ANDALUC\u00cdA ORIENTAL y OCCIDENTAL) DIRIGIDO A: Destinado a equipos directivos, as\u00ed como aquel personal docente encargado de la gesti\u00f3n del proceso de admisi\u00f3n desde el 2\u00ba ciclo de E. Infantil a Bachillerato y Educaci\u00f3n\u2026","rel":"","context":"En \u00abFormaciones\u00bb","block_context":{"text":"Formaciones","link":"https:\/\/cepronda.com\/blog\/category\/formaciones\/"},"img":{"alt_text":"","src":"https:\/\/i0.wp.com\/cepronda.com\/blog\/wp-content\/uploads\/2024\/12\/PROCESO-DE-ADMISION-ENSENANZAS-DE-REGIMEN-GENERAL-Andalucia-GENERAL-1.jpg?fit=1200%2C675&ssl=1&resize=350%2C200","width":350,"height":200,"srcset":"https:\/\/i0.wp.com\/cepronda.com\/blog\/wp-content\/uploads\/2024\/12\/PROCESO-DE-ADMISION-ENSENANZAS-DE-REGIMEN-GENERAL-Andalucia-GENERAL-1.jpg?fit=1200%2C675&ssl=1&resize=350%2C200 1x, https:\/\/i0.wp.com\/cepronda.com\/blog\/wp-content\/uploads\/2024\/12\/PROCESO-DE-ADMISION-ENSENANZAS-DE-REGIMEN-GENERAL-Andalucia-GENERAL-1.jpg?fit=1200%2C675&ssl=1&resize=525%2C300 1.5x, https:\/\/i0.wp.com\/cepronda.com\/blog\/wp-content\/uploads\/2024\/12\/PROCESO-DE-ADMISION-ENSENANZAS-DE-REGIMEN-GENERAL-Andalucia-GENERAL-1.jpg?fit=1200%2C675&ssl=1&resize=700%2C400 2x, https:\/\/i0.wp.com\/cepronda.com\/blog\/wp-content\/uploads\/2024\/12\/PROCESO-DE-ADMISION-ENSENANZAS-DE-REGIMEN-GENERAL-Andalucia-GENERAL-1.jpg?fit=1200%2C675&ssl=1&resize=1050%2C600 3x"},"classes":[]},{"id":5499,"url":"https:\/\/cepronda.com\/blog\/xxi-certamen-literario-escolar-andaluz-en-materia-de-voluntariado-solidaridad-en-letras-2022\/","url_meta":{"origin":1560,"position":3},"title":"XXI CERTAMEN LITERARIO ESCOLAR ANDALUZ EN MATERIA DE VOLUNTARIADO \u00abSOLIDARIDAD EN LETRAS\u00bb 2022","author":"Mamen Moreno","date":"21 septiembre, 2022","format":false,"excerpt":"La Junta de Andaluc\u00eda, a trav\u00e9s de la Consejer\u00eda de Igualdad, Pol\u00edticas Sociales y Conciliaci\u00f3n, tiene abierto el plazo de presentaci\u00f3n de candidaturas para el\u00a0 XXI Certamen Literario Escolar Andaluz en materia de voluntariado: \u00abSolidaridad en Letras. El plazo de presentaci\u00f3n finaliza el d\u00eda 28 de octubre de 2022. Dicho\u2026","rel":"","context":"En \u00abNoticias\u00bb","block_context":{"text":"Noticias","link":"https:\/\/cepronda.com\/blog\/category\/noticias\/"},"img":{"alt_text":"","src":"https:\/\/i0.wp.com\/cepronda.com\/blog\/wp-content\/uploads\/2022\/09\/f06ccb03-e9d6-4236-bc0e-f8c34407feb0.jpg?fit=1080%2C1080&ssl=1&resize=350%2C200","width":350,"height":200,"srcset":"https:\/\/i0.wp.com\/cepronda.com\/blog\/wp-content\/uploads\/2022\/09\/f06ccb03-e9d6-4236-bc0e-f8c34407feb0.jpg?fit=1080%2C1080&ssl=1&resize=350%2C200 1x, https:\/\/i0.wp.com\/cepronda.com\/blog\/wp-content\/uploads\/2022\/09\/f06ccb03-e9d6-4236-bc0e-f8c34407feb0.jpg?fit=1080%2C1080&ssl=1&resize=525%2C300 1.5x, https:\/\/i0.wp.com\/cepronda.com\/blog\/wp-content\/uploads\/2022\/09\/f06ccb03-e9d6-4236-bc0e-f8c34407feb0.jpg?fit=1080%2C1080&ssl=1&resize=700%2C400 2x, https:\/\/i0.wp.com\/cepronda.com\/blog\/wp-content\/uploads\/2022\/09\/f06ccb03-e9d6-4236-bc0e-f8c34407feb0.jpg?fit=1080%2C1080&ssl=1&resize=1050%2C600 3x"},"classes":[]},{"id":4024,"url":"https:\/\/cepronda.com\/blog\/revista-andalucia-educativa\/","url_meta":{"origin":1560,"position":4},"title":"REVISTA ANDALUC\u00cdA EDUCATIVA","author":"Maribel Mu\u00f1oz","date":"4 diciembre, 2020","format":false,"excerpt":"Buenas tardes compa\u00f1eras y compa\u00f1eros. Os ponemos en conocimiento la Revista Andaluc\u00eda Educativa. Dicha revista es una plataforma de la que disponemos para hacer visible nuestro trabajo, experiencias educativas, buenas pr\u00e1cticas, etc; para toda la comunidad educativa andaluza. Os animamos a que pong\u00e1is por escrito el valios\u00edsimo trabajo que hac\u00e9is\u2026","rel":"","context":"En \u00abNoticias\u00bb","block_context":{"text":"Noticias","link":"https:\/\/cepronda.com\/blog\/category\/noticias\/"},"img":{"alt_text":"","src":"https:\/\/i0.wp.com\/cepronda.com\/blog\/wp-content\/uploads\/2020\/12\/Revsita-andalucia-cabecera.jpg?fit=1200%2C429&ssl=1&resize=350%2C200","width":350,"height":200,"srcset":"https:\/\/i0.wp.com\/cepronda.com\/blog\/wp-content\/uploads\/2020\/12\/Revsita-andalucia-cabecera.jpg?fit=1200%2C429&ssl=1&resize=350%2C200 1x, https:\/\/i0.wp.com\/cepronda.com\/blog\/wp-content\/uploads\/2020\/12\/Revsita-andalucia-cabecera.jpg?fit=1200%2C429&ssl=1&resize=525%2C300 1.5x, https:\/\/i0.wp.com\/cepronda.com\/blog\/wp-content\/uploads\/2020\/12\/Revsita-andalucia-cabecera.jpg?fit=1200%2C429&ssl=1&resize=700%2C400 2x, https:\/\/i0.wp.com\/cepronda.com\/blog\/wp-content\/uploads\/2020\/12\/Revsita-andalucia-cabecera.jpg?fit=1200%2C429&ssl=1&resize=1050%2C600 3x"},"classes":[]},{"id":2788,"url":"https:\/\/cepronda.com\/blog\/campeonato-de-andalucia-de-orientacion-por-centros-escolares\/","url_meta":{"origin":1560,"position":5},"title":"Campeonato de Andaluc\u00eda de Orientaci\u00f3n por centros escolares","author":"V\u00edctor Caballero","date":"7 mayo, 2019","format":false,"excerpt":"Hola de nuevo, compartimos las noticias que nos llegan desde el Departamento de Educaci\u00f3n F\u00edsica del IES Mart\u00edn Rivero. Desde el CEP queremos dar la enhorabuena tanto al profesorado como al alumnado implicado, sabemos que est\u00e1is realizando un gran trabajo. Desde el departamento de Educaci\u00f3n F\u00edsica nos gustar\u00eda compartir con\u2026","rel":"","context":"En \u00abNoticias\u00bb","block_context":{"text":"Noticias","link":"https:\/\/cepronda.com\/blog\/category\/noticias\/"},"img":{"alt_text":"","src":"https:\/\/i0.wp.com\/cepronda.com\/blog\/wp-content\/uploads\/2019\/05\/compass-3072065_1920.jpg?fit=1200%2C801&ssl=1&resize=350%2C200","width":350,"height":200,"srcset":"https:\/\/i0.wp.com\/cepronda.com\/blog\/wp-content\/uploads\/2019\/05\/compass-3072065_1920.jpg?fit=1200%2C801&ssl=1&resize=350%2C200 1x, https:\/\/i0.wp.com\/cepronda.com\/blog\/wp-content\/uploads\/2019\/05\/compass-3072065_1920.jpg?fit=1200%2C801&ssl=1&resize=525%2C300 1.5x, https:\/\/i0.wp.com\/cepronda.com\/blog\/wp-content\/uploads\/2019\/05\/compass-3072065_1920.jpg?fit=1200%2C801&ssl=1&resize=700%2C400 2x, https:\/\/i0.wp.com\/cepronda.com\/blog\/wp-content\/uploads\/2019\/05\/compass-3072065_1920.jpg?fit=1200%2C801&ssl=1&resize=1050%2C600 3x"},"classes":[]}],"jetpack_sharing_enabled":true,"_links":{"self":[{"href":"https:\/\/cepronda.com\/blog\/wp-json\/wp\/v2\/posts\/1560","targetHints":{"allow":["GET"]}}],"collection":[{"href":"https:\/\/cepronda.com\/blog\/wp-json\/wp\/v2\/posts"}],"about":[{"href":"https:\/\/cepronda.com\/blog\/wp-json\/wp\/v2\/types\/post"}],"author":[{"embeddable":true,"href":"https:\/\/cepronda.com\/blog\/wp-json\/wp\/v2\/users\/3"}],"replies":[{"embeddable":true,"href":"https:\/\/cepronda.com\/blog\/wp-json\/wp\/v2\/comments?post=1560"}],"version-history":[{"count":1,"href":"https:\/\/cepronda.com\/blog\/wp-json\/wp\/v2\/posts\/1560\/revisions"}],"predecessor-version":[{"id":1562,"href":"https:\/\/cepronda.com\/blog\/wp-json\/wp\/v2\/posts\/1560\/revisions\/1562"}],"wp:featuredmedia":[{"embeddable":true,"href":"https:\/\/cepronda.com\/blog\/wp-json\/wp\/v2\/media\/1561"}],"wp:attachment":[{"href":"https:\/\/cepronda.com\/blog\/wp-json\/wp\/v2\/media?parent=1560"}],"wp:term":[{"taxonomy":"category","embeddable":true,"href":"https:\/\/cepronda.com\/blog\/wp-json\/wp\/v2\/categories?post=1560"},{"taxonomy":"post_tag","embeddable":true,"href":"https:\/\/cepronda.com\/blog\/wp-json\/wp\/v2\/tags?post=1560"}],"curies":[{"name":"wp","href":"https:\/\/api.w.org\/{rel}","templated":true}]}}