{"id":156,"date":"2016-09-28T18:11:23","date_gmt":"2016-09-28T16:11:23","guid":{"rendered":"http:\/\/cepronda.com\/blog\/?p=156"},"modified":"2016-09-28T18:11:23","modified_gmt":"2016-09-28T16:11:23","slug":"fotos-de-la-jornada-informativa","status":"publish","type":"post","link":"https:\/\/cepronda.com\/blog\/fotos-de-la-jornada-informativa\/","title":{"rendered":"Fotos de la Jornada Informativa"},"content":{"rendered":"<p>Ayer tarde tuvimos nuestra primera actividad de este curso, y creemos que resultaron un gran pistoletazo de salida para toda la formaci\u00f3n que vamos a realizar a partir de este momento.<\/p>\n<p>Os dejamos con esta peque\u00f1a muestra de las fotos tomadas ayer. Esperemos que las disfrut\u00e9is.<br \/>\n[Best_Wordpress_Gallery id=\u00bb2&#8243; gal_title=\u00bbJornada informativa 2016\/2017&#8243;]<\/p>\n<p><span style=\"border-radius: 2px; text-indent: 20px; width: auto; padding: 0px 4px 0px 0px; text-align: center; font: bold 11px\/20px 'Helvetica Neue',Helvetica,sans-serif; color: #ffffff; background: #bd081c no-repeat scroll 3px 50% \/ 14px 14px; position: absolute; opacity: 1; z-index: 8675309; display: none; cursor: pointer;\">Guardar<\/span><\/p>\n<p><span style=\"border-radius: 2px; text-indent: 20px; width: auto; padding: 0px 4px 0px 0px; text-align: center; font: bold 11px\/20px 'Helvetica Neue',Helvetica,sans-serif; color: #ffffff; background: #bd081c  no-repeat scroll 3px 50% \/ 14px 14px; position: absolute; opacity: 1; z-index: 8675309; display: none; cursor: pointer;\">Guardar<\/span><\/p>\n","protected":false},"excerpt":{"rendered":"<p>Ayer tarde tuvimos nuestra primera actividad de este curso, y creemos que resultaron un gran pistoletazo de salida para toda la formaci\u00f3n que vamos a realizar a partir de este momento. Os dejamos con esta peque\u00f1a muestra de las fotos tomadas ayer. Esperemos que las disfrut\u00e9is. [Best_Wordpress_Gallery id=\u00bb2&#8243; gal_title=\u00bbJornada informativa 2016\/2017&#8243;] Guardar Guardar<\/p>\n","protected":false},"author":3,"featured_media":159,"comment_status":"open","ping_status":"open","sticky":false,"template":"","format":"standard","meta":{"_crdt_document":"","advanced_seo_description":"","jetpack_seo_html_title":"","jetpack_seo_noindex":false,"jetpack_post_was_ever_published":false,"_jetpack_newsletter_access":"","_jetpack_dont_email_post_to_subs":false,"_jetpack_newsletter_tier_id":0,"_jetpack_memberships_contains_paywalled_content":false,"_jetpack_memberships_contains_paid_content":false,"footnotes":"","jetpack_publicize_message":"","jetpack_publicize_feature_enabled":true,"jetpack_social_post_already_shared":false,"jetpack_social_options":{"image_generator_settings":{"template":"highway","default_image_id":0,"font":"","enabled":false},"version":2}},"categories":[3,5],"tags":[31],"class_list":{"0":"post-156","1":"post","2":"type-post","3":"status-publish","4":"format-standard","5":"has-post-thumbnail","7":"category-formaciones","8":"category-noticias","9":"tag-fotografias","10":"czr-hentry"},"jetpack_publicize_connections":[],"jetpack_featured_media_url":"","jetpack_shortlink":"https:\/\/wp.me\/p8M4X7-2w","jetpack-related-posts":[{"id":5439,"url":"https:\/\/cepronda.com\/blog\/jornada-informativa-sobre-el-proyecto-linguistico-de-centro\/","url_meta":{"origin":156,"position":0},"title":"JORNADA INFORMATIVA SOBRE EL PROYECTO LING\u00dc\u00cdSTICO DE CENTRO","author":"Maribel Mu\u00f1oz","date":"12 septiembre, 2022","format":false,"excerpt":"Buenas tardes compa\u00f1eras y compa\u00f1eros, Os\u00a0 informamos que est\u00e1 abierto el plazo de inscripci\u00f3n en la JORNADA INFORMATIVA SOBRE EL PROYECTO LING\u00dc\u00cdSTICO DE CENTRO. Solicita un PLC para tu centro. Ll\u00e9vate un Proyecto Inicial elaborado con garant\u00edas. Introduce situaciones de aprendizaje que mejoren la competencia ling\u00fc\u00edstica. \ud83d\udda5 Jornada para conocer\u2026","rel":"","context":"En \u00abFormaciones\u00bb","block_context":{"text":"Formaciones","link":"https:\/\/cepronda.com\/blog\/category\/formaciones\/"},"img":{"alt_text":"","src":"https:\/\/i0.wp.com\/cepronda.com\/blog\/wp-content\/uploads\/2022\/09\/WhatsApp-Image-2022-09-14-at-13.47.37.jpeg?fit=848%2C1200&ssl=1&resize=350%2C200","width":350,"height":200,"srcset":"https:\/\/i0.wp.com\/cepronda.com\/blog\/wp-content\/uploads\/2022\/09\/WhatsApp-Image-2022-09-14-at-13.47.37.jpeg?fit=848%2C1200&ssl=1&resize=350%2C200 1x, https:\/\/i0.wp.com\/cepronda.com\/blog\/wp-content\/uploads\/2022\/09\/WhatsApp-Image-2022-09-14-at-13.47.37.jpeg?fit=848%2C1200&ssl=1&resize=525%2C300 1.5x, https:\/\/i0.wp.com\/cepronda.com\/blog\/wp-content\/uploads\/2022\/09\/WhatsApp-Image-2022-09-14-at-13.47.37.jpeg?fit=848%2C1200&ssl=1&resize=700%2C400 2x"},"classes":[]},{"id":1225,"url":"https:\/\/cepronda.com\/blog\/jornada-informativa-sobre-los-grupos-de-trabajo-y-formaciones-en-centro\/","url_meta":{"origin":156,"position":1},"title":"Jornada informativa sobre los Grupos de Trabajo y Formaciones en Centro","author":"V\u00edctor Caballero","date":"13 septiembre, 2017","format":false,"excerpt":"Muy buenas, Hoy queremos contaros que el pr\u00f3ximo mi\u00e9rcoles d\u00eda 20, de 16'30 a 19'30, tendremos una sesi\u00f3n informativa sobre la normativa que regula los Grupos de Trabajo, las Formaciones en Centro, y la formaci\u00f3n vinculada a los distintos Planes y Programas Educativos. En esta jornada podremos informaros de esta\u2026","rel":"","context":"En \u00abNoticias\u00bb","block_context":{"text":"Noticias","link":"https:\/\/cepronda.com\/blog\/category\/noticias\/"},"img":{"alt_text":"","src":"https:\/\/i0.wp.com\/cepronda.com\/blog\/wp-content\/uploads\/2017\/05\/cropped-LogoCep02-2.png?fit=512%2C512&ssl=1&resize=350%2C200","width":350,"height":200},"classes":[]},{"id":373,"url":"https:\/\/cepronda.com\/blog\/fotos-de-la-sesion-final-de-ayer-en-algatocin\/","url_meta":{"origin":156,"position":2},"title":"Fotos de la sesi\u00f3n final de ayer en Algatoc\u00edn","author":"V\u00edctor Caballero","date":"22 noviembre, 2016","format":false,"excerpt":"\u00a1Hola familia! Os dejo con algunas de las fotos que hicimos en la jornada de ayer, donde concluimos las I Jornadas de CPR de la Serran\u00eda de Ronda. \u00a0Fue una tarde dif\u00edcil meteorol\u00f3gicamente, pero creemos sinceramente que fue muy productiva. Desde aqu\u00ed agradecer tanto a los ponentes de ayer, como\u2026","rel":"","context":"En \u00abNoticias\u00bb","block_context":{"text":"Noticias","link":"https:\/\/cepronda.com\/blog\/category\/noticias\/"},"img":{"alt_text":"","src":"","width":0,"height":0},"classes":[]},{"id":137,"url":"https:\/\/cepronda.com\/blog\/jornada-informativa-sobre-grupos-de-trabajo-formacion-en-centros-y-planes-y-programas\/","url_meta":{"origin":156,"position":3},"title":"Jornada informativa sobre Grupos de Trabajo, Formaci\u00f3n en Centros, y Planes y Programas","author":"V\u00edctor Caballero","date":"27 septiembre, 2016","format":false,"excerpt":"Os esperamos esta tarde a partir de las 17 horas en la jornada informativa sobre los Grupos de Trabajo y la Formaci\u00f3n en Centro. Asimismo informaremos de los Planes y Programas ofertados por la Junta. Tras breves explicaciones sobre las instrucciones y normativa, pasaremos a admirar el trabajo realizado el\u2026","rel":"","context":"En \u00abFormaciones\u00bb","block_context":{"text":"Formaciones","link":"https:\/\/cepronda.com\/blog\/category\/formaciones\/"},"img":{"alt_text":"","src":"","width":0,"height":0},"classes":[]},{"id":3018,"url":"https:\/\/cepronda.com\/blog\/rondatec-primera-feria-de-las-tecnologias-de-ronda-y-su-serrania\/","url_meta":{"origin":156,"position":4},"title":"RONDATEC: primera feria de las tecnolog\u00edas de Ronda y su Serran\u00eda","author":"V\u00edctor Caballero","date":"23 septiembre, 2019","format":false,"excerpt":"Muy buenas familia, Comienza su andadura uno de los proyectos nuevos de este curso escolar, y que creemos que a muchos y muchas de vosotras os puede interesar e implicar a vuestro alumnado. La idea es participar con vuestro alumnado en RONDATEC, mostrando al resto de participantes y p\u00fablico en\u2026","rel":"","context":"En \u00abFormaciones\u00bb","block_context":{"text":"Formaciones","link":"https:\/\/cepronda.com\/blog\/category\/formaciones\/"},"img":{"alt_text":"","src":"https:\/\/i0.wp.com\/cepronda.com\/blog\/wp-content\/uploads\/2019\/09\/rondatec_cartel.png?fit=644%2C915&ssl=1&resize=350%2C200","width":350,"height":200,"srcset":"https:\/\/i0.wp.com\/cepronda.com\/blog\/wp-content\/uploads\/2019\/09\/rondatec_cartel.png?fit=644%2C915&ssl=1&resize=350%2C200 1x, https:\/\/i0.wp.com\/cepronda.com\/blog\/wp-content\/uploads\/2019\/09\/rondatec_cartel.png?fit=644%2C915&ssl=1&resize=525%2C300 1.5x"},"classes":[]},{"id":5187,"url":"https:\/\/cepronda.com\/blog\/reunion-informativa-v-premios-bibliotecas-escolares-y-fomento-de-la-lectura\/","url_meta":{"origin":156,"position":5},"title":"REUNI\u00d3N INFORMATIVA V PREMIOS BIBLIOTECAS ESCOLARES Y FOMENTO DE LA LECTURA.","author":"Maribel Mu\u00f1oz","date":"28 marzo, 2022","format":false,"excerpt":"Buenas tardes compa\u00f1eras y compa\u00f1eros Os informamos que el pr\u00f3ximo 6 de abril de 2022 se va a desarrollar una REUNI\u00d3N INFORMATIVA V PREMIOS BIBLIOTECAS ESCOLARES Y FOMENTO DE LA LECTURA.\u00a0 Est\u00e1 dirigida al profesorado responsable de BE y direcciones de centros de Educaci\u00f3n Infantil de 2\u00ba ciclo, Educaci\u00f3n Primaria\u2026","rel":"","context":"En \u00abNoticias\u00bb","block_context":{"text":"Noticias","link":"https:\/\/cepronda.com\/blog\/category\/noticias\/"},"img":{"alt_text":"","src":"https:\/\/i0.wp.com\/cepronda.com\/blog\/wp-content\/uploads\/2022\/03\/BBEE-cartel-reunion-1.jpg?fit=580%2C820&ssl=1&resize=350%2C200","width":350,"height":200,"srcset":"https:\/\/i0.wp.com\/cepronda.com\/blog\/wp-content\/uploads\/2022\/03\/BBEE-cartel-reunion-1.jpg?fit=580%2C820&ssl=1&resize=350%2C200 1x, https:\/\/i0.wp.com\/cepronda.com\/blog\/wp-content\/uploads\/2022\/03\/BBEE-cartel-reunion-1.jpg?fit=580%2C820&ssl=1&resize=525%2C300 1.5x"},"classes":[]}],"jetpack_sharing_enabled":true,"_links":{"self":[{"href":"https:\/\/cepronda.com\/blog\/wp-json\/wp\/v2\/posts\/156","targetHints":{"allow":["GET"]}}],"collection":[{"href":"https:\/\/cepronda.com\/blog\/wp-json\/wp\/v2\/posts"}],"about":[{"href":"https:\/\/cepronda.com\/blog\/wp-json\/wp\/v2\/types\/post"}],"author":[{"embeddable":true,"href":"https:\/\/cepronda.com\/blog\/wp-json\/wp\/v2\/users\/3"}],"replies":[{"embeddable":true,"href":"https:\/\/cepronda.com\/blog\/wp-json\/wp\/v2\/comments?post=156"}],"version-history":[{"count":0,"href":"https:\/\/cepronda.com\/blog\/wp-json\/wp\/v2\/posts\/156\/revisions"}],"wp:featuredmedia":[{"embeddable":true,"href":"https:\/\/cepronda.com\/blog\/wp-json\/"}],"wp:attachment":[{"href":"https:\/\/cepronda.com\/blog\/wp-json\/wp\/v2\/media?parent=156"}],"wp:term":[{"taxonomy":"category","embeddable":true,"href":"https:\/\/cepronda.com\/blog\/wp-json\/wp\/v2\/categories?post=156"},{"taxonomy":"post_tag","embeddable":true,"href":"https:\/\/cepronda.com\/blog\/wp-json\/wp\/v2\/tags?post=156"}],"curies":[{"name":"wp","href":"https:\/\/api.w.org\/{rel}","templated":true}]}}