{"id":1557,"date":"2018-01-15T17:12:50","date_gmt":"2018-01-15T16:12:50","guid":{"rendered":"http:\/\/cepronda.com\/blog\/?p=1557"},"modified":"2025-04-25T12:08:13","modified_gmt":"2025-04-25T10:08:13","slug":"iv-edicion-de-los-premios-andaluces-el-audiovisual-en-la-escuela","status":"publish","type":"post","link":"https:\/\/cepronda.com\/blog\/iv-edicion-de-los-premios-andaluces-el-audiovisual-en-la-escuela\/","title":{"rendered":"IV Edici\u00f3n de los Premios Andaluces \u201d El Audiovisual en la Escuela \u201c"},"content":{"rendered":"<p>\u00a1Hola familia!<\/p>\n<p>Quer\u00edamos compartir con todos los centros esta informaci\u00f3n que nos llega y creemos que puede ser de vuestro inter\u00e9s. Se trata de la IV edici\u00f3n delos premios \u00abEl audiovisual en la escuela\u00bb.&nbsp;<\/p>\n<p>El Consejo Audiovisual de Andaluc\u00eda convoca la IV edici\u00f3n de los&nbsp;<strong>premios andaluces El Audiovisual en la Escuela,&nbsp;<\/strong>con la colaboraci\u00f3n de la Fundaci\u00f3n Cajasol y del Consejo Escolar de Andaluc\u00eda. Su objetivo es&nbsp;<strong>estimular la alfabetizaci\u00f3n medi\u00e1tica&nbsp;<\/strong>de los escolares y docentes<strong>,<\/strong>&nbsp;es decir<strong>, la capacidad de analizar con esp\u00edritu cr\u00edtico los mensajes y la publicidad que recibimos a trav\u00e9s de los medios de comunicaci\u00f3n<\/strong>.<\/p>\n<p>En el certamen pueden participar escolares andaluces de entre 6 y 18 a\u00f1os de centros p\u00fablicos y concertados, y sus profesores. Como en las tres ediciones anteriores los premios se convocan en las siguientes categor\u00edas:<\/p>\n<ul>\n<li>Ciclo inicial: Educaci\u00f3n primaria (6 a 7 a\u00f1os).<\/li>\n<li>Ciclo medio: Educaci\u00f3n primaria (8-9 a\u00f1os).<\/li>\n<li>Ciclo superior: Educaci\u00f3n primaria (10-11 a\u00f1os).<\/li>\n<li>Educaci\u00f3n secundaria obligatoria (12-16 a\u00f1os).<\/li>\n<li>Educaci\u00f3n secundaria postobligatoria (17-18 a\u00f1os), bachillerato y ciclos formativos de grado medio.<\/li>\n<\/ul>\n<p>Los trabajos, escritos o en formato audiovisual,&nbsp;&nbsp;<strong>podr\u00e1n presentarse hasta el 30 de abril de 2018<\/strong>.<\/p>\n<p>En el caso de los&nbsp;<strong>alumnos<\/strong>, deben versar sobre cualquier aspecto que se trate en las asignaturas del curso desde un enfoque relacionado con la alfabetizaci\u00f3n medi\u00e1tica, con especial incidencia en la fase de producci\u00f3n audiovisual, la percepci\u00f3n y el an\u00e1lisis de los mensajes audiovisuales y la capacidad cr\u00edtica ante los contenidos que se emiten en los \u201c<em>mass media<\/em>\u201d.<\/p>\n<p>Los&nbsp;<strong>docentes<\/strong>&nbsp;que deseen participar deber\u00e1n presentar trabajos que desarrollen experiencias de educaci\u00f3n en comunicaci\u00f3n audiovisual en el \u00e1mbito escolar, o bien, una propuesta educativa de incorporaci\u00f3n a la Educaci\u00f3n Infantil, Primaria y Secundaria de la alfabetizaci\u00f3n medi\u00e1tica y su evaluaci\u00f3n.<\/p>\n<p>Como ya se introdujo en las bases de la anterior convocatoria, se valorar\u00e1n de forma especial los trabajos que aborden las nuevas formas de comunicaci\u00f3n a trav\u00e9s de internet, as\u00ed como conflictos derivados de estos nuevos usos como el ciberacoso, el sexting o la adici\u00f3n a las nuevas tecnolog\u00edas, y que se presenten en formato de v\u00eddeo de menos de cinco minutos de duraci\u00f3n.<\/p>\n<p>Cada uno de estos seis premios &nbsp;est\u00e1 dotado con&nbsp;<strong>1.000 euros<\/strong>, que los centros deber\u00e1n destinar &nbsp;a la realizaci\u00f3n de actividades relacionadas con la comunicaci\u00f3n audiovisual o a la adquisici\u00f3n de material.<\/p>\n<p><a href=\"http:\/\/lnx.educacionenmalaga.es\/gbellasartes\/2018\/01\/15\/iv-edicion-de-los-premios-andaluces-el-audiovisual-en-la-escuela\/\" target=\"_blank\" rel=\"noopener\"><img data-recalc-dims=\"1\" loading=\"lazy\" decoding=\"async\" class=\"aligncenter wp-image-1558 size-medium\" src=\"https:\/\/i0.wp.com\/cepronda.com\/blog\/wp-content\/uploads\/2018\/01\/ave-cartel-4-001-217x300.jpg?resize=217%2C300\" alt=\"\" width=\"217\" height=\"300\" srcset=\"https:\/\/i0.wp.com\/cepronda.com\/blog\/wp-content\/uploads\/2018\/01\/ave-cartel-4-001.jpg?resize=217%2C300&amp;ssl=1 217w, https:\/\/i0.wp.com\/cepronda.com\/blog\/wp-content\/uploads\/2018\/01\/ave-cartel-4-001.jpg?w=740&amp;ssl=1 740w\" sizes=\"auto, (max-width: 217px) 100vw, 217px\" \/><\/a><\/p>\n","protected":false},"excerpt":{"rendered":"<p>\u00a1Hola familia! Quer\u00edamos compartir con todos los centros esta informaci\u00f3n que nos llega y creemos que puede ser de vuestro inter\u00e9s. Se trata de la IV edici\u00f3n delos premios \u00abEl audiovisual en la escuela\u00bb.&nbsp; El Consejo Audiovisual de Andaluc\u00eda convoca la IV edici\u00f3n de los&nbsp;premios andaluces El Audiovisual en la Escuela,&nbsp;con la colaboraci\u00f3n de la [&hellip;]<\/p>\n","protected":false},"author":3,"featured_media":1558,"comment_status":"open","ping_status":"open","sticky":false,"template":"","format":"standard","meta":{"_crdt_document":"","advanced_seo_description":"","jetpack_seo_html_title":"","jetpack_seo_noindex":false,"jetpack_post_was_ever_published":false,"_jetpack_newsletter_access":"","_jetpack_dont_email_post_to_subs":false,"_jetpack_newsletter_tier_id":0,"_jetpack_memberships_contains_paywalled_content":false,"_jetpack_memberships_contains_paid_content":false,"footnotes":"","jetpack_publicize_message":"","jetpack_publicize_feature_enabled":true,"jetpack_social_post_already_shared":true,"jetpack_social_options":{"image_generator_settings":{"template":"highway","default_image_id":0,"font":"","enabled":false},"version":2}},"categories":[5],"tags":[112,231,95,122],"class_list":{"0":"post-1557","1":"post","2":"type-post","3":"status-publish","4":"format-standard","5":"has-post-thumbnail","7":"category-noticias","8":"tag-audiovisuales","9":"tag-certamen","10":"tag-cine","11":"tag-concurso","12":"czr-hentry"},"jetpack_publicize_connections":[],"jetpack_featured_media_url":"https:\/\/i0.wp.com\/cepronda.com\/blog\/wp-content\/uploads\/2018\/01\/ave-cartel-4-001.jpg?fit=740%2C1024&ssl=1","jetpack_shortlink":"https:\/\/wp.me\/p8M4X7-p7","jetpack-related-posts":[{"id":3335,"url":"https:\/\/cepronda.com\/blog\/premios-andaluces-el-audiovisual-en-la-escuela\/","url_meta":{"origin":1557,"position":0},"title":"Premios Andaluces \u2018El Audiovisual en la Escuela\u2019","author":"V\u00edctor Caballero","date":"14 enero, 2020","format":false,"excerpt":"El Consejo Audiovisual de Andaluc\u00eda (CAA) ha convocado la VI edici\u00f3n de los Premios Andaluces \u2018El Audiovisual de Andaluc\u00eda\u2019, que tienen como objetivo reforzar las competencias en comunicaci\u00f3n audiovisual de los estudiantes durante las distintas etapas educativas, para favorecer as\u00ed la capacidad cr\u00edtica de los m\u00e1s j\u00f3venes ante los mensajes\u2026","rel":"","context":"En \u00abFormaciones\u00bb","block_context":{"text":"Formaciones","link":"https:\/\/cepronda.com\/blog\/category\/formaciones\/"},"img":{"alt_text":"","src":"https:\/\/i0.wp.com\/cepronda.com\/blog\/wp-content\/uploads\/2020\/01\/cartel_ave_2019.jpg?resize=350%2C200","width":350,"height":200},"classes":[]},{"id":4157,"url":"https:\/\/cepronda.com\/blog\/iv-premios-para-el-reconocimiento-en-bibliotecas-escolares-y-en-fomento-de-la-lectura\/","url_meta":{"origin":1557,"position":1},"title":"IV PREMIOS PARA EL RECONOCIMIENTO EN BIBLIOTECAS ESCOLARES Y EN FOMENTO DE LA LECTURA","author":"Maribel Mu\u00f1oz","date":"8 febrero, 2021","format":false,"excerpt":"Buenas tardes compa\u00f1eras y compa\u00f1eros, Os informamos que est\u00e1 abierto el plazo\u00a0 de presentaci\u00f3n de las candidaturas a los IV Premios para el reconocimiento a centros p\u00fablicos de Andaluc\u00eda con buenas pr\u00e1cticas docentes en bibliotecas escolares y en el fomento de la lectura, correspondientes al curso 2020-2021. El plazo\u00a0 de\u2026","rel":"","context":"En \u00abNoticias\u00bb","block_context":{"text":"Noticias","link":"https:\/\/cepronda.com\/blog\/category\/noticias\/"},"img":{"alt_text":"","src":"https:\/\/i0.wp.com\/cepronda.com\/blog\/wp-content\/uploads\/2020\/10\/bibliotecas-escolares-300x70.jpg?resize=350%2C200","width":350,"height":200},"classes":[]},{"id":2667,"url":"https:\/\/cepronda.com\/blog\/ii-premios-para-el-reconocimiento-a-centros-publicos-de-andalucia-con-buenas-practicas-docentes-en-bibliotecas-escolares-y-en-el-fomento-de-la-lectura\/","url_meta":{"origin":1557,"position":2},"title":"II Premios para el reconocimiento a centros p\u00fablicos de Andaluc\u00eda con buenas pr\u00e1cticas docentes en Bibliotecas Escolares y en el fomento de la lectura","author":"V\u00edctor Caballero","date":"13 marzo, 2019","format":false,"excerpt":"Muy buenas familia, queremos compartir con todos y todas vosotras la convocatoria de estos premios, ya que sabemos que muchas de las bibliotecas de los centros de nuestra zona est\u00e1n haciendo un gran trabajo, y creemos sinceramente que pod\u00e9is optar a estos premios. Os dejamos con la informaci\u00f3n sobre la\u2026","rel":"","context":"En \u00abNoticias\u00bb","block_context":{"text":"Noticias","link":"https:\/\/cepronda.com\/blog\/category\/noticias\/"},"img":{"alt_text":"","src":"","width":0,"height":0},"classes":[]},{"id":780,"url":"https:\/\/cepronda.com\/blog\/convocatoria-de-la-xxix-edicion-del-concurso-de-los-premios-joaquin-guichot-y-antonio-dominguez-ortiz\/","url_meta":{"origin":1557,"position":3},"title":"Convocatoria de la XXIX edici\u00f3n del concurso de los Premios Joaqu\u00edn Guichot y Antonio Dom\u00ednguez Ortiz.","author":"V\u00edctor Caballero","date":"18 abril, 2017","format":false,"excerpt":"Muy buenas, Compartimos con todas y todos vosotros esta informaci\u00f3n relativa al concurso de los premios Joaqu\u00edn Guichot y Antonio Dom\u00ednguez Ort\u00edz. Se convoca la XXIX edici\u00f3n del concurso para el fomento de la investigaci\u00f3n e innovaci\u00f3n educativa en sus dos modalidades, Premio \u00abJoaqu\u00edn Guichot\u00bb y Premio \u00abAntonio Dom\u00ednguez Ortiz\u00bb\u2026","rel":"","context":"En \u00abNoticias\u00bb","block_context":{"text":"Noticias","link":"https:\/\/cepronda.com\/blog\/category\/noticias\/"},"img":{"alt_text":"","src":"https:\/\/i0.wp.com\/cepronda.com\/blog\/wp-content\/uploads\/2017\/05\/logo_ja_ce_mejor.jpg?fit=732%2C600&ssl=1&resize=350%2C200","width":350,"height":200,"srcset":"https:\/\/i0.wp.com\/cepronda.com\/blog\/wp-content\/uploads\/2017\/05\/logo_ja_ce_mejor.jpg?fit=732%2C600&ssl=1&resize=350%2C200 1x, https:\/\/i0.wp.com\/cepronda.com\/blog\/wp-content\/uploads\/2017\/05\/logo_ja_ce_mejor.jpg?fit=732%2C600&ssl=1&resize=525%2C300 1.5x, https:\/\/i0.wp.com\/cepronda.com\/blog\/wp-content\/uploads\/2017\/05\/logo_ja_ce_mejor.jpg?fit=732%2C600&ssl=1&resize=700%2C400 2x"},"classes":[]},{"id":3388,"url":"https:\/\/cepronda.com\/blog\/iii-premios-para-el-reconocimiento-a-centros-publicos-de-andalucia-con-buenas-practicas-docentes-en-bibliotecas-escolares-y-en-el-fomento-de-la-lectura\/","url_meta":{"origin":1557,"position":4},"title":"III Premios para el reconocimiento a centros p\u00fablicos de Andaluc\u00eda con buenas pr\u00e1cticas docentes en bibliotecas escolares y en el fomento de la lectura","author":"V\u00edctor Caballero","date":"4 febrero, 2020","format":false,"excerpt":"Muy buenas, Sabemos que en muchos de nuestros centros la biblioteca es uno de los motores que ayuda a dinamizar la vida escolar, y por lo tanto sabemos que muchas de nuestras bibliotecas sois referentes. Por eso os animamos a participar en esta convocatoria. Pr\u00f3xima publicaci\u00f3n en BOJA. Caracter\u00edsticas de\u2026","rel":"","context":"En \u00abFormaciones\u00bb","block_context":{"text":"Formaciones","link":"https:\/\/cepronda.com\/blog\/category\/formaciones\/"},"img":{"alt_text":"","src":"https:\/\/i0.wp.com\/cepronda.com\/blog\/wp-content\/uploads\/2018\/10\/child-315049_1280.jpg?fit=794%2C1200&ssl=1&resize=350%2C200","width":350,"height":200,"srcset":"https:\/\/i0.wp.com\/cepronda.com\/blog\/wp-content\/uploads\/2018\/10\/child-315049_1280.jpg?fit=794%2C1200&ssl=1&resize=350%2C200 1x, https:\/\/i0.wp.com\/cepronda.com\/blog\/wp-content\/uploads\/2018\/10\/child-315049_1280.jpg?fit=794%2C1200&ssl=1&resize=525%2C300 1.5x, https:\/\/i0.wp.com\/cepronda.com\/blog\/wp-content\/uploads\/2018\/10\/child-315049_1280.jpg?fit=794%2C1200&ssl=1&resize=700%2C400 2x"},"classes":[]},{"id":3794,"url":"https:\/\/cepronda.com\/blog\/iii-premios-para-el-reconocimiento-a-centros-publicos-de-andalucia-con-buenas-practicas-docentes-en-bibliotecas-escolares-y-en-el-fomento-de-la-lectura-2\/","url_meta":{"origin":1557,"position":5},"title":"III Premios para el reconocimiento a centros p\u00fablicos de Andaluc\u00eda con buenas pr\u00e1cticas docentes en Bibliotecas Escolares y en el fomento de la lectura","author":"Inmaculada Garc\u00eda","date":"5 octubre, 2020","format":false,"excerpt":"\u00a0 \u00a0 \u00a0 Enhorabuena a todos los centros que han sido premiados en los III Premios para el reconocimiento a centros p\u00fablicos de Andaluc\u00eda con buenas pr\u00e1cticas docentes en bibliotecas escolares y en el fomento de la lectura correspondientes al curso 2019-2020. (Publicaci\u00f3n del fallo del jurado) \u00a0 \u00a0 \u00a0\u2026","rel":"","context":"En \u00abNoticias\u00bb","block_context":{"text":"Noticias","link":"https:\/\/cepronda.com\/blog\/category\/noticias\/"},"img":{"alt_text":"","src":"https:\/\/i0.wp.com\/cepronda.com\/blog\/wp-content\/uploads\/2020\/03\/premio_bibliotecas_escolares.png?fit=1200%2C678&ssl=1&resize=350%2C200","width":350,"height":200,"srcset":"https:\/\/i0.wp.com\/cepronda.com\/blog\/wp-content\/uploads\/2020\/03\/premio_bibliotecas_escolares.png?fit=1200%2C678&ssl=1&resize=350%2C200 1x, https:\/\/i0.wp.com\/cepronda.com\/blog\/wp-content\/uploads\/2020\/03\/premio_bibliotecas_escolares.png?fit=1200%2C678&ssl=1&resize=525%2C300 1.5x, https:\/\/i0.wp.com\/cepronda.com\/blog\/wp-content\/uploads\/2020\/03\/premio_bibliotecas_escolares.png?fit=1200%2C678&ssl=1&resize=700%2C400 2x, https:\/\/i0.wp.com\/cepronda.com\/blog\/wp-content\/uploads\/2020\/03\/premio_bibliotecas_escolares.png?fit=1200%2C678&ssl=1&resize=1050%2C600 3x"},"classes":[]}],"jetpack_sharing_enabled":true,"_links":{"self":[{"href":"https:\/\/cepronda.com\/blog\/wp-json\/wp\/v2\/posts\/1557","targetHints":{"allow":["GET"]}}],"collection":[{"href":"https:\/\/cepronda.com\/blog\/wp-json\/wp\/v2\/posts"}],"about":[{"href":"https:\/\/cepronda.com\/blog\/wp-json\/wp\/v2\/types\/post"}],"author":[{"embeddable":true,"href":"https:\/\/cepronda.com\/blog\/wp-json\/wp\/v2\/users\/3"}],"replies":[{"embeddable":true,"href":"https:\/\/cepronda.com\/blog\/wp-json\/wp\/v2\/comments?post=1557"}],"version-history":[{"count":1,"href":"https:\/\/cepronda.com\/blog\/wp-json\/wp\/v2\/posts\/1557\/revisions"}],"predecessor-version":[{"id":1559,"href":"https:\/\/cepronda.com\/blog\/wp-json\/wp\/v2\/posts\/1557\/revisions\/1559"}],"wp:featuredmedia":[{"embeddable":true,"href":"https:\/\/cepronda.com\/blog\/wp-json\/wp\/v2\/media\/1558"}],"wp:attachment":[{"href":"https:\/\/cepronda.com\/blog\/wp-json\/wp\/v2\/media?parent=1557"}],"wp:term":[{"taxonomy":"category","embeddable":true,"href":"https:\/\/cepronda.com\/blog\/wp-json\/wp\/v2\/categories?post=1557"},{"taxonomy":"post_tag","embeddable":true,"href":"https:\/\/cepronda.com\/blog\/wp-json\/wp\/v2\/tags?post=1557"}],"curies":[{"name":"wp","href":"https:\/\/api.w.org\/{rel}","templated":true}]}}