{"id":1550,"date":"2018-01-12T12:30:11","date_gmt":"2018-01-12T11:30:11","guid":{"rendered":"http:\/\/cepronda.com\/blog\/?p=1550"},"modified":"2018-01-12T12:30:11","modified_gmt":"2018-01-12T11:30:11","slug":"nueva-funcionalidad-online-de-nuestro-cep-catalogo-de-nuestra-biblioteca","status":"publish","type":"post","link":"https:\/\/cepronda.com\/blog\/nueva-funcionalidad-online-de-nuestro-cep-catalogo-de-nuestra-biblioteca\/","title":{"rendered":"Nueva funcionalidad online de nuestro CEP: cat\u00e1logo de nuestra Biblioteca"},"content":{"rendered":"<p>Muy buenas,<\/p>\n<p>Si os fij\u00e1is en nuestro men\u00fa principal, en la parte superior del blog pod\u00e9is encontrar un enlace denominado BIBLIOTECA. En el mismo podr\u00e9is acceder al cat\u00e1logo de nuestros fondos, y as\u00ed poder ver todos aquellos t\u00edtulos y recursos de los que pod\u00e9is disponer en pr\u00e9stamo.&nbsp;<\/p>\n<p>Creemos que es un gran recurso del que pod\u00e9is hacer uso en cualquier momento. Para acceder al mismo s\u00f3lo ten\u00e9is que <a href=\"http:\/\/www.juntadeandalucia.es\/averroes\/centros-tic\/29200038a\/biblioweb2\/29200038a\/inicio\" target=\"_blank\" rel=\"noopener\">acceder al enlace siguiente<\/a> o a trav\u00e9s del propio men\u00fa.<\/p>\n<p>Esperamos que os sea de gran utilidad.&nbsp;<\/p>\n<p><a href=\"http:\/\/www.juntadeandalucia.es\/averroes\/centros-tic\/29200038a\/biblioweb2\/29200038a\/inicio\" target=\"_blank\" rel=\"noopener\"><img data-recalc-dims=\"1\" loading=\"lazy\" decoding=\"async\" class=\"aligncenter wp-image-1551 size-medium\" src=\"https:\/\/i0.wp.com\/cepronda.com\/blog\/wp-content\/uploads\/2018\/01\/biblioteca-300x168.png?resize=300%2C168\" alt=\"\" width=\"300\" height=\"168\" srcset=\"https:\/\/i0.wp.com\/cepronda.com\/blog\/wp-content\/uploads\/2018\/01\/biblioteca.png?resize=300%2C168&amp;ssl=1 300w, https:\/\/i0.wp.com\/cepronda.com\/blog\/wp-content\/uploads\/2018\/01\/biblioteca.png?resize=768%2C430&amp;ssl=1 768w, https:\/\/i0.wp.com\/cepronda.com\/blog\/wp-content\/uploads\/2018\/01\/biblioteca.png?resize=1024%2C573&amp;ssl=1 1024w, https:\/\/i0.wp.com\/cepronda.com\/blog\/wp-content\/uploads\/2018\/01\/biblioteca.png?w=1108&amp;ssl=1 1108w\" sizes=\"auto, (max-width: 300px) 100vw, 300px\" \/><\/a><\/p>\n","protected":false},"excerpt":{"rendered":"<p>Muy buenas, Si os fij\u00e1is en nuestro men\u00fa principal, en la parte superior del blog pod\u00e9is encontrar un enlace denominado BIBLIOTECA. En el mismo podr\u00e9is acceder al cat\u00e1logo de nuestros fondos, y as\u00ed poder ver todos aquellos t\u00edtulos y recursos de los que pod\u00e9is disponer en pr\u00e9stamo.&nbsp; Creemos que es un gran recurso del que [&hellip;]<\/p>\n","protected":false},"author":3,"featured_media":1551,"comment_status":"open","ping_status":"open","sticky":false,"template":"","format":"standard","meta":{"_crdt_document":"","advanced_seo_description":"","jetpack_seo_html_title":"","jetpack_seo_noindex":false,"jetpack_post_was_ever_published":false,"_jetpack_newsletter_access":"","_jetpack_dont_email_post_to_subs":false,"_jetpack_newsletter_tier_id":0,"_jetpack_memberships_contains_paywalled_content":false,"_jetpack_memberships_contains_paid_content":false,"footnotes":"","jetpack_publicize_message":"Nueva funcionalidad online de nuestro CEP: cat\u00e1logo de nuestra Biblioteca","jetpack_publicize_feature_enabled":true,"jetpack_social_post_already_shared":true,"jetpack_social_options":{"image_generator_settings":{"template":"highway","default_image_id":0,"font":"","enabled":false},"version":2}},"categories":[5],"tags":[11],"class_list":{"0":"post-1550","1":"post","2":"type-post","3":"status-publish","4":"format-standard","5":"has-post-thumbnail","7":"category-noticias","8":"tag-biblioteca","9":"czr-hentry"},"jetpack_publicize_connections":[],"jetpack_featured_media_url":"https:\/\/i0.wp.com\/cepronda.com\/blog\/wp-content\/uploads\/2018\/01\/biblioteca.png?fit=1108%2C620&ssl=1","jetpack_shortlink":"https:\/\/wp.me\/p8M4X7-p0","jetpack-related-posts":[{"id":320,"url":"https:\/\/cepronda.com\/blog\/nueva-seccion-en-nuestro-blog\/","url_meta":{"origin":1550,"position":0},"title":"Nueva secci\u00f3n en nuestro blog","author":"V\u00edctor Caballero","date":"14 noviembre, 2016","format":false,"excerpt":"\u00a1Hola a todo el mundo! Hoy escribimos esta entrada para comentaros que hemos habilitado una nueva secci\u00f3n en el blog donde iremos recogiendo las distintas presentaciones que nuestros y nuestras ponentes van usando en nuestras jornadas y cursos. Para acceder a esta secci\u00f3n buscad en el men\u00fa de la parte\u2026","rel":"","context":"En \u00abNoticias\u00bb","block_context":{"text":"Noticias","link":"https:\/\/cepronda.com\/blog\/category\/noticias\/"},"img":{"alt_text":"macbook-336704_640","src":"https:\/\/i0.wp.com\/cepronda.com\/blog\/wp-content\/uploads\/2016\/11\/macbook-336704_640.jpg?resize=350%2C200","width":350,"height":200},"classes":[]},{"id":1943,"url":"https:\/\/cepronda.com\/blog\/convocatoria-premios-buenas-practicas-en-bibliotecas-escolares-y-en-fomento-de-la-lectura\/","url_meta":{"origin":1550,"position":1},"title":"Convocatoria Premios Buenas Pr\u00e1cticas en Bibliotecas Escolares y en Fomento de la Lectura","author":"V\u00edctor Caballero","date":"25 mayo, 2018","format":false,"excerpt":"Muy buenas de nuevo,\u00a0 Compartimos con todas las personas responsables de biblioteca esta convocatoria, que vemos muy interesante y a la que creemos muchas de vuestras bibliotecas pueden optar. Si segu\u00eds este enlace podr\u00e9is acceder a toda la informaci\u00f3n.\u00a0 \u00a1Os animamos a participar!","rel":"","context":"En \u00abFormaciones\u00bb","block_context":{"text":"Formaciones","link":"https:\/\/cepronda.com\/blog\/category\/formaciones\/"},"img":{"alt_text":"","src":"https:\/\/i0.wp.com\/cepronda.com\/blog\/wp-content\/uploads\/2018\/05\/premio_biblioteca_escolar.png?fit=731%2C892&ssl=1&resize=350%2C200","width":350,"height":200,"srcset":"https:\/\/i0.wp.com\/cepronda.com\/blog\/wp-content\/uploads\/2018\/05\/premio_biblioteca_escolar.png?fit=731%2C892&ssl=1&resize=350%2C200 1x, https:\/\/i0.wp.com\/cepronda.com\/blog\/wp-content\/uploads\/2018\/05\/premio_biblioteca_escolar.png?fit=731%2C892&ssl=1&resize=525%2C300 1.5x, https:\/\/i0.wp.com\/cepronda.com\/blog\/wp-content\/uploads\/2018\/05\/premio_biblioteca_escolar.png?fit=731%2C892&ssl=1&resize=700%2C400 2x"},"classes":[]},{"id":3504,"url":"https:\/\/cepronda.com\/blog\/tutorial-para-acceder-al-curso-moodle-en-abierto-no-certificable\/","url_meta":{"origin":1550,"position":2},"title":"Tutorial para acceder al curso Moodle en abierto (no certificable)","author":"V\u00edctor Caballero","date":"23 marzo, 2020","format":false,"excerpt":"Muy buenas familia, Sabemos que muchas y muchos de vosotros hab\u00e9is intentando acceder al curso de Moodle dentro del Aula Virtual, pero la demanda ha sido muy grandes y en algunos casos no hab\u00e9is obtenido plaza. Desde la Junta de Andaluc\u00eda se ha abierto la posibilidad de realizar el curso\u2026","rel":"","context":"En \u00abFormaciones\u00bb","block_context":{"text":"Formaciones","link":"https:\/\/cepronda.com\/blog\/category\/formaciones\/"},"img":{"alt_text":"","src":"https:\/\/i0.wp.com\/cepronda.com\/blog\/wp-content\/uploads\/2020\/02\/Logo_twitter_cep_ronda-INSTITUCIONAL-Transparente.png?fit=546%2C563&ssl=1&resize=350%2C200","width":350,"height":200,"srcset":"https:\/\/i0.wp.com\/cepronda.com\/blog\/wp-content\/uploads\/2020\/02\/Logo_twitter_cep_ronda-INSTITUCIONAL-Transparente.png?fit=546%2C563&ssl=1&resize=350%2C200 1x, https:\/\/i0.wp.com\/cepronda.com\/blog\/wp-content\/uploads\/2020\/02\/Logo_twitter_cep_ronda-INSTITUCIONAL-Transparente.png?fit=546%2C563&ssl=1&resize=525%2C300 1.5x"},"classes":[]},{"id":2329,"url":"https:\/\/cepronda.com\/blog\/peticion-de-biblioweb\/","url_meta":{"origin":1550,"position":3},"title":"Petici\u00f3n de Biblioweb","author":"V\u00edctor Caballero","date":"14 septiembre, 2018","format":false,"excerpt":"Muy buenas, Finalizamos la semana con algunas noticias que creemos os pueden resultar de inter\u00e9s. En este caso se trata de la posibilidad de que solicit\u00e9is para vuestro centro Biblioweb.\u00a0 BiblioWeb 2\u00a0es una herramienta web propia de la Consejer\u00eda de Educaci\u00f3n para la gesti\u00f3n y administraci\u00f3n de las bibliotecas escolares\u2026","rel":"","context":"En \u00abNoticias\u00bb","block_context":{"text":"Noticias","link":"https:\/\/cepronda.com\/blog\/category\/noticias\/"},"img":{"alt_text":"","src":"https:\/\/i0.wp.com\/cepronda.com\/blog\/wp-content\/uploads\/2017\/05\/silhouette-1632912_640.jpg?fit=640%2C426&ssl=1&resize=350%2C200","width":350,"height":200,"srcset":"https:\/\/i0.wp.com\/cepronda.com\/blog\/wp-content\/uploads\/2017\/05\/silhouette-1632912_640.jpg?fit=640%2C426&ssl=1&resize=350%2C200 1x, https:\/\/i0.wp.com\/cepronda.com\/blog\/wp-content\/uploads\/2017\/05\/silhouette-1632912_640.jpg?fit=640%2C426&ssl=1&resize=525%2C300 1.5x"},"classes":[]},{"id":1091,"url":"https:\/\/cepronda.com\/blog\/nuevo-ciclo-formativo-de-grado-medio-en-el-ies-de-cortes\/","url_meta":{"origin":1550,"position":4},"title":"Nuevo ciclo formativo de grado medio en el IES de Cortes","author":"V\u00edctor Caballero","date":"29 mayo, 2017","format":false,"excerpt":"\u00a1Muy buenas! Comenzamos la semana con una buena noticia para nuestra zona, y es que se ampl\u00eda la oferta formativa de ciclos formativos de grado medio con uno muy caracter\u00edstico y propio de nuestra zona, el denominado \"T\u00e9cnico en producci\u00f3n agroecol\u00f3gica\". La informaci\u00f3n nos llega desde el IES Andr\u00e9s P\u00e9rez\u2026","rel":"","context":"En \u00abNoticias\u00bb","block_context":{"text":"Noticias","link":"https:\/\/cepronda.com\/blog\/category\/noticias\/"},"img":{"alt_text":"","src":"https:\/\/i0.wp.com\/cepronda.com\/blog\/wp-content\/uploads\/2017\/05\/video_agricultura_ecol%C3%B3gica.png?fit=934%2C665&ssl=1&resize=350%2C200","width":350,"height":200,"srcset":"https:\/\/i0.wp.com\/cepronda.com\/blog\/wp-content\/uploads\/2017\/05\/video_agricultura_ecol%C3%B3gica.png?fit=934%2C665&ssl=1&resize=350%2C200 1x, https:\/\/i0.wp.com\/cepronda.com\/blog\/wp-content\/uploads\/2017\/05\/video_agricultura_ecol%C3%B3gica.png?fit=934%2C665&ssl=1&resize=525%2C300 1.5x, https:\/\/i0.wp.com\/cepronda.com\/blog\/wp-content\/uploads\/2017\/05\/video_agricultura_ecol%C3%B3gica.png?fit=934%2C665&ssl=1&resize=700%2C400 2x"},"classes":[]},{"id":4834,"url":"https:\/\/cepronda.com\/blog\/actividad-formativa-masculinidades-diversas-y-adolescencia-propuesta-practica-2\/","url_meta":{"origin":1550,"position":5},"title":"ACTIVIDAD FORMATIVA MASCULINIDADES DIVERSAS Y ADOLESCENCIA. PROPUESTA PR\u00c1CTICA.","author":"Inmaculada Garc\u00eda","date":"28 octubre, 2021","format":false,"excerpt":"Buenas tardes compa\u00f1eros y compa\u00f1eras, el pr\u00f3ximo 11 de Noviembre comenzar\u00e1 la actividad formativa \"MASCULINIDADES DIVERSAS Y ADOLECENCIA. PROPUESTA PR\u00c1CTICA\" Pod\u00e9is acceder a m\u00e1s informaci\u00f3n y realizar vuestra inscripci\u00f3n en ESTE ENLACE. Esta actividad forma parte de nuestro ITINERARIO FORMATIVO EN CONVIVENCIA E IGUALDAD.\u00a0 Esperamos que sea de vuestro inter\u00e9s.\u00a0\u2026","rel":"","context":"En \u00abNoticias\u00bb","block_context":{"text":"Noticias","link":"https:\/\/cepronda.com\/blog\/category\/noticias\/"},"img":{"alt_text":"","src":"https:\/\/i0.wp.com\/cepronda.com\/blog\/wp-content\/uploads\/2021\/10\/MASCULINIDADES-DIVERSAS-Y-ADOLESCENCIA-PROPUESTA-PRACTICA-1-212x300.jpg?resize=350%2C200","width":350,"height":200},"classes":[]}],"jetpack_sharing_enabled":true,"_links":{"self":[{"href":"https:\/\/cepronda.com\/blog\/wp-json\/wp\/v2\/posts\/1550","targetHints":{"allow":["GET"]}}],"collection":[{"href":"https:\/\/cepronda.com\/blog\/wp-json\/wp\/v2\/posts"}],"about":[{"href":"https:\/\/cepronda.com\/blog\/wp-json\/wp\/v2\/types\/post"}],"author":[{"embeddable":true,"href":"https:\/\/cepronda.com\/blog\/wp-json\/wp\/v2\/users\/3"}],"replies":[{"embeddable":true,"href":"https:\/\/cepronda.com\/blog\/wp-json\/wp\/v2\/comments?post=1550"}],"version-history":[{"count":1,"href":"https:\/\/cepronda.com\/blog\/wp-json\/wp\/v2\/posts\/1550\/revisions"}],"predecessor-version":[{"id":1552,"href":"https:\/\/cepronda.com\/blog\/wp-json\/wp\/v2\/posts\/1550\/revisions\/1552"}],"wp:featuredmedia":[{"embeddable":true,"href":"https:\/\/cepronda.com\/blog\/wp-json\/wp\/v2\/media\/1551"}],"wp:attachment":[{"href":"https:\/\/cepronda.com\/blog\/wp-json\/wp\/v2\/media?parent=1550"}],"wp:term":[{"taxonomy":"category","embeddable":true,"href":"https:\/\/cepronda.com\/blog\/wp-json\/wp\/v2\/categories?post=1550"},{"taxonomy":"post_tag","embeddable":true,"href":"https:\/\/cepronda.com\/blog\/wp-json\/wp\/v2\/tags?post=1550"}],"curies":[{"name":"wp","href":"https:\/\/api.w.org\/{rel}","templated":true}]}}