{"id":1530,"date":"2018-01-12T09:15:36","date_gmt":"2018-01-12T08:15:36","guid":{"rendered":"http:\/\/cepronda.com\/blog\/?p=1530"},"modified":"2018-01-12T09:15:36","modified_gmt":"2018-01-12T08:15:36","slug":"actividad-conoce-tu-ciudad","status":"publish","type":"post","link":"https:\/\/cepronda.com\/blog\/actividad-conoce-tu-ciudad\/","title":{"rendered":"Actividad \u00abConoce tu ciudad\u00bb"},"content":{"rendered":"<p>Muy buenas a todo el mundo,<\/p>\n<p>Os informamos que ya se encuentra abierto el plazo de inscripci\u00f3n para el curso \u00abConoce tu ciudad\u00bb.&nbsp;Esta actividad se plantea como un acercamiento para los docentes interesados a la Historia de Ronda y su comarca natural, mediante exposiciones te\u00f3ricas debidamente documentadas y visitas guiadas a monumentos y lugares emblem\u00e1ticos de Ronda.<\/p>\n<p>Se trata de 4 sesiones, dos de ellas a desarrollar en la biblioteca del CEP y otras dos sesiones con rutas guiadas por Ronda. Para poder acceder a toda la informaci\u00f3n, as\u00ed como inscribiros s\u00f3lo ten\u00e9is que <a href=\"https:\/\/www.juntadeandalucia.es\/educacion\/secretariavirtual\/consultaCEP\/actividad\/182924GE203\/\" target=\"_blank\" rel=\"noopener\">seguir este enlace<\/a> o bien clicar en la imagen.<\/p>\n<p><a href=\"https:\/\/www.juntadeandalucia.es\/educacion\/secretariavirtual\/consultaCEP\/actividad\/182924GE203\/\" target=\"_blank\" rel=\"noopener\"><img data-recalc-dims=\"1\" loading=\"lazy\" decoding=\"async\" class=\"aligncenter wp-image-1531 size-full\" src=\"https:\/\/i0.wp.com\/cepronda.com\/blog\/wp-content\/uploads\/2018\/01\/ronda-2154601_640.jpg?resize=640%2C426\" alt=\"\" width=\"640\" height=\"426\" srcset=\"https:\/\/i0.wp.com\/cepronda.com\/blog\/wp-content\/uploads\/2018\/01\/ronda-2154601_640.jpg?w=640&amp;ssl=1 640w, https:\/\/i0.wp.com\/cepronda.com\/blog\/wp-content\/uploads\/2018\/01\/ronda-2154601_640.jpg?resize=300%2C200&amp;ssl=1 300w\" sizes=\"auto, (max-width: 640px) 100vw, 640px\" \/><\/a><\/p>\n<p>&nbsp;<\/p>\n","protected":false},"excerpt":{"rendered":"<p>Muy buenas a todo el mundo, Os informamos que ya se encuentra abierto el plazo de inscripci\u00f3n para el curso \u00abConoce tu ciudad\u00bb.&nbsp;Esta actividad se plantea como un acercamiento para los docentes interesados a la Historia de Ronda y su comarca natural, mediante exposiciones te\u00f3ricas debidamente documentadas y visitas guiadas a monumentos y lugares emblem\u00e1ticos [&hellip;]<\/p>\n","protected":false},"author":3,"featured_media":1531,"comment_status":"open","ping_status":"open","sticky":false,"template":"","format":"standard","meta":{"_crdt_document":"","advanced_seo_description":"","jetpack_seo_html_title":"","jetpack_seo_noindex":false,"jetpack_post_was_ever_published":false,"_jetpack_newsletter_access":"","_jetpack_dont_email_post_to_subs":false,"_jetpack_newsletter_tier_id":0,"_jetpack_memberships_contains_paywalled_content":false,"_jetpack_memberships_contains_paid_content":false,"footnotes":"","jetpack_publicize_message":"Ya puedes inscribirte en la actividad formativa\"Conoce tu ciudad\"","jetpack_publicize_feature_enabled":true,"jetpack_social_post_already_shared":true,"jetpack_social_options":{"image_generator_settings":{"template":"highway","default_image_id":0,"font":"","enabled":false},"version":2}},"categories":[3],"tags":[110],"class_list":{"0":"post-1530","1":"post","2":"type-post","3":"status-publish","4":"format-standard","5":"has-post-thumbnail","7":"category-formaciones","8":"tag-historia","9":"czr-hentry"},"jetpack_publicize_connections":[],"jetpack_featured_media_url":"https:\/\/i0.wp.com\/cepronda.com\/blog\/wp-content\/uploads\/2018\/01\/ronda-2154601_640.jpg?fit=640%2C426&ssl=1","jetpack_shortlink":"https:\/\/wp.me\/p8M4X7-oG","jetpack-related-posts":[{"id":2389,"url":"https:\/\/cepronda.com\/blog\/curso-conoce-tu-ciudad\/","url_meta":{"origin":1530,"position":0},"title":"Curso \u00abConoce tu ciudad\u00bb","author":"V\u00edctor Caballero","date":"19 octubre, 2018","format":false,"excerpt":"\u00a1Muy buenas! Compartimos este curso que creemos os puede resultar muy interesante ya que nos puede servir para conocer mejor nuestra ciudad y as\u00ed poder transmitir de mejor modo a nuestro alumnado todo lo que tenemos en Ronda. Contamos para ello con dos grandes ponentes, grandes conocedoras de Ronda, y\u2026","rel":"","context":"En \u00abFormaciones\u00bb","block_context":{"text":"Formaciones","link":"https:\/\/cepronda.com\/blog\/category\/formaciones\/"},"img":{"alt_text":"","src":"https:\/\/i0.wp.com\/cepronda.com\/blog\/wp-content\/uploads\/2018\/10\/round-2685747_1920.jpg?fit=1200%2C800&ssl=1&resize=350%2C200","width":350,"height":200,"srcset":"https:\/\/i0.wp.com\/cepronda.com\/blog\/wp-content\/uploads\/2018\/10\/round-2685747_1920.jpg?fit=1200%2C800&ssl=1&resize=350%2C200 1x, https:\/\/i0.wp.com\/cepronda.com\/blog\/wp-content\/uploads\/2018\/10\/round-2685747_1920.jpg?fit=1200%2C800&ssl=1&resize=525%2C300 1.5x, https:\/\/i0.wp.com\/cepronda.com\/blog\/wp-content\/uploads\/2018\/10\/round-2685747_1920.jpg?fit=1200%2C800&ssl=1&resize=700%2C400 2x, https:\/\/i0.wp.com\/cepronda.com\/blog\/wp-content\/uploads\/2018\/10\/round-2685747_1920.jpg?fit=1200%2C800&ssl=1&resize=1050%2C600 3x"},"classes":[]},{"id":1638,"url":"https:\/\/cepronda.com\/blog\/curso-visitas-guiadas-a-las-navas-de-los-pinsapos-y-a-la-finca-algaba\/","url_meta":{"origin":1530,"position":1},"title":"Curso \u00abVISITAS GUIADAS A LAS NAVAS DE LOS PINSAPOS Y A LA FINCA ALGABA\u00bb","author":"V\u00edctor Caballero","date":"9 marzo, 2018","format":false,"excerpt":"\u00a1Hola!\u00a0 Terminamos la semana abriendo el plazo de inscripci\u00f3n para la actividad \"\u00a0VISITAS GUIADAS A LAS NAVAS DE LOS PINSAPOS Y A LA FINCA ALGABA\". Se trata de una actividad donde podremos visitar tanto Las Navas de los Pinsapos como la Finca La Algaba y conocer las posibilidades educativas de\u2026","rel":"","context":"En \u00abFormaciones\u00bb","block_context":{"text":"Formaciones","link":"https:\/\/cepronda.com\/blog\/category\/formaciones\/"},"img":{"alt_text":"","src":"https:\/\/i0.wp.com\/cepronda.com\/blog\/wp-content\/uploads\/2018\/03\/persian-oak-wood-3064187_640.jpg?fit=640%2C456&ssl=1&resize=350%2C200","width":350,"height":200,"srcset":"https:\/\/i0.wp.com\/cepronda.com\/blog\/wp-content\/uploads\/2018\/03\/persian-oak-wood-3064187_640.jpg?fit=640%2C456&ssl=1&resize=350%2C200 1x, https:\/\/i0.wp.com\/cepronda.com\/blog\/wp-content\/uploads\/2018\/03\/persian-oak-wood-3064187_640.jpg?fit=640%2C456&ssl=1&resize=525%2C300 1.5x"},"classes":[]},{"id":2980,"url":"https:\/\/cepronda.com\/blog\/ronda-con-nombre-de-mujer-un-paseo-por-la-historia-de-las-mujeres-de-ronda-y-la-serrania\/","url_meta":{"origin":1530,"position":2},"title":"RONDA CON NOMBRE DE MUJER: UN PASEO POR LA HISTORIA DE LAS MUJERES DE RONDA Y LA SERRAN\u00cdA","author":"V\u00edctor Caballero","date":"9 septiembre, 2019","format":false,"excerpt":"Muy buenas familia, Comenzamos la semana poniendo en marcha un curso que el a\u00f1o pasado tuvo muy buena acogida, y que creemos que os puede interesar, tanto a las personas que el a\u00f1o pasado ya lo hicisteis (ya que conoceremos a nuevas mujeres y haremos una visita nueva) como como\u2026","rel":"","context":"En \u00abFormaciones\u00bb","block_context":{"text":"Formaciones","link":"https:\/\/cepronda.com\/blog\/category\/formaciones\/"},"img":{"alt_text":"","src":"https:\/\/i0.wp.com\/cepronda.com\/blog\/wp-content\/uploads\/2019\/09\/Ronda_con_nombre_de_mujer.png?fit=645%2C917&ssl=1&resize=350%2C200","width":350,"height":200,"srcset":"https:\/\/i0.wp.com\/cepronda.com\/blog\/wp-content\/uploads\/2019\/09\/Ronda_con_nombre_de_mujer.png?fit=645%2C917&ssl=1&resize=350%2C200 1x, https:\/\/i0.wp.com\/cepronda.com\/blog\/wp-content\/uploads\/2019\/09\/Ronda_con_nombre_de_mujer.png?fit=645%2C917&ssl=1&resize=525%2C300 1.5x"},"classes":[]},{"id":4675,"url":"https:\/\/cepronda.com\/blog\/experiencias-en-ronda-de-la-formacion-profesional-dual\/","url_meta":{"origin":1530,"position":3},"title":"EXPERIENCIAS EN RONDA DE LA FORMACI\u00d3N PROFESIONAL DUAL","author":"Antonio Montes","date":"27 septiembre, 2021","format":false,"excerpt":"Buenos d\u00edas. Os informamos que est\u00e1 abierto el plazo de inscripci\u00f3n de la formaci\u00f3n\u00a0 EXPERIENCIAS EN RONDA DE LA FORMACI\u00d3N PROFESIONAL DUAL (C\u00f3digo: 222924GE035).\u00a0 Las fechas de inscripci\u00f3n son las comprendidas entre el 24 de septiembre y el 3 de octubre de 2021. La actividad se llevar\u00e1 a cabo los\u2026","rel":"","context":"En \u00abFormaciones\u00bb","block_context":{"text":"Formaciones","link":"https:\/\/cepronda.com\/blog\/category\/formaciones\/"},"img":{"alt_text":"","src":"https:\/\/i0.wp.com\/cepronda.com\/blog\/wp-content\/uploads\/2021\/09\/222924GE035-EXPERIENCIAS-EN-RONDA-DE-LA-FP-DUAL.png?fit=848%2C1200&ssl=1&resize=350%2C200","width":350,"height":200,"srcset":"https:\/\/i0.wp.com\/cepronda.com\/blog\/wp-content\/uploads\/2021\/09\/222924GE035-EXPERIENCIAS-EN-RONDA-DE-LA-FP-DUAL.png?fit=848%2C1200&ssl=1&resize=350%2C200 1x, https:\/\/i0.wp.com\/cepronda.com\/blog\/wp-content\/uploads\/2021\/09\/222924GE035-EXPERIENCIAS-EN-RONDA-DE-LA-FP-DUAL.png?fit=848%2C1200&ssl=1&resize=525%2C300 1.5x, https:\/\/i0.wp.com\/cepronda.com\/blog\/wp-content\/uploads\/2021\/09\/222924GE035-EXPERIENCIAS-EN-RONDA-DE-LA-FP-DUAL.png?fit=848%2C1200&ssl=1&resize=700%2C400 2x"},"classes":[]},{"id":7374,"url":"https:\/\/cepronda.com\/blog\/ix-certamen-de-teatro-en-el-aula-ciudad-de-ronda\/","url_meta":{"origin":1530,"position":4},"title":"IX CERTAMEN DE TEATRO EN EL AULA. CIUDAD DE RONDA.","author":"Mamen Moreno","date":"16 enero, 2024","format":false,"excerpt":"Desde el d\u00eda 02 de enero hasta el 31 de enero los centros educativos de Educaci\u00f3n Secundaria y Bachillerato de Ronda y la Comarca que lo deseen, podr\u00e1n inscribirse en el IX CERTAMEN DE TEATRO EN EL AULA \u201cCIUDAD DE RONDA\u201d para participar con una o dos obras de teatro\u2026","rel":"","context":"En \u00abFormaciones\u00bb","block_context":{"text":"Formaciones","link":"https:\/\/cepronda.com\/blog\/category\/formaciones\/"},"img":{"alt_text":"","src":"https:\/\/i0.wp.com\/cepronda.com\/blog\/wp-content\/uploads\/2024\/01\/Logo-Tacir-768x733-1.jpg?fit=768%2C733&ssl=1&resize=350%2C200","width":350,"height":200,"srcset":"https:\/\/i0.wp.com\/cepronda.com\/blog\/wp-content\/uploads\/2024\/01\/Logo-Tacir-768x733-1.jpg?fit=768%2C733&ssl=1&resize=350%2C200 1x, https:\/\/i0.wp.com\/cepronda.com\/blog\/wp-content\/uploads\/2024\/01\/Logo-Tacir-768x733-1.jpg?fit=768%2C733&ssl=1&resize=525%2C300 1.5x, https:\/\/i0.wp.com\/cepronda.com\/blog\/wp-content\/uploads\/2024\/01\/Logo-Tacir-768x733-1.jpg?fit=768%2C733&ssl=1&resize=700%2C400 2x"},"classes":[]},{"id":5949,"url":"https:\/\/cepronda.com\/blog\/viii-certamen-de-teatro-en-el-aula-ciudad-de-ronda\/","url_meta":{"origin":1530,"position":5},"title":"VIII CERTAMEN DE TEATRO EN EL AULA \u00abCIUDAD DE RONDA\u00bb","author":"Mamen Moreno","date":"18 abril, 2023","format":false,"excerpt":"Os informamos que el pasado lunes 17 de abril se presento el cartel anunciador del VII Certamen de Teatro en el aula Ciudad de Ronda (TACIR) Este certamen se de desarrollara durante el 26 de mayo al 2 de junio Los teatros se realizaran en el Teatro Vicente Espinel de\u2026","rel":"","context":"En \u00abNoticias\u00bb","block_context":{"text":"Noticias","link":"https:\/\/cepronda.com\/blog\/category\/noticias\/"},"img":{"alt_text":"","src":"https:\/\/i0.wp.com\/cepronda.com\/blog\/wp-content\/uploads\/2023\/04\/CARTEL-CERTAMEN-DEFINITIVO.jpg?fit=1200%2C812&ssl=1&resize=350%2C200","width":350,"height":200,"srcset":"https:\/\/i0.wp.com\/cepronda.com\/blog\/wp-content\/uploads\/2023\/04\/CARTEL-CERTAMEN-DEFINITIVO.jpg?fit=1200%2C812&ssl=1&resize=350%2C200 1x, https:\/\/i0.wp.com\/cepronda.com\/blog\/wp-content\/uploads\/2023\/04\/CARTEL-CERTAMEN-DEFINITIVO.jpg?fit=1200%2C812&ssl=1&resize=525%2C300 1.5x, https:\/\/i0.wp.com\/cepronda.com\/blog\/wp-content\/uploads\/2023\/04\/CARTEL-CERTAMEN-DEFINITIVO.jpg?fit=1200%2C812&ssl=1&resize=700%2C400 2x, https:\/\/i0.wp.com\/cepronda.com\/blog\/wp-content\/uploads\/2023\/04\/CARTEL-CERTAMEN-DEFINITIVO.jpg?fit=1200%2C812&ssl=1&resize=1050%2C600 3x"},"classes":[]}],"jetpack_sharing_enabled":true,"_links":{"self":[{"href":"https:\/\/cepronda.com\/blog\/wp-json\/wp\/v2\/posts\/1530","targetHints":{"allow":["GET"]}}],"collection":[{"href":"https:\/\/cepronda.com\/blog\/wp-json\/wp\/v2\/posts"}],"about":[{"href":"https:\/\/cepronda.com\/blog\/wp-json\/wp\/v2\/types\/post"}],"author":[{"embeddable":true,"href":"https:\/\/cepronda.com\/blog\/wp-json\/wp\/v2\/users\/3"}],"replies":[{"embeddable":true,"href":"https:\/\/cepronda.com\/blog\/wp-json\/wp\/v2\/comments?post=1530"}],"version-history":[{"count":1,"href":"https:\/\/cepronda.com\/blog\/wp-json\/wp\/v2\/posts\/1530\/revisions"}],"predecessor-version":[{"id":1532,"href":"https:\/\/cepronda.com\/blog\/wp-json\/wp\/v2\/posts\/1530\/revisions\/1532"}],"wp:featuredmedia":[{"embeddable":true,"href":"https:\/\/cepronda.com\/blog\/wp-json\/wp\/v2\/media\/1531"}],"wp:attachment":[{"href":"https:\/\/cepronda.com\/blog\/wp-json\/wp\/v2\/media?parent=1530"}],"wp:term":[{"taxonomy":"category","embeddable":true,"href":"https:\/\/cepronda.com\/blog\/wp-json\/wp\/v2\/categories?post=1530"},{"taxonomy":"post_tag","embeddable":true,"href":"https:\/\/cepronda.com\/blog\/wp-json\/wp\/v2\/tags?post=1530"}],"curies":[{"name":"wp","href":"https:\/\/api.w.org\/{rel}","templated":true}]}}