{"id":1521,"date":"2018-01-08T13:48:36","date_gmt":"2018-01-08T12:48:36","guid":{"rendered":"http:\/\/cepronda.com\/blog\/?p=1521"},"modified":"2018-01-08T13:48:36","modified_gmt":"2018-01-08T12:48:36","slug":"curso-de-robotica-educativa-infantil","status":"publish","type":"post","link":"https:\/\/cepronda.com\/blog\/curso-de-robotica-educativa-infantil\/","title":{"rendered":"Curso de Rob\u00f3tica educativa infantil"},"content":{"rendered":"<p>\u00a1Muy buenas de nuevo!<\/p>\n<p>Seguimos con nuestra oferta de actividades formativas dentro del itinerario formativo relacionado con las nuevas tecnolog\u00edas y su aplicaci\u00f3n en el aula. En este caso se trata de una actividad dedicada a la rob\u00f3tica educativa.&nbsp;<\/p>\n<p>La rob\u00f3tica educativa se define como un entorno de aprendizaje multidisciplinario y significativo. Es una herramienta mediante la cual el alumnado aprende desde construcciones simples hasta construcciones y m\u00e1quinas m\u00e1s complejas, su funcionamiento f\u00edsico te\u00f3rico, su programaci\u00f3n y la realidad de la ejecuci\u00f3n de sus rutinas. En particular vamos a trabajar con 2 plataformas diferentes: los robots EDISON (<a href=\"https:\/\/meetedison.com\/\" target=\"_blank\" rel=\"noopener\">https:\/\/meetedison.com\/<\/a>) y la plataforma WeDo de Lego Education (<a href=\"https:\/\/education.lego.com\/en-us\/products\/lego-education-wedo-constructionset\/ 9580\" target=\"_blank\" rel=\"noopener\">https:\/\/education.lego.com\/en-us\/products\/lego-education-wedo-constructionset\/ 9580<\/a>). Trabajando por parejas o en peque\u00f1os equipos de 3 personas, vamos a aprender a construir y programar los modelos investigando, escribiendo y debatiendo ideas que surgir\u00e1n durante el uso de los modelos de dichas actividades. Llegaremos a construir y programar un modelo funcional y utilizar despu\u00e9s el modelo con distintas finalidades, dependiendo del tema de la actividad y la asignatura de ciencia, tecnolog\u00eda, matem\u00e1ticas o lenguaje en la que se concentre.<\/p>\n<p>Creemos que es una actividad que os puede resultar muy interesante y de aplicaci\u00f3n en el aula. Para m\u00e1s informaci\u00f3n e inscribiros, s\u00f3lo ten\u00e9is que <a href=\"https:\/\/www.juntadeandalucia.es\/educacion\/secretariavirtual\/consultaCEP\/actividad\/182924GE006\/\" target=\"_blank\" rel=\"noopener\">seguir este enlace<\/a>, o bien hacer clic en la imagen.&nbsp;<\/p>\n<p><a href=\"https:\/\/www.juntadeandalucia.es\/educacion\/secretariavirtual\/consultaCEP\/actividad\/182924GE006\/\" target=\"_blank\" rel=\"noopener\"><img data-recalc-dims=\"1\" loading=\"lazy\" decoding=\"async\" class=\"aligncenter wp-image-1522 size-medium\" src=\"https:\/\/i0.wp.com\/cepronda.com\/blog\/wp-content\/uploads\/2018\/01\/robot-2027195_640-1-270x300.png?resize=270%2C300\" alt=\"\" width=\"270\" height=\"300\" srcset=\"https:\/\/i0.wp.com\/cepronda.com\/blog\/wp-content\/uploads\/2018\/01\/robot-2027195_640-1.png?resize=270%2C300&amp;ssl=1 270w, https:\/\/i0.wp.com\/cepronda.com\/blog\/wp-content\/uploads\/2018\/01\/robot-2027195_640-1.png?w=577&amp;ssl=1 577w\" sizes=\"auto, (max-width: 270px) 100vw, 270px\" \/><\/a><\/p>\n","protected":false},"excerpt":{"rendered":"<p>\u00a1Muy buenas de nuevo! Seguimos con nuestra oferta de actividades formativas dentro del itinerario formativo relacionado con las nuevas tecnolog\u00edas y su aplicaci\u00f3n en el aula. En este caso se trata de una actividad dedicada a la rob\u00f3tica educativa.&nbsp; La rob\u00f3tica educativa se define como un entorno de aprendizaje multidisciplinario y significativo. Es una herramienta [&hellip;]<\/p>\n","protected":false},"author":3,"featured_media":1522,"comment_status":"open","ping_status":"open","sticky":false,"template":"","format":"standard","meta":{"_crdt_document":"","advanced_seo_description":"","jetpack_seo_html_title":"","jetpack_seo_noindex":false,"jetpack_post_was_ever_published":false,"_jetpack_newsletter_access":"","_jetpack_dont_email_post_to_subs":false,"_jetpack_newsletter_tier_id":0,"_jetpack_memberships_contains_paywalled_content":false,"_jetpack_memberships_contains_paid_content":false,"footnotes":"","jetpack_publicize_message":"Curso de Rob\u00f3tica educativa infantil. Siguiente curso dentro de nuestro itinerario formativo en nuevas tecnolog\u00edas","jetpack_publicize_feature_enabled":true,"jetpack_social_post_already_shared":true,"jetpack_social_options":{"image_generator_settings":{"template":"highway","default_image_id":0,"font":"","enabled":false},"version":2}},"categories":[3],"tags":[109],"class_list":{"0":"post-1521","1":"post","2":"type-post","3":"status-publish","4":"format-standard","5":"has-post-thumbnail","7":"category-formaciones","8":"tag-robotica","9":"czr-hentry"},"jetpack_publicize_connections":[],"jetpack_featured_media_url":"https:\/\/i0.wp.com\/cepronda.com\/blog\/wp-content\/uploads\/2018\/01\/robot-2027195_640-1.png?fit=577%2C640&ssl=1","jetpack_shortlink":"https:\/\/wp.me\/p8M4X7-ox","jetpack-related-posts":[{"id":7987,"url":"https:\/\/cepronda.com\/blog\/robotica-y-pensamiento-computacional-en-primaria\/","url_meta":{"origin":1521,"position":0},"title":"ROB\u00d3TICA Y PENSAMIENTO COMPUTACIONAL EN PRIMARIA","author":"Mamen Moreno","date":"20 diciembre, 2024","format":false,"excerpt":"Se abre el plazo de inscripci\u00f3n para la actividad provincial ROB\u00d3TICA Y PENSAMIENTO COMPUTACIONAL EN PRIMARIA. Inscripci\u00f3n: Hasta el 31\/12\/24 Dirigido a Educaci\u00f3n Primaria Actividad: del 15\/01\/25 a 05\/02\/25 Duraci\u00f3n:12 h presenciales + 3 en AVFP M\u00e1s en: https:\/www.juntadeandalucia.es\/educacion\/secretariavirtual\/consultaCEP\/actividad\/252922GE073\/","rel":"","context":"En \u00abFormaciones\u00bb","block_context":{"text":"Formaciones","link":"https:\/\/cepronda.com\/blog\/category\/formaciones\/"},"img":{"alt_text":"","src":"https:\/\/i0.wp.com\/cepronda.com\/blog\/wp-content\/uploads\/2024\/12\/WhatsApp-Image-2024-12-20-at-13.06.06-300x300.jpeg?resize=350%2C200&ssl=1","width":350,"height":200},"classes":[]},{"id":2353,"url":"https:\/\/cepronda.com\/blog\/jornada-formativa-sobre-la-first-lego-league\/","url_meta":{"origin":1521,"position":1},"title":"Jornada formativa sobre la First lego League","author":"V\u00edctor Caballero","date":"1 octubre, 2018","format":false,"excerpt":"\u00a1Hola! \u00bfQu\u00e9 tal ha ido ese fin de semana? Seguro que ya con las pilas mas cargadas... Hoy queremos compartir con todos y todas vosotras esta jornada informativa para el pr\u00f3ximo mi\u00e9rcoles 10 de octubre a las 17 horas. En ella informaremos sobre la First Lego League, una actividad que\u2026","rel":"","context":"En \u00abNoticias\u00bb","block_context":{"text":"Noticias","link":"https:\/\/cepronda.com\/blog\/category\/noticias\/"},"img":{"alt_text":"","src":"https:\/\/i0.wp.com\/cepronda.com\/blog\/wp-content\/uploads\/2018\/10\/electrician-499799_640.jpg?fit=640%2C426&ssl=1&resize=350%2C200","width":350,"height":200,"srcset":"https:\/\/i0.wp.com\/cepronda.com\/blog\/wp-content\/uploads\/2018\/10\/electrician-499799_640.jpg?fit=640%2C426&ssl=1&resize=350%2C200 1x, https:\/\/i0.wp.com\/cepronda.com\/blog\/wp-content\/uploads\/2018\/10\/electrician-499799_640.jpg?fit=640%2C426&ssl=1&resize=525%2C300 1.5x"},"classes":[]},{"id":3199,"url":"https:\/\/cepronda.com\/blog\/scratch-makey-makey-y-robotica\/","url_meta":{"origin":1521,"position":2},"title":"SCRATCH, MAKEY MAKEY Y ROB\u00d3TICA","author":"V\u00edctor Caballero","date":"28 noviembre, 2019","format":false,"excerpt":"Muy buenas familia, Abrimos el plazo de inscripci\u00f3n para esta actividad que dar\u00e1 comienzo justo a la vuelta de las vacaciones de Navidad, el 8 de enero. En esta actividad intentaremos dar respuesta a todas esas demandas que estamos teniendo en los \u00faltimos a\u00f1os sobre como trabajar en nuestras clases\u2026","rel":"","context":"En \u00abFormaciones\u00bb","block_context":{"text":"Formaciones","link":"https:\/\/cepronda.com\/blog\/category\/formaciones\/"},"img":{"alt_text":"","src":"https:\/\/i0.wp.com\/cepronda.com\/blog\/wp-content\/uploads\/2019\/11\/scratch.png?fit=646%2C912&ssl=1&resize=350%2C200","width":350,"height":200,"srcset":"https:\/\/i0.wp.com\/cepronda.com\/blog\/wp-content\/uploads\/2019\/11\/scratch.png?fit=646%2C912&ssl=1&resize=350%2C200 1x, https:\/\/i0.wp.com\/cepronda.com\/blog\/wp-content\/uploads\/2019\/11\/scratch.png?fit=646%2C912&ssl=1&resize=525%2C300 1.5x"},"classes":[]},{"id":2846,"url":"https:\/\/cepronda.com\/blog\/taller-de-robotica-y-programacion-en-el-ies-perez-de-guzman\/","url_meta":{"origin":1521,"position":3},"title":"Taller de rob\u00f3tica y programaci\u00f3n en el IES P\u00e9rez de Guzm\u00e1n","author":"V\u00edctor Caballero","date":"20 mayo, 2019","format":false,"excerpt":"El pasado viernes, tuvimos la gran oportunidad de asistir a un taller de rob\u00f3tica y programaci\u00f3n organizado por varios profes del IES P\u00e9rez de Guzm\u00e1n, en el marco del grupo de trabajo que est\u00e1n llevando a cabo durante este curso. En el taller el propio alumnado realiz\u00f3 varias demostraciones a\u2026","rel":"","context":"En \u00abNoticias\u00bb","block_context":{"text":"Noticias","link":"https:\/\/cepronda.com\/blog\/category\/noticias\/"},"img":{"alt_text":"","src":"https:\/\/i0.wp.com\/cepronda.com\/blog\/wp-content\/uploads\/2018\/10\/electrician-499799_640.jpg?fit=640%2C426&ssl=1&resize=350%2C200","width":350,"height":200,"srcset":"https:\/\/i0.wp.com\/cepronda.com\/blog\/wp-content\/uploads\/2018\/10\/electrician-499799_640.jpg?fit=640%2C426&ssl=1&resize=350%2C200 1x, https:\/\/i0.wp.com\/cepronda.com\/blog\/wp-content\/uploads\/2018\/10\/electrician-499799_640.jpg?fit=640%2C426&ssl=1&resize=525%2C300 1.5x"},"classes":[]},{"id":3054,"url":"https:\/\/cepronda.com\/blog\/rondatec\/","url_meta":{"origin":1521,"position":4},"title":"RONDATEC","author":"V\u00edctor Caballero","date":"26 septiembre, 2019","format":false,"excerpt":"Muy buenas familia, Como ya publicamos hace unos d\u00edas ponemos en marcha un nuevo proyecto en nuestro CEP y es la realizaci\u00f3n de una feria donde mostremos y conozcamos lo que estamos trabajando en nuestras aulas en relaci\u00f3n a las nuevas tecnolog\u00edas. Nuestro objetivo no es ambicioso ni pretende pretende\u2026","rel":"","context":"En \u00abFormaciones\u00bb","block_context":{"text":"Formaciones","link":"https:\/\/cepronda.com\/blog\/category\/formaciones\/"},"img":{"alt_text":"","src":"https:\/\/i0.wp.com\/cepronda.com\/blog\/wp-content\/uploads\/2019\/09\/RONDATEC.png?fit=707%2C910&ssl=1&resize=350%2C200","width":350,"height":200,"srcset":"https:\/\/i0.wp.com\/cepronda.com\/blog\/wp-content\/uploads\/2019\/09\/RONDATEC.png?fit=707%2C910&ssl=1&resize=350%2C200 1x, https:\/\/i0.wp.com\/cepronda.com\/blog\/wp-content\/uploads\/2019\/09\/RONDATEC.png?fit=707%2C910&ssl=1&resize=525%2C300 1.5x, https:\/\/i0.wp.com\/cepronda.com\/blog\/wp-content\/uploads\/2019\/09\/RONDATEC.png?fit=707%2C910&ssl=1&resize=700%2C400 2x"},"classes":[]},{"id":5394,"url":"https:\/\/cepronda.com\/blog\/datos-curso-2021-22-servicio-de-ordenacion-educativa\/","url_meta":{"origin":1521,"position":5},"title":"DATOS CURSO 2021\/22.SERVICIO DE ORDENACI\u00d3N EDUCATIVA","author":"Maribel Mu\u00f1oz","date":"11 julio, 2022","format":false,"excerpt":"Buenos d\u00edas compa\u00f1eras y compa\u00f1eros, Desde el Servicio de Ordenaci\u00f3n Educativa, de la Delegaci\u00f3n Territorial de Educaci\u00f3n y Deporte en M\u00e1laga,\u00a0 os hacemos llegar el siguiente v\u00eddeo con los datos obtenidos durante el curso 2021\/22. Enlace al v\u00eddeo Deseamos que sea de vuestro inter\u00e9s. Un saludo \u00a0 \u00a0 \u00a0","rel":"","context":"En \u00abFormaciones\u00bb","block_context":{"text":"Formaciones","link":"https:\/\/cepronda.com\/blog\/category\/formaciones\/"},"img":{"alt_text":"","src":"https:\/\/i0.wp.com\/cepronda.com\/blog\/wp-content\/uploads\/2020\/03\/S%C2%B0mbolo-gen%C3%87rico-RRSS-redondo-negativo.png?fit=1200%2C1200&ssl=1&resize=350%2C200","width":350,"height":200,"srcset":"https:\/\/i0.wp.com\/cepronda.com\/blog\/wp-content\/uploads\/2020\/03\/S%C2%B0mbolo-gen%C3%87rico-RRSS-redondo-negativo.png?fit=1200%2C1200&ssl=1&resize=350%2C200 1x, https:\/\/i0.wp.com\/cepronda.com\/blog\/wp-content\/uploads\/2020\/03\/S%C2%B0mbolo-gen%C3%87rico-RRSS-redondo-negativo.png?fit=1200%2C1200&ssl=1&resize=525%2C300 1.5x, https:\/\/i0.wp.com\/cepronda.com\/blog\/wp-content\/uploads\/2020\/03\/S%C2%B0mbolo-gen%C3%87rico-RRSS-redondo-negativo.png?fit=1200%2C1200&ssl=1&resize=700%2C400 2x, https:\/\/i0.wp.com\/cepronda.com\/blog\/wp-content\/uploads\/2020\/03\/S%C2%B0mbolo-gen%C3%87rico-RRSS-redondo-negativo.png?fit=1200%2C1200&ssl=1&resize=1050%2C600 3x"},"classes":[]}],"jetpack_sharing_enabled":true,"_links":{"self":[{"href":"https:\/\/cepronda.com\/blog\/wp-json\/wp\/v2\/posts\/1521","targetHints":{"allow":["GET"]}}],"collection":[{"href":"https:\/\/cepronda.com\/blog\/wp-json\/wp\/v2\/posts"}],"about":[{"href":"https:\/\/cepronda.com\/blog\/wp-json\/wp\/v2\/types\/post"}],"author":[{"embeddable":true,"href":"https:\/\/cepronda.com\/blog\/wp-json\/wp\/v2\/users\/3"}],"replies":[{"embeddable":true,"href":"https:\/\/cepronda.com\/blog\/wp-json\/wp\/v2\/comments?post=1521"}],"version-history":[{"count":1,"href":"https:\/\/cepronda.com\/blog\/wp-json\/wp\/v2\/posts\/1521\/revisions"}],"predecessor-version":[{"id":1523,"href":"https:\/\/cepronda.com\/blog\/wp-json\/wp\/v2\/posts\/1521\/revisions\/1523"}],"wp:featuredmedia":[{"embeddable":true,"href":"https:\/\/cepronda.com\/blog\/wp-json\/wp\/v2\/media\/1522"}],"wp:attachment":[{"href":"https:\/\/cepronda.com\/blog\/wp-json\/wp\/v2\/media?parent=1521"}],"wp:term":[{"taxonomy":"category","embeddable":true,"href":"https:\/\/cepronda.com\/blog\/wp-json\/wp\/v2\/categories?post=1521"},{"taxonomy":"post_tag","embeddable":true,"href":"https:\/\/cepronda.com\/blog\/wp-json\/wp\/v2\/tags?post=1521"}],"curies":[{"name":"wp","href":"https:\/\/api.w.org\/{rel}","templated":true}]}}