{"id":1512,"date":"2018-01-08T11:21:23","date_gmt":"2018-01-08T10:21:23","guid":{"rendered":"http:\/\/cepronda.com\/blog\/?p=1512"},"modified":"2018-01-08T11:21:23","modified_gmt":"2018-01-08T10:21:23","slug":"convocatoria-de-cursos-a-distancia-del-aula-virtual-de-formacion","status":"publish","type":"post","link":"https:\/\/cepronda.com\/blog\/convocatoria-de-cursos-a-distancia-del-aula-virtual-de-formacion\/","title":{"rendered":"Convocatoria de cursos a distancia del Aula Virtual de Formaci\u00f3n"},"content":{"rendered":"<p>\u00a1Hola a todo el mundo!<\/p>\n<p>\u00bfQu\u00e9 tal esas vacaciones? Esperamos desde el CEP que haya ido todo muy bien, y hayamos recuperado energ\u00edas&#8230;que falta nos hace que entre las clases y las nuevas actividades formativas que ponemos en marcha nos vamos a ver mucho en las pr\u00f3ximas semanas.<\/p>\n<p>En esta entrada quer\u00edamos compartir con todas y todos vosotros el enlace a la oferta de cursos en l\u00ednea del Aula Virtual de Formaci\u00f3n del Profesorado, donde nos ofertan la posibilidad de acceder a 35 cursos en l\u00ednea. Ma\u00f1ana se abre el plazo de inscripci\u00f3n a los mismos. Si <a href=\"https:\/\/educacionadistancia.juntadeandalucia.es\/profesorado\/mod\/page\/view.php?id=106544\" target=\"_blank\" rel=\"noopener\">segu\u00eds este enlace<\/a> o hac\u00e9is clic en la imagen pod\u00e9is acceder a toda la informaci\u00f3n.<\/p>\n<p>&nbsp;<a href=\"https:\/\/educacionadistancia.juntadeandalucia.es\/profesorado\/mod\/page\/view.php?id=106544\" target=\"_blank\" rel=\"noopener\"><img data-recalc-dims=\"1\" loading=\"lazy\" decoding=\"async\" class=\"aligncenter wp-image-1513 size-full\" src=\"https:\/\/i0.wp.com\/cepronda.com\/blog\/wp-content\/uploads\/2018\/01\/laptop-1071779_640.jpg?resize=640%2C381\" alt=\"\" width=\"640\" height=\"381\" srcset=\"https:\/\/i0.wp.com\/cepronda.com\/blog\/wp-content\/uploads\/2018\/01\/laptop-1071779_640.jpg?w=640&amp;ssl=1 640w, https:\/\/i0.wp.com\/cepronda.com\/blog\/wp-content\/uploads\/2018\/01\/laptop-1071779_640.jpg?resize=300%2C179&amp;ssl=1 300w\" sizes=\"auto, (max-width: 640px) 100vw, 640px\" \/><\/a><\/p>\n","protected":false},"excerpt":{"rendered":"<p>\u00a1Hola a todo el mundo! \u00bfQu\u00e9 tal esas vacaciones? Esperamos desde el CEP que haya ido todo muy bien, y hayamos recuperado energ\u00edas&#8230;que falta nos hace que entre las clases y las nuevas actividades formativas que ponemos en marcha nos vamos a ver mucho en las pr\u00f3ximas semanas. En esta entrada quer\u00edamos compartir con todas [&hellip;]<\/p>\n","protected":false},"author":3,"featured_media":1513,"comment_status":"open","ping_status":"open","sticky":false,"template":"","format":"standard","meta":{"_crdt_document":"","advanced_seo_description":"","jetpack_seo_html_title":"","jetpack_seo_noindex":false,"jetpack_post_was_ever_published":false,"_jetpack_newsletter_access":"","_jetpack_dont_email_post_to_subs":false,"_jetpack_newsletter_tier_id":0,"_jetpack_memberships_contains_paywalled_content":false,"_jetpack_memberships_contains_paid_content":false,"footnotes":"","jetpack_publicize_message":"Convocatoria de cursos a distancia del Aula Virtual de Formaci\u00f3n","jetpack_publicize_feature_enabled":true,"jetpack_social_post_already_shared":true,"jetpack_social_options":{"image_generator_settings":{"template":"highway","default_image_id":0,"font":"","enabled":false},"version":2}},"categories":[3],"tags":[10,66],"class_list":{"0":"post-1512","1":"post","2":"type-post","3":"status-publish","4":"format-standard","5":"has-post-thumbnail","7":"category-formaciones","8":"tag-avfp","9":"tag-teleformacion","10":"czr-hentry"},"jetpack_publicize_connections":[],"jetpack_featured_media_url":"https:\/\/i0.wp.com\/cepronda.com\/blog\/wp-content\/uploads\/2018\/01\/laptop-1071779_640.jpg?fit=640%2C381&ssl=1","jetpack_shortlink":"https:\/\/wp.me\/p8M4X7-oo","jetpack-related-posts":[{"id":2879,"url":"https:\/\/cepronda.com\/blog\/cursos-en-abierto-en-el-aula-virtual-del-profesorado\/","url_meta":{"origin":1512,"position":0},"title":"Cursos en abierto en el Aula Virtual del Profesorado","author":"V\u00edctor Caballero","date":"18 junio, 2019","format":false,"excerpt":"Muy buenas familia, Os comentamos que se ha actualizado el cat\u00e1logo de cursos en abierto del Aula Virtual de Formaci\u00f3n del Profesorado. Para acceder a ellos no es necesario registrarse ni identificarse con el usuario habitual.\u00a0 Puedes ver todo el cat\u00e1logo de cursos en el siguiente enlace.","rel":"","context":"En \u00abNoticias\u00bb","block_context":{"text":"Noticias","link":"https:\/\/cepronda.com\/blog\/category\/noticias\/"},"img":{"alt_text":"","src":"https:\/\/i0.wp.com\/cepronda.com\/blog\/wp-content\/uploads\/2016\/09\/AVFP.jpg?resize=350%2C200","width":350,"height":200},"classes":[]},{"id":4180,"url":"https:\/\/cepronda.com\/blog\/podcast-recurso-educativo-didactico-e-internivelar-para-todas-las-especialidades-dentro-y-fuera-del-aula-virtual-nivel-ii\/","url_meta":{"origin":1512,"position":1},"title":"PODCAST: RECURSO EDUCATIVO, DID\u00c1CTICO E INTERNIVELAR, PARA TODAS LAS ESPECIALIDADES, DENTRO Y FUERA DEL AULA VIRTUAL. NIVEL II","author":"Maribel Mu\u00f1oz","date":"11 febrero, 2021","format":false,"excerpt":"Buenos d\u00edas compa\u00f1eras y compa\u00f1eros,Os informamos que est\u00e1 abierto el plazo de inscripci\u00f3n de la formaci\u00f3n\u00a0 PODCAST: RECURSO EDUCATIVO, DID\u00c1CTICO E INTERNIVELAR. NIVEL II\u00a0 212924GE008,\u00a0\u00a0 que comenzar\u00e1 a desarrollarse el pr\u00f3ximo\u00a0 08\/03\/2021. Adjuntamos enlace : https:\/\/www.juntadeandalucia.es\/educacion\/secretariavirtual\/consultaCEP\/actividad\/212924GE008\/Te rogamos que en el caso de renunciar o no poder asistir a esta formaci\u00f3n,\u2026","rel":"","context":"En \u00abFormaciones\u00bb","block_context":{"text":"Formaciones","link":"https:\/\/cepronda.com\/blog\/category\/formaciones\/"},"img":{"alt_text":"","src":"https:\/\/i0.wp.com\/cepronda.com\/blog\/wp-content\/uploads\/2021\/02\/PODCAST-II-212924GE008.jpg?fit=848%2C1200&ssl=1&resize=350%2C200","width":350,"height":200,"srcset":"https:\/\/i0.wp.com\/cepronda.com\/blog\/wp-content\/uploads\/2021\/02\/PODCAST-II-212924GE008.jpg?fit=848%2C1200&ssl=1&resize=350%2C200 1x, https:\/\/i0.wp.com\/cepronda.com\/blog\/wp-content\/uploads\/2021\/02\/PODCAST-II-212924GE008.jpg?fit=848%2C1200&ssl=1&resize=525%2C300 1.5x, https:\/\/i0.wp.com\/cepronda.com\/blog\/wp-content\/uploads\/2021\/02\/PODCAST-II-212924GE008.jpg?fit=848%2C1200&ssl=1&resize=700%2C400 2x"},"classes":[]},{"id":729,"url":"https:\/\/cepronda.com\/blog\/segunda-convocatoria-de-cursos-de-teleformacion-regional\/","url_meta":{"origin":1512,"position":2},"title":"Segunda convocatoria de Cursos de Teleformaci\u00f3n regional","author":"V\u00edctor Caballero","date":"9 marzo, 2017","format":false,"excerpt":"Hola \u00a1muy buenas! Escribimos esta entrada para comunicaros que se abri\u00f3 hace un par de d\u00edas el plazo de solicitud de inscripci\u00f3n en los cursos de Teleformaci\u00f3n Regional del Aula Virtual de Formaci\u00f3n del Profesorado. Existen bastantes cursos muy interesantes, os dejamos con el enlace con la informaci\u00f3n de los\u2026","rel":"","context":"En \u00abNoticias\u00bb","block_context":{"text":"Noticias","link":"https:\/\/cepronda.com\/blog\/category\/noticias\/"},"img":{"alt_text":"","src":"https:\/\/i0.wp.com\/cepronda.com\/blog\/wp-content\/uploads\/2016\/11\/macbook-336704_640-300x200.jpg?resize=350%2C200","width":350,"height":200},"classes":[]},{"id":3091,"url":"https:\/\/cepronda.com\/blog\/primera-convocatoria-regional-2019-2020-oferta-formativa-del-aula-virtual-de-formacion-del-profesorado\/","url_meta":{"origin":1512,"position":3},"title":"Primera convocatoria regional 2019\/2020. Oferta formativa del aula virtual de formaci\u00f3n del profesorado.","author":"V\u00edctor Caballero","date":"12 octubre, 2019","format":false,"excerpt":"Dentro del plan de formaci\u00f3n del profesorado de la Consejer\u00eda de Educaci\u00f3n se ofertan 35 cursos en la modalidad de cursos a distancia. Las condiciones de la oferta son las siguientes: Plazo de inscripci\u00f3n:\u00a0Desde el 14 de octubre de 2019 a las 15:00 horas hasta el 17 de octubre de\u2026","rel":"","context":"En \u00abFormaciones\u00bb","block_context":{"text":"Formaciones","link":"https:\/\/cepronda.com\/blog\/category\/formaciones\/"},"img":{"alt_text":"","src":"https:\/\/i0.wp.com\/cepronda.com\/blog\/wp-content\/uploads\/2019\/10\/AVFP1920.png?resize=350%2C200&ssl=1","width":350,"height":200,"srcset":"https:\/\/i0.wp.com\/cepronda.com\/blog\/wp-content\/uploads\/2019\/10\/AVFP1920.png?resize=350%2C200&ssl=1 1x, https:\/\/i0.wp.com\/cepronda.com\/blog\/wp-content\/uploads\/2019\/10\/AVFP1920.png?resize=525%2C300&ssl=1 1.5x"},"classes":[]},{"id":1389,"url":"https:\/\/cepronda.com\/blog\/oferta-formativa-aprendeintef\/","url_meta":{"origin":1512,"position":4},"title":"Oferta formativa AprendeINTEF","author":"V\u00edctor Caballero","date":"2 noviembre, 2017","format":false,"excerpt":"Adem\u00e1s de nuestros cursos de formaci\u00f3n presenciales y en l\u00ednea, como profesorado tenemos multitud de opciones de formarnos on-line. Una de las opciones es a trav\u00e9s de los cursos que nos oferta el INTEF a trav\u00e9s de su plataforma Educalab.\u00a0 Os dejamos con el enlace a la web donde podr\u00e9is\u2026","rel":"","context":"En \u00abNoticias\u00bb","block_context":{"text":"Noticias","link":"https:\/\/cepronda.com\/blog\/category\/noticias\/"},"img":{"alt_text":"","src":"https:\/\/i0.wp.com\/cepronda.com\/blog\/wp-content\/uploads\/2016\/09\/intef.png?resize=350%2C200","width":350,"height":200},"classes":[]},{"id":8304,"url":"https:\/\/cepronda.com\/blog\/%e2%9a%a1%e2%9a%a1nueva-convocatoria-regional-de-cursos%e2%9a%a1%e2%9a%a1\/","url_meta":{"origin":1512,"position":5},"title":"\u26a1\u26a1NUEVA CONVOCATORIA REGIONAL DE CURSOS\u26a1\u26a1","author":"Inmaculada Garc\u00eda","date":"7 marzo, 2025","format":false,"excerpt":"\u26a1\u26a1NUEVA CONVOCATORIA REGIONAL DE CURSOS\u26a1\u26a1 \u00a0 \u00a1A\u00fan puedes certificar un nivel en Competencia Digital Docente! Pincha en el enlace y accede a la nueva oferta formativa regional. Plazos de inscripci\u00f3n: 10\/03\/2025 hasta 17\/03\/2025. A desarrollar en el Aula Virtual de Formaci\u00f3n al Profesorado. INFORMACI\u00d3N E INSCRIPCIONES: https:\/\/bit.ly\/41JycpE","rel":"","context":"En \u00abFormaciones\u00bb","block_context":{"text":"Formaciones","link":"https:\/\/cepronda.com\/blog\/category\/formaciones\/"},"img":{"alt_text":"","src":"https:\/\/i0.wp.com\/cepronda.com\/blog\/wp-content\/uploads\/2025\/03\/Captura-de-pantalla-2025-03-07-132914.png?fit=1200%2C735&ssl=1&resize=350%2C200","width":350,"height":200,"srcset":"https:\/\/i0.wp.com\/cepronda.com\/blog\/wp-content\/uploads\/2025\/03\/Captura-de-pantalla-2025-03-07-132914.png?fit=1200%2C735&ssl=1&resize=350%2C200 1x, https:\/\/i0.wp.com\/cepronda.com\/blog\/wp-content\/uploads\/2025\/03\/Captura-de-pantalla-2025-03-07-132914.png?fit=1200%2C735&ssl=1&resize=525%2C300 1.5x, https:\/\/i0.wp.com\/cepronda.com\/blog\/wp-content\/uploads\/2025\/03\/Captura-de-pantalla-2025-03-07-132914.png?fit=1200%2C735&ssl=1&resize=700%2C400 2x, https:\/\/i0.wp.com\/cepronda.com\/blog\/wp-content\/uploads\/2025\/03\/Captura-de-pantalla-2025-03-07-132914.png?fit=1200%2C735&ssl=1&resize=1050%2C600 3x"},"classes":[]}],"jetpack_sharing_enabled":true,"_links":{"self":[{"href":"https:\/\/cepronda.com\/blog\/wp-json\/wp\/v2\/posts\/1512","targetHints":{"allow":["GET"]}}],"collection":[{"href":"https:\/\/cepronda.com\/blog\/wp-json\/wp\/v2\/posts"}],"about":[{"href":"https:\/\/cepronda.com\/blog\/wp-json\/wp\/v2\/types\/post"}],"author":[{"embeddable":true,"href":"https:\/\/cepronda.com\/blog\/wp-json\/wp\/v2\/users\/3"}],"replies":[{"embeddable":true,"href":"https:\/\/cepronda.com\/blog\/wp-json\/wp\/v2\/comments?post=1512"}],"version-history":[{"count":1,"href":"https:\/\/cepronda.com\/blog\/wp-json\/wp\/v2\/posts\/1512\/revisions"}],"predecessor-version":[{"id":1514,"href":"https:\/\/cepronda.com\/blog\/wp-json\/wp\/v2\/posts\/1512\/revisions\/1514"}],"wp:featuredmedia":[{"embeddable":true,"href":"https:\/\/cepronda.com\/blog\/wp-json\/wp\/v2\/media\/1513"}],"wp:attachment":[{"href":"https:\/\/cepronda.com\/blog\/wp-json\/wp\/v2\/media?parent=1512"}],"wp:term":[{"taxonomy":"category","embeddable":true,"href":"https:\/\/cepronda.com\/blog\/wp-json\/wp\/v2\/categories?post=1512"},{"taxonomy":"post_tag","embeddable":true,"href":"https:\/\/cepronda.com\/blog\/wp-json\/wp\/v2\/tags?post=1512"}],"curies":[{"name":"wp","href":"https:\/\/api.w.org\/{rel}","templated":true}]}}