{"id":1503,"date":"2017-12-18T12:57:59","date_gmt":"2017-12-18T11:57:59","guid":{"rendered":"http:\/\/cepronda.com\/blog\/?p=1503"},"modified":"2017-12-18T12:58:28","modified_gmt":"2017-12-18T11:58:28","slug":"curso-musica-y-danza-como-metodo-de-resolucion-de-conflictos","status":"publish","type":"post","link":"https:\/\/cepronda.com\/blog\/curso-musica-y-danza-como-metodo-de-resolucion-de-conflictos\/","title":{"rendered":"Curso \u00abM\u00fasica y danza como m\u00e9todo de resoluci\u00f3n de conflictos\u00bb"},"content":{"rendered":"<p>\u00a1Hola!&nbsp;<\/p>\n<p>En esta \u00faltima semana antes de las merecid\u00edsimas vacaciones de Navidad seguimos ofertando cursos que pueden resultar de vuestro inter\u00e9s. En este caso se trata de un curso que ha salido como respuesta a un Grupo de Trabajo del IES P\u00e9rez de Guzm\u00e1n, aunque hemos pensado abrirlo al resto de profesorado interesado tanto de Infantil, Primaria como Secundaria.&nbsp;<\/p>\n<p>Para ver los detalles del curso, as\u00ed como para inscribiros s\u00f3lo ten\u00e9is que <a href=\"https:\/\/www.juntadeandalucia.es\/educacion\/secretariavirtual\/consultaCEP\/actividad\/182924GE009\/\" target=\"_blank\" rel=\"noopener\">seguir este enlace<\/a>.&nbsp;<\/p>\n<p><a href=\"https:\/\/www.juntadeandalucia.es\/educacion\/secretariavirtual\/consultaCEP\/actividad\/182924GE009\/\" target=\"_blank\" rel=\"noopener\"><img data-recalc-dims=\"1\" loading=\"lazy\" decoding=\"async\" class=\"aligncenter wp-image-1497 size-full\" src=\"https:\/\/i0.wp.com\/cepronda.com\/blog\/wp-content\/uploads\/2017\/12\/freedom-307791_640.png?resize=640%2C480\" alt=\"\" width=\"640\" height=\"480\"><\/a><\/p>\n","protected":false},"excerpt":{"rendered":"<p>\u00a1Hola!&nbsp; En esta \u00faltima semana antes de las merecid\u00edsimas vacaciones de Navidad seguimos ofertando cursos que pueden resultar de vuestro inter\u00e9s. En este caso se trata de un curso que ha salido como respuesta a un Grupo de Trabajo del IES P\u00e9rez de Guzm\u00e1n, aunque hemos pensado abrirlo al resto de profesorado interesado tanto de [&hellip;]<\/p>\n","protected":false},"author":3,"featured_media":0,"comment_status":"open","ping_status":"open","sticky":false,"template":"","format":"standard","meta":{"_crdt_document":"","advanced_seo_description":"","jetpack_seo_html_title":"","jetpack_seo_noindex":false,"jetpack_post_was_ever_published":false,"_jetpack_newsletter_access":"","_jetpack_dont_email_post_to_subs":false,"_jetpack_newsletter_tier_id":0,"_jetpack_memberships_contains_paywalled_content":false,"_jetpack_memberships_contains_paid_content":false,"footnotes":"","jetpack_publicize_message":"","jetpack_publicize_feature_enabled":true,"jetpack_social_post_already_shared":true,"jetpack_social_options":{"image_generator_settings":{"template":"highway","default_image_id":0,"font":"","enabled":false},"version":2}},"categories":[3],"tags":[104],"class_list":{"0":"post-1503","1":"post","2":"type-post","3":"status-publish","4":"format-standard","6":"category-formaciones","7":"tag-educacion-emocional","8":"czr-hentry"},"jetpack_publicize_connections":[],"jetpack_featured_media_url":"","jetpack_shortlink":"https:\/\/wp.me\/p8M4X7-of","jetpack-related-posts":[{"id":8742,"url":"https:\/\/cepronda.com\/blog\/curso-escolar-2025-2026\/","url_meta":{"origin":1503,"position":0},"title":"CURSO ESCOLAR 2025\/2026","author":"Mamen Moreno","date":"2 septiembre, 2025","format":false,"excerpt":"\u00a1Comienza la aventura! Bienvenidos al curso 2025\/2026. Comenzamos un nuevo curso con ilusi\u00f3n, compromiso y ganas de seguir aprendiendo juntos.","rel":"","context":"En \u00abNoticias\u00bb","block_context":{"text":"Noticias","link":"https:\/\/cepronda.com\/blog\/category\/noticias\/"},"img":{"alt_text":"","src":"https:\/\/i0.wp.com\/cepronda.com\/blog\/wp-content\/uploads\/2025\/09\/post-de-instagram-bienvenido-septiembre-amarillo-3.png?fit=960%2C1200&ssl=1&resize=350%2C200","width":350,"height":200,"srcset":"https:\/\/i0.wp.com\/cepronda.com\/blog\/wp-content\/uploads\/2025\/09\/post-de-instagram-bienvenido-septiembre-amarillo-3.png?fit=960%2C1200&ssl=1&resize=350%2C200 1x, https:\/\/i0.wp.com\/cepronda.com\/blog\/wp-content\/uploads\/2025\/09\/post-de-instagram-bienvenido-septiembre-amarillo-3.png?fit=960%2C1200&ssl=1&resize=525%2C300 1.5x, https:\/\/i0.wp.com\/cepronda.com\/blog\/wp-content\/uploads\/2025\/09\/post-de-instagram-bienvenido-septiembre-amarillo-3.png?fit=960%2C1200&ssl=1&resize=700%2C400 2x"},"classes":[]},{"id":9203,"url":"https:\/\/cepronda.com\/blog\/curso-regional-a-distancia-curso-para-profesorado-de-area-no-linguistica-en-ingles\/","url_meta":{"origin":1503,"position":1},"title":"CURSO REGIONAL A DISTANCIA: CURSO PARA PROFESORADO DE \u00c1REA NO LING\u00dc\u00cdSTICA EN INGL\u00c9S","author":"Encarni Jim\u00e9nez Rosado","date":"13 enero, 2026","format":false,"excerpt":"Abierto plazo de inscripci\u00f3n para curso \u201cREGIONAL A DISTANCIA: CURSO PARA PROFESORADO DE \u00c1REA NO LING\u00dc\u00cdSTICA EN INGL\u00c9S\u201d. C\u00f3digo: 26K9926AV156. Dirigido al profesorado de \u00e1reas no ling\u00fc\u00edsticas de centro biling\u00fces de Andaluc\u00eda. Inscripci\u00f3n: 07\/01\/2026 al 21\/01\/2026. Fecha de realizaci\u00f3n de la actividad 27\/01\/2026 hasta 26\/03\/2026. M\u00e1s informaci\u00f3n e inscripci\u00f3n: https:\/\/secretariavirtual.juntadeandalucia.es\/secretariavirtual\/consultaCEP\/actividad\/26K9926AV156\/","rel":"","context":"En \u00abFormaciones\u00bb","block_context":{"text":"Formaciones","link":"https:\/\/cepronda.com\/blog\/category\/formaciones\/"},"img":{"alt_text":"","src":"","width":0,"height":0},"classes":[]},{"id":9182,"url":"https:\/\/cepronda.com\/blog\/curso-formacion-en-debate-academico-jurados-curso-25-26\/","url_meta":{"origin":1503,"position":2},"title":"CURSO FORMACI\u00d3N EN DEBATE ACAD\u00c9MICO: JURADOS. CURSO 25-26","author":"Encarni Jim\u00e9nez Rosado","date":"13 enero, 2026","format":false,"excerpt":"Abierto el plazo de inscripci\u00f3n para el curso \"FORMACI\u00d3N EN DEBATE ACAD\u00c9MICO: JURADOS. CURSO 25-26\" Dirigido a: Profesorado de Educaci\u00f3n Secundaria Obligatoria, Bachillerato, FP de Grado Medio. Inscripci\u00f3n: desde 13\/01\/2026 a 23\/01\/2026 Actividad: 27\/01\/2026 a 27\/02\/2026 Duraci\u00f3n: 12 horas (9 presenciales + 3 no presenciales) Lugar: Webex (de 16:00 a\u2026","rel":"","context":"En \u00abNoticias\u00bb","block_context":{"text":"Noticias","link":"https:\/\/cepronda.com\/blog\/category\/noticias\/"},"img":{"alt_text":"","src":"","width":0,"height":0},"classes":[]},{"id":7935,"url":"https:\/\/cepronda.com\/blog\/curso-edicion-davinci-resolve-para-ensenanzas-are\/","url_meta":{"origin":1503,"position":3},"title":"CURSO EDICI\u00d3N DAVINCI RESOLVE PARA ENSE\u00d1ANZAS ARE","author":"Mamen Moreno","date":"13 diciembre, 2024","format":false,"excerpt":"Abierta la inscripci\u00f3n del curso presencial provincial organizado por el CEP de M\u00e1laga CURSO EDICI\u00d3N DAVINCI RESOLVE PARA ENSE\u00d1ANZAS ARE C\u00f3digo: 252922GE091 Inscripciones:\u00a0desde el 12\/12\/2024 hasta 20\/01\/2025 Fecha de inicio y fin del curso:\u00a003\/02\/2025 -\u00a007\/02\/2025 Lugar de realizaci\u00f3n:\u00a0Escuela Superior de Arte Dram\u00e1tico de M\u00e1laga Detalle e inscripci\u00f3n:\u00a0https:\/\/www.juntadeandalucia.es\/educacion\/secretariavirtual\/consultaCEP\/actividad\/252922GE091\/","rel":"","context":"En \u00abFormaciones\u00bb","block_context":{"text":"Formaciones","link":"https:\/\/cepronda.com\/blog\/category\/formaciones\/"},"img":{"alt_text":"","src":"https:\/\/i0.wp.com\/cepronda.com\/blog\/wp-content\/uploads\/2024\/12\/Cartel-DAVINCI.jpeg?fit=1080%2C1080&ssl=1&resize=350%2C200","width":350,"height":200,"srcset":"https:\/\/i0.wp.com\/cepronda.com\/blog\/wp-content\/uploads\/2024\/12\/Cartel-DAVINCI.jpeg?fit=1080%2C1080&ssl=1&resize=350%2C200 1x, https:\/\/i0.wp.com\/cepronda.com\/blog\/wp-content\/uploads\/2024\/12\/Cartel-DAVINCI.jpeg?fit=1080%2C1080&ssl=1&resize=525%2C300 1.5x, https:\/\/i0.wp.com\/cepronda.com\/blog\/wp-content\/uploads\/2024\/12\/Cartel-DAVINCI.jpeg?fit=1080%2C1080&ssl=1&resize=700%2C400 2x, https:\/\/i0.wp.com\/cepronda.com\/blog\/wp-content\/uploads\/2024\/12\/Cartel-DAVINCI.jpeg?fit=1080%2C1080&ssl=1&resize=1050%2C600 3x"},"classes":[]},{"id":5410,"url":"https:\/\/cepronda.com\/blog\/curso-el-museo-unicaja-joaquin-peinado-en-su-xx-aniversario-undecimo-curso-de-formacion\/","url_meta":{"origin":1503,"position":4},"title":"CURSO: EL MUSEO UNICAJA JOAQU\u00cdN PEINADO EN SU XX ANIVERSARIO. UND\u00c9CIMO CURSO DE FORMACI\u00d3N","author":"Antonio Montes","date":"8 septiembre, 2022","format":false,"excerpt":"Os informamos que se ha abierto el plazo de inscripci\u00f3n en el curso: EL MUSEO UNICAJA JOAQU\u00cdN PEINADO EN SU XX ANIVERSARIO. UND\u00c9CIMO CURSO DE FORMACI\u00d3N (C\u00f3digo: 232924GE004) Fechas de realizaci\u00f3n: del 20 de septiembre al 6 de octubre del 2022, en horario de 18:30 h a 20:00 h. Todas\u2026","rel":"","context":"En \u00abFormaciones\u00bb","block_context":{"text":"Formaciones","link":"https:\/\/cepronda.com\/blog\/category\/formaciones\/"},"img":{"alt_text":"","src":"https:\/\/i0.wp.com\/cepronda.com\/blog\/wp-content\/uploads\/2022\/09\/232924GE004-MUSEO-JOAQUIN-PEINADO.png?fit=848%2C1200&ssl=1&resize=350%2C200","width":350,"height":200,"srcset":"https:\/\/i0.wp.com\/cepronda.com\/blog\/wp-content\/uploads\/2022\/09\/232924GE004-MUSEO-JOAQUIN-PEINADO.png?fit=848%2C1200&ssl=1&resize=350%2C200 1x, https:\/\/i0.wp.com\/cepronda.com\/blog\/wp-content\/uploads\/2022\/09\/232924GE004-MUSEO-JOAQUIN-PEINADO.png?fit=848%2C1200&ssl=1&resize=525%2C300 1.5x, https:\/\/i0.wp.com\/cepronda.com\/blog\/wp-content\/uploads\/2022\/09\/232924GE004-MUSEO-JOAQUIN-PEINADO.png?fit=848%2C1200&ssl=1&resize=700%2C400 2x"},"classes":[]},{"id":2200,"url":"https:\/\/cepronda.com\/blog\/instrucciones-sobre-programas-educativos-para-el-proximo-curso-escolar\/","url_meta":{"origin":1503,"position":5},"title":"Instrucciones sobre Programas educativos para el pr\u00f3ximo curso escolar","author":"V\u00edctor Caballero","date":"26 junio, 2018","format":false,"excerpt":"\u00a1Hola familia! Pensando ya en el pr\u00f3ximo curso escolar os informamos que han salido publicadas las instrucciones por las que se efect\u00faa la convocatoria de programas educativos para el pr\u00f3ximo curso escolar. Para acceder a las mismas s\u00f3lo ten\u00e9is que seguir este enlace. Un saludo. \u00a0","rel":"","context":"En \u00abFormaciones\u00bb","block_context":{"text":"Formaciones","link":"https:\/\/cepronda.com\/blog\/category\/formaciones\/"},"img":{"alt_text":"","src":"https:\/\/i0.wp.com\/cepronda.com\/blog\/wp-content\/uploads\/2017\/05\/logo_ja_ce_mejor.jpg?fit=732%2C600&ssl=1&resize=350%2C200","width":350,"height":200,"srcset":"https:\/\/i0.wp.com\/cepronda.com\/blog\/wp-content\/uploads\/2017\/05\/logo_ja_ce_mejor.jpg?fit=732%2C600&ssl=1&resize=350%2C200 1x, https:\/\/i0.wp.com\/cepronda.com\/blog\/wp-content\/uploads\/2017\/05\/logo_ja_ce_mejor.jpg?fit=732%2C600&ssl=1&resize=525%2C300 1.5x, https:\/\/i0.wp.com\/cepronda.com\/blog\/wp-content\/uploads\/2017\/05\/logo_ja_ce_mejor.jpg?fit=732%2C600&ssl=1&resize=700%2C400 2x"},"classes":[]}],"jetpack_sharing_enabled":true,"_links":{"self":[{"href":"https:\/\/cepronda.com\/blog\/wp-json\/wp\/v2\/posts\/1503","targetHints":{"allow":["GET"]}}],"collection":[{"href":"https:\/\/cepronda.com\/blog\/wp-json\/wp\/v2\/posts"}],"about":[{"href":"https:\/\/cepronda.com\/blog\/wp-json\/wp\/v2\/types\/post"}],"author":[{"embeddable":true,"href":"https:\/\/cepronda.com\/blog\/wp-json\/wp\/v2\/users\/3"}],"replies":[{"embeddable":true,"href":"https:\/\/cepronda.com\/blog\/wp-json\/wp\/v2\/comments?post=1503"}],"version-history":[{"count":1,"href":"https:\/\/cepronda.com\/blog\/wp-json\/wp\/v2\/posts\/1503\/revisions"}],"predecessor-version":[{"id":1504,"href":"https:\/\/cepronda.com\/blog\/wp-json\/wp\/v2\/posts\/1503\/revisions\/1504"}],"wp:attachment":[{"href":"https:\/\/cepronda.com\/blog\/wp-json\/wp\/v2\/media?parent=1503"}],"wp:term":[{"taxonomy":"category","embeddable":true,"href":"https:\/\/cepronda.com\/blog\/wp-json\/wp\/v2\/categories?post=1503"},{"taxonomy":"post_tag","embeddable":true,"href":"https:\/\/cepronda.com\/blog\/wp-json\/wp\/v2\/tags?post=1503"}],"curies":[{"name":"wp","href":"https:\/\/api.w.org\/{rel}","templated":true}]}}