{"id":1499,"date":"2017-12-18T11:38:54","date_gmt":"2017-12-18T10:38:54","guid":{"rendered":"http:\/\/cepronda.com\/blog\/?p=1499"},"modified":"2017-12-18T11:38:54","modified_gmt":"2017-12-18T10:38:54","slug":"curso-conciencia-fonologica-y-otras-habilidades-orales","status":"publish","type":"post","link":"https:\/\/cepronda.com\/blog\/curso-conciencia-fonologica-y-otras-habilidades-orales\/","title":{"rendered":"Curso \u00abConciencia fonol\u00f3gica y otras habilidades orales\u00bb"},"content":{"rendered":"<p>Seguimos proponiendo actividades formativas para el segundo trimestre. En este caso se trata de&nbsp;CONCIENCIA FONOL\u00d3GICA Y OTRAS HABILIDADES ORALES: UN ENFOQUE PROACTIVO DE LA ENSE\u00d1ANZA DE LA LECTURA.<\/p>\n<p>Esta acci\u00f3n formativa va dirigida al profesorado de Educaci\u00f3n Infantil, Primer Ciclo de Primaria y profesorado de educaci\u00f3n especial. Surge de la demanda de las compa\u00f1eras del CEIP Juan Carrillo que han constituido un Grupo de Trabajo para autoformarse en esta tem\u00e1tica; sin embargo, ante la demanda de compa\u00f1eras de otros centros educativos, se va a abrir para todas las personas que est\u00e9n interesadas.<\/p>\n<p>El plazo de inscripci\u00f3n finaliza el 15 de enero.<\/p>\n<p>En el <a href=\"https:\/\/www.juntadeandalucia.es\/educacion\/secretariavirtual\/consultaCEP\/actividad\/182924GE157\/\" target=\"_blank\" rel=\"noopener\">siguiente enlace<\/a> ten\u00e9is toda la informaci\u00f3n y pod\u00e9is acceder a S\u00e9neca para inscribiros.<\/p>\n<p><a href=\"https:\/\/www.juntadeandalucia.es\/educacion\/secretariavirtual\/consultaCEP\/actividad\/182924GE157\/\" target=\"_blank\" rel=\"noopener\"><img data-recalc-dims=\"1\" loading=\"lazy\" decoding=\"async\" class=\"aligncenter wp-image-1500 size-full\" src=\"https:\/\/i0.wp.com\/cepronda.com\/blog\/wp-content\/uploads\/2017\/12\/teddy-bear-2855982_640.jpg?resize=640%2C425\" alt=\"\" width=\"640\" height=\"425\"><\/a><\/p>\n","protected":false},"excerpt":{"rendered":"<p>Seguimos proponiendo actividades formativas para el segundo trimestre. En este caso se trata de&nbsp;CONCIENCIA FONOL\u00d3GICA Y OTRAS HABILIDADES ORALES: UN ENFOQUE PROACTIVO DE LA ENSE\u00d1ANZA DE LA LECTURA. Esta acci\u00f3n formativa va dirigida al profesorado de Educaci\u00f3n Infantil, Primer Ciclo de Primaria y profesorado de educaci\u00f3n especial. Surge de la demanda de las compa\u00f1eras del [&hellip;]<\/p>\n","protected":false},"author":3,"featured_media":0,"comment_status":"open","ping_status":"open","sticky":false,"template":"","format":"standard","meta":{"_crdt_document":"","advanced_seo_description":"","jetpack_seo_html_title":"","jetpack_seo_noindex":false,"jetpack_post_was_ever_published":false,"_jetpack_newsletter_access":"","_jetpack_dont_email_post_to_subs":false,"_jetpack_newsletter_tier_id":0,"_jetpack_memberships_contains_paywalled_content":false,"_jetpack_memberships_contains_paid_content":false,"footnotes":"","jetpack_publicize_message":"","jetpack_publicize_feature_enabled":true,"jetpack_social_post_already_shared":true,"jetpack_social_options":{"image_generator_settings":{"template":"highway","default_image_id":0,"font":"","enabled":false},"version":2}},"categories":[3],"tags":[74],"class_list":{"0":"post-1499","1":"post","2":"type-post","3":"status-publish","4":"format-standard","6":"category-formaciones","7":"tag-lectura","8":"czr-hentry"},"jetpack_publicize_connections":[],"jetpack_featured_media_url":"","jetpack_shortlink":"https:\/\/wp.me\/p8M4X7-ob","jetpack-related-posts":[{"id":755,"url":"https:\/\/cepronda.com\/blog\/conciencia-fonologica-y-otras-habilidades-orales-un-enfoque-proactivo-de-la-ensenanza-de-la-lectura\/","url_meta":{"origin":1499,"position":0},"title":"CONCIENCIA FONOL\u00d3GICA Y OTRAS HABILIDADES ORALES: UN ENFOQUE PROACTIVO DE LA ENSE\u00d1ANZA DE LA LECTURA","author":"V\u00edctor Caballero","date":"27 marzo, 2017","format":false,"excerpt":"\u00a1\u00a1Muy buenas!! Sabemos que muchas y muchos de vosotros est\u00e1is esperando este curso, as\u00ed que no olvid\u00e9is inscribiros en \u00e9l. Para ello haz clic en este enlace. Queremos presentar un Programa de estimulaci\u00f3n de la conciencia fonol\u00f3gica en Educaci\u00f3n infantil que comenz\u00f3 a aplicarse hace dos cursos en el CEIP\u2026","rel":"","context":"En \u00abFormaciones\u00bb","block_context":{"text":"Formaciones","link":"https:\/\/cepronda.com\/blog\/category\/formaciones\/"},"img":{"alt_text":"","src":"https:\/\/i0.wp.com\/cepronda.com\/blog\/wp-content\/uploads\/2017\/05\/still-life-1037378_640.jpg?fit=640%2C426&ssl=1&resize=350%2C200","width":350,"height":200,"srcset":"https:\/\/i0.wp.com\/cepronda.com\/blog\/wp-content\/uploads\/2017\/05\/still-life-1037378_640.jpg?fit=640%2C426&ssl=1&resize=350%2C200 1x, https:\/\/i0.wp.com\/cepronda.com\/blog\/wp-content\/uploads\/2017\/05\/still-life-1037378_640.jpg?fit=640%2C426&ssl=1&resize=525%2C300 1.5x"},"classes":[]},{"id":5187,"url":"https:\/\/cepronda.com\/blog\/reunion-informativa-v-premios-bibliotecas-escolares-y-fomento-de-la-lectura\/","url_meta":{"origin":1499,"position":1},"title":"REUNI\u00d3N INFORMATIVA V PREMIOS BIBLIOTECAS ESCOLARES Y FOMENTO DE LA LECTURA.","author":"Maribel Mu\u00f1oz","date":"28 marzo, 2022","format":false,"excerpt":"Buenas tardes compa\u00f1eras y compa\u00f1eros Os informamos que el pr\u00f3ximo 6 de abril de 2022 se va a desarrollar una REUNI\u00d3N INFORMATIVA V PREMIOS BIBLIOTECAS ESCOLARES Y FOMENTO DE LA LECTURA.\u00a0 Est\u00e1 dirigida al profesorado responsable de BE y direcciones de centros de Educaci\u00f3n Infantil de 2\u00ba ciclo, Educaci\u00f3n Primaria\u2026","rel":"","context":"En \u00abNoticias\u00bb","block_context":{"text":"Noticias","link":"https:\/\/cepronda.com\/blog\/category\/noticias\/"},"img":{"alt_text":"","src":"https:\/\/i0.wp.com\/cepronda.com\/blog\/wp-content\/uploads\/2022\/03\/BBEE-cartel-reunion-1.jpg?fit=580%2C820&ssl=1&resize=350%2C200","width":350,"height":200,"srcset":"https:\/\/i0.wp.com\/cepronda.com\/blog\/wp-content\/uploads\/2022\/03\/BBEE-cartel-reunion-1.jpg?fit=580%2C820&ssl=1&resize=350%2C200 1x, https:\/\/i0.wp.com\/cepronda.com\/blog\/wp-content\/uploads\/2022\/03\/BBEE-cartel-reunion-1.jpg?fit=580%2C820&ssl=1&resize=525%2C300 1.5x"},"classes":[]},{"id":5200,"url":"https:\/\/cepronda.com\/blog\/reunion-informativa-v-premios-bibliotecas-escolares-y-fomento-de-la-lectura-2\/","url_meta":{"origin":1499,"position":2},"title":"JORNADAS REDES PROVINCIALES DE BIBLIOTECAS ESCOLARES","author":"Maribel Mu\u00f1oz","date":"29 marzo, 2022","format":false,"excerpt":"Buenas tardes compa\u00f1eras y compa\u00f1eros Os informamos que est\u00e1 abierto el plazo de inscripci\u00f3n en las JORNADAS REDES PROVINCIALES DE BIBLIOTECAS ESCOLARES, con c\u00f3digo 229922BE001. Estas jornadas est\u00e1n dirigidas al profesorado de los centros docentes p\u00fablicos que imparten Educaci\u00f3n Infantil, Educaci\u00f3n Primaria y Educaci\u00f3n Secundaria. Las fechas son las siguientes:\u2026","rel":"","context":"En \u00abNoticias\u00bb","block_context":{"text":"Noticias","link":"https:\/\/cepronda.com\/blog\/category\/noticias\/"},"img":{"alt_text":"","src":"https:\/\/i0.wp.com\/cepronda.com\/blog\/wp-content\/uploads\/2022\/03\/Jornadas-provinciales-BBEE-19-20-de-abril.jpg?fit=577%2C824&ssl=1&resize=350%2C200","width":350,"height":200,"srcset":"https:\/\/i0.wp.com\/cepronda.com\/blog\/wp-content\/uploads\/2022\/03\/Jornadas-provinciales-BBEE-19-20-de-abril.jpg?fit=577%2C824&ssl=1&resize=350%2C200 1x, https:\/\/i0.wp.com\/cepronda.com\/blog\/wp-content\/uploads\/2022\/03\/Jornadas-provinciales-BBEE-19-20-de-abril.jpg?fit=577%2C824&ssl=1&resize=525%2C300 1.5x"},"classes":[]},{"id":4136,"url":"https:\/\/cepronda.com\/blog\/formacion-introduccion-al-metodo-adapt-para-el-profesorado-de-danza\/","url_meta":{"origin":1499,"position":3},"title":"Formaci\u00f3n: INTRODUCCI\u00d3N AL M\u00c9TODO ADAPT PARA EL PROFESORADO DE DANZA","author":"Maribel Mu\u00f1oz","date":"1 febrero, 2021","format":false,"excerpt":"Buenas tardes compa\u00f1eras y compa\u00f1eros, Os informamos que est\u00e1 abierto el plazo de inscripci\u00f3n de la formaci\u00f3n regional \"INTRODUCCI\u00d3N AL M\u00c9TODO ADAPT PARA EL PROFESORADO DE DANZA\" con c\u00f3digo 211104FEDAP026 dirigida al profesorado de Danza de Conservatorio. El plazo de inscripci\u00f3n finaliza el 22 de febrero. Adjuntamos enlace : https:\/\/www.juntadeandalucia.es\/educacion\/secretariavirtual\/consultaCEP\/actividad\/211104FEDAP026\/\u2026","rel":"","context":"En \u00abFormaciones\u00bb","block_context":{"text":"Formaciones","link":"https:\/\/cepronda.com\/blog\/category\/formaciones\/"},"img":{"alt_text":"","src":"https:\/\/i0.wp.com\/cepronda.com\/blog\/wp-content\/uploads\/2021\/02\/Cartel-formacion-de-danza.jpg?fit=683%2C955&ssl=1&resize=350%2C200","width":350,"height":200,"srcset":"https:\/\/i0.wp.com\/cepronda.com\/blog\/wp-content\/uploads\/2021\/02\/Cartel-formacion-de-danza.jpg?fit=683%2C955&ssl=1&resize=350%2C200 1x, https:\/\/i0.wp.com\/cepronda.com\/blog\/wp-content\/uploads\/2021\/02\/Cartel-formacion-de-danza.jpg?fit=683%2C955&ssl=1&resize=525%2C300 1.5x"},"classes":[]},{"id":4488,"url":"https:\/\/cepronda.com\/blog\/convocatoria-vacantes-direcciones-cep\/","url_meta":{"origin":1499,"position":4},"title":"Convocatoria vacantes direcciones CEP","author":"Mar\u00eda Jos\u00e9 M\u00e1rquez","date":"26 abril, 2021","format":false,"excerpt":"Estimados compa\u00f1eros y estimadas compa\u00f1eras, os informamos que se ha publicado la Resoluci\u00f3n de 12 de abril de 2021, de la Direcci\u00f3n General de Formaci\u00f3n del Profesorado e Innovaci\u00f3n Educativa, por la que se efect\u00faa la convocatoria para la provisi\u00f3n de plazas vacantes de directores y directoras en Centros del\u2026","rel":"","context":"En \u00abNoticias\u00bb","block_context":{"text":"Noticias","link":"https:\/\/cepronda.com\/blog\/category\/noticias\/"},"img":{"alt_text":"","src":"","width":0,"height":0},"classes":[]},{"id":7539,"url":"https:\/\/cepronda.com\/blog\/profesorado-de-educacion-plastica-visual-y-audiovisual-necesidades-formativas\/","url_meta":{"origin":1499,"position":5},"title":"PROFESORADO DE EDUCACI\u00d3N PL\u00c1STICA, VISUAL Y AUDIOVISUAL. Necesidades formativas","author":"V\u00edctor Caballero","date":"1 abril, 2024","format":false,"excerpt":"Desde los CEP de la provincia de M\u00e1laga queremos conocer las Necesidades Formativas del profesorado de educaci\u00f3n pl\u00e1stica, visual y audiovisual de cara a un encuentro. Adem\u00e1s, nos gustar\u00eda saber si dicho profesorado ha realizado alguna experiencia educativa que pueda ser desarrollada en otros Centros. Para ello hemos preparado un\u2026","rel":"","context":"En \u00abFormaciones\u00bb","block_context":{"text":"Formaciones","link":"https:\/\/cepronda.com\/blog\/category\/formaciones\/"},"img":{"alt_text":"","src":"https:\/\/i0.wp.com\/cepronda.com\/blog\/wp-content\/uploads\/2024\/04\/WhatsApp-Image-2024-04-01-at-11.40.46.jpeg?fit=1024%2C1024&ssl=1&resize=350%2C200","width":350,"height":200,"srcset":"https:\/\/i0.wp.com\/cepronda.com\/blog\/wp-content\/uploads\/2024\/04\/WhatsApp-Image-2024-04-01-at-11.40.46.jpeg?fit=1024%2C1024&ssl=1&resize=350%2C200 1x, https:\/\/i0.wp.com\/cepronda.com\/blog\/wp-content\/uploads\/2024\/04\/WhatsApp-Image-2024-04-01-at-11.40.46.jpeg?fit=1024%2C1024&ssl=1&resize=525%2C300 1.5x, https:\/\/i0.wp.com\/cepronda.com\/blog\/wp-content\/uploads\/2024\/04\/WhatsApp-Image-2024-04-01-at-11.40.46.jpeg?fit=1024%2C1024&ssl=1&resize=700%2C400 2x"},"classes":[]}],"jetpack_sharing_enabled":true,"_links":{"self":[{"href":"https:\/\/cepronda.com\/blog\/wp-json\/wp\/v2\/posts\/1499","targetHints":{"allow":["GET"]}}],"collection":[{"href":"https:\/\/cepronda.com\/blog\/wp-json\/wp\/v2\/posts"}],"about":[{"href":"https:\/\/cepronda.com\/blog\/wp-json\/wp\/v2\/types\/post"}],"author":[{"embeddable":true,"href":"https:\/\/cepronda.com\/blog\/wp-json\/wp\/v2\/users\/3"}],"replies":[{"embeddable":true,"href":"https:\/\/cepronda.com\/blog\/wp-json\/wp\/v2\/comments?post=1499"}],"version-history":[{"count":1,"href":"https:\/\/cepronda.com\/blog\/wp-json\/wp\/v2\/posts\/1499\/revisions"}],"predecessor-version":[{"id":1501,"href":"https:\/\/cepronda.com\/blog\/wp-json\/wp\/v2\/posts\/1499\/revisions\/1501"}],"wp:attachment":[{"href":"https:\/\/cepronda.com\/blog\/wp-json\/wp\/v2\/media?parent=1499"}],"wp:term":[{"taxonomy":"category","embeddable":true,"href":"https:\/\/cepronda.com\/blog\/wp-json\/wp\/v2\/categories?post=1499"},{"taxonomy":"post_tag","embeddable":true,"href":"https:\/\/cepronda.com\/blog\/wp-json\/wp\/v2\/tags?post=1499"}],"curies":[{"name":"wp","href":"https:\/\/api.w.org\/{rel}","templated":true}]}}