{"id":1492,"date":"2017-12-15T12:42:22","date_gmt":"2017-12-15T11:42:22","guid":{"rendered":"http:\/\/cepronda.com\/blog\/?p=1492"},"modified":"2017-12-15T12:42:22","modified_gmt":"2017-12-15T11:42:22","slug":"proyecto-soludable","status":"publish","type":"post","link":"https:\/\/cepronda.com\/blog\/proyecto-soludable\/","title":{"rendered":"Proyecto Soludable"},"content":{"rendered":"<p>\u00a1Hola!<\/p>\n<p>Compartimos con todos y todas vosotras esta informaci\u00f3n que nos llega desde el CEP de Marbella y creemos os puede resultar interesante.&nbsp;<\/p>\n<p>Os dejo el enlace a la carta que est\u00e1n mandando a los centros educativos, y adem\u00e1s la transcribimos m\u00e1s abajo:&nbsp;<a href=\"http:\/\/cepronda.com\/blog\/wp-content\/uploads\/2017\/12\/Carta-presentaci\u00f3n-Distintivo-Soludable.pdf\" target=\"_blank\" rel=\"noopener\">Carta presentacion Distintivo Soludable<\/a><\/p>\n<p><em>Estimado\/a Director\/a,<\/em><\/p>\n<p><em>Nos ponemos en contacto con usted para invitarle a participar en el proyecto de investigaci\u00f3n \u201c<strong>EVALUACI\u00d3N DE UNA INTERVENCI\u00d3N BASADA EN UN MODELO DE CERTIFICACI\u00d3N DE CENTROS ESCOLARES EN FOTOPROTECCI\u00d3N: \u201cEL DISTINTIVO SoLUDABLE\u201d.<\/strong><\/em><\/p>\n<p><em>Esta investigaci\u00f3n est\u00e1 financiada por la Consejer\u00eda de Salud de la Junta de Andaluc\u00eda, y tiene como objetivos conocer las Pol\u00edticas y Pr\u00e1cticas de Fotoprotecci\u00f3n de los Centros de Educaci\u00f3n Infantil y Primaria de Andaluc\u00eda, y evaluar el impacto que sobre aqu\u00e9llas tendr\u00eda la puesta en marcha de un modelo de certificaci\u00f3n escolar en fotoprotecci\u00f3n.<\/em><\/p>\n<p><em>Para participar en el proyecto, tan s\u00f3lo tiene que completar el cuestionario que le adjuntamos a trav\u00e9s de este enlace <a href=\"https:\/\/es.surveymonkey.com\/r\/EPPPS_PRE\">https:\/\/es.surveymonkey.com\/r\/EPPPS_PRE<\/a><\/em><\/p>\n<p><em>Una vez cumplimentada la encuesta, le enviaremos de forma gratuita la <strong>Gu\u00eda Did\u00e1ctica \u201cCreciendo Soludable\u201d<\/strong> y otros materiales educativos para trabajar la fotoprotecci\u00f3n en las aulas con el alumnado.<\/em><\/p>\n<p><em>Los colegios que inicien el proceso de certificaci\u00f3n, tendr\u00e1n adem\u00e1s &nbsp;la oportunidad de obtener una de las 8 <strong>Becas Isdin<\/strong> por valor de 1.000 \u20ac&nbsp; que saldr\u00e1n a concurso en 2018 <strong>&nbsp;<\/strong>y que est\u00e1n orientadas a impulsar mejoras estructurales en los centros escolares.&nbsp;<\/em><\/p>\n<p>&nbsp;<\/p>\n","protected":false},"excerpt":{"rendered":"<p>\u00a1Hola! Compartimos con todos y todas vosotras esta informaci\u00f3n que nos llega desde el CEP de Marbella y creemos os puede resultar interesante.&nbsp; Os dejo el enlace a la carta que est\u00e1n mandando a los centros educativos, y adem\u00e1s la transcribimos m\u00e1s abajo:&nbsp;Carta presentacion Distintivo Soludable Estimado\/a Director\/a, Nos ponemos en contacto con usted para [&hellip;]<\/p>\n","protected":false},"author":3,"featured_media":0,"comment_status":"open","ping_status":"open","sticky":false,"template":"","format":"standard","meta":{"_crdt_document":"","advanced_seo_description":"","jetpack_seo_html_title":"","jetpack_seo_noindex":false,"jetpack_post_was_ever_published":false,"_jetpack_newsletter_access":"","_jetpack_dont_email_post_to_subs":false,"_jetpack_newsletter_tier_id":0,"_jetpack_memberships_contains_paywalled_content":false,"_jetpack_memberships_contains_paid_content":false,"footnotes":"","jetpack_publicize_message":"","jetpack_publicize_feature_enabled":true,"jetpack_social_post_already_shared":true,"jetpack_social_options":{"image_generator_settings":{"template":"highway","default_image_id":0,"font":"","enabled":false},"version":2}},"categories":[5],"tags":[107],"class_list":{"0":"post-1492","1":"post","2":"type-post","3":"status-publish","4":"format-standard","6":"category-noticias","7":"tag-habitos-de-vida-saludable","8":"czr-hentry"},"jetpack_publicize_connections":[],"jetpack_featured_media_url":"","jetpack_shortlink":"https:\/\/wp.me\/p8M4X7-o4","jetpack-related-posts":[{"id":5307,"url":"https:\/\/cepronda.com\/blog\/la-realidad-de-los-centros-publicos-rurales-revista-andalucia-educativa\/","url_meta":{"origin":1492,"position":0},"title":"LA REALIDAD DE LOS CENTROS P\u00daBLICOS RURALES. REVISTA ANDALUC\u00cdA EDUCATIVA.","author":"Inmaculada Garc\u00eda","date":"12 mayo, 2022","format":false,"excerpt":"Estimados compa\u00f1eros y compa\u00f1eras, el pasado 26 de abril la revista Andaluc\u00eda Educativa public\u00f3 un art\u00edculo en el que contamos las necesidades detectadas en los CPRs de nuestra zona desde el CEP de Ronda y su asesor\u00eda de referencia, as\u00ed como las diferentes acciones que llevamos a cabo en esta\u2026","rel":"","context":"En \u00abNoticias\u00bb","block_context":{"text":"Noticias","link":"https:\/\/cepronda.com\/blog\/category\/noticias\/"},"img":{"alt_text":"","src":"https:\/\/i0.wp.com\/cepronda.com\/blog\/wp-content\/uploads\/2022\/05\/Captura-de-pantalla-104.png?fit=608%2C596&ssl=1&resize=350%2C200","width":350,"height":200,"srcset":"https:\/\/i0.wp.com\/cepronda.com\/blog\/wp-content\/uploads\/2022\/05\/Captura-de-pantalla-104.png?fit=608%2C596&ssl=1&resize=350%2C200 1x, https:\/\/i0.wp.com\/cepronda.com\/blog\/wp-content\/uploads\/2022\/05\/Captura-de-pantalla-104.png?fit=608%2C596&ssl=1&resize=525%2C300 1.5x"},"classes":[]},{"id":660,"url":"https:\/\/cepronda.com\/blog\/concurso-6-grados\/","url_meta":{"origin":1492,"position":1},"title":"Concurso 6 grados","author":"V\u00edctor Caballero","date":"6 febrero, 2017","format":false,"excerpt":"Hola de nuevo, Nos ha llegado esta informaci\u00f3n a trav\u00e9s del CEP de Marbella, y os la queremos pasar para todas aquellas personas que est\u00e9is interesadas... \"Estimados docentes, Desde la Campa\u00f1a de Fotoprotecci\u00f3n y Prevenci\u00f3n del C\u00e1ncer de Piel del \u00c1rea Sanitaria Costa del Sol, queremos haceros part\u00edcipes del concurso\u2026","rel":"","context":"En \u00abNoticias\u00bb","block_context":{"text":"Noticias","link":"https:\/\/cepronda.com\/blog\/category\/noticias\/"},"img":{"alt_text":"","src":"","width":0,"height":0},"classes":[]},{"id":3794,"url":"https:\/\/cepronda.com\/blog\/iii-premios-para-el-reconocimiento-a-centros-publicos-de-andalucia-con-buenas-practicas-docentes-en-bibliotecas-escolares-y-en-el-fomento-de-la-lectura-2\/","url_meta":{"origin":1492,"position":2},"title":"III Premios para el reconocimiento a centros p\u00fablicos de Andaluc\u00eda con buenas pr\u00e1cticas docentes en Bibliotecas Escolares y en el fomento de la lectura","author":"Inmaculada Garc\u00eda","date":"5 octubre, 2020","format":false,"excerpt":"\u00a0 \u00a0 \u00a0 Enhorabuena a todos los centros que han sido premiados en los III Premios para el reconocimiento a centros p\u00fablicos de Andaluc\u00eda con buenas pr\u00e1cticas docentes en bibliotecas escolares y en el fomento de la lectura correspondientes al curso 2019-2020. (Publicaci\u00f3n del fallo del jurado) \u00a0 \u00a0 \u00a0\u2026","rel":"","context":"En \u00abNoticias\u00bb","block_context":{"text":"Noticias","link":"https:\/\/cepronda.com\/blog\/category\/noticias\/"},"img":{"alt_text":"","src":"https:\/\/i0.wp.com\/cepronda.com\/blog\/wp-content\/uploads\/2020\/03\/premio_bibliotecas_escolares.png?fit=1200%2C678&ssl=1&resize=350%2C200","width":350,"height":200,"srcset":"https:\/\/i0.wp.com\/cepronda.com\/blog\/wp-content\/uploads\/2020\/03\/premio_bibliotecas_escolares.png?fit=1200%2C678&ssl=1&resize=350%2C200 1x, https:\/\/i0.wp.com\/cepronda.com\/blog\/wp-content\/uploads\/2020\/03\/premio_bibliotecas_escolares.png?fit=1200%2C678&ssl=1&resize=525%2C300 1.5x, https:\/\/i0.wp.com\/cepronda.com\/blog\/wp-content\/uploads\/2020\/03\/premio_bibliotecas_escolares.png?fit=1200%2C678&ssl=1&resize=700%2C400 2x, https:\/\/i0.wp.com\/cepronda.com\/blog\/wp-content\/uploads\/2020\/03\/premio_bibliotecas_escolares.png?fit=1200%2C678&ssl=1&resize=1050%2C600 3x"},"classes":[]},{"id":341,"url":"https:\/\/cepronda.com\/blog\/exposicion-andalucia-la-imagen-cartografica-malaga\/","url_meta":{"origin":1492,"position":3},"title":"Exposici\u00f3n: ANDALUCIA LA IMAGEN CARTOGR\u00c1FICA, M\u00e1laga","author":"V\u00edctor Caballero","date":"16 noviembre, 2016","format":false,"excerpt":"\u00a1Hola de nuevo! Nos ha llegado una informaci\u00f3n sobre una exposici\u00f3n que creemos os puede resultar interesante a los centros para visitar con vuestro alumnado, ya que adem\u00e1s de la exposici\u00f3n cartogr\u00e1fica ponen a disposici\u00f3n de los centros un taller did\u00e1ctico en el que de forma amena aprender\u00e1n a reconocer\u2026","rel":"","context":"En \u00abNoticias\u00bb","block_context":{"text":"Noticias","link":"https:\/\/cepronda.com\/blog\/category\/noticias\/"},"img":{"alt_text":"jornadas-expo","src":"https:\/\/i0.wp.com\/cepronda.com\/blog\/wp-content\/uploads\/2016\/11\/Jornadas-EXPO.png?resize=350%2C200","width":350,"height":200},"classes":[]},{"id":9484,"url":"https:\/\/cepronda.com\/blog\/la-coordinacion-del-bienestar-y-proteccion-del-alumnado-en-centros-docentes-de-andalucia\/","url_meta":{"origin":1492,"position":4},"title":"LA COORDINACI\u00d3N DEL BIENESTAR Y PROTECCI\u00d3N DEL ALUMNADO EN CENTROS DOCENTES DE ANDALUC\u00cdA","author":"Inmaculada Garc\u00eda","date":"27 marzo, 2026","format":false,"excerpt":"Se encuentra abierto el plazo de inscripci\u00f3n para la formaci\u00f3n provincial a distancia: LA COORDINACI\u00d3N DEL BIENESTAR Y PROTECCI\u00d3N DEL ALUMNADO EN CENTROS DOCENTES DE ANDALUC\u00cdA, con c\u00f3digo: 269923CI437 \u00bfEres la persona encargada de la coordinaci\u00f3n de bienestar en tu centro? Esta actividad es para ti. Potencia la seguridad y\u2026","rel":"","context":"En \u00abFormaciones\u00bb","block_context":{"text":"Formaciones","link":"https:\/\/cepronda.com\/blog\/category\/formaciones\/"},"img":{"alt_text":"","src":"https:\/\/i0.wp.com\/cepronda.com\/blog\/wp-content\/uploads\/2026\/03\/Modelo-Plantilla-publicaciones.jpg?fit=960%2C1200&ssl=1&resize=350%2C200","width":350,"height":200,"srcset":"https:\/\/i0.wp.com\/cepronda.com\/blog\/wp-content\/uploads\/2026\/03\/Modelo-Plantilla-publicaciones.jpg?fit=960%2C1200&ssl=1&resize=350%2C200 1x, https:\/\/i0.wp.com\/cepronda.com\/blog\/wp-content\/uploads\/2026\/03\/Modelo-Plantilla-publicaciones.jpg?fit=960%2C1200&ssl=1&resize=525%2C300 1.5x, https:\/\/i0.wp.com\/cepronda.com\/blog\/wp-content\/uploads\/2026\/03\/Modelo-Plantilla-publicaciones.jpg?fit=960%2C1200&ssl=1&resize=700%2C400 2x"},"classes":[]},{"id":804,"url":"https:\/\/cepronda.com\/blog\/nueva-convocatoria-de-plazas-para-asesorias-de-los-cep-de-andalucia\/","url_meta":{"origin":1492,"position":5},"title":"Nueva convocatoria de plazas para asesor\u00edas de los CEP de Andaluc\u00eda","author":"V\u00edctor Caballero","date":"2 mayo, 2017","format":false,"excerpt":"\u00a1Hola de nuevo! Justo antes de comenzar el puente sali\u00f3 la convocatoria de 41 plazas de asesor\u00edas en los Centros de Profesorado de Andaluc\u00eda. Os dejamos con el enlace a la convocatoria por si est\u00e1is interesados en la misma. Para acceder a ella haced clic en el enlace. \u00a1Un saludo\u2026","rel":"","context":"En \u00abNoticias\u00bb","block_context":{"text":"Noticias","link":"https:\/\/cepronda.com\/blog\/category\/noticias\/"},"img":{"alt_text":"","src":"https:\/\/i0.wp.com\/cepronda.com\/blog\/wp-content\/uploads\/2017\/05\/logo_ja_ce_mejor.jpg?fit=732%2C600&ssl=1&resize=350%2C200","width":350,"height":200,"srcset":"https:\/\/i0.wp.com\/cepronda.com\/blog\/wp-content\/uploads\/2017\/05\/logo_ja_ce_mejor.jpg?fit=732%2C600&ssl=1&resize=350%2C200 1x, https:\/\/i0.wp.com\/cepronda.com\/blog\/wp-content\/uploads\/2017\/05\/logo_ja_ce_mejor.jpg?fit=732%2C600&ssl=1&resize=525%2C300 1.5x, https:\/\/i0.wp.com\/cepronda.com\/blog\/wp-content\/uploads\/2017\/05\/logo_ja_ce_mejor.jpg?fit=732%2C600&ssl=1&resize=700%2C400 2x"},"classes":[]}],"jetpack_sharing_enabled":true,"_links":{"self":[{"href":"https:\/\/cepronda.com\/blog\/wp-json\/wp\/v2\/posts\/1492","targetHints":{"allow":["GET"]}}],"collection":[{"href":"https:\/\/cepronda.com\/blog\/wp-json\/wp\/v2\/posts"}],"about":[{"href":"https:\/\/cepronda.com\/blog\/wp-json\/wp\/v2\/types\/post"}],"author":[{"embeddable":true,"href":"https:\/\/cepronda.com\/blog\/wp-json\/wp\/v2\/users\/3"}],"replies":[{"embeddable":true,"href":"https:\/\/cepronda.com\/blog\/wp-json\/wp\/v2\/comments?post=1492"}],"version-history":[{"count":1,"href":"https:\/\/cepronda.com\/blog\/wp-json\/wp\/v2\/posts\/1492\/revisions"}],"predecessor-version":[{"id":1495,"href":"https:\/\/cepronda.com\/blog\/wp-json\/wp\/v2\/posts\/1492\/revisions\/1495"}],"wp:attachment":[{"href":"https:\/\/cepronda.com\/blog\/wp-json\/wp\/v2\/media?parent=1492"}],"wp:term":[{"taxonomy":"category","embeddable":true,"href":"https:\/\/cepronda.com\/blog\/wp-json\/wp\/v2\/categories?post=1492"},{"taxonomy":"post_tag","embeddable":true,"href":"https:\/\/cepronda.com\/blog\/wp-json\/wp\/v2\/tags?post=1492"}],"curies":[{"name":"wp","href":"https:\/\/api.w.org\/{rel}","templated":true}]}}