{"id":1482,"date":"2017-12-14T12:05:21","date_gmt":"2017-12-14T11:05:21","guid":{"rendered":"http:\/\/cepronda.com\/blog\/?p=1482"},"modified":"2017-12-14T12:05:21","modified_gmt":"2017-12-14T11:05:21","slug":"convocatoria-de-172-plazas-para-la-asistencia-a-17-eventos-de-formacion-dentro-del-marco-de-etwinning-en-los-paises-participantes-en-el-programa","status":"publish","type":"post","link":"https:\/\/cepronda.com\/blog\/convocatoria-de-172-plazas-para-la-asistencia-a-17-eventos-de-formacion-dentro-del-marco-de-etwinning-en-los-paises-participantes-en-el-programa\/","title":{"rendered":"Convocatoria de 172 plazas para la asistencia a 17 eventos de formaci\u00f3n, dentro del marco de eTwinning en los pa\u00edses participantes en el programa"},"content":{"rendered":"<p>\u00a1Muy buenas!<\/p>\n<p>Compartimos con todas aquellas personas interesadas en&nbsp;eTwinning esta informaci\u00f3n sobre eventos de formaci\u00f3n en este \u00e1mbito. Para acceder a la p\u00e1gina de la Consejer\u00eda con la informaci\u00f3n s\u00f3lo ten\u00e9is que <a href=\"http:\/\/www.juntadeandalucia.es\/educacion\/portals\/web\/ced\/contenidos\/-\/contenidos\/detalle\/convocatoria-de-172-plazas-para-la-asistencia-a-17-eventos-de-formacion-durante-el-ano-2018-dentro-del-marco-de-la\" target=\"_blank\" rel=\"noopener\">seguir este enlace<\/a>, adem\u00e1s os copiamos la informaci\u00f3n m\u00e1s relevante:<\/p>\n<p><em>Estos eventos de formaci\u00f3n tienen como finalidad, tanto para el profesorado como para los centros educativos, reforzar el conjunto de acciones destinadas a favorecer intercambios culturales, conocer otras metodolog\u00edas, fomentar el aprendizaje de lenguas extranjeras y propiciar la participaci\u00f3n en programas educativos europeos, entre ellos Erasmus + y eTwinning.<\/em><\/p>\n<p><em>Son indudables las ventajas que se derivan de la formaci\u00f3n del personal docente europeo, por lo que supone respecto a contactos con otro profesorado, a inmersi\u00f3n ling\u00fc\u00edstica y cultural y, en definitiva, a la creaci\u00f3n de un marco com\u00fan de educaci\u00f3n europeo.<\/em><\/p>\n<p><em><strong>Requisitos<\/strong>.\u2013Podr\u00e1n presentar candidatura los miembros del profesorado en activo de centros p\u00fablicos, concertados o privados que impartan docencia de ense\u00f1anzas oficiales no universitarias, incluyendo a los equipos directivos, que cumplan con todas estaso condiciones:&nbsp;<\/em><\/p>\n<p><em>Ser docente en activo de centros sostenidos con fondos p\u00fablicos o privados que imparta docencia de ense\u00f1anzas regladas del sistema educativo espa\u00f1ol de nivel no universitario.<\/em><\/p>\n<p><em>No haber asistido a eventos subvencionados en la Resoluci\u00f3n del 15 de febrero de 2016, ni en la Resoluci\u00f3n de 17 de febrero de 2017, ambas de la Secretar\u00eda de Estado de Educaci\u00f3n, Formaci\u00f3n Profesional y Universidades, por la que se convocan plazas de asistencia a eventos de formaci\u00f3n dentro del marco de la acci\u00f3n eTwinning.<\/em><\/p>\n<p><em>Estar al corriente en el cumplimiento de las obligaciones tributarias y con la Seguridad Social.<\/em><\/p>\n<p><em>Para poder participar en alg\u00fan evento concreto, los solicitantes deber\u00e1n cumplir con los requisitos espec\u00edficos del mismo, recogidos en el Anexo I de la convocatoria, tanto en lo referente a la competencia ling\u00fc\u00edstica como al perfil profesional, tal y como se establece a continuaci\u00f3n:<\/em><\/p>\n<p><em>Competencia ling\u00fc\u00edstica: Se deber\u00e1 acreditar, al menos, un nivel de competencia ling\u00fc\u00edstica equivalente al nivel Bl establecido en el Marco Com\u00fan Europeo de Referencia para las Lenguas (MCERL) del idioma o idiomas requeridos en cada evento, seg\u00fan el Anexo III. Si no se puede aportar dicha acreditaci\u00f3n, se considerar\u00e1 equivalente la participaci\u00f3n en algunas de las acciones listadas en el mismo anexo.<\/em><\/p>\n<p><em>Perfil profesional: Se deber\u00e1 cumplir el perfil profesional requerido por los organizadores para cada uno de los eventos de formaci\u00f3n.<\/em><\/p>\n<p><em><strong>Documentaci\u00f3n, solicitudes y plazo de presentaci\u00f3n<\/strong><\/em><\/p>\n<p><em><strong>Documentaci\u00f3n:<\/strong><\/em><\/p>\n<ul>\n<li><em>La participaci\u00f3n es s\u00f3lo a trav\u00e9s del procedimiento telem\u00e1tico se\u00f1alado en la convocatoria, lo que requiere tener uno de los siguientes certificados digitales: DNIe, Cl@ve PIN, Cl@ve Permanente, Cl@ve firma u otros certificados emitidos por una de las Autoridades de Certificaci\u00f3n reconocidas.<\/em><\/li>\n<\/ul>\n<p><em>El plazo de presentaci\u00f3n de solicitudes y documentaci\u00f3n acreditativa finaliza el&nbsp;<strong>27&nbsp;de diciembre de 2017.<\/strong><\/em><\/p>\n<p><em>La Consejer\u00eda de Educaci\u00f3n de la Junta de Andaluc\u00eda conceder\u00e1 los permisos pertinentes para que las personas beneficiarias puedan desarrollar sus estancias, seg\u00fan el programa de actividades previsto, en los pa\u00edses se\u00f1alados en la convocatoria. Como novedad, en esta convocatoria el personal docente se encargar\u00e1 de gestionar su propio desplazamiento y se le reintegrar\u00e1 el importe del mismo previa presentaci\u00f3n de justificantes y con un l\u00edmite establecido.<\/em><\/p>\n<p><em>La presente convocatoria y toda la informaci\u00f3n sobre la misma se ha publicado en el BOE n\u00famero 301, de 12 de diciembre de 2017, p\u00e1ginas 90141 a 90142 .&nbsp;<\/em><\/p>\n<p><a href=\"https:\/\/i0.wp.com\/cepronda.com\/blog\/wp-content\/uploads\/2017\/12\/layout_icon-etwining.jpg\"><img data-recalc-dims=\"1\" loading=\"lazy\" decoding=\"async\" class=\"aligncenter size-full wp-image-1483\" src=\"https:\/\/i0.wp.com\/cepronda.com\/blog\/wp-content\/uploads\/2017\/12\/layout_icon-etwining.jpg?resize=194%2C250\" alt=\"\" width=\"194\" height=\"250\"><\/a><\/p>\n","protected":false},"excerpt":{"rendered":"<p>\u00a1Muy buenas! Compartimos con todas aquellas personas interesadas en&nbsp;eTwinning esta informaci\u00f3n sobre eventos de formaci\u00f3n en este \u00e1mbito. Para acceder a la p\u00e1gina de la Consejer\u00eda con la informaci\u00f3n s\u00f3lo ten\u00e9is que seguir este enlace, adem\u00e1s os copiamos la informaci\u00f3n m\u00e1s relevante: Estos eventos de formaci\u00f3n tienen como finalidad, tanto para el profesorado como para [&hellip;]<\/p>\n","protected":false},"author":3,"featured_media":1483,"comment_status":"open","ping_status":"open","sticky":false,"template":"","format":"standard","meta":{"_crdt_document":"","advanced_seo_description":"","jetpack_seo_html_title":"","jetpack_seo_noindex":false,"jetpack_post_was_ever_published":false,"_jetpack_newsletter_access":"","_jetpack_dont_email_post_to_subs":false,"_jetpack_newsletter_tier_id":0,"_jetpack_memberships_contains_paywalled_content":false,"_jetpack_memberships_contains_paid_content":false,"footnotes":"","jetpack_publicize_message":"","jetpack_publicize_feature_enabled":true,"jetpack_social_post_already_shared":true,"jetpack_social_options":{"image_generator_settings":{"template":"highway","default_image_id":0,"font":"","enabled":false},"version":2}},"categories":[5],"tags":[103],"class_list":{"0":"post-1482","1":"post","2":"type-post","3":"status-publish","4":"format-standard","5":"has-post-thumbnail","7":"category-noticias","8":"tag-etwinning","9":"czr-hentry"},"jetpack_publicize_connections":[],"jetpack_featured_media_url":"https:\/\/i0.wp.com\/cepronda.com\/blog\/wp-content\/uploads\/2017\/12\/layout_icon-etwining.jpg?fit=194%2C250&ssl=1","jetpack_shortlink":"https:\/\/wp.me\/p8M4X7-nU","jetpack-related-posts":[{"id":2066,"url":"https:\/\/cepronda.com\/blog\/convocatoria-del-curso-de-formacion-en-red-proyecta-etwinning\/","url_meta":{"origin":1482,"position":0},"title":"Convocatoria del Curso de formaci\u00f3n en red Proyecta eTwinning","author":"V\u00edctor Caballero","date":"4 junio, 2018","format":false,"excerpt":"Muy buenas,\u00a0 Os informamos de la convocatoria de este curso en l\u00ednea, cuyo plazo termina el pr\u00f3ximo 7 de junio. Se trata de un curso en l\u00ednea para docentes, con materiales y metodolog\u00edas totalmente renovadas y adaptadas a los \u00faltimos desarrollos de la plataforma, orientado a conocer mejor eTwinning y\u2026","rel":"","context":"En \u00abFormaciones\u00bb","block_context":{"text":"Formaciones","link":"https:\/\/cepronda.com\/blog\/category\/formaciones\/"},"img":{"alt_text":"","src":"https:\/\/i0.wp.com\/cepronda.com\/blog\/wp-content\/uploads\/2017\/11\/logo_1269x942.png?fit=1200%2C891&ssl=1&resize=350%2C200","width":350,"height":200,"srcset":"https:\/\/i0.wp.com\/cepronda.com\/blog\/wp-content\/uploads\/2017\/11\/logo_1269x942.png?fit=1200%2C891&ssl=1&resize=350%2C200 1x, https:\/\/i0.wp.com\/cepronda.com\/blog\/wp-content\/uploads\/2017\/11\/logo_1269x942.png?fit=1200%2C891&ssl=1&resize=525%2C300 1.5x, https:\/\/i0.wp.com\/cepronda.com\/blog\/wp-content\/uploads\/2017\/11\/logo_1269x942.png?fit=1200%2C891&ssl=1&resize=700%2C400 2x, https:\/\/i0.wp.com\/cepronda.com\/blog\/wp-content\/uploads\/2017\/11\/logo_1269x942.png?fit=1200%2C891&ssl=1&resize=1050%2C600 3x"},"classes":[]},{"id":3343,"url":"https:\/\/cepronda.com\/blog\/lanzamiento-feria-de-busqueda-de-socios-en-formacion-profesional-entre-espana-y-francia\/","url_meta":{"origin":1482,"position":1},"title":"Lanzamiento Feria de B\u00fasqueda de socios en Formaci\u00f3n Profesional entre Espa\u00f1a y Francia","author":"V\u00edctor Caballero","date":"15 enero, 2020","format":false,"excerpt":"Compartimos con nuestros centros que imparten Formaci\u00f3n Profesional esta informaci\u00f3n que puede ser de vuestro inter\u00e9s. Se est\u00e1 desarrollando en eTwinning una iniciativa para Formaci\u00f3n Profesional, uno de los temas prioritarios para 2020. Se ha abierto una\u00a0Feria de b\u00fasqueda de socios para docentes de Formaci\u00f3n profesional con el objetivo de\u2026","rel":"","context":"En \u00abNoticias\u00bb","block_context":{"text":"Noticias","link":"https:\/\/cepronda.com\/blog\/category\/noticias\/"},"img":{"alt_text":"","src":"https:\/\/i0.wp.com\/cepronda.com\/blog\/wp-content\/uploads\/2017\/12\/layout_icon-etwining.jpg?resize=350%2C200","width":350,"height":200},"classes":[]},{"id":2594,"url":"https:\/\/cepronda.com\/blog\/1a-edicion-de-la-convocatoria-de-2019-de-cursos-en-red-del-intef-para-el-profesorado-de-los-centros-educativos\/","url_meta":{"origin":1482,"position":2},"title":"1\u00aa edici\u00f3n de la convocatoria de 2019 de cursos en red del INTEF para el profesorado de los centros educativos.","author":"V\u00edctor Caballero","date":"17 enero, 2019","format":false,"excerpt":"C\u00f3mo sab\u00e9is una de las modalidades formativas m\u00e1s interesantes es la formaci\u00f3n on-line. En este sentido, adem\u00e1s del Aula Virtual de Formaci\u00f3n del Profesorado de la Junta de Andaluc\u00eda, tenemos la opci\u00f3n de inscribirnos en los cursos ofertados por el INTEF. El plazo de inscripci\u00f3n finalizar\u00e1 el 28 de enero.\u2026","rel":"","context":"En \u00abFormaciones\u00bb","block_context":{"text":"Formaciones","link":"https:\/\/cepronda.com\/blog\/category\/formaciones\/"},"img":{"alt_text":"","src":"","width":0,"height":0},"classes":[]},{"id":818,"url":"https:\/\/cepronda.com\/blog\/2a-edicion-cursos-de-formacion-en-red-del-profesorado-2017-del-intef\/","url_meta":{"origin":1482,"position":3},"title":"2\u00aa Edici\u00f3n Cursos de Formaci\u00f3n en Red del Profesorado 2017 del INTEF","author":"V\u00edctor Caballero","date":"11 mayo, 2017","format":false,"excerpt":"\u00a1Hola a todo el mundo! Escribimos esta entrada para contaros que el pasado martes se abri\u00f3 el plazo de inscripci\u00f3n de los cursos de formaci\u00f3n del INTEF. Se trata de una serie de cursos on-line y la oferta es bastante amplia. El pasado\u00a0martes, 9 de mayo de 2017, se abrir\u00e1\u2026","rel":"","context":"En \u00abNoticias\u00bb","block_context":{"text":"Noticias","link":"https:\/\/cepronda.com\/blog\/category\/noticias\/"},"img":{"alt_text":"","src":"https:\/\/i0.wp.com\/cepronda.com\/blog\/wp-content\/uploads\/2017\/05\/intef.png?resize=350%2C200","width":350,"height":200},"classes":[]},{"id":3303,"url":"https:\/\/cepronda.com\/blog\/cursos-tutorizados-en-linea-del-intef-1a-edicion-2020\/","url_meta":{"origin":1482,"position":4},"title":"Cursos tutorizados en l\u00ednea del INTEF, 1\u00aa edici\u00f3n 2020","author":"V\u00edctor Caballero","date":"9 enero, 2020","format":false,"excerpt":"Muy buenas de nuevo familia, Sabemos que muchas y muchos de vosotros hac\u00e9is de forma habitual formaciones on-line, siendo una muy buena opci\u00f3n los cursos organizados por el INTEF. Os dejamos con el enlace a la informaci\u00f3n. El Ministerio de Educaci\u00f3n y Formaci\u00f3n Profesional, a trav\u00e9s del INTEF, convoca 7.550\u2026","rel":"","context":"En \u00abFormaciones\u00bb","block_context":{"text":"Formaciones","link":"https:\/\/cepronda.com\/blog\/category\/formaciones\/"},"img":{"alt_text":"","src":"https:\/\/i0.wp.com\/cepronda.com\/blog\/wp-content\/uploads\/2016\/09\/intef.png?resize=350%2C200","width":350,"height":200},"classes":[]},{"id":1443,"url":"https:\/\/cepronda.com\/blog\/jornada-provincial-e-twinning-en-marbella\/","url_meta":{"origin":1482,"position":5},"title":"JORNADA PROVINCIAL E-TWINNING EN MARBELLA","author":"V\u00edctor Caballero","date":"21 noviembre, 2017","format":false,"excerpt":"Os anuncio que va a haber una jornada a nivel provincial EN HORARIO DE MA\u00d1ANA EN EL CEP DE MARBELLA relativa a\u00a0e-Twinning\u00a0el PR\u00d3XIMO\u00a05 DE DICIEMBRE: Estas jornadas son interesantes para todas las personas\u00a0 que busquen socios para ERASMUS + o hacer intercambios con centros de otros pa\u00edses. En la redacci\u00f3n\u2026","rel":"","context":"En \u00abNoticias\u00bb","block_context":{"text":"Noticias","link":"https:\/\/cepronda.com\/blog\/category\/noticias\/"},"img":{"alt_text":"","src":"https:\/\/i0.wp.com\/cepronda.com\/blog\/wp-content\/uploads\/2017\/11\/logo_1269x942-300x223.png?resize=350%2C200","width":350,"height":200},"classes":[]}],"jetpack_sharing_enabled":true,"_links":{"self":[{"href":"https:\/\/cepronda.com\/blog\/wp-json\/wp\/v2\/posts\/1482","targetHints":{"allow":["GET"]}}],"collection":[{"href":"https:\/\/cepronda.com\/blog\/wp-json\/wp\/v2\/posts"}],"about":[{"href":"https:\/\/cepronda.com\/blog\/wp-json\/wp\/v2\/types\/post"}],"author":[{"embeddable":true,"href":"https:\/\/cepronda.com\/blog\/wp-json\/wp\/v2\/users\/3"}],"replies":[{"embeddable":true,"href":"https:\/\/cepronda.com\/blog\/wp-json\/wp\/v2\/comments?post=1482"}],"version-history":[{"count":1,"href":"https:\/\/cepronda.com\/blog\/wp-json\/wp\/v2\/posts\/1482\/revisions"}],"predecessor-version":[{"id":1484,"href":"https:\/\/cepronda.com\/blog\/wp-json\/wp\/v2\/posts\/1482\/revisions\/1484"}],"wp:featuredmedia":[{"embeddable":true,"href":"https:\/\/cepronda.com\/blog\/wp-json\/wp\/v2\/media\/1483"}],"wp:attachment":[{"href":"https:\/\/cepronda.com\/blog\/wp-json\/wp\/v2\/media?parent=1482"}],"wp:term":[{"taxonomy":"category","embeddable":true,"href":"https:\/\/cepronda.com\/blog\/wp-json\/wp\/v2\/categories?post=1482"},{"taxonomy":"post_tag","embeddable":true,"href":"https:\/\/cepronda.com\/blog\/wp-json\/wp\/v2\/tags?post=1482"}],"curies":[{"name":"wp","href":"https:\/\/api.w.org\/{rel}","templated":true}]}}