{"id":1476,"date":"2017-12-11T17:22:01","date_gmt":"2017-12-11T16:22:01","guid":{"rendered":"http:\/\/cepronda.com\/blog\/?p=1476"},"modified":"2017-12-11T17:23:08","modified_gmt":"2017-12-11T16:23:08","slug":"curso-baile-y-juego","status":"publish","type":"post","link":"https:\/\/cepronda.com\/blog\/curso-baile-y-juego\/","title":{"rendered":"Curso \u00abBaile y juego\u00bb"},"content":{"rendered":"<p>\u00a1Hola de nuevo!<\/p>\n<p>En esta ocasi\u00f3n os cuento que tambi\u00e9n en enero tendremos un curso con una pinta extraordinaria, \u00abBaile y juego: propuesta de intervenci\u00f3n educativa\u00bb. En principio tendr\u00e1n preferencia los especialistas de Educaci\u00f3n F\u00edsica y M\u00fasica, aunque podr\u00e1n tener cabida aquellos docentes interesados en el tema.&nbsp;<\/p>\n<p>La m\u00fasica y el baile, adem\u00e1s de proporcionar diversi\u00f3n y placer, es un importante elemento de socializaci\u00f3n, un medio para vivir emociones y compartirlas, para relajarse y aliviar las tensiones, para comprender y sentirse comprendidos y para encontrar inspiraci\u00f3n y manifestar sentimientos. En este curso, pretendemos ofrecer una alternativa dentro del \u00e1rea de la Educaci\u00f3n F\u00edsica mediante un tipo de cultura con un gran auge, como es el Hip Hop; aprovechando su popularidad entre los m\u00e1s j\u00f3venes. Plantearemos una visi\u00f3n clara de las posibilidades de trabajo de estos contenidos, siendo el \u00fanico requisito un m\u00ednimo de capacidad r\u00edtmica y un poco de imaginaci\u00f3n. Con esta propuesta de formaci\u00f3n, se trata de dotar al profesorado de los elementos necesarios para desarrollar, de forma l\u00fadica y divertida, el trabajo r\u00edtmico y expresivo, proponiendo actividades recreativas con base musical como eje fundamental de actuaci\u00f3n. El objetivo principal del curso es el de ofrecer al profesorado la posibilidad de utilizar el baile latino y el juego como medio de relaci\u00f3n interpersonal, as\u00ed como recurso did\u00e1ctico, por medio del aprendizaje de los pasos b\u00e1sicos y de sus figuras m\u00e1s representativas, y su adaptaci\u00f3n al \u00e1mbito educativo, partiendo de una metodolog\u00eda l\u00fadica, participativa y creativa.<\/p>\n<p>Seguro que querr\u00e9is saber m\u00e1s sobre este curso, as\u00ed que<a href=\"https:\/\/www.juntadeandalucia.es\/educacion\/secretariavirtual\/consultaCEP\/actividad\/182924GE105\/\" target=\"_blank\" rel=\"noopener\"> os dejo el enlace para ello<\/a>. Si adem\u00e1s hac\u00e9is clic en la imagen tambi\u00e9n podr\u00e9is acceder a los detalles del curso.&nbsp;<\/p>\n<p><a href=\"https:\/\/www.juntadeandalucia.es\/educacion\/secretariavirtual\/consultaCEP\/actividad\/182924GE105\/\" target=\"_blank\" rel=\"noopener\"><img data-recalc-dims=\"1\" loading=\"lazy\" decoding=\"async\" class=\"aligncenter wp-image-1477 size-full\" src=\"https:\/\/i0.wp.com\/cepronda.com\/blog\/wp-content\/uploads\/2017\/12\/hiphop-2733141_640.jpg?resize=640%2C426\" alt=\"\" width=\"640\" height=\"426\"><\/a><\/p>\n","protected":false},"excerpt":{"rendered":"<p>\u00a1Hola de nuevo! En esta ocasi\u00f3n os cuento que tambi\u00e9n en enero tendremos un curso con una pinta extraordinaria, \u00abBaile y juego: propuesta de intervenci\u00f3n educativa\u00bb. En principio tendr\u00e1n preferencia los especialistas de Educaci\u00f3n F\u00edsica y M\u00fasica, aunque podr\u00e1n tener cabida aquellos docentes interesados en el tema.&nbsp; La m\u00fasica y el baile, adem\u00e1s de proporcionar [&hellip;]<\/p>\n","protected":false},"author":3,"featured_media":0,"comment_status":"open","ping_status":"open","sticky":false,"template":"","format":"standard","meta":{"_crdt_document":"","advanced_seo_description":"","jetpack_seo_html_title":"","jetpack_seo_noindex":false,"jetpack_post_was_ever_published":false,"_jetpack_newsletter_access":"","_jetpack_dont_email_post_to_subs":false,"_jetpack_newsletter_tier_id":0,"_jetpack_memberships_contains_paywalled_content":false,"_jetpack_memberships_contains_paid_content":false,"footnotes":"","jetpack_publicize_message":"","jetpack_publicize_feature_enabled":true,"jetpack_social_post_already_shared":true,"jetpack_social_options":{"image_generator_settings":{"template":"highway","default_image_id":0,"font":"","enabled":false},"version":2}},"categories":[3],"tags":[106,22,49],"class_list":{"0":"post-1476","1":"post","2":"type-post","3":"status-publish","4":"format-standard","6":"category-formaciones","7":"tag-baile","8":"tag-ef","9":"tag-musica","10":"czr-hentry"},"jetpack_publicize_connections":[],"jetpack_featured_media_url":"","jetpack_shortlink":"https:\/\/wp.me\/p8M4X7-nO","jetpack-related-posts":[{"id":4935,"url":"https:\/\/cepronda.com\/blog\/danzas-urbanas-aplicadas-al-area-de-educacion-fisica-ii\/","url_meta":{"origin":1476,"position":0},"title":"DANZAS URBANAS APLICADAS AL \u00c1REA DE EDUCACI\u00d3N F\u00cdSICA II","author":"V\u00edctor Caballero","date":"10 enero, 2022","format":false,"excerpt":"Buenas tardes compa\u00f1eros y compa\u00f1eras. Os informamos de la apertura de solicitudes para un curso muy interesante sobre: DANZAS URBANAS APLICADAS AL \u00c1REA DE EDUCACI\u00d3N F\u00cdSICA II (222924GE052) Curso de 10 h totales (destinado a profesorado de Educaci\u00f3n f\u00edsica y m\u00fasica) 4 sesiones de 2,5 horas presenciales y eminentemente pr\u00e1cticas.\u2026","rel":"","context":"En \u00abFormaciones\u00bb","block_context":{"text":"Formaciones","link":"https:\/\/cepronda.com\/blog\/category\/formaciones\/"},"img":{"alt_text":"","src":"https:\/\/i0.wp.com\/cepronda.com\/blog\/wp-content\/uploads\/2022\/01\/Cartel-Danza-urbana-II-222924GE052-.png?fit=848%2C1200&ssl=1&resize=350%2C200","width":350,"height":200,"srcset":"https:\/\/i0.wp.com\/cepronda.com\/blog\/wp-content\/uploads\/2022\/01\/Cartel-Danza-urbana-II-222924GE052-.png?fit=848%2C1200&ssl=1&resize=350%2C200 1x, https:\/\/i0.wp.com\/cepronda.com\/blog\/wp-content\/uploads\/2022\/01\/Cartel-Danza-urbana-II-222924GE052-.png?fit=848%2C1200&ssl=1&resize=525%2C300 1.5x, https:\/\/i0.wp.com\/cepronda.com\/blog\/wp-content\/uploads\/2022\/01\/Cartel-Danza-urbana-II-222924GE052-.png?fit=848%2C1200&ssl=1&resize=700%2C400 2x"},"classes":[]},{"id":4402,"url":"https:\/\/cepronda.com\/blog\/la-educacion-fisica-una-experiencia-positiva-para-tods-el-estilo-actitudinal\/","url_meta":{"origin":1476,"position":1},"title":"LA EDUCACI\u00d3N F\u00cdSICA, UNA EXPERIENCIA POSITIVA PARA TOD@S. EL ESTILO ACTITUDINAL","author":"V\u00edctor Caballero","date":"12 abril, 2021","format":false,"excerpt":"Estimado\/a compa\u00f1ero\/a Te informamos que se ha abierto el plazo de inscripci\u00f3n al Curso \u201cLA EDUCACI\u00d3N F\u00cdSICA, UNA EXPERIENCIA POSITIVA PARA TOD@S. EL ESTILO ACTITUDINAL\u201d, con c\u00f3digo: 212926EF504. Para m\u00e1s informaci\u00f3n e inscripci\u00f3n pincha en el siguiente enlace: https:\/\/www.juntadeandalucia.es\/educacion\/secretariavirtual\/consultaCEP\/actividad\/212926EF504\/ Comienzo del curso: 04\/05\/2021 Lugar de realizaci\u00f3n: Aula Virtual de Formaci\u00f3n\u2026","rel":"","context":"En \u00abFormaciones\u00bb","block_context":{"text":"Formaciones","link":"https:\/\/cepronda.com\/blog\/category\/formaciones\/"},"img":{"alt_text":"","src":"https:\/\/i0.wp.com\/cepronda.com\/blog\/wp-content\/uploads\/2021\/04\/WhatsApp-Image-2021-04-12-at-13.37.32.jpeg?fit=848%2C1200&ssl=1&resize=350%2C200","width":350,"height":200,"srcset":"https:\/\/i0.wp.com\/cepronda.com\/blog\/wp-content\/uploads\/2021\/04\/WhatsApp-Image-2021-04-12-at-13.37.32.jpeg?fit=848%2C1200&ssl=1&resize=350%2C200 1x, https:\/\/i0.wp.com\/cepronda.com\/blog\/wp-content\/uploads\/2021\/04\/WhatsApp-Image-2021-04-12-at-13.37.32.jpeg?fit=848%2C1200&ssl=1&resize=525%2C300 1.5x, https:\/\/i0.wp.com\/cepronda.com\/blog\/wp-content\/uploads\/2021\/04\/WhatsApp-Image-2021-04-12-at-13.37.32.jpeg?fit=848%2C1200&ssl=1&resize=700%2C400 2x"},"classes":[]},{"id":5789,"url":"https:\/\/cepronda.com\/blog\/vi-jornadas-provinciales-de-educacion-fisica-provincia-de-malaga\/","url_meta":{"origin":1476,"position":2},"title":"VI JORNADAS PROVINCIALES DE EDUCACI\u00d3N F\u00cdSICA (Provincia de M\u00e1laga)","author":"V\u00edctor Caballero","date":"17 febrero, 2023","format":false,"excerpt":"Buenos d\u00edas. \u00a1Este curso s\u00ed que s\u00ed! El equipo provincial de Educaci\u00f3n F\u00edsica de la red asesora de la provincia de M\u00e1laga ya est\u00e1 trabajando de pleno en las VI Jornadas provinciales de E.F. Muy atentos a las redes sociales y a la mensajer\u00eda de S\u00e9neca ya que las plazas\u2026","rel":"","context":"En \u00abNoticias\u00bb","block_context":{"text":"Noticias","link":"https:\/\/cepronda.com\/blog\/category\/noticias\/"},"img":{"alt_text":"","src":"https:\/\/i0.wp.com\/cepronda.com\/blog\/wp-content\/uploads\/2023\/02\/EF.jpeg?fit=1080%2C1080&ssl=1&resize=350%2C200","width":350,"height":200,"srcset":"https:\/\/i0.wp.com\/cepronda.com\/blog\/wp-content\/uploads\/2023\/02\/EF.jpeg?fit=1080%2C1080&ssl=1&resize=350%2C200 1x, https:\/\/i0.wp.com\/cepronda.com\/blog\/wp-content\/uploads\/2023\/02\/EF.jpeg?fit=1080%2C1080&ssl=1&resize=525%2C300 1.5x, https:\/\/i0.wp.com\/cepronda.com\/blog\/wp-content\/uploads\/2023\/02\/EF.jpeg?fit=1080%2C1080&ssl=1&resize=700%2C400 2x, https:\/\/i0.wp.com\/cepronda.com\/blog\/wp-content\/uploads\/2023\/02\/EF.jpeg?fit=1080%2C1080&ssl=1&resize=1050%2C600 3x"},"classes":[]},{"id":1394,"url":"https:\/\/cepronda.com\/blog\/curso-para-los-especialistas-de-educacion-fisica\/","url_meta":{"origin":1476,"position":3},"title":"Curso para los especialistas de Educaci\u00f3n F\u00edsica","author":"V\u00edctor Caballero","date":"6 noviembre, 2017","format":false,"excerpt":"Y seguimos atendiendo a vuestras demandas formativas, intentando no dejar atr\u00e1s ninguna especialidad. En este caso nos dirigimos a los y las especialistas de Educaci\u00f3n F\u00edsica, esas personas locas del ch\u00e1ndal, a las que proponemos el curso \"ACTIVIDADES Y ESTRATEGIAS PARA LAS CLASES DE EDUCACI\u00d3N F\u00cdSICA\" El presente curso tiene\u2026","rel":"","context":"En \u00abFormaciones\u00bb","block_context":{"text":"Formaciones","link":"https:\/\/cepronda.com\/blog\/category\/formaciones\/"},"img":{"alt_text":"","src":"https:\/\/i0.wp.com\/cepronda.com\/blog\/wp-content\/uploads\/2017\/11\/sport-927759_640.jpg?fit=640%2C425&ssl=1&resize=350%2C200","width":350,"height":200,"srcset":"https:\/\/i0.wp.com\/cepronda.com\/blog\/wp-content\/uploads\/2017\/11\/sport-927759_640.jpg?fit=640%2C425&ssl=1&resize=350%2C200 1x, https:\/\/i0.wp.com\/cepronda.com\/blog\/wp-content\/uploads\/2017\/11\/sport-927759_640.jpg?fit=640%2C425&ssl=1&resize=525%2C300 1.5x"},"classes":[]},{"id":8891,"url":"https:\/\/cepronda.com\/blog\/la-inclusion-mediante-nuevos-deportes-alternativos-en-el-curriculum-de-educacion-fisica\/","url_meta":{"origin":1476,"position":4},"title":"LA INCLUSI\u00d3N MEDIANTE NUEVOS DEPORTES ALTERNATIVOS EN EL CURR\u00cdCULUM DE EDUCACI\u00d3N F\u00cdSICA","author":"V\u00edctor Caballero","date":"9 octubre, 2025","format":false,"excerpt":"Abierto el plazo de inscripci\u00f3n para el curso semipresencial\u00a0 \"LA INCLUSI\u00d3N MEDIANTE NUEVOS DEPORTES ALTERNATIVOS EN EL CURR\u00cdCULUM DE EDUCACI\u00d3N F\u00cdSICA\" c\u00f3digo 262924GE101 Destinado a docentes de la especialidad de Educaci\u00f3n F\u00edsica de centros p\u00fablicos y, en segunda estancia, para docentes de otras \u00e1reas motivados por por la atenci\u00f3n a\u2026","rel":"","context":"En \u00abFormaciones\u00bb","block_context":{"text":"Formaciones","link":"https:\/\/cepronda.com\/blog\/category\/formaciones\/"},"img":{"alt_text":"","src":"https:\/\/i0.wp.com\/cepronda.com\/blog\/wp-content\/uploads\/2025\/10\/262924GE2101-Cartel-EF.png?fit=960%2C1200&ssl=1&resize=350%2C200","width":350,"height":200,"srcset":"https:\/\/i0.wp.com\/cepronda.com\/blog\/wp-content\/uploads\/2025\/10\/262924GE2101-Cartel-EF.png?fit=960%2C1200&ssl=1&resize=350%2C200 1x, https:\/\/i0.wp.com\/cepronda.com\/blog\/wp-content\/uploads\/2025\/10\/262924GE2101-Cartel-EF.png?fit=960%2C1200&ssl=1&resize=525%2C300 1.5x, https:\/\/i0.wp.com\/cepronda.com\/blog\/wp-content\/uploads\/2025\/10\/262924GE2101-Cartel-EF.png?fit=960%2C1200&ssl=1&resize=700%2C400 2x"},"classes":[]},{"id":7603,"url":"https:\/\/cepronda.com\/blog\/curso-objetos-digitales-educativos-en-las-aavv-moodle-centros-integra-motiva-y-enriquece-tus-clases-249923kpf490\/","url_meta":{"origin":1476,"position":5},"title":"CURSO \u00abObjetos Digitales Educativos en las AAVV Moodle Centros: Integra, motiva y enriquece tus clases\u00bb (249923KPF490)","author":"Inmaculada Garc\u00eda","date":"7 mayo, 2024","format":false,"excerpt":"Se encuentra abierto el plazo para solicitar el curso de formaci\u00f3n para el profesorado \"Objetos Digitales Educativos en las AAVV Moodle Centros: Integra, motiva y enriquece tus clases\", con c\u00f3digo: 249923KPF490. A trav\u00e9s del AVFP con una duraci\u00f3n de 40 horas. \u00a0 Esta actividad formativa est\u00e1 destinada al profesorado de\u2026","rel":"","context":"En \u00abFormaciones\u00bb","block_context":{"text":"Formaciones","link":"https:\/\/cepronda.com\/blog\/category\/formaciones\/"},"img":{"alt_text":"","src":"https:\/\/i0.wp.com\/cepronda.com\/blog\/wp-content\/uploads\/2024\/05\/ODE.jpg?fit=680%2C383&ssl=1&resize=350%2C200","width":350,"height":200,"srcset":"https:\/\/i0.wp.com\/cepronda.com\/blog\/wp-content\/uploads\/2024\/05\/ODE.jpg?fit=680%2C383&ssl=1&resize=350%2C200 1x, https:\/\/i0.wp.com\/cepronda.com\/blog\/wp-content\/uploads\/2024\/05\/ODE.jpg?fit=680%2C383&ssl=1&resize=525%2C300 1.5x"},"classes":[]}],"jetpack_sharing_enabled":true,"_links":{"self":[{"href":"https:\/\/cepronda.com\/blog\/wp-json\/wp\/v2\/posts\/1476","targetHints":{"allow":["GET"]}}],"collection":[{"href":"https:\/\/cepronda.com\/blog\/wp-json\/wp\/v2\/posts"}],"about":[{"href":"https:\/\/cepronda.com\/blog\/wp-json\/wp\/v2\/types\/post"}],"author":[{"embeddable":true,"href":"https:\/\/cepronda.com\/blog\/wp-json\/wp\/v2\/users\/3"}],"replies":[{"embeddable":true,"href":"https:\/\/cepronda.com\/blog\/wp-json\/wp\/v2\/comments?post=1476"}],"version-history":[{"count":2,"href":"https:\/\/cepronda.com\/blog\/wp-json\/wp\/v2\/posts\/1476\/revisions"}],"predecessor-version":[{"id":1479,"href":"https:\/\/cepronda.com\/blog\/wp-json\/wp\/v2\/posts\/1476\/revisions\/1479"}],"wp:attachment":[{"href":"https:\/\/cepronda.com\/blog\/wp-json\/wp\/v2\/media?parent=1476"}],"wp:term":[{"taxonomy":"category","embeddable":true,"href":"https:\/\/cepronda.com\/blog\/wp-json\/wp\/v2\/categories?post=1476"},{"taxonomy":"post_tag","embeddable":true,"href":"https:\/\/cepronda.com\/blog\/wp-json\/wp\/v2\/tags?post=1476"}],"curies":[{"name":"wp","href":"https:\/\/api.w.org\/{rel}","templated":true}]}}