{"id":1472,"date":"2017-12-11T17:13:08","date_gmt":"2017-12-11T16:13:08","guid":{"rendered":"http:\/\/cepronda.com\/blog\/?p=1472"},"modified":"2017-12-11T17:13:08","modified_gmt":"2017-12-11T16:13:08","slug":"curso-para-secretarias-de-los-centros","status":"publish","type":"post","link":"https:\/\/cepronda.com\/blog\/curso-para-secretarias-de-los-centros\/","title":{"rendered":"Curso para Secretar\u00edas de los centros"},"content":{"rendered":"<p>\u00a1Hola familia! \u00bfQu\u00e9 tal estos d\u00edas de descanso?<\/p>\n<p>Escribimos esta entrada para comentaros que acabamos de abrir el plazo de inscripci\u00f3n para el curso \u00abFORMACI\u00d3N PARA LAS SECRETAR\u00cdAS DE LOS CENTROS: GESTI\u00d3N DE INVENTARIO\u00bb dirigido a las personas responsables de las secretar\u00edas en los centros y al resto de los miembros de los Equipos Directivos para su actualizaci\u00f3n a la hora de aplicar la legislaci\u00f3n educativa como norma para la mejora de la gesti\u00f3n econ\u00f3mica en los centros educativos p\u00fablicos de nivel no universitario en Andaluc\u00eda. Adem\u00e1s trabajaremos en la resoluci\u00f3n de dudas planteadas con apoyo en la legislaci\u00f3n vigente. Por otro lado y haciendo referencia al M\u00f3dulo II, el inventario es un elemento clave del control interno y de registro documental de los bienes y dem\u00e1s objetos pertenecientes al centro. Mantener un registro de inventario no es m\u00e1s que la comprobaci\u00f3n y recuento de las existencias f\u00edsicas. Controlar la fecha de adquisici\u00f3n, la identificaci\u00f3n, la ubicaci\u00f3n, la adscripci\u00f3n y el estado del uso garantiza la salvaguarda de estos elementos. Los Centros educativos tienen la obligaci\u00f3n de rellenarlo y actualizarlo, de ah\u00ed la formaci\u00f3n organizada por el CEP de Ronda.<\/p>\n<p>Para acceder a la informaci\u00f3n e inscribiros s\u00f3lo ten\u00e9is que <a href=\"https:\/\/www.juntadeandalucia.es\/educacion\/secretariavirtual\/consultaCEP\/actividad\/182924FC106\/\" target=\"_blank\" rel=\"noopener\">seguir este enlace<\/a> o hacer clic en la imagen.<\/p>\n<p><a href=\"https:\/\/www.juntadeandalucia.es\/educacion\/secretariavirtual\/consultaCEP\/actividad\/182924FC106\/\" target=\"_blank\" rel=\"noopener\"><img data-recalc-dims=\"1\" loading=\"lazy\" decoding=\"async\" class=\"aligncenter wp-image-1474 size-full\" src=\"https:\/\/i0.wp.com\/cepronda.com\/blog\/wp-content\/uploads\/2017\/12\/bag-1245954_640.jpg?resize=640%2C427\" alt=\"\" width=\"640\" height=\"427\"><\/a>&nbsp;<\/p>\n","protected":false},"excerpt":{"rendered":"<p>\u00a1Hola familia! \u00bfQu\u00e9 tal estos d\u00edas de descanso? Escribimos esta entrada para comentaros que acabamos de abrir el plazo de inscripci\u00f3n para el curso \u00abFORMACI\u00d3N PARA LAS SECRETAR\u00cdAS DE LOS CENTROS: GESTI\u00d3N DE INVENTARIO\u00bb dirigido a las personas responsables de las secretar\u00edas en los centros y al resto de los miembros de los Equipos Directivos [&hellip;]<\/p>\n","protected":false},"author":3,"featured_media":0,"comment_status":"open","ping_status":"open","sticky":false,"template":"","format":"standard","meta":{"_crdt_document":"","advanced_seo_description":"","jetpack_seo_html_title":"","jetpack_seo_noindex":false,"jetpack_post_was_ever_published":false,"_jetpack_newsletter_access":"","_jetpack_dont_email_post_to_subs":false,"_jetpack_newsletter_tier_id":0,"_jetpack_memberships_contains_paywalled_content":false,"_jetpack_memberships_contains_paid_content":false,"footnotes":"","jetpack_publicize_message":"","jetpack_publicize_feature_enabled":true,"jetpack_social_post_already_shared":true,"jetpack_social_options":{"image_generator_settings":{"template":"highway","default_image_id":0,"font":"","enabled":false},"version":2}},"categories":[3],"tags":[102],"class_list":{"0":"post-1472","1":"post","2":"type-post","3":"status-publish","4":"format-standard","6":"category-formaciones","7":"tag-secretaria","8":"czr-hentry"},"jetpack_publicize_connections":[],"jetpack_featured_media_url":"","jetpack_shortlink":"https:\/\/wp.me\/p8M4X7-nK","jetpack-related-posts":[{"id":8937,"url":"https:\/\/cepronda.com\/blog\/gestion-economica-para-secretarias-5\/","url_meta":{"origin":1472,"position":0},"title":"GESTI\u00d3N ECON\u00d3MICA PARA SECRETAR\u00cdAS","author":"Mamen Moreno","date":"17 octubre, 2025","format":false,"excerpt":"Abierta la inscripci\u00f3n para el 2\u00ba curso del Itinerario Formativo para Secretar\u00edas de Centros P\u00fablicos: Gesti\u00f3n econ\u00f3mica para secretar\u00edas. C\u00f3digo: 269924KPF230 Dirigido a: secretar\u00edas en activo de los centros educativos p\u00fablicos de la provincia de M\u00e1laga. Comienzo: 5 de noviembre Inscripci\u00f3n del 17\/10 al 31\/10 M\u00e1s informaci\u00f3n: https:\/\/www.juntadeandalucia.es\/educacion\/secretariavirtual\/consultaCEP\/actividad\/269924KPF230\/","rel":"","context":"En \u00abFormaciones\u00bb","block_context":{"text":"Formaciones","link":"https:\/\/cepronda.com\/blog\/category\/formaciones\/"},"img":{"alt_text":"","src":"https:\/\/i0.wp.com\/cepronda.com\/blog\/wp-content\/uploads\/2025\/09\/SECRETARIAS-NOVELES-2023_24.png?fit=848%2C1200&ssl=1&resize=350%2C200","width":350,"height":200,"srcset":"https:\/\/i0.wp.com\/cepronda.com\/blog\/wp-content\/uploads\/2025\/09\/SECRETARIAS-NOVELES-2023_24.png?fit=848%2C1200&ssl=1&resize=350%2C200 1x, https:\/\/i0.wp.com\/cepronda.com\/blog\/wp-content\/uploads\/2025\/09\/SECRETARIAS-NOVELES-2023_24.png?fit=848%2C1200&ssl=1&resize=525%2C300 1.5x, https:\/\/i0.wp.com\/cepronda.com\/blog\/wp-content\/uploads\/2025\/09\/SECRETARIAS-NOVELES-2023_24.png?fit=848%2C1200&ssl=1&resize=700%2C400 2x"},"classes":[]},{"id":474,"url":"https:\/\/cepronda.com\/blog\/curso-fundamentacion-juridica-para-la-gestion-de-los-centros-educativos\/","url_meta":{"origin":1472,"position":1},"title":"Curso \u00abFundamentaci\u00f3n jur\u00eddica para la gesti\u00f3n de los centros educativos\u00bb","author":"V\u00edctor Caballero","date":"13 diciembre, 2016","format":false,"excerpt":"\u00a1No nos paran! Seguimos con un \u00a0curso con seguimiento dirigido a las personas responsables de las secretar\u00edas en los centros y al resto de los miembros de los Equipos Directivos para su actualizaci\u00f3n a la hora de aplicar la legislaci\u00f3n educativa como norma para la mejora de la gesti\u00f3n econ\u00f3mica\u2026","rel":"","context":"En \u00abFormaciones\u00bb","block_context":{"text":"Formaciones","link":"https:\/\/cepronda.com\/blog\/category\/formaciones\/"},"img":{"alt_text":"home-office-336377_640","src":"https:\/\/i0.wp.com\/cepronda.com\/blog\/wp-content\/uploads\/2016\/12\/home-office-336377_640.jpg?resize=350%2C200","width":350,"height":200},"classes":[]},{"id":8805,"url":"https:\/\/cepronda.com\/blog\/gestion-economica-para-secretarias-noveles-horario-de-manana\/","url_meta":{"origin":1472,"position":2},"title":"GESTI\u00d3N ECON\u00d3MICA PARA SECRETAR\u00cdAS NOVELES HORARIO DE MA\u00d1ANA","author":"Mamen Moreno","date":"18 septiembre, 2025","format":false,"excerpt":"Abierta la inscripci\u00f3n del curso a distancia regional organizado por el CEP de El Ejido; dirigido a: Secretar\u00edas noveles en centros educativos p\u00fablicos en el presente curso 2025\/2026 que imparten docencia en horario de tarde. GESTI\u00d3N ECON\u00d3MICA PARA SECRETAR\u00cdAS NOVELES. C\u00f3digo: 269902KPF001 Dirigido a: Secretar\u00edas noveles en centros educativos p\u00fablicos\u2026","rel":"","context":"En \u00abFormaciones\u00bb","block_context":{"text":"Formaciones","link":"https:\/\/cepronda.com\/blog\/category\/formaciones\/"},"img":{"alt_text":"","src":"https:\/\/i0.wp.com\/cepronda.com\/blog\/wp-content\/uploads\/2025\/09\/269902KPF001.jpeg?fit=1080%2C1080&ssl=1&resize=350%2C200","width":350,"height":200,"srcset":"https:\/\/i0.wp.com\/cepronda.com\/blog\/wp-content\/uploads\/2025\/09\/269902KPF001.jpeg?fit=1080%2C1080&ssl=1&resize=350%2C200 1x, https:\/\/i0.wp.com\/cepronda.com\/blog\/wp-content\/uploads\/2025\/09\/269902KPF001.jpeg?fit=1080%2C1080&ssl=1&resize=525%2C300 1.5x, https:\/\/i0.wp.com\/cepronda.com\/blog\/wp-content\/uploads\/2025\/09\/269902KPF001.jpeg?fit=1080%2C1080&ssl=1&resize=700%2C400 2x, https:\/\/i0.wp.com\/cepronda.com\/blog\/wp-content\/uploads\/2025\/09\/269902KPF001.jpeg?fit=1080%2C1080&ssl=1&resize=1050%2C600 3x"},"classes":[]},{"id":8863,"url":"https:\/\/cepronda.com\/blog\/gestion-economica-para-secretarias-4\/","url_meta":{"origin":1472,"position":3},"title":"GESTI\u00d3N ECON\u00d3MICA PARA SECRETAR\u00cdAS","author":"Mamen Moreno","date":"26 septiembre, 2025","format":false,"excerpt":"Abierta la inscripci\u00f3n de los cursos del Itinerario Formativo para Secretar\u00edas de Centros P\u00fablicos: \u00a01\u00ba Curso Semipresencial: 4 sesiones por videoconferencia Gesti\u00f3n econ\u00f3mica para secretar\u00edas n\u00f3veles . C\u00f3digo: 269926KPF011 \u00a0Dirigido a: secretar\u00edas en su primer a\u00f1o \u00a0Comienzo: 7 de octubre \u00a0Inscripci\u00f3n del 25\/09 al 05\/10:\u00a0https:\/\/www.juntadeandalucia.es\/educacion\/secretariavirtual\/consultaCEP\/actividad\/269926KPF011\/ \u00a02\u00ba Curso Online: Aula Virtual\u2026","rel":"","context":"En \u00abFormaciones\u00bb","block_context":{"text":"Formaciones","link":"https:\/\/cepronda.com\/blog\/category\/formaciones\/"},"img":{"alt_text":"","src":"https:\/\/i0.wp.com\/cepronda.com\/blog\/wp-content\/uploads\/2025\/09\/SECRETARIAS-NOVELES-2023_24.png?fit=848%2C1200&ssl=1&resize=350%2C200","width":350,"height":200,"srcset":"https:\/\/i0.wp.com\/cepronda.com\/blog\/wp-content\/uploads\/2025\/09\/SECRETARIAS-NOVELES-2023_24.png?fit=848%2C1200&ssl=1&resize=350%2C200 1x, https:\/\/i0.wp.com\/cepronda.com\/blog\/wp-content\/uploads\/2025\/09\/SECRETARIAS-NOVELES-2023_24.png?fit=848%2C1200&ssl=1&resize=525%2C300 1.5x, https:\/\/i0.wp.com\/cepronda.com\/blog\/wp-content\/uploads\/2025\/09\/SECRETARIAS-NOVELES-2023_24.png?fit=848%2C1200&ssl=1&resize=700%2C400 2x"},"classes":[]},{"id":7714,"url":"https:\/\/cepronda.com\/blog\/secretarias-noveles-proyecto-de-gestion-del-centro-2\/","url_meta":{"origin":1472,"position":4},"title":"SECRETAR\u00cdAS NOVELES: PROYECTO DE GESTI\u00d3N DEL CENTRO","author":"Mamen Moreno","date":"19 septiembre, 2024","format":false,"excerpt":"Se encuentra abierto el plazo de inscripci\u00f3n para el curso SECRETAR\u00cdAS NOVELES: PROYECTO DE GESTI\u00d3N DEL CENTRO, destinado a formar a las personas que se incorporan a las secretar\u00edas de los centros. Inscripci\u00f3n: Del 19 al 26 de septiembre de 2024. Fechas y lugar de Realizaci\u00f3n: 24, 25 y 26\u2026","rel":"","context":"En \u00abFormaciones\u00bb","block_context":{"text":"Formaciones","link":"https:\/\/cepronda.com\/blog\/category\/formaciones\/"},"img":{"alt_text":"","src":"https:\/\/i0.wp.com\/cepronda.com\/blog\/wp-content\/uploads\/2024\/09\/Post-Instagram-Anuncio-Servicios-Electricos-Profesional-Azul.jpg?fit=1080%2C1080&ssl=1&resize=350%2C200","width":350,"height":200,"srcset":"https:\/\/i0.wp.com\/cepronda.com\/blog\/wp-content\/uploads\/2024\/09\/Post-Instagram-Anuncio-Servicios-Electricos-Profesional-Azul.jpg?fit=1080%2C1080&ssl=1&resize=350%2C200 1x, https:\/\/i0.wp.com\/cepronda.com\/blog\/wp-content\/uploads\/2024\/09\/Post-Instagram-Anuncio-Servicios-Electricos-Profesional-Azul.jpg?fit=1080%2C1080&ssl=1&resize=525%2C300 1.5x, https:\/\/i0.wp.com\/cepronda.com\/blog\/wp-content\/uploads\/2024\/09\/Post-Instagram-Anuncio-Servicios-Electricos-Profesional-Azul.jpg?fit=1080%2C1080&ssl=1&resize=700%2C400 2x, https:\/\/i0.wp.com\/cepronda.com\/blog\/wp-content\/uploads\/2024\/09\/Post-Instagram-Anuncio-Servicios-Electricos-Profesional-Azul.jpg?fit=1080%2C1080&ssl=1&resize=1050%2C600 3x"},"classes":[]},{"id":2332,"url":"https:\/\/cepronda.com\/blog\/seneca-gestion-economica-de-los-centros-publicos\/","url_meta":{"origin":1472,"position":5},"title":"S\u00e9neca: gesti\u00f3n econ\u00f3mica de los centros p\u00fablicos","author":"V\u00edctor Caballero","date":"25 septiembre, 2018","format":false,"excerpt":"Hola familia,\u00a0 Compartimos con las secretar\u00edas de los centros esta actividad que creemos que os puede resultar de gran inter\u00e9s, donde se har\u00e1 un recorrido por el m\u00f3dulo de gesti\u00f3n econ\u00f3mica de S\u00e9neca, con los siguientes contenidos:\u00a0 calendario de gesti\u00f3n econ\u00f3mica;\u00a0 cuestiones problem\u00e1ticas y novedades; procedimientos habituales de gesti\u00f3n; ingresos\u2026","rel":"","context":"En \u00abFormaciones\u00bb","block_context":{"text":"Formaciones","link":"https:\/\/cepronda.com\/blog\/category\/formaciones\/"},"img":{"alt_text":"","src":"https:\/\/i0.wp.com\/cepronda.com\/blog\/wp-content\/uploads\/2017\/05\/gear-1444094_640.jpg?fit=640%2C452&ssl=1&resize=350%2C200","width":350,"height":200,"srcset":"https:\/\/i0.wp.com\/cepronda.com\/blog\/wp-content\/uploads\/2017\/05\/gear-1444094_640.jpg?fit=640%2C452&ssl=1&resize=350%2C200 1x, https:\/\/i0.wp.com\/cepronda.com\/blog\/wp-content\/uploads\/2017\/05\/gear-1444094_640.jpg?fit=640%2C452&ssl=1&resize=525%2C300 1.5x"},"classes":[]}],"jetpack_sharing_enabled":true,"_links":{"self":[{"href":"https:\/\/cepronda.com\/blog\/wp-json\/wp\/v2\/posts\/1472","targetHints":{"allow":["GET"]}}],"collection":[{"href":"https:\/\/cepronda.com\/blog\/wp-json\/wp\/v2\/posts"}],"about":[{"href":"https:\/\/cepronda.com\/blog\/wp-json\/wp\/v2\/types\/post"}],"author":[{"embeddable":true,"href":"https:\/\/cepronda.com\/blog\/wp-json\/wp\/v2\/users\/3"}],"replies":[{"embeddable":true,"href":"https:\/\/cepronda.com\/blog\/wp-json\/wp\/v2\/comments?post=1472"}],"version-history":[{"count":2,"href":"https:\/\/cepronda.com\/blog\/wp-json\/wp\/v2\/posts\/1472\/revisions"}],"predecessor-version":[{"id":1475,"href":"https:\/\/cepronda.com\/blog\/wp-json\/wp\/v2\/posts\/1472\/revisions\/1475"}],"wp:attachment":[{"href":"https:\/\/cepronda.com\/blog\/wp-json\/wp\/v2\/media?parent=1472"}],"wp:term":[{"taxonomy":"category","embeddable":true,"href":"https:\/\/cepronda.com\/blog\/wp-json\/wp\/v2\/categories?post=1472"},{"taxonomy":"post_tag","embeddable":true,"href":"https:\/\/cepronda.com\/blog\/wp-json\/wp\/v2\/tags?post=1472"}],"curies":[{"name":"wp","href":"https:\/\/api.w.org\/{rel}","templated":true}]}}