{"id":1453,"date":"2017-11-27T13:42:08","date_gmt":"2017-11-27T12:42:08","guid":{"rendered":"http:\/\/cepronda.com\/blog\/?p=1453"},"modified":"2017-11-27T13:42:08","modified_gmt":"2017-11-27T12:42:08","slug":"abierto-plazo-de-inscripcion-para-curso-de-educacion-emocional-vinculado-a-creciendo-en-salud","status":"publish","type":"post","link":"https:\/\/cepronda.com\/blog\/abierto-plazo-de-inscripcion-para-curso-de-educacion-emocional-vinculado-a-creciendo-en-salud\/","title":{"rendered":"Abierto plazo de inscripci\u00f3n para curso de Educaci\u00f3n emocional vinculado a Creciendo en salud"},"content":{"rendered":"<p>Muy buenas os comunicamos que acabamos de abrir el curso denominado \u00ab<a href=\"https:\/\/www.juntadeandalucia.es\/educacion\/secretariavirtual\/consultaCEP\/actividad\/189924HVS009\/\" target=\"_blank\" rel=\"noopener\">LA EDUCACI\u00d3N EMOCIONAL EN EL MARCO DEL PROGRAMA DE PROMOCI\u00d3N DE H\u00c1BITOS DE VIDA SALUDABLE (CRECIENDO EN SALUD)\u00bb<\/a><\/p>\n<p>Este curso con seguimiento, pretende dotar al profesorado de unos conocimientos y habilidades b\u00e1sicas para trabajar la educaci\u00f3n emocional en los centros educativos como eje transversal del programa de Promoci\u00f3n de H\u00e1bitos de Vida Saludable, desde un enfoque integral y vivencial que facilite una nueva mirada en los centros educativos. La din\u00e1mica de trabajo ser\u00e1 vivencial. Los contenidos te\u00f3ricos ser\u00e1n los imprescindibles para poder trabajar con las experiencias reales o lo que aporte informaci\u00f3n para poder entender la situaci\u00f3n personal o social del grupo. En todas las sesiones se aportar\u00e1n estrategias para desarrollar en el aula. Entre sesi\u00f3n y sesi\u00f3n se plantear\u00e1n una serie de lecturas y, al menos, tres trabajos de aplicaci\u00f3n en el aula que ser\u00e1 la base de posterior reflexi\u00f3n, debate, conclusiones y estrategias de intervenci\u00f3n con el alumnado. Las sesiones tendr\u00e1n tres partes diferenciadas: una parte de trabajo vivencial con el grupo, otra de evaluaci\u00f3n y seguimiento de experiencias y una tercera de trabajo te\u00f3rico-pr\u00e1ctico.<\/p>\n<p><a href=\"https:\/\/www.juntadeandalucia.es\/educacion\/secretariavirtual\/consultaCEP\/actividad\/189924HVS009\/\" target=\"_blank\" rel=\"noopener\"><img data-recalc-dims=\"1\" loading=\"lazy\" decoding=\"async\" class=\"aligncenter wp-image-1454 size-full\" src=\"https:\/\/i0.wp.com\/cepronda.com\/blog\/wp-content\/uploads\/2017\/11\/kids-2835426_640.jpg?resize=640%2C423\" alt=\"\" width=\"640\" height=\"423\" srcset=\"https:\/\/i0.wp.com\/cepronda.com\/blog\/wp-content\/uploads\/2017\/11\/kids-2835426_640.jpg?w=640&amp;ssl=1 640w, https:\/\/i0.wp.com\/cepronda.com\/blog\/wp-content\/uploads\/2017\/11\/kids-2835426_640.jpg?resize=300%2C198&amp;ssl=1 300w\" sizes=\"auto, (max-width: 640px) 100vw, 640px\" \/><\/a><\/p>\n","protected":false},"excerpt":{"rendered":"<p>Muy buenas os comunicamos que acabamos de abrir el curso denominado \u00abLA EDUCACI\u00d3N EMOCIONAL EN EL MARCO DEL PROGRAMA DE PROMOCI\u00d3N DE H\u00c1BITOS DE VIDA SALUDABLE (CRECIENDO EN SALUD)\u00bb Este curso con seguimiento, pretende dotar al profesorado de unos conocimientos y habilidades b\u00e1sicas para trabajar la educaci\u00f3n emocional en los centros educativos como eje transversal [&hellip;]<\/p>\n","protected":false},"author":3,"featured_media":1454,"comment_status":"open","ping_status":"open","sticky":false,"template":"","format":"standard","meta":{"_crdt_document":"","advanced_seo_description":"","jetpack_seo_html_title":"","jetpack_seo_noindex":false,"jetpack_post_was_ever_published":false,"_jetpack_newsletter_access":"","_jetpack_dont_email_post_to_subs":false,"_jetpack_newsletter_tier_id":0,"_jetpack_memberships_contains_paywalled_content":false,"_jetpack_memberships_contains_paid_content":false,"footnotes":"","jetpack_publicize_message":"","jetpack_publicize_feature_enabled":true,"jetpack_social_post_already_shared":true,"jetpack_social_options":{"image_generator_settings":{"template":"highway","default_image_id":0,"font":"","enabled":false},"version":2}},"categories":[3],"tags":[104],"class_list":{"0":"post-1453","1":"post","2":"type-post","3":"status-publish","4":"format-standard","5":"has-post-thumbnail","7":"category-formaciones","8":"tag-educacion-emocional","9":"czr-hentry"},"jetpack_publicize_connections":[],"jetpack_featured_media_url":"https:\/\/i0.wp.com\/cepronda.com\/blog\/wp-content\/uploads\/2017\/11\/kids-2835426_640.jpg?fit=640%2C423&ssl=1","jetpack_shortlink":"https:\/\/wp.me\/p8M4X7-nr","jetpack-related-posts":[{"id":1480,"url":"https:\/\/cepronda.com\/blog\/suspendido-el-curso-de-educacion-emocional\/","url_meta":{"origin":1453,"position":0},"title":"Suspendido el curso de Educaci\u00f3n emocional","author":"V\u00edctor Caballero","date":"12 diciembre, 2017","format":false,"excerpt":"Muy buenas,\u00a0 Escribimos para comunicaros que QUEDA SUSPENDIDA la actividad de\u00a0\u201cLA EDUCACI\u00d3N EMOCIONAL EN EL MARCO DEL PROGRAMA DE PROMOCI\u00d3N DE H\u00c1BITOS DE VIDA SALUDABLE (CRECIENDO EN SALUD)\u201d Esta suspensi\u00f3n es debida a la falta de docentes inscritos para la misma. Lamentamos esta suspensi\u00f3n y esperamos poder atender a futuras\u2026","rel":"","context":"En \u00abFormaciones\u00bb","block_context":{"text":"Formaciones","link":"https:\/\/cepronda.com\/blog\/category\/formaciones\/"},"img":{"alt_text":"","src":"https:\/\/i0.wp.com\/cepronda.com\/blog\/wp-content\/uploads\/2017\/11\/kids-2835426_640.jpg?fit=640%2C423&ssl=1&resize=350%2C200","width":350,"height":200,"srcset":"https:\/\/i0.wp.com\/cepronda.com\/blog\/wp-content\/uploads\/2017\/11\/kids-2835426_640.jpg?fit=640%2C423&ssl=1&resize=350%2C200 1x, https:\/\/i0.wp.com\/cepronda.com\/blog\/wp-content\/uploads\/2017\/11\/kids-2835426_640.jpg?fit=640%2C423&ssl=1&resize=525%2C300 1.5x"},"classes":[]},{"id":2334,"url":"https:\/\/cepronda.com\/blog\/nivel-i-y-ii-programa-de-inteligencia-emocional-sensibilizacion-y-desarrollo\/","url_meta":{"origin":1453,"position":1},"title":"NIVEL I Y II. PROGRAMA DE INTELIGENCIA EMOCIONAL: SENSIBILIZACI\u00d3N Y DESARROLLO","author":"V\u00edctor Caballero","date":"25 septiembre, 2018","format":false,"excerpt":"\u00a1Hola de nuevo!\u00a0 Queremos compartir con todas y todos vosotros este curso tan esperado por todo el mundo, dado el \u00e9xito del curso pasado. Se trata de los niveles I y II del programa de inteligencia emocional, donde aprenderemos mucho a nivel personal y como trasladar este programa a nuestros\u2026","rel":"","context":"En \u00abFormaciones\u00bb","block_context":{"text":"Formaciones","link":"https:\/\/cepronda.com\/blog\/category\/formaciones\/"},"img":{"alt_text":"","src":"https:\/\/i0.wp.com\/cepronda.com\/blog\/wp-content\/uploads\/2018\/09\/blond-1868815_640.jpg?fit=640%2C426&ssl=1&resize=350%2C200","width":350,"height":200,"srcset":"https:\/\/i0.wp.com\/cepronda.com\/blog\/wp-content\/uploads\/2018\/09\/blond-1868815_640.jpg?fit=640%2C426&ssl=1&resize=350%2C200 1x, https:\/\/i0.wp.com\/cepronda.com\/blog\/wp-content\/uploads\/2018\/09\/blond-1868815_640.jpg?fit=640%2C426&ssl=1&resize=525%2C300 1.5x"},"classes":[]},{"id":1553,"url":"https:\/\/cepronda.com\/blog\/jornada-provincial-retos-educativos-educacion-emocional-y-comunicacion-en-las-familias-del-siglo-xxi\/","url_meta":{"origin":1453,"position":2},"title":"Jornada provincial \u00abRetos educativos. Educaci\u00f3n emocional y comunicaci\u00f3n en las familias del siglo XXI\u00bb","author":"V\u00edctor Caballero","date":"12 enero, 2018","format":false,"excerpt":"\u00a1Hola de nuevo! Queremos compartir con todos y todas vosotras esta jornada provincial que se va a desarrollar en M\u00e1laga el pr\u00f3ximo 24 de enero, y que va dirigida tanto a docentes como a las familias. La actividad se denomina \"Retos educativos. Educaci\u00f3n emocional y comunicaci\u00f3n en las familias del\u2026","rel":"","context":"En \u00abNoticias\u00bb","block_context":{"text":"Noticias","link":"https:\/\/cepronda.com\/blog\/category\/noticias\/"},"img":{"alt_text":"","src":"https:\/\/i0.wp.com\/cepronda.com\/blog\/wp-content\/uploads\/2018\/01\/familia_m%C3%A1laga.png?fit=643%2C903&ssl=1&resize=350%2C200","width":350,"height":200,"srcset":"https:\/\/i0.wp.com\/cepronda.com\/blog\/wp-content\/uploads\/2018\/01\/familia_m%C3%A1laga.png?fit=643%2C903&ssl=1&resize=350%2C200 1x, https:\/\/i0.wp.com\/cepronda.com\/blog\/wp-content\/uploads\/2018\/01\/familia_m%C3%A1laga.png?fit=643%2C903&ssl=1&resize=525%2C300 1.5x"},"classes":[]},{"id":2172,"url":"https:\/\/cepronda.com\/blog\/programa-de-acompanamiento-emocional-en-el-ceip-nuestro-padre-jesus\/","url_meta":{"origin":1453,"position":3},"title":"Programa de acompa\u00f1amiento emocional en el CEIP Nuestro Padre Jes\u00fas","author":"V\u00edctor Caballero","date":"11 junio, 2018","format":false,"excerpt":"\u00a1Hola de nuevo! Os seguimos contando proyectos interesantes que est\u00e1is haciendo en vuestros centros. Seguimos el viaje, y paramos en el CEIP Nuestro Padre Jes\u00fas donde este curso han llevado a cabo un programa piloto de la Junta de Andaluc\u00eda, llamado Acompa\u00f1amiento Emocional. Se ha dirigido al alumnado de tercer\u2026","rel":"","context":"En \u00abNoticias\u00bb","block_context":{"text":"Noticias","link":"https:\/\/cepronda.com\/blog\/category\/noticias\/"},"img":{"alt_text":"","src":"https:\/\/i0.wp.com\/cepronda.com\/blog\/wp-content\/uploads\/2017\/11\/kids-2835426_640.jpg?fit=640%2C423&ssl=1&resize=350%2C200","width":350,"height":200,"srcset":"https:\/\/i0.wp.com\/cepronda.com\/blog\/wp-content\/uploads\/2017\/11\/kids-2835426_640.jpg?fit=640%2C423&ssl=1&resize=350%2C200 1x, https:\/\/i0.wp.com\/cepronda.com\/blog\/wp-content\/uploads\/2017\/11\/kids-2835426_640.jpg?fit=640%2C423&ssl=1&resize=525%2C300 1.5x"},"classes":[]},{"id":8172,"url":"https:\/\/cepronda.com\/blog\/curso-provincial-bienestar-emocional-y-autocuidado-del-personal-docente-codigo-259925ci478\/","url_meta":{"origin":1453,"position":4},"title":"BIENESTAR EMOCIONAL Y AUTOCUIDADO DEL PERSONAL DOCENTE.","author":"Inmaculada Garc\u00eda","date":"19 febrero, 2025","format":false,"excerpt":"Se encuentra abierto el plazo de inscripci\u00f3n del curso provincial:\u00a0 \"BIENESTAR EMOCIONAL Y AUTOCUIDADO DEL PERSONAL DOCENTE.\"\u00a0\u00a0C\u00f3digo:\u00a0259925CI478 Curso\u00a0a distancia, de 30 horas de duraci\u00f3n, en el Aula Virtual de Formaci\u00f3n del Profesorado. Internivelar. Plazo de inscripci\u00f3n:\u00a0del 18 de febrero al 3 de marzo de 2025. Fechas\u00a0de\u00a0realizaci\u00f3n:\u00a0del 11 de marzo al\u2026","rel":"","context":"En \u00abFormaciones\u00bb","block_context":{"text":"Formaciones","link":"https:\/\/cepronda.com\/blog\/category\/formaciones\/"},"img":{"alt_text":"","src":"https:\/\/i0.wp.com\/cepronda.com\/blog\/wp-content\/uploads\/2025\/02\/BINESTAR-EMOCIONAL-Y-AUTOCUIDADO-DEL-PERSONAL-DOCENTE.jpg?fit=864%2C1080&ssl=1&resize=350%2C200","width":350,"height":200,"srcset":"https:\/\/i0.wp.com\/cepronda.com\/blog\/wp-content\/uploads\/2025\/02\/BINESTAR-EMOCIONAL-Y-AUTOCUIDADO-DEL-PERSONAL-DOCENTE.jpg?fit=864%2C1080&ssl=1&resize=350%2C200 1x, https:\/\/i0.wp.com\/cepronda.com\/blog\/wp-content\/uploads\/2025\/02\/BINESTAR-EMOCIONAL-Y-AUTOCUIDADO-DEL-PERSONAL-DOCENTE.jpg?fit=864%2C1080&ssl=1&resize=525%2C300 1.5x, https:\/\/i0.wp.com\/cepronda.com\/blog\/wp-content\/uploads\/2025\/02\/BINESTAR-EMOCIONAL-Y-AUTOCUIDADO-DEL-PERSONAL-DOCENTE.jpg?fit=864%2C1080&ssl=1&resize=700%2C400 2x"},"classes":[]},{"id":2676,"url":"https:\/\/cepronda.com\/blog\/video-latucada-reivindicativa-en-el-ceip-san-agustin-de-el-burgo\/","url_meta":{"origin":1453,"position":5},"title":"V\u00cdDEO LATUCADA REIVINDICATIVA en el CEIP San Agust\u00edn de El Burgo","author":"V\u00edctor Caballero","date":"18 marzo, 2019","format":false,"excerpt":"A continuaci\u00f3n os dejamos el enlace de la Latucada Reivindicativa que recorri\u00f3 las calles de nuestra localidad. Se ha utilizado para participar en el concurso escolar que promueve\u00a0la Consejer\u00eda competente en materia de Educaci\u00f3n y la Consejer\u00eda competente en materia de Fomento, el II Concurso escolar \u201cPonte en Marcha\u201d, que\u2026","rel":"","context":"En \u00abNoticias\u00bb","block_context":{"text":"Noticias","link":"https:\/\/cepronda.com\/blog\/category\/noticias\/"},"img":{"alt_text":"","src":"https:\/\/i0.wp.com\/img.youtube.com\/vi\/l9GLnaKkPhg\/0.jpg?resize=350%2C200","width":350,"height":200},"classes":[]}],"jetpack_sharing_enabled":true,"_links":{"self":[{"href":"https:\/\/cepronda.com\/blog\/wp-json\/wp\/v2\/posts\/1453","targetHints":{"allow":["GET"]}}],"collection":[{"href":"https:\/\/cepronda.com\/blog\/wp-json\/wp\/v2\/posts"}],"about":[{"href":"https:\/\/cepronda.com\/blog\/wp-json\/wp\/v2\/types\/post"}],"author":[{"embeddable":true,"href":"https:\/\/cepronda.com\/blog\/wp-json\/wp\/v2\/users\/3"}],"replies":[{"embeddable":true,"href":"https:\/\/cepronda.com\/blog\/wp-json\/wp\/v2\/comments?post=1453"}],"version-history":[{"count":1,"href":"https:\/\/cepronda.com\/blog\/wp-json\/wp\/v2\/posts\/1453\/revisions"}],"predecessor-version":[{"id":1455,"href":"https:\/\/cepronda.com\/blog\/wp-json\/wp\/v2\/posts\/1453\/revisions\/1455"}],"wp:featuredmedia":[{"embeddable":true,"href":"https:\/\/cepronda.com\/blog\/wp-json\/wp\/v2\/media\/1454"}],"wp:attachment":[{"href":"https:\/\/cepronda.com\/blog\/wp-json\/wp\/v2\/media?parent=1453"}],"wp:term":[{"taxonomy":"category","embeddable":true,"href":"https:\/\/cepronda.com\/blog\/wp-json\/wp\/v2\/categories?post=1453"},{"taxonomy":"post_tag","embeddable":true,"href":"https:\/\/cepronda.com\/blog\/wp-json\/wp\/v2\/tags?post=1453"}],"curies":[{"name":"wp","href":"https:\/\/api.w.org\/{rel}","templated":true}]}}