{"id":1443,"date":"2017-11-21T12:46:03","date_gmt":"2017-11-21T11:46:03","guid":{"rendered":"http:\/\/cepronda.com\/blog\/?p=1443"},"modified":"2025-04-28T12:06:20","modified_gmt":"2025-04-28T10:06:20","slug":"jornada-provincial-e-twinning-en-marbella","status":"publish","type":"post","link":"https:\/\/cepronda.com\/blog\/jornada-provincial-e-twinning-en-marbella\/","title":{"rendered":"JORNADA PROVINCIAL E-TWINNING EN MARBELLA"},"content":{"rendered":"<div class=\"gmail_default\">Os anuncio que va a haber una jornada a nivel provincial EN HORARIO DE MA\u00d1ANA EN EL CEP DE MARBELLA relativa a\u00a0<b>e-Twinning<\/b>\u00a0el PR\u00d3XIMO\u00a0<b><span style=\"color: #ff0000\">5 DE DICIEMBRE:<\/span><\/b><\/div>\n<div class=\"gmail_default\">Estas jornadas son interesantes para todas las personas\u00a0 que busquen socios para ERASMUS + o hacer intercambios con centros de otros pa\u00edses. En la redacci\u00f3n de cualquier proyecto ERASMUS+ se valora mucho el uso y gesti\u00f3n de esta plataforma virtual.<\/div>\n<div class=\"gmail_default\">Os recomendar\u00eda que asisti\u00e9rais al menos alguien de vuestro centro.<\/div>\n<div class=\"gmail_default\"><\/div>\n<div class=\"gmail_default\"><a href=\"http:\/\/www.juntadeandalucia.es\/educacion\/portals\/web\/cep-marbella-coin\/novedades\/-\/contenidos\/detalle\/i-jornada-provincial-etwinning\" target=\"_blank\" rel=\"noopener\">PINCHAD AQU\u00cd PARA M\u00c1S INFORMACI\u00d3N<\/a><\/div>\n<div class=\"gmail_default\"><\/div>\n<div class=\"gmail_default\"><a href=\"https:\/\/www.juntadeandalucia.es\/educacion\/secretariavirtual\/consultaCEP\/actividad\/182923GE605\/\" target=\"_blank\" rel=\"noopener\">PINCHAD AQU\u00cd PARA INSCRIBIROS<\/a><\/div>\n<div class=\"gmail_default\"><\/div>\n<div class=\"gmail_default\">Pod\u00e9is gestionar los permisos correspondientes rellenando el anexo I y entreg\u00e1ndoselo a vuestros directores\/as para que los gestione.<\/div>\n<div class=\"gmail_default\">Las fechas son algo precipitadas ya que la jornada es el d\u00eda 5 de DICIEMBRE.<\/div>\n<div class=\"gmail_default\"><b><span style=\"color: #ff0000\">Ten\u00e9is s\u00f3lo hasta el 28 NOV para inscribiros:<\/span><\/b><\/div>\n<div class=\"gmail_default\">\n<div class=\"gmail_default\"><\/div>\n<div class=\"gmail_default\"><a href=\"https:\/\/www.juntadeandalucia.es\/educacion\/secretariavirtual\/consultaCEP\/actividad\/182923GE605\/\" target=\"_blank\" rel=\"noopener\">PINCHAD AQU\u00cd PARA INSCRIBIROS<\/a><\/div>\n<div class=\"gmail_default\"><\/div>\n<div>Un saludo Y NOS VEMOS PRONTO!!<\/div>\n<div><img data-recalc-dims=\"1\" loading=\"lazy\" decoding=\"async\" class=\"alignnone size-medium wp-image-1444 aligncenter\" src=\"https:\/\/i0.wp.com\/cepronda.com\/blog\/wp-content\/uploads\/2017\/11\/logo_1269x942-300x223.png?resize=300%2C223\" alt=\"\" width=\"300\" height=\"223\" srcset=\"https:\/\/i0.wp.com\/cepronda.com\/blog\/wp-content\/uploads\/2017\/11\/logo_1269x942.png?resize=300%2C223&amp;ssl=1 300w, https:\/\/i0.wp.com\/cepronda.com\/blog\/wp-content\/uploads\/2017\/11\/logo_1269x942.png?resize=768%2C570&amp;ssl=1 768w, https:\/\/i0.wp.com\/cepronda.com\/blog\/wp-content\/uploads\/2017\/11\/logo_1269x942.png?resize=1024%2C760&amp;ssl=1 1024w, https:\/\/i0.wp.com\/cepronda.com\/blog\/wp-content\/uploads\/2017\/11\/logo_1269x942.png?w=1269&amp;ssl=1 1269w\" sizes=\"auto, (max-width: 300px) 100vw, 300px\" \/><\/div>\n<\/div>\n","protected":false},"excerpt":{"rendered":"<p>Os anuncio que va a haber una jornada a nivel provincial EN HORARIO DE MA\u00d1ANA EN EL CEP DE MARBELLA relativa a\u00a0e-Twinning\u00a0el PR\u00d3XIMO\u00a05 DE DICIEMBRE: Estas jornadas son interesantes para todas las personas\u00a0 que busquen socios para ERASMUS + o hacer intercambios con centros de otros pa\u00edses. En la redacci\u00f3n de cualquier proyecto ERASMUS+ se [&hellip;]<\/p>\n","protected":false},"author":3,"featured_media":0,"comment_status":"open","ping_status":"open","sticky":false,"template":"","format":"standard","meta":{"_crdt_document":"","advanced_seo_description":"","jetpack_seo_html_title":"","jetpack_seo_noindex":false,"jetpack_post_was_ever_published":false,"_jetpack_newsletter_access":"","_jetpack_dont_email_post_to_subs":false,"_jetpack_newsletter_tier_id":0,"_jetpack_memberships_contains_paywalled_content":false,"_jetpack_memberships_contains_paid_content":false,"footnotes":"","jetpack_publicize_message":"","jetpack_publicize_feature_enabled":true,"jetpack_social_post_already_shared":true,"jetpack_social_options":{"image_generator_settings":{"template":"highway","default_image_id":0,"font":"","enabled":false},"version":2}},"categories":[5],"tags":[96,103,174],"class_list":{"0":"post-1443","1":"post","2":"type-post","3":"status-publish","4":"format-standard","6":"category-noticias","7":"tag-erasmus","8":"tag-etwinning","9":"tag-jornadas","10":"czr-hentry"},"jetpack_publicize_connections":[],"jetpack_featured_media_url":"","jetpack_shortlink":"https:\/\/wp.me\/p8M4X7-nh","jetpack-related-posts":[{"id":3439,"url":"https:\/\/cepronda.com\/blog\/jornada-provincial-de-e-twinning\/","url_meta":{"origin":1443,"position":0},"title":"Jornada provincial de E-Twinning","author":"V\u00edctor Caballero","date":"20 febrero, 2020","format":false,"excerpt":"El pr\u00f3ximo 19 de marzo en el CEP de Marbella-Co\u00edn, tendr\u00e1 lugar la Jornada provincial de E-Twinning. Para toda la informaci\u00f3n e inscribiros s\u00f3lo ten\u00e9is que seguir este enlace.","rel":"","context":"En \u00abFormaciones\u00bb","block_context":{"text":"Formaciones","link":"https:\/\/cepronda.com\/blog\/category\/formaciones\/"},"img":{"alt_text":"","src":"","width":0,"height":0},"classes":[]},{"id":4423,"url":"https:\/\/cepronda.com\/blog\/gestion-administrativa-de-proyectos-erasmus\/","url_meta":{"origin":1443,"position":1},"title":"GESTI\u00d3N ADMINISTRATIVA DE PROYECTOS ERASMUS.","author":"Maribel Mu\u00f1oz","date":"15 abril, 2021","format":false,"excerpt":"Buenas tardes\u00a0 compa\u00f1eras y compa\u00f1eros, Os informamos que est\u00e1 abierto el plazo de inscripci\u00f3n del curso a distancia de \u00e1mbito provincial GESTI\u00d3N ADMINISTRATIVA DE PROYECTOS ERASMUS. Este curso est\u00e1 especialmente dirigido a las coordinaciones de proyectos Erasmus de escolar y adultos. C\u00f3digo: 219922KPI296.\u00a0 Es una formaci\u00f3n PROVINCIAL, gestionada por el\u2026","rel":"","context":"En \u00abFormaciones\u00bb","block_context":{"text":"Formaciones","link":"https:\/\/cepronda.com\/blog\/category\/formaciones\/"},"img":{"alt_text":"","src":"https:\/\/i0.wp.com\/cepronda.com\/blog\/wp-content\/uploads\/2021\/03\/bandera-europea.jpg?resize=350%2C200","width":350,"height":200},"classes":[]},{"id":1417,"url":"https:\/\/cepronda.com\/blog\/noticias-erasmus\/","url_meta":{"origin":1443,"position":2},"title":"NOTICIAS ERASMUS +","author":"V\u00edctor Caballero","date":"10 noviembre, 2017","format":false,"excerpt":"Buenas tardes! Seguimos con noticias sobre Erasmus +. Ya est\u00e1 abierto el plazo de solicitudes para las JORNADAS DE DIFUSI\u00d3N ERASMUS+\u00a0que tendr\u00e1n lugar en el CEP de RONDA la tarde del 22 de Noviembre en horario de 16:30\u00a0 a 20:30 A todas las personas interesadas en informarse de c\u00f3mo salir\u2026","rel":"","context":"En \u00abNoticias\u00bb","block_context":{"text":"Noticias","link":"https:\/\/cepronda.com\/blog\/category\/noticias\/"},"img":{"alt_text":"","src":"https:\/\/i0.wp.com\/cepronda.com\/blog\/wp-content\/uploads\/2017\/11\/EU-flag-Erasmus-300x86.jpg?resize=350%2C200","width":350,"height":200},"classes":[]},{"id":4362,"url":"https:\/\/cepronda.com\/blog\/nuevo-programa-erasmus-convocatoria-2021\/","url_meta":{"origin":1443,"position":3},"title":"NUEVO PROGRAMA ERASMUS+: CONVOCATORIA 2021","author":"Maribel Mu\u00f1oz","date":"6 abril, 2021","format":false,"excerpt":"Buenas tardes\u00a0 compa\u00f1eras y compa\u00f1eros, Os informamos que est\u00e1 abierto el plazo de inscripci\u00f3n de la formaci\u00f3n \u00a0DIFUSI\u00d3N DEL NUEVO PROGRAMA ERASMUS+: CONVOCATORIA 2021 con c\u00f3digo 219923KPI254 \u00a0 que comenzar\u00e1 a desarrollarse el pr\u00f3ximo\u00a0 15\/04\/2021. Es una formaci\u00f3n PROVINCIAL, gestionada por el CEP de Marbella Adjuntamos\u00a0enlace : https:\/\/www.juntadeandalucia.es\/educacion\/secretariavirtual\/consultaCEP\/actividad\/219923KPI254\/ El plazo\u2026","rel":"","context":"En \u00abFormaciones\u00bb","block_context":{"text":"Formaciones","link":"https:\/\/cepronda.com\/blog\/category\/formaciones\/"},"img":{"alt_text":"","src":"https:\/\/i0.wp.com\/cepronda.com\/blog\/wp-content\/uploads\/2021\/03\/bandera-europea.jpg?resize=350%2C200","width":350,"height":200},"classes":[]},{"id":4364,"url":"https:\/\/cepronda.com\/blog\/formacion-profesional-nuevo-programa-erasmusconvocatoria-2021\/","url_meta":{"origin":1443,"position":4},"title":"FORMACI\u00d3N PROFESIONAL: NUEVO PROGRAMA ERASMUS+CONVOCATORIA 2021","author":"Maribel Mu\u00f1oz","date":"6 abril, 2021","format":false,"excerpt":"Buenas tardes\u00a0 compa\u00f1eras y compa\u00f1eros, Os informamos que est\u00e1 abierto el plazo de inscripci\u00f3n de la formaci\u00f3n \u00a0DIFUSI\u00d3N DEL NUEVO PROGRAMA ERASMUS+: CONVOCATORIA 2021 PARA FORMACI\u00d3N PROFESIONAL con c\u00f3digo 219923KPI297 \u00a0 que comenzar\u00e1 a desarrollarse el pr\u00f3ximo\u00a0 15\/04\/2021. Es una formaci\u00f3n PROVINCIAL, gestionada por el CEP de Marbella. Adjuntamos\u00a0enlace :\u2026","rel":"","context":"En \u00abFormaciones\u00bb","block_context":{"text":"Formaciones","link":"https:\/\/cepronda.com\/blog\/category\/formaciones\/"},"img":{"alt_text":"","src":"https:\/\/i0.wp.com\/cepronda.com\/blog\/wp-content\/uploads\/2021\/03\/bandera-europea.jpg?resize=350%2C200","width":350,"height":200},"classes":[]},{"id":7609,"url":"https:\/\/cepronda.com\/blog\/celebrando-una-jornada-erasmus-de-colaboracion-educativa-en-el-ceip-virgen-de-la-concepcion-de-montejaque-con-una-experta-invitada-europea\/","url_meta":{"origin":1443,"position":5},"title":"\u00a1Celebrando una jornada Erasmus de colaboraci\u00f3n educativa en el CEIP Virgen de la Concepci\u00f3n de Montejaque, con una experta invitada europea!","author":"Inmaculada Garc\u00eda","date":"8 mayo, 2024","format":false,"excerpt":"El CEP de Ronda est\u00e1 de enhorabuena por haber coordinado y fomentado la jornada de trabajo con diversos centros de la zona, en colaboraci\u00f3n con la experta invitada europea del consorcio Erasmus MEP Rural, Vittoria Volterrani. El ambiente en el CEIP Virgen de la Concepci\u00f3n fue inspirador, con una acogida\u2026","rel":"","context":"En \u00abFormaciones\u00bb","block_context":{"text":"Formaciones","link":"https:\/\/cepronda.com\/blog\/category\/formaciones\/"},"img":{"alt_text":"","src":"https:\/\/i0.wp.com\/cepronda.com\/blog\/wp-content\/uploads\/2024\/05\/WhatsApp-Image-2024-05-08-at-12.20.15.jpeg?fit=1200%2C900&ssl=1&resize=350%2C200","width":350,"height":200,"srcset":"https:\/\/i0.wp.com\/cepronda.com\/blog\/wp-content\/uploads\/2024\/05\/WhatsApp-Image-2024-05-08-at-12.20.15.jpeg?fit=1200%2C900&ssl=1&resize=350%2C200 1x, https:\/\/i0.wp.com\/cepronda.com\/blog\/wp-content\/uploads\/2024\/05\/WhatsApp-Image-2024-05-08-at-12.20.15.jpeg?fit=1200%2C900&ssl=1&resize=525%2C300 1.5x, https:\/\/i0.wp.com\/cepronda.com\/blog\/wp-content\/uploads\/2024\/05\/WhatsApp-Image-2024-05-08-at-12.20.15.jpeg?fit=1200%2C900&ssl=1&resize=700%2C400 2x, https:\/\/i0.wp.com\/cepronda.com\/blog\/wp-content\/uploads\/2024\/05\/WhatsApp-Image-2024-05-08-at-12.20.15.jpeg?fit=1200%2C900&ssl=1&resize=1050%2C600 3x"},"classes":[]}],"jetpack_sharing_enabled":true,"_links":{"self":[{"href":"https:\/\/cepronda.com\/blog\/wp-json\/wp\/v2\/posts\/1443","targetHints":{"allow":["GET"]}}],"collection":[{"href":"https:\/\/cepronda.com\/blog\/wp-json\/wp\/v2\/posts"}],"about":[{"href":"https:\/\/cepronda.com\/blog\/wp-json\/wp\/v2\/types\/post"}],"author":[{"embeddable":true,"href":"https:\/\/cepronda.com\/blog\/wp-json\/wp\/v2\/users\/3"}],"replies":[{"embeddable":true,"href":"https:\/\/cepronda.com\/blog\/wp-json\/wp\/v2\/comments?post=1443"}],"version-history":[{"count":1,"href":"https:\/\/cepronda.com\/blog\/wp-json\/wp\/v2\/posts\/1443\/revisions"}],"predecessor-version":[{"id":1445,"href":"https:\/\/cepronda.com\/blog\/wp-json\/wp\/v2\/posts\/1443\/revisions\/1445"}],"wp:attachment":[{"href":"https:\/\/cepronda.com\/blog\/wp-json\/wp\/v2\/media?parent=1443"}],"wp:term":[{"taxonomy":"category","embeddable":true,"href":"https:\/\/cepronda.com\/blog\/wp-json\/wp\/v2\/categories?post=1443"},{"taxonomy":"post_tag","embeddable":true,"href":"https:\/\/cepronda.com\/blog\/wp-json\/wp\/v2\/tags?post=1443"}],"curies":[{"name":"wp","href":"https:\/\/api.w.org\/{rel}","templated":true}]}}