{"id":1440,"date":"2017-11-20T19:09:31","date_gmt":"2017-11-20T18:09:31","guid":{"rendered":"http:\/\/cepronda.com\/blog\/?p=1440"},"modified":"2017-11-20T19:09:31","modified_gmt":"2017-11-20T18:09:31","slug":"formacion-para-las-secretarias-de-los-centros","status":"publish","type":"post","link":"https:\/\/cepronda.com\/blog\/formacion-para-las-secretarias-de-los-centros\/","title":{"rendered":"Formaci\u00f3n para las secretar\u00edas de los centros"},"content":{"rendered":"<p>\u00a1Hola a todo el mundo!<\/p>\n<p>Como sab\u00e9is para el pr\u00f3ximo mes de enero tenemos prevista una formaci\u00f3n espec\u00edfica para las secretar\u00edas de los centros, donde en un m\u00f3dulo hemos previsto desarrollar 4 sesiones.<\/p>\n<p>Las dos primeras ir\u00edan dedicadas a la resoluci\u00f3n de dudas y preguntas que teng\u00e1is. Para ello contaremos con la presencia de Antonio Fern\u00e1ndez Bermudo, una de las personas que m\u00e1s sabe sobre el trabajo de secretar\u00eda y S\u00e9neca. Para organizar este m\u00f3dulo se ha preparado un peque\u00f1o formulario donde os pedimos que nos expong\u00e1is vuestras dudas y preguntas, de modo que el ponente pueda atender a las mismas. Este formulario lo pod\u00e9is encontrar en el<a href=\"https:\/\/docs.google.com\/document\/d\/1_YqAOEGCfr8t1F44sogaepm239LAJ8ICemB9yHDDIgw\/edit\" target=\"_blank\" rel=\"noopener\"> siguiente enlace<\/a>.<\/p>\n<p>Las dos siguientes sesiones estar\u00edan dedicadas a la gesti\u00f3n del inventario de los centros educativos, a cargo de Juan Antonio Moreno Serrato.<\/p>\n<p>Para informaci\u00f3n sobre el curso s\u00f3lo ten\u00e9is que <a href=\"https:\/\/www.juntadeandalucia.es\/educacion\/secretariavirtual\/consultaCEP\/actividad\/182924FC106\/\" target=\"_blank\" rel=\"noopener\">seguir este enlace<\/a>.<\/p>\n<p><a href=\"https:\/\/www.juntadeandalucia.es\/educacion\/secretariavirtual\/consultaCEP\/actividad\/182924FC106\/\" target=\"_blank\" rel=\"noopener\"><img data-recalc-dims=\"1\" loading=\"lazy\" decoding=\"async\" class=\"aligncenter wp-image-866 size-full\" src=\"https:\/\/i0.wp.com\/cepronda.com\/blog\/wp-content\/uploads\/2017\/05\/team-2044760_640.jpg?resize=640%2C479\" alt=\"\" width=\"640\" height=\"479\" srcset=\"https:\/\/i0.wp.com\/cepronda.com\/blog\/wp-content\/uploads\/2017\/05\/team-2044760_640.jpg?w=640&amp;ssl=1 640w, https:\/\/i0.wp.com\/cepronda.com\/blog\/wp-content\/uploads\/2017\/05\/team-2044760_640.jpg?resize=300%2C225&amp;ssl=1 300w\" sizes=\"auto, (max-width: 640px) 100vw, 640px\" \/><\/a><\/p>\n","protected":false},"excerpt":{"rendered":"<p>\u00a1Hola a todo el mundo! Como sab\u00e9is para el pr\u00f3ximo mes de enero tenemos prevista una formaci\u00f3n espec\u00edfica para las secretar\u00edas de los centros, donde en un m\u00f3dulo hemos previsto desarrollar 4 sesiones. Las dos primeras ir\u00edan dedicadas a la resoluci\u00f3n de dudas y preguntas que teng\u00e1is. Para ello contaremos con la presencia de Antonio [&hellip;]<\/p>\n","protected":false},"author":3,"featured_media":866,"comment_status":"open","ping_status":"open","sticky":false,"template":"","format":"standard","meta":{"_crdt_document":"","advanced_seo_description":"","jetpack_seo_html_title":"","jetpack_seo_noindex":false,"jetpack_post_was_ever_published":false,"_jetpack_newsletter_access":"","_jetpack_dont_email_post_to_subs":false,"_jetpack_newsletter_tier_id":0,"_jetpack_memberships_contains_paywalled_content":false,"_jetpack_memberships_contains_paid_content":false,"footnotes":"","jetpack_publicize_message":"","jetpack_publicize_feature_enabled":true,"jetpack_social_post_already_shared":true,"jetpack_social_options":{"image_generator_settings":{"template":"highway","default_image_id":0,"font":"","enabled":false},"version":2}},"categories":[3,5],"tags":[102],"class_list":{"0":"post-1440","1":"post","2":"type-post","3":"status-publish","4":"format-standard","5":"has-post-thumbnail","7":"category-formaciones","8":"category-noticias","9":"tag-secretaria","10":"czr-hentry"},"jetpack_publicize_connections":[],"jetpack_featured_media_url":"https:\/\/i0.wp.com\/cepronda.com\/blog\/wp-content\/uploads\/2017\/05\/team-2044760_640.jpg?fit=640%2C479&ssl=1","jetpack_shortlink":"https:\/\/wp.me\/p8M4X7-ne","jetpack-related-posts":[{"id":1472,"url":"https:\/\/cepronda.com\/blog\/curso-para-secretarias-de-los-centros\/","url_meta":{"origin":1440,"position":0},"title":"Curso para Secretar\u00edas de los centros","author":"V\u00edctor Caballero","date":"11 diciembre, 2017","format":false,"excerpt":"\u00a1Hola familia! \u00bfQu\u00e9 tal estos d\u00edas de descanso? Escribimos esta entrada para comentaros que acabamos de abrir el plazo de inscripci\u00f3n para el curso \"FORMACI\u00d3N PARA LAS SECRETAR\u00cdAS DE LOS CENTROS: GESTI\u00d3N DE INVENTARIO\" dirigido a las personas responsables de las secretar\u00edas en los centros y al resto de los\u2026","rel":"","context":"En \u00abFormaciones\u00bb","block_context":{"text":"Formaciones","link":"https:\/\/cepronda.com\/blog\/category\/formaciones\/"},"img":{"alt_text":"","src":"https:\/\/i0.wp.com\/cepronda.com\/blog\/wp-content\/uploads\/2017\/12\/bag-1245954_640.jpg?resize=350%2C200","width":350,"height":200,"srcset":"https:\/\/i0.wp.com\/cepronda.com\/blog\/wp-content\/uploads\/2017\/12\/bag-1245954_640.jpg?resize=350%2C200 1x, https:\/\/i0.wp.com\/cepronda.com\/blog\/wp-content\/uploads\/2017\/12\/bag-1245954_640.jpg?resize=525%2C300 1.5x"},"classes":[]},{"id":8863,"url":"https:\/\/cepronda.com\/blog\/gestion-economica-para-secretarias-4\/","url_meta":{"origin":1440,"position":1},"title":"GESTI\u00d3N ECON\u00d3MICA PARA SECRETAR\u00cdAS","author":"Mamen Moreno","date":"26 septiembre, 2025","format":false,"excerpt":"Abierta la inscripci\u00f3n de los cursos del Itinerario Formativo para Secretar\u00edas de Centros P\u00fablicos: \u00a01\u00ba Curso Semipresencial: 4 sesiones por videoconferencia Gesti\u00f3n econ\u00f3mica para secretar\u00edas n\u00f3veles . C\u00f3digo: 269926KPF011 \u00a0Dirigido a: secretar\u00edas en su primer a\u00f1o \u00a0Comienzo: 7 de octubre \u00a0Inscripci\u00f3n del 25\/09 al 05\/10:\u00a0https:\/\/www.juntadeandalucia.es\/educacion\/secretariavirtual\/consultaCEP\/actividad\/269926KPF011\/ \u00a02\u00ba Curso Online: Aula Virtual\u2026","rel":"","context":"En \u00abFormaciones\u00bb","block_context":{"text":"Formaciones","link":"https:\/\/cepronda.com\/blog\/category\/formaciones\/"},"img":{"alt_text":"","src":"https:\/\/i0.wp.com\/cepronda.com\/blog\/wp-content\/uploads\/2025\/09\/SECRETARIAS-NOVELES-2023_24.png?fit=848%2C1200&ssl=1&resize=350%2C200","width":350,"height":200,"srcset":"https:\/\/i0.wp.com\/cepronda.com\/blog\/wp-content\/uploads\/2025\/09\/SECRETARIAS-NOVELES-2023_24.png?fit=848%2C1200&ssl=1&resize=350%2C200 1x, https:\/\/i0.wp.com\/cepronda.com\/blog\/wp-content\/uploads\/2025\/09\/SECRETARIAS-NOVELES-2023_24.png?fit=848%2C1200&ssl=1&resize=525%2C300 1.5x, https:\/\/i0.wp.com\/cepronda.com\/blog\/wp-content\/uploads\/2025\/09\/SECRETARIAS-NOVELES-2023_24.png?fit=848%2C1200&ssl=1&resize=700%2C400 2x"},"classes":[]},{"id":3385,"url":"https:\/\/cepronda.com\/blog\/formacion-permanente-gestion-de-los-recursos-del-centro\/","url_meta":{"origin":1440,"position":2},"title":"FORMACI\u00d3N PERMANENTE: GESTI\u00d3N DE LOS RECURSOS DEL CENTRO","author":"V\u00edctor Caballero","date":"3 febrero, 2020","format":false,"excerpt":"Muy buenas a la familia de secretarios y secretarias de los centros, as\u00ed como a las direcciones, Os comunicamos que se abre el plazo de inscripci\u00f3n para la actividad FORMACI\u00d3N PERMANENTE: GESTI\u00d3N DE LOS RECURSOS DEL CENTRO . Para inscribiros y ver los detalles de la actividad s\u00f3lo ten\u00e9is que\u2026","rel":"","context":"En \u00abFormaciones\u00bb","block_context":{"text":"Formaciones","link":"https:\/\/cepronda.com\/blog\/category\/formaciones\/"},"img":{"alt_text":"","src":"https:\/\/i0.wp.com\/cepronda.com\/blog\/wp-content\/uploads\/2020\/02\/bag-1245954_1920.jpg?fit=1200%2C802&ssl=1&resize=350%2C200","width":350,"height":200,"srcset":"https:\/\/i0.wp.com\/cepronda.com\/blog\/wp-content\/uploads\/2020\/02\/bag-1245954_1920.jpg?fit=1200%2C802&ssl=1&resize=350%2C200 1x, https:\/\/i0.wp.com\/cepronda.com\/blog\/wp-content\/uploads\/2020\/02\/bag-1245954_1920.jpg?fit=1200%2C802&ssl=1&resize=525%2C300 1.5x, https:\/\/i0.wp.com\/cepronda.com\/blog\/wp-content\/uploads\/2020\/02\/bag-1245954_1920.jpg?fit=1200%2C802&ssl=1&resize=700%2C400 2x, https:\/\/i0.wp.com\/cepronda.com\/blog\/wp-content\/uploads\/2020\/02\/bag-1245954_1920.jpg?fit=1200%2C802&ssl=1&resize=1050%2C600 3x"},"classes":[]},{"id":2332,"url":"https:\/\/cepronda.com\/blog\/seneca-gestion-economica-de-los-centros-publicos\/","url_meta":{"origin":1440,"position":3},"title":"S\u00e9neca: gesti\u00f3n econ\u00f3mica de los centros p\u00fablicos","author":"V\u00edctor Caballero","date":"25 septiembre, 2018","format":false,"excerpt":"Hola familia,\u00a0 Compartimos con las secretar\u00edas de los centros esta actividad que creemos que os puede resultar de gran inter\u00e9s, donde se har\u00e1 un recorrido por el m\u00f3dulo de gesti\u00f3n econ\u00f3mica de S\u00e9neca, con los siguientes contenidos:\u00a0 calendario de gesti\u00f3n econ\u00f3mica;\u00a0 cuestiones problem\u00e1ticas y novedades; procedimientos habituales de gesti\u00f3n; ingresos\u2026","rel":"","context":"En \u00abFormaciones\u00bb","block_context":{"text":"Formaciones","link":"https:\/\/cepronda.com\/blog\/category\/formaciones\/"},"img":{"alt_text":"","src":"https:\/\/i0.wp.com\/cepronda.com\/blog\/wp-content\/uploads\/2017\/05\/gear-1444094_640.jpg?fit=640%2C452&ssl=1&resize=350%2C200","width":350,"height":200,"srcset":"https:\/\/i0.wp.com\/cepronda.com\/blog\/wp-content\/uploads\/2017\/05\/gear-1444094_640.jpg?fit=640%2C452&ssl=1&resize=350%2C200 1x, https:\/\/i0.wp.com\/cepronda.com\/blog\/wp-content\/uploads\/2017\/05\/gear-1444094_640.jpg?fit=640%2C452&ssl=1&resize=525%2C300 1.5x"},"classes":[]},{"id":8937,"url":"https:\/\/cepronda.com\/blog\/gestion-economica-para-secretarias-5\/","url_meta":{"origin":1440,"position":4},"title":"GESTI\u00d3N ECON\u00d3MICA PARA SECRETAR\u00cdAS","author":"Mamen Moreno","date":"17 octubre, 2025","format":false,"excerpt":"Abierta la inscripci\u00f3n para el 2\u00ba curso del Itinerario Formativo para Secretar\u00edas de Centros P\u00fablicos: Gesti\u00f3n econ\u00f3mica para secretar\u00edas. C\u00f3digo: 269924KPF230 Dirigido a: secretar\u00edas en activo de los centros educativos p\u00fablicos de la provincia de M\u00e1laga. Comienzo: 5 de noviembre Inscripci\u00f3n del 17\/10 al 31\/10 M\u00e1s informaci\u00f3n: https:\/\/www.juntadeandalucia.es\/educacion\/secretariavirtual\/consultaCEP\/actividad\/269924KPF230\/","rel":"","context":"En \u00abFormaciones\u00bb","block_context":{"text":"Formaciones","link":"https:\/\/cepronda.com\/blog\/category\/formaciones\/"},"img":{"alt_text":"","src":"https:\/\/i0.wp.com\/cepronda.com\/blog\/wp-content\/uploads\/2025\/09\/SECRETARIAS-NOVELES-2023_24.png?fit=848%2C1200&ssl=1&resize=350%2C200","width":350,"height":200,"srcset":"https:\/\/i0.wp.com\/cepronda.com\/blog\/wp-content\/uploads\/2025\/09\/SECRETARIAS-NOVELES-2023_24.png?fit=848%2C1200&ssl=1&resize=350%2C200 1x, https:\/\/i0.wp.com\/cepronda.com\/blog\/wp-content\/uploads\/2025\/09\/SECRETARIAS-NOVELES-2023_24.png?fit=848%2C1200&ssl=1&resize=525%2C300 1.5x, https:\/\/i0.wp.com\/cepronda.com\/blog\/wp-content\/uploads\/2025\/09\/SECRETARIAS-NOVELES-2023_24.png?fit=848%2C1200&ssl=1&resize=700%2C400 2x"},"classes":[]},{"id":8805,"url":"https:\/\/cepronda.com\/blog\/gestion-economica-para-secretarias-noveles-horario-de-manana\/","url_meta":{"origin":1440,"position":5},"title":"GESTI\u00d3N ECON\u00d3MICA PARA SECRETAR\u00cdAS NOVELES HORARIO DE MA\u00d1ANA","author":"Mamen Moreno","date":"18 septiembre, 2025","format":false,"excerpt":"Abierta la inscripci\u00f3n del curso a distancia regional organizado por el CEP de El Ejido; dirigido a: Secretar\u00edas noveles en centros educativos p\u00fablicos en el presente curso 2025\/2026 que imparten docencia en horario de tarde. GESTI\u00d3N ECON\u00d3MICA PARA SECRETAR\u00cdAS NOVELES. C\u00f3digo: 269902KPF001 Dirigido a: Secretar\u00edas noveles en centros educativos p\u00fablicos\u2026","rel":"","context":"En \u00abFormaciones\u00bb","block_context":{"text":"Formaciones","link":"https:\/\/cepronda.com\/blog\/category\/formaciones\/"},"img":{"alt_text":"","src":"https:\/\/i0.wp.com\/cepronda.com\/blog\/wp-content\/uploads\/2025\/09\/269902KPF001.jpeg?fit=1080%2C1080&ssl=1&resize=350%2C200","width":350,"height":200,"srcset":"https:\/\/i0.wp.com\/cepronda.com\/blog\/wp-content\/uploads\/2025\/09\/269902KPF001.jpeg?fit=1080%2C1080&ssl=1&resize=350%2C200 1x, https:\/\/i0.wp.com\/cepronda.com\/blog\/wp-content\/uploads\/2025\/09\/269902KPF001.jpeg?fit=1080%2C1080&ssl=1&resize=525%2C300 1.5x, https:\/\/i0.wp.com\/cepronda.com\/blog\/wp-content\/uploads\/2025\/09\/269902KPF001.jpeg?fit=1080%2C1080&ssl=1&resize=700%2C400 2x, https:\/\/i0.wp.com\/cepronda.com\/blog\/wp-content\/uploads\/2025\/09\/269902KPF001.jpeg?fit=1080%2C1080&ssl=1&resize=1050%2C600 3x"},"classes":[]}],"jetpack_sharing_enabled":true,"_links":{"self":[{"href":"https:\/\/cepronda.com\/blog\/wp-json\/wp\/v2\/posts\/1440","targetHints":{"allow":["GET"]}}],"collection":[{"href":"https:\/\/cepronda.com\/blog\/wp-json\/wp\/v2\/posts"}],"about":[{"href":"https:\/\/cepronda.com\/blog\/wp-json\/wp\/v2\/types\/post"}],"author":[{"embeddable":true,"href":"https:\/\/cepronda.com\/blog\/wp-json\/wp\/v2\/users\/3"}],"replies":[{"embeddable":true,"href":"https:\/\/cepronda.com\/blog\/wp-json\/wp\/v2\/comments?post=1440"}],"version-history":[{"count":1,"href":"https:\/\/cepronda.com\/blog\/wp-json\/wp\/v2\/posts\/1440\/revisions"}],"predecessor-version":[{"id":1441,"href":"https:\/\/cepronda.com\/blog\/wp-json\/wp\/v2\/posts\/1440\/revisions\/1441"}],"wp:featuredmedia":[{"embeddable":true,"href":"https:\/\/cepronda.com\/blog\/wp-json\/wp\/v2\/media\/866"}],"wp:attachment":[{"href":"https:\/\/cepronda.com\/blog\/wp-json\/wp\/v2\/media?parent=1440"}],"wp:term":[{"taxonomy":"category","embeddable":true,"href":"https:\/\/cepronda.com\/blog\/wp-json\/wp\/v2\/categories?post=1440"},{"taxonomy":"post_tag","embeddable":true,"href":"https:\/\/cepronda.com\/blog\/wp-json\/wp\/v2\/tags?post=1440"}],"curies":[{"name":"wp","href":"https:\/\/api.w.org\/{rel}","templated":true}]}}