{"id":1438,"date":"2017-11-20T10:36:16","date_gmt":"2017-11-20T09:36:16","guid":{"rendered":"http:\/\/cepronda.com\/blog\/?p=1438"},"modified":"2017-11-20T10:36:16","modified_gmt":"2017-11-20T09:36:16","slug":"publicada-orden-para-desarrollo-del-procedimiento-de-seleccion-y-nombramiento-de-direcciones","status":"publish","type":"post","link":"https:\/\/cepronda.com\/blog\/publicada-orden-para-desarrollo-del-procedimiento-de-seleccion-y-nombramiento-de-direcciones\/","title":{"rendered":"Publicada Orden para desarrollo del procedimiento de selecci\u00f3n y nombramiento de Direcciones"},"content":{"rendered":"<p>\u00a1Hola de nuevo!<\/p>\n<p>Os comunicamos a todas las personas interesadas que se ha publicado la&nbsp;Orden de 10 de noviembre de 2017, por la que se desarrolla el procedimiento para la selecci\u00f3n y el nombramiento de los directores y las directoras de los centros docentes p\u00fablicos no universitarios de los que es titular la Junta de Andaluc\u00eda.<\/p>\n<p>Si hac\u00e9is <a href=\"http:\/\/www.juntadeandalucia.es\/boja\/2017\/222\/BOJA17-222-00019-20007-01_00124994.pdf\" target=\"_blank\" rel=\"noopener\">clic en este enlace<\/a> pod\u00e9is acceder a toda la informaci\u00f3n y conocer todo el proceso. Un saludo<\/p>\n<p><a href=\"http:\/\/www.juntadeandalucia.es\/boja\/2017\/222\/BOJA17-222-00019-20007-01_00124994.pdf\" target=\"_blank\" rel=\"noopener\"><img data-recalc-dims=\"1\" loading=\"lazy\" decoding=\"async\" class=\"aligncenter wp-image-848 size-medium\" src=\"https:\/\/i0.wp.com\/cepronda.com\/blog\/wp-content\/uploads\/2017\/05\/logo_ja_ce_mejor-300x246.jpg?resize=300%2C246\" alt=\"\" width=\"300\" height=\"246\" srcset=\"https:\/\/i0.wp.com\/cepronda.com\/blog\/wp-content\/uploads\/2017\/05\/logo_ja_ce_mejor.jpg?resize=300%2C246&amp;ssl=1 300w, https:\/\/i0.wp.com\/cepronda.com\/blog\/wp-content\/uploads\/2017\/05\/logo_ja_ce_mejor.jpg?w=732&amp;ssl=1 732w\" sizes=\"auto, (max-width: 300px) 100vw, 300px\" \/><\/a><\/p>\n","protected":false},"excerpt":{"rendered":"<p>\u00a1Hola de nuevo! Os comunicamos a todas las personas interesadas que se ha publicado la&nbsp;Orden de 10 de noviembre de 2017, por la que se desarrolla el procedimiento para la selecci\u00f3n y el nombramiento de los directores y las directoras de los centros docentes p\u00fablicos no universitarios de los que es titular la Junta de [&hellip;]<\/p>\n","protected":false},"author":3,"featured_media":1044,"comment_status":"open","ping_status":"open","sticky":false,"template":"","format":"standard","meta":{"_crdt_document":"","advanced_seo_description":"","jetpack_seo_html_title":"","jetpack_seo_noindex":false,"jetpack_post_was_ever_published":false,"_jetpack_newsletter_access":"","_jetpack_dont_email_post_to_subs":false,"_jetpack_newsletter_tier_id":0,"_jetpack_memberships_contains_paywalled_content":false,"_jetpack_memberships_contains_paid_content":false,"footnotes":"","jetpack_publicize_message":"Publicada Orden para desarrollo del procedimiento de selecci\u00f3n y nombramiento de Direcciones","jetpack_publicize_feature_enabled":true,"jetpack_social_post_already_shared":true,"jetpack_social_options":{"image_generator_settings":{"template":"highway","default_image_id":0,"font":"","enabled":false},"version":2}},"categories":[5],"tags":[54],"class_list":{"0":"post-1438","1":"post","2":"type-post","3":"status-publish","4":"format-standard","5":"has-post-thumbnail","7":"category-noticias","8":"tag-normativa","9":"czr-hentry"},"jetpack_publicize_connections":[],"jetpack_featured_media_url":"https:\/\/i0.wp.com\/cepronda.com\/blog\/wp-content\/uploads\/2017\/03\/workshop-1746275_640.jpg?fit=640%2C414&ssl=1","jetpack_shortlink":"https:\/\/wp.me\/p8M4X7-nc","jetpack-related-posts":[{"id":1486,"url":"https:\/\/cepronda.com\/blog\/jornadas-informativas-sobre-el-procedimiento-para-la-seleccion-de-directores-y-directoras-de-los-centros-docentes-publicos\/","url_meta":{"origin":1438,"position":0},"title":"JORNADAS INFORMATIVAS SOBRE EL PROCEDIMIENTO PARA LA SELECCI\u00d3N DE DIRECTORES Y DIRECTORAS DE LOS CENTROS DOCENTES P\u00daBLICOS","author":"V\u00edctor Caballero","date":"15 diciembre, 2017","format":false,"excerpt":"\u00a1Muy buenas familia! Como sab\u00e9is en muchos centros de nuestra zona se ha abierto el proceso selectivo para la elecci\u00f3n de directoras y directores. Sabemos que hay muchas dudas y preguntas alrededor del proceso y de la elaboraci\u00f3n del proyecto. \u00c9sta es la raz\u00f3n por la que hemos preparado una\u2026","rel":"","context":"En \u00abNoticias\u00bb","block_context":{"text":"Noticias","link":"https:\/\/cepronda.com\/blog\/category\/noticias\/"},"img":{"alt_text":"","src":"https:\/\/i0.wp.com\/cepronda.com\/blog\/wp-content\/uploads\/2017\/12\/idea-1876659_640.jpg?resize=350%2C200","width":350,"height":200,"srcset":"https:\/\/i0.wp.com\/cepronda.com\/blog\/wp-content\/uploads\/2017\/12\/idea-1876659_640.jpg?resize=350%2C200 1x, https:\/\/i0.wp.com\/cepronda.com\/blog\/wp-content\/uploads\/2017\/12\/idea-1876659_640.jpg?resize=525%2C300 1.5x"},"classes":[]},{"id":4030,"url":"https:\/\/cepronda.com\/blog\/convocatoria-para-elaborar-recursos-educativos\/","url_meta":{"origin":1438,"position":1},"title":"Convocatoria para elaborar recursos educativos.","author":"Maribel Mu\u00f1oz","date":"10 diciembre, 2020","format":false,"excerpt":"Buenos d\u00edas compa\u00f1eras y compa\u00f1eros, Os informamos que est\u00e1 publicada la Resoluci\u00f3n de 20 de noviembre de 2020, de la Direcci\u00f3n General de Formaci\u00f3n del Profesorado e Innovaci\u00f3n Educativa, por la que se efect\u00faa convocatoria de selecci\u00f3n y nombramiento de profesorado para la elaboraci\u00f3n de recursos educativos abiertos de ense\u00f1anzas\u2026","rel":"","context":"En \u00abFormaciones\u00bb","block_context":{"text":"Formaciones","link":"https:\/\/cepronda.com\/blog\/category\/formaciones\/"},"img":{"alt_text":"","src":"https:\/\/i0.wp.com\/cepronda.com\/blog\/wp-content\/uploads\/2020\/03\/S%C2%B0mbolo-gen%C3%87rico-RRSS-redondo-negativo.png?fit=1200%2C1200&ssl=1&resize=350%2C200","width":350,"height":200,"srcset":"https:\/\/i0.wp.com\/cepronda.com\/blog\/wp-content\/uploads\/2020\/03\/S%C2%B0mbolo-gen%C3%87rico-RRSS-redondo-negativo.png?fit=1200%2C1200&ssl=1&resize=350%2C200 1x, https:\/\/i0.wp.com\/cepronda.com\/blog\/wp-content\/uploads\/2020\/03\/S%C2%B0mbolo-gen%C3%87rico-RRSS-redondo-negativo.png?fit=1200%2C1200&ssl=1&resize=525%2C300 1.5x, https:\/\/i0.wp.com\/cepronda.com\/blog\/wp-content\/uploads\/2020\/03\/S%C2%B0mbolo-gen%C3%87rico-RRSS-redondo-negativo.png?fit=1200%2C1200&ssl=1&resize=700%2C400 2x, https:\/\/i0.wp.com\/cepronda.com\/blog\/wp-content\/uploads\/2020\/03\/S%C2%B0mbolo-gen%C3%87rico-RRSS-redondo-negativo.png?fit=1200%2C1200&ssl=1&resize=1050%2C600 3x"},"classes":[]},{"id":6072,"url":"https:\/\/cepronda.com\/blog\/resolucion-del-procedimiento-para-la-acreditacion-de-la-cdd\/","url_meta":{"origin":1438,"position":2},"title":"RESOLUCI\u00d3N DEL PROCEDIMIENTO PARA LA ACREDITACI\u00d3N DE LA CDD","author":"Mamen Moreno","date":"25 septiembre, 2023","format":false,"excerpt":"Publicada la Resoluci\u00f3n de 20 de septiembre de la Direcci\u00f3n General de Tecnolog\u00edas Avanzadas y Transformaci\u00f3n Educativa de la Consejer\u00eda de Desarrollo Educativo y Formaci\u00f3n Profesional por la que se convoca el procedimiento para la acreditaci\u00f3n de la competencia digital docente por la v\u00eda de la formaci\u00f3n en la comunidad\u2026","rel":"","context":"En \u00abFormaciones\u00bb","block_context":{"text":"Formaciones","link":"https:\/\/cepronda.com\/blog\/category\/formaciones\/"},"img":{"alt_text":"","src":"https:\/\/i0.wp.com\/cepronda.com\/blog\/wp-content\/uploads\/2023\/09\/PROCEDIMIENTO-PARA-LA-ACREDITACION-DE-LA-COMPENTECIA-DIGITAL-DOCENTE.jpg?fit=1080%2C1080&ssl=1&resize=350%2C200","width":350,"height":200,"srcset":"https:\/\/i0.wp.com\/cepronda.com\/blog\/wp-content\/uploads\/2023\/09\/PROCEDIMIENTO-PARA-LA-ACREDITACION-DE-LA-COMPENTECIA-DIGITAL-DOCENTE.jpg?fit=1080%2C1080&ssl=1&resize=350%2C200 1x, https:\/\/i0.wp.com\/cepronda.com\/blog\/wp-content\/uploads\/2023\/09\/PROCEDIMIENTO-PARA-LA-ACREDITACION-DE-LA-COMPENTECIA-DIGITAL-DOCENTE.jpg?fit=1080%2C1080&ssl=1&resize=525%2C300 1.5x, https:\/\/i0.wp.com\/cepronda.com\/blog\/wp-content\/uploads\/2023\/09\/PROCEDIMIENTO-PARA-LA-ACREDITACION-DE-LA-COMPENTECIA-DIGITAL-DOCENTE.jpg?fit=1080%2C1080&ssl=1&resize=700%2C400 2x, https:\/\/i0.wp.com\/cepronda.com\/blog\/wp-content\/uploads\/2023\/09\/PROCEDIMIENTO-PARA-LA-ACREDITACION-DE-LA-COMPENTECIA-DIGITAL-DOCENTE.jpg?fit=1080%2C1080&ssl=1&resize=1050%2C600 3x"},"classes":[]},{"id":3166,"url":"https:\/\/cepronda.com\/blog\/concurso-de-meritos-para-la-seleccion-de-directores-y-directoras-de-centros-docentes-publicos-no-universitarios\/","url_meta":{"origin":1438,"position":3},"title":"Concurso de m\u00e9ritos para la selecci\u00f3n de directores y directoras de centros docentes p\u00fablicos no universitarios","author":"V\u00edctor Caballero","date":"25 noviembre, 2019","format":false,"excerpt":"Muy buenas familia, Comunicamos a todas las personas interesadas que acaba de salir publicada la resoluci\u00f3n de 19 de noviembre de 2019, por la que se convoca concurso de m\u00e9ritos para la selecci\u00f3n de directores y directoras de centros docentes p\u00fablicos no universitarios de titularidad de la Junta de Andaluc\u00eda.\u2026","rel":"","context":"En \u00abFormaciones\u00bb","block_context":{"text":"Formaciones","link":"https:\/\/cepronda.com\/blog\/category\/formaciones\/"},"img":{"alt_text":"","src":"https:\/\/i0.wp.com\/cepronda.com\/blog\/wp-content\/uploads\/2019\/05\/logo-nuevo.jpg?resize=350%2C200&ssl=1","width":350,"height":200,"srcset":"https:\/\/i0.wp.com\/cepronda.com\/blog\/wp-content\/uploads\/2019\/05\/logo-nuevo.jpg?resize=350%2C200&ssl=1 1x, https:\/\/i0.wp.com\/cepronda.com\/blog\/wp-content\/uploads\/2019\/05\/logo-nuevo.jpg?resize=525%2C300&ssl=1 1.5x"},"classes":[]},{"id":2183,"url":"https:\/\/cepronda.com\/blog\/instrucciones-sobre-la-seleccion-de-libros-de-texto-y-materiales-curriculares-sin-prejuicios-sexistas\/","url_meta":{"origin":1438,"position":4},"title":"Instrucciones sobre la selecci\u00f3n de libros de texto y materiales curriculares sin prejuicios sexistas","author":"V\u00edctor Caballero","date":"19 junio, 2018","format":false,"excerpt":"Muy buenas,\u00a0 Acaba de salir publicadas las instrucciones\u00a0de 14 de junio de 2018, de la Direcci\u00f3n General de Participaci\u00f3n y Equidad y de la Direcci\u00f3n General de Ordenaci\u00f3n Educativa, sobre los criterios para la selecci\u00f3n de los libros de texto y para la elaboraci\u00f3n de materiales curriculares sin prejuicios sexistas\u2026","rel":"","context":"En \u00abFormaciones\u00bb","block_context":{"text":"Formaciones","link":"https:\/\/cepronda.com\/blog\/category\/formaciones\/"},"img":{"alt_text":"","src":"https:\/\/i0.wp.com\/cepronda.com\/blog\/wp-content\/uploads\/2017\/05\/logo_ja_ce_mejor.jpg?fit=732%2C600&ssl=1&resize=350%2C200","width":350,"height":200,"srcset":"https:\/\/i0.wp.com\/cepronda.com\/blog\/wp-content\/uploads\/2017\/05\/logo_ja_ce_mejor.jpg?fit=732%2C600&ssl=1&resize=350%2C200 1x, https:\/\/i0.wp.com\/cepronda.com\/blog\/wp-content\/uploads\/2017\/05\/logo_ja_ce_mejor.jpg?fit=732%2C600&ssl=1&resize=525%2C300 1.5x, https:\/\/i0.wp.com\/cepronda.com\/blog\/wp-content\/uploads\/2017\/05\/logo_ja_ce_mejor.jpg?fit=732%2C600&ssl=1&resize=700%2C400 2x"},"classes":[]},{"id":3065,"url":"https:\/\/cepronda.com\/blog\/curso-de-actualizacion-de-competencias-directivas-sobre-el-desarrollo-de-la-funcion-directiva-3\/","url_meta":{"origin":1438,"position":5},"title":"Curso de actualizaci\u00f3n de competencias directivas sobre el desarrollo de la funci\u00f3n directiva","author":"V\u00edctor Caballero","date":"30 septiembre, 2019","format":false,"excerpt":"Muy buenas de nuevo, Sabemos que algunos y algunos de vosotros est\u00e1is esperando este curso sobre actualizaci\u00f3n de las competencias directivas. Podr\u00e1 participar en la presente convocatoria el personal funcionario docente del \u00e1mbito de gesti\u00f3n de la Consejer\u00eda de Educaci\u00f3n y Deporte que imparta las ense\u00f1anzas que regula la Ley\u2026","rel":"","context":"En \u00abFormaciones\u00bb","block_context":{"text":"Formaciones","link":"https:\/\/cepronda.com\/blog\/category\/formaciones\/"},"img":{"alt_text":"","src":"https:\/\/i0.wp.com\/cepronda.com\/blog\/wp-content\/uploads\/2019\/05\/logo-nuevo.jpg?fit=531%2C342&ssl=1&resize=350%2C200","width":350,"height":200,"srcset":"https:\/\/i0.wp.com\/cepronda.com\/blog\/wp-content\/uploads\/2019\/05\/logo-nuevo.jpg?fit=531%2C342&ssl=1&resize=350%2C200 1x, https:\/\/i0.wp.com\/cepronda.com\/blog\/wp-content\/uploads\/2019\/05\/logo-nuevo.jpg?fit=531%2C342&ssl=1&resize=525%2C300 1.5x"},"classes":[]}],"jetpack_sharing_enabled":true,"_links":{"self":[{"href":"https:\/\/cepronda.com\/blog\/wp-json\/wp\/v2\/posts\/1438","targetHints":{"allow":["GET"]}}],"collection":[{"href":"https:\/\/cepronda.com\/blog\/wp-json\/wp\/v2\/posts"}],"about":[{"href":"https:\/\/cepronda.com\/blog\/wp-json\/wp\/v2\/types\/post"}],"author":[{"embeddable":true,"href":"https:\/\/cepronda.com\/blog\/wp-json\/wp\/v2\/users\/3"}],"replies":[{"embeddable":true,"href":"https:\/\/cepronda.com\/blog\/wp-json\/wp\/v2\/comments?post=1438"}],"version-history":[{"count":1,"href":"https:\/\/cepronda.com\/blog\/wp-json\/wp\/v2\/posts\/1438\/revisions"}],"predecessor-version":[{"id":1439,"href":"https:\/\/cepronda.com\/blog\/wp-json\/wp\/v2\/posts\/1438\/revisions\/1439"}],"wp:featuredmedia":[{"embeddable":true,"href":"https:\/\/cepronda.com\/blog\/wp-json\/wp\/v2\/media\/1044"}],"wp:attachment":[{"href":"https:\/\/cepronda.com\/blog\/wp-json\/wp\/v2\/media?parent=1438"}],"wp:term":[{"taxonomy":"category","embeddable":true,"href":"https:\/\/cepronda.com\/blog\/wp-json\/wp\/v2\/categories?post=1438"},{"taxonomy":"post_tag","embeddable":true,"href":"https:\/\/cepronda.com\/blog\/wp-json\/wp\/v2\/tags?post=1438"}],"curies":[{"name":"wp","href":"https:\/\/api.w.org\/{rel}","templated":true}]}}