{"id":1435,"date":"2017-11-20T10:02:13","date_gmt":"2017-11-20T09:02:13","guid":{"rendered":"http:\/\/cepronda.com\/blog\/?p=1435"},"modified":"2017-11-20T10:02:13","modified_gmt":"2017-11-20T09:02:13","slug":"quieres-aprender-a-disenar-tus-propias-app-para-dispositivos-moviles","status":"publish","type":"post","link":"https:\/\/cepronda.com\/blog\/quieres-aprender-a-disenar-tus-propias-app-para-dispositivos-moviles\/","title":{"rendered":"\u00bfQuieres aprender a dise\u00f1ar tus propias App para dispositivos m\u00f3viles?"},"content":{"rendered":"<p>\u00bfY adem\u00e1s de aprender a dise\u00f1arlas conocer c\u00f3mo podemos usarlas en nuestras clases y que nuestro propio alumnado las dise\u00f1e y use?&nbsp;<\/p>\n<p>Pues en enero tienes la posibilidad de hacerlo, y es que a la vuelta de las vacaciones de Navidad pondremos en marcha nuestro curso \u00abHaciendo nuestras aplicaciones m\u00f3viles con AppInventor\u00bb. Este curso forma parte de nuestro <a href=\"http:\/\/cepronda.com\/blog\/?p=1267\" target=\"_blank\" rel=\"noopener\">itinerario formativo<\/a> puesto en marcha este curso. El desarrollo del Pensamiento Computacional en estudiantes de primaria y secundaria permite al alumnado el aprendizaje de distintas materias haciendo uso de herramientas digitales como veh\u00edculo conductor. El an\u00e1lisis de un problema, su descomposici\u00f3n en partes, la puesta en marcha del razonamiento l\u00f3gico y la algoritmia son junto con el desarrollo creativo los fundamentos de MIT App Inventor. En este curso, aprender\u00e1s a crear aplicaciones inform\u00e1ticas m\u00f3viles siguiendo una metodolog\u00eda de aula que motivar\u00e1 al alumnado y conseguir\u00e1 que \u00e9stos aprendan mientras crean productos digitales.&nbsp;<\/p>\n<p>Para conocer los detalles de la actividad e inscribirte en la misma, s\u00f3lo tienes que <a href=\"https:\/\/www.juntadeandalucia.es\/educacion\/secretariavirtual\/consultaCEP\/actividad\/182924GE005\/\" target=\"_blank\" rel=\"noopener\">seguir este enlace<\/a>.&nbsp;<\/p>\n<p><a href=\"https:\/\/www.juntadeandalucia.es\/educacion\/secretariavirtual\/consultaCEP\/actividad\/182924GE005\/\" target=\"_blank\" rel=\"noopener\"><img data-recalc-dims=\"1\" loading=\"lazy\" decoding=\"async\" class=\"aligncenter wp-image-1436 size-medium\" src=\"https:\/\/i0.wp.com\/cepronda.com\/blog\/wp-content\/uploads\/2017\/11\/MIT_App_Inventor_logo-300x300.png?resize=300%2C300\" alt=\"\" width=\"300\" height=\"300\" srcset=\"https:\/\/i0.wp.com\/cepronda.com\/blog\/wp-content\/uploads\/2017\/11\/MIT_App_Inventor_logo.png?resize=300%2C300&amp;ssl=1 300w, https:\/\/i0.wp.com\/cepronda.com\/blog\/wp-content\/uploads\/2017\/11\/MIT_App_Inventor_logo.png?resize=150%2C150&amp;ssl=1 150w, https:\/\/i0.wp.com\/cepronda.com\/blog\/wp-content\/uploads\/2017\/11\/MIT_App_Inventor_logo.png?w=768&amp;ssl=1 768w, https:\/\/i0.wp.com\/cepronda.com\/blog\/wp-content\/uploads\/2017\/11\/MIT_App_Inventor_logo.png?resize=50%2C50&amp;ssl=1 50w\" sizes=\"auto, (max-width: 300px) 100vw, 300px\" \/><\/a><\/p>\n","protected":false},"excerpt":{"rendered":"<p>\u00bfY adem\u00e1s de aprender a dise\u00f1arlas conocer c\u00f3mo podemos usarlas en nuestras clases y que nuestro propio alumnado las dise\u00f1e y use?&nbsp; Pues en enero tienes la posibilidad de hacerlo, y es que a la vuelta de las vacaciones de Navidad pondremos en marcha nuestro curso \u00abHaciendo nuestras aplicaciones m\u00f3viles con AppInventor\u00bb. Este curso forma [&hellip;]<\/p>\n","protected":false},"author":3,"featured_media":1436,"comment_status":"open","ping_status":"open","sticky":false,"template":"","format":"standard","meta":{"_crdt_document":"","advanced_seo_description":"","jetpack_seo_html_title":"","jetpack_seo_noindex":false,"jetpack_post_was_ever_published":false,"_jetpack_newsletter_access":"","_jetpack_dont_email_post_to_subs":false,"_jetpack_newsletter_tier_id":0,"_jetpack_memberships_contains_paywalled_content":false,"_jetpack_memberships_contains_paid_content":false,"footnotes":"","jetpack_publicize_message":"\u00bfQuieres aprender a dise\u00f1ar tus propias App para dispositivos m\u00f3viles?","jetpack_publicize_feature_enabled":true,"jetpack_social_post_already_shared":true,"jetpack_social_options":{"image_generator_settings":{"template":"highway","default_image_id":0,"font":"","enabled":false},"version":2}},"categories":[3],"tags":[36],"class_list":{"0":"post-1435","1":"post","2":"type-post","3":"status-publish","4":"format-standard","5":"has-post-thumbnail","7":"category-formaciones","8":"tag-herramientas-tic","9":"czr-hentry"},"jetpack_publicize_connections":[],"jetpack_featured_media_url":"https:\/\/i0.wp.com\/cepronda.com\/blog\/wp-content\/uploads\/2017\/11\/MIT_App_Inventor_logo.png?fit=768%2C768&ssl=1","jetpack_shortlink":"https:\/\/wp.me\/p8M4X7-n9","jetpack-related-posts":[{"id":1267,"url":"https:\/\/cepronda.com\/blog\/itinerario-formativo\/","url_meta":{"origin":1435,"position":0},"title":"Itinerario formativo","author":"V\u00edctor Caballero","date":"18 septiembre, 2017","format":false,"excerpt":"\u00a1Muy buenas! Una de nuestras apuestas este curso es trabajar con el profesorado de nuestra comarca la programaci\u00f3n, la rob\u00f3tica y la impresi\u00f3n 3D; de modo que podamos dar a conocer a nuestro alumnado todas las posibilidades que nos ofrecen las nuevas tecnolog\u00edas. Queremos este curso dar unas primeras pinceladas\u2026","rel":"","context":"En \u00abNoticias\u00bb","block_context":{"text":"Noticias","link":"https:\/\/cepronda.com\/blog\/category\/noticias\/"},"img":{"alt_text":"","src":"https:\/\/i0.wp.com\/cepronda.com\/blog\/wp-content\/uploads\/2017\/09\/cartel-itinerario-formativo.jpg?fit=848%2C1200&ssl=1&resize=350%2C200","width":350,"height":200,"srcset":"https:\/\/i0.wp.com\/cepronda.com\/blog\/wp-content\/uploads\/2017\/09\/cartel-itinerario-formativo.jpg?fit=848%2C1200&ssl=1&resize=350%2C200 1x, https:\/\/i0.wp.com\/cepronda.com\/blog\/wp-content\/uploads\/2017\/09\/cartel-itinerario-formativo.jpg?fit=848%2C1200&ssl=1&resize=525%2C300 1.5x, https:\/\/i0.wp.com\/cepronda.com\/blog\/wp-content\/uploads\/2017\/09\/cartel-itinerario-formativo.jpg?fit=848%2C1200&ssl=1&resize=700%2C400 2x"},"classes":[]},{"id":596,"url":"https:\/\/cepronda.com\/blog\/curso-el-cuaderno-del-profesor-i-seneca\/","url_meta":{"origin":1435,"position":1},"title":"Curso \u00abEl cuaderno del profesor: I-Seneca\u00bb","author":"V\u00edctor Caballero","date":"10 enero, 2017","format":false,"excerpt":"\u00a1Hola de nuevo! Seguimos con nuestra propuesta de cursos. En este caso queremos ayudaros a conocer y manejar la herramienta que SENECA pone a nuestra disposici\u00f3n para poder hacer un seguimiento real, diario, r\u00e1pido y c\u00f3modo de nuestro alumnado a trav\u00e9s de nuestros dispositivos m\u00f3viles. Se trata de tener nuestro\u2026","rel":"","context":"En \u00abFormaciones\u00bb","block_context":{"text":"Formaciones","link":"https:\/\/cepronda.com\/blog\/category\/formaciones\/"},"img":{"alt_text":"","src":"https:\/\/i0.wp.com\/cepronda.com\/blog\/wp-content\/uploads\/2017\/01\/CvIM0y6WcAA7hen.jpg?resize=350%2C200","width":350,"height":200,"srcset":"https:\/\/i0.wp.com\/cepronda.com\/blog\/wp-content\/uploads\/2017\/01\/CvIM0y6WcAA7hen.jpg?resize=350%2C200 1x, https:\/\/i0.wp.com\/cepronda.com\/blog\/wp-content\/uploads\/2017\/01\/CvIM0y6WcAA7hen.jpg?resize=525%2C300 1.5x"},"classes":[]},{"id":1609,"url":"https:\/\/cepronda.com\/blog\/nuevo-curso-creatividad-y-diseno-con-la-impresora-3d\/","url_meta":{"origin":1435,"position":2},"title":"Nuevo curso \u00abCreatividad y dise\u00f1o con la impresora 3D\u00bb","author":"V\u00edctor Caballero","date":"15 febrero, 2018","format":false,"excerpt":"Muy buenas,\u00a0 Abrimos hoy el plazo de inscripci\u00f3n para el \u00faltimo de nuestros cursos planteados dentro del itinerario de programaci\u00f3n, rob\u00f3tica e impresi\u00f3n 3D este a\u00f1o escolar.\u00a0 En este caso se trata del curso dirigido a la impresora 3D, y c\u00f3mo trabajar con nuestro alumnado la creatividad a trav\u00e9s del\u2026","rel":"","context":"En \u00abFormaciones\u00bb","block_context":{"text":"Formaciones","link":"https:\/\/cepronda.com\/blog\/category\/formaciones\/"},"img":{"alt_text":"","src":"https:\/\/i0.wp.com\/cepronda.com\/blog\/wp-content\/uploads\/2018\/02\/korablik-2681190_640.jpg?fit=640%2C426&ssl=1&resize=350%2C200","width":350,"height":200,"srcset":"https:\/\/i0.wp.com\/cepronda.com\/blog\/wp-content\/uploads\/2018\/02\/korablik-2681190_640.jpg?fit=640%2C426&ssl=1&resize=350%2C200 1x, https:\/\/i0.wp.com\/cepronda.com\/blog\/wp-content\/uploads\/2018\/02\/korablik-2681190_640.jpg?fit=640%2C426&ssl=1&resize=525%2C300 1.5x"},"classes":[]},{"id":485,"url":"https:\/\/cepronda.com\/blog\/curso-trabajar-en-el-aula-con-alumnado-de-altas-capacidades\/","url_meta":{"origin":1435,"position":3},"title":"Curso \u00abTrabajar en el aula con alumnado de altas capacidades\u00bb","author":"V\u00edctor Caballero","date":"13 diciembre, 2016","format":false,"excerpt":"\u00a1Y seguimos en marcha! \u00a1No nos paran! Ahora continuamos con otro curso dirigido a aquellos docentes que est\u00e9n interesados en la atenci\u00f3n al alumnado con altas capacidades intelectuales, con el objetivo principal de adquirir los mecanismos y medios adecuados para dar una \u00f3ptima respuesta a las necesidades educativas de este\u2026","rel":"","context":"En \u00abFormaciones\u00bb","block_context":{"text":"Formaciones","link":"https:\/\/cepronda.com\/blog\/category\/formaciones\/"},"img":{"alt_text":"sunset-485016_640","src":"https:\/\/i0.wp.com\/cepronda.com\/blog\/wp-content\/uploads\/2016\/12\/sunset-485016_640.png?resize=350%2C200","width":350,"height":200,"srcset":"https:\/\/i0.wp.com\/cepronda.com\/blog\/wp-content\/uploads\/2016\/12\/sunset-485016_640.png?resize=350%2C200 1x, https:\/\/i0.wp.com\/cepronda.com\/blog\/wp-content\/uploads\/2016\/12\/sunset-485016_640.png?resize=525%2C300 1.5x"},"classes":[]},{"id":440,"url":"https:\/\/cepronda.com\/blog\/formacion-en-competencia-matematica\/","url_meta":{"origin":1435,"position":4},"title":"Formaci\u00f3n en competencia matem\u00e1tica","author":"V\u00edctor Caballero","date":"12 diciembre, 2016","format":false,"excerpt":"Hola de nuevo, En esta ocasi\u00f3n quiero comentaros que a la vuelta de las merecid\u00edsimas vacaciones de Navidad, ya con las pilas recargadas, pondremos en marcha un curso formativo en competencia matem\u00e1tica para Infantil y Primaria. Este curso est\u00e1 dirigido preferentemente al profesorado del CEIP Vicente Espinel, pero existen plazas\u2026","rel":"","context":"En \u00abFormaciones\u00bb","block_context":{"text":"Formaciones","link":"https:\/\/cepronda.com\/blog\/category\/formaciones\/"},"img":{"alt_text":"board-1103721_640","src":"https:\/\/i0.wp.com\/cepronda.com\/blog\/wp-content\/uploads\/2016\/12\/board-1103721_640.jpg?resize=350%2C200","width":350,"height":200,"srcset":"https:\/\/i0.wp.com\/cepronda.com\/blog\/wp-content\/uploads\/2016\/12\/board-1103721_640.jpg?resize=350%2C200 1x, https:\/\/i0.wp.com\/cepronda.com\/blog\/wp-content\/uploads\/2016\/12\/board-1103721_640.jpg?resize=525%2C300 1.5x"},"classes":[]},{"id":648,"url":"https:\/\/cepronda.com\/blog\/curso-de-cuaderno-de-seneca-para-la-zona-de-cortes-de-la-frontera\/","url_meta":{"origin":1435,"position":5},"title":"Curso de Cuaderno de S\u00e9neca para la zona de Cortes de la Frontera","author":"V\u00edctor Caballero","date":"2 febrero, 2017","format":false,"excerpt":"\u00a1Hola! Desde hace algunos d\u00edas ten\u00e9is a disposici\u00f3n para el profesorado de la zona de Cortes de la Frontera de un curso que est\u00e1 resultando muy interesante para el profesorado. Se trata del curso de Cuaderno S\u00e9neca Pasen donde aprenderemos a configurar y manejar la herramienta que desde la Junta\u2026","rel":"","context":"En \u00abFormaciones\u00bb","block_context":{"text":"Formaciones","link":"https:\/\/cepronda.com\/blog\/category\/formaciones\/"},"img":{"alt_text":"","src":"","width":0,"height":0},"classes":[]}],"jetpack_sharing_enabled":true,"_links":{"self":[{"href":"https:\/\/cepronda.com\/blog\/wp-json\/wp\/v2\/posts\/1435","targetHints":{"allow":["GET"]}}],"collection":[{"href":"https:\/\/cepronda.com\/blog\/wp-json\/wp\/v2\/posts"}],"about":[{"href":"https:\/\/cepronda.com\/blog\/wp-json\/wp\/v2\/types\/post"}],"author":[{"embeddable":true,"href":"https:\/\/cepronda.com\/blog\/wp-json\/wp\/v2\/users\/3"}],"replies":[{"embeddable":true,"href":"https:\/\/cepronda.com\/blog\/wp-json\/wp\/v2\/comments?post=1435"}],"version-history":[{"count":1,"href":"https:\/\/cepronda.com\/blog\/wp-json\/wp\/v2\/posts\/1435\/revisions"}],"predecessor-version":[{"id":1437,"href":"https:\/\/cepronda.com\/blog\/wp-json\/wp\/v2\/posts\/1435\/revisions\/1437"}],"wp:featuredmedia":[{"embeddable":true,"href":"https:\/\/cepronda.com\/blog\/wp-json\/wp\/v2\/media\/1436"}],"wp:attachment":[{"href":"https:\/\/cepronda.com\/blog\/wp-json\/wp\/v2\/media?parent=1435"}],"wp:term":[{"taxonomy":"category","embeddable":true,"href":"https:\/\/cepronda.com\/blog\/wp-json\/wp\/v2\/categories?post=1435"},{"taxonomy":"post_tag","embeddable":true,"href":"https:\/\/cepronda.com\/blog\/wp-json\/wp\/v2\/tags?post=1435"}],"curies":[{"name":"wp","href":"https:\/\/api.w.org\/{rel}","templated":true}]}}