{"id":1427,"date":"2017-11-13T11:22:56","date_gmt":"2017-11-13T10:22:56","guid":{"rendered":"http:\/\/cepronda.com\/blog\/?p=1427"},"modified":"2017-11-13T18:07:41","modified_gmt":"2017-11-13T17:07:41","slug":"semana-intensa-de-cursos-que-comienzan","status":"publish","type":"post","link":"https:\/\/cepronda.com\/blog\/semana-intensa-de-cursos-que-comienzan\/","title":{"rendered":"Semana intensa de cursos que comienzan"},"content":{"rendered":"<p>\u00a1Muy buenas familia!<\/p>\n<p>Comenzamos otra de esas semanas donde varios cursos muy demandados y solicitados comienzan, siendo preparados con mucha ilusi\u00f3n y cari\u00f1o. As\u00ed&#8230;<\/p>\n<ul>\n<li>Ma\u00f1ana martes 14 de noviembre, la Red de Educaci\u00f3n Infantil tiene su primera reuni\u00f3n del curso, y entre otras cuestiones van a tener el lujo de contar con una ponencia de Macarena Soto. Seguro que volveremos a aprender mucho de ella&#8230;<\/li>\n<li>El mi\u00e9rcoles 15 de noviembre, por un lado tenemos el curso de Scratch 2.0 en la biblioteca del CEP donde aprenderemos mucho con David Palomo y Rafael Leyva.<\/li>\n<li>Y por otro lado, el martes 14 comienza el curso de Abies 2.0 en el IES P\u00e9rez de Guzm\u00e1n, donde Paco Benarque nos resolver\u00e1 todas nuestras dudas sobre este programa de gesti\u00f3n de la biblioteca escolar.&nbsp;&nbsp;<\/li>\n<li>Y por \u00faltimo tanto el mi\u00e9rcoles como el jueves volvemos a tener distintas sesiones de cine educativo en nuestro Sal\u00f3n de actos.&nbsp;<\/li>\n<\/ul>\n<p>Seguro que ser\u00e1 una semana muy productiva. Os esperamos por vuestra casa, el CEP. Un saludo.<\/p>\n<p><a href=\"https:\/\/i0.wp.com\/cepronda.com\/blog\/wp-content\/uploads\/2017\/11\/action-2277292_640.jpg\"><img data-recalc-dims=\"1\" loading=\"lazy\" decoding=\"async\" class=\"aligncenter size-full wp-image-1428\" src=\"https:\/\/i0.wp.com\/cepronda.com\/blog\/wp-content\/uploads\/2017\/11\/action-2277292_640.jpg?resize=640%2C436\" alt=\"\" width=\"640\" height=\"436\" srcset=\"https:\/\/i0.wp.com\/cepronda.com\/blog\/wp-content\/uploads\/2017\/11\/action-2277292_640.jpg?w=640&amp;ssl=1 640w, https:\/\/i0.wp.com\/cepronda.com\/blog\/wp-content\/uploads\/2017\/11\/action-2277292_640.jpg?resize=300%2C204&amp;ssl=1 300w\" sizes=\"auto, (max-width: 640px) 100vw, 640px\" \/><\/a><\/p>\n","protected":false},"excerpt":{"rendered":"<p>\u00a1Muy buenas familia! Comenzamos otra de esas semanas donde varios cursos muy demandados y solicitados comienzan, siendo preparados con mucha ilusi\u00f3n y cari\u00f1o. As\u00ed&#8230; Ma\u00f1ana martes 14 de noviembre, la Red de Educaci\u00f3n Infantil tiene su primera reuni\u00f3n del curso, y entre otras cuestiones van a tener el lujo de contar con una ponencia de [&hellip;]<\/p>\n","protected":false},"author":3,"featured_media":1428,"comment_status":"open","ping_status":"open","sticky":false,"template":"","format":"standard","meta":{"_crdt_document":"","advanced_seo_description":"","jetpack_seo_html_title":"","jetpack_seo_noindex":false,"jetpack_post_was_ever_published":false,"_jetpack_newsletter_access":"","_jetpack_dont_email_post_to_subs":false,"_jetpack_newsletter_tier_id":0,"_jetpack_memberships_contains_paywalled_content":false,"_jetpack_memberships_contains_paid_content":false,"footnotes":"","jetpack_publicize_message":"Semana intensa de cursos que comienzan en CEP de Ronda @FormacProfAnd","jetpack_publicize_feature_enabled":true,"jetpack_social_post_already_shared":true,"jetpack_social_options":{"image_generator_settings":{"template":"highway","default_image_id":0,"font":"","enabled":false},"version":2}},"categories":[5],"tags":[101],"class_list":{"0":"post-1427","1":"post","2":"type-post","3":"status-publish","4":"format-standard","5":"has-post-thumbnail","7":"category-noticias","8":"tag-actividades","9":"czr-hentry"},"jetpack_publicize_connections":[],"jetpack_featured_media_url":"https:\/\/i0.wp.com\/cepronda.com\/blog\/wp-content\/uploads\/2017\/11\/action-2277292_640.jpg?fit=640%2C436&ssl=1","jetpack_shortlink":"https:\/\/wp.me\/p8M4X7-n1","jetpack-related-posts":[{"id":1373,"url":"https:\/\/cepronda.com\/blog\/curso-sobre-gestion-de-la-biblioteca-escolar-abies\/","url_meta":{"origin":1427,"position":0},"title":"Curso sobre \u00abGesti\u00f3n de la biblioteca escolar: ABIES\u00bb","author":"V\u00edctor Caballero","date":"25 octubre, 2017","format":false,"excerpt":"Y seguimos informando de nuevas actividades... En este caso se trata de un curso dirigido a todas aquellas personas responsables de biblioteca, personas del equipo de apoyo de la biblioteca escolar y al profesorado en general, interesado en conocer y profundizar en el manejo de la aplicaci\u00f3n Abies 2.0.\u00a0 Ser\u00e1n\u2026","rel":"","context":"En \u00abFormaciones\u00bb","block_context":{"text":"Formaciones","link":"https:\/\/cepronda.com\/blog\/category\/formaciones\/"},"img":{"alt_text":"","src":"https:\/\/i0.wp.com\/cepronda.com\/blog\/wp-content\/uploads\/2017\/10\/abies.png?resize=350%2C200","width":350,"height":200},"classes":[]},{"id":202,"url":"https:\/\/cepronda.com\/blog\/nuevo-curso-no-te-lo-puedes-perder\/","url_meta":{"origin":1427,"position":1},"title":"Nuevo curso&#8230; \u00a1No te lo puedes perder!","author":"V\u00edctor Caballero","date":"10 octubre, 2016","format":false,"excerpt":"Muy buenas, Iniciamos la semana publicitando un curso muy interesante sobre el Aprendizaje basado en proyectos, Flipped Classroom y la Evaluaci\u00f3n de las competencias en Educaci\u00f3n Infantil y Primaria. La fecha de inscripci\u00f3n est\u00e1 abierta hasta el pr\u00f3ximo 17 de octubre, dando comienzo el curso al d\u00eda siguiente. Ser\u00e1n cinco\u2026","rel":"","context":"En \u00abFormaciones\u00bb","block_context":{"text":"Formaciones","link":"https:\/\/cepronda.com\/blog\/category\/formaciones\/"},"img":{"alt_text":"hands-1697898_640","src":"https:\/\/i0.wp.com\/cepronda.com\/blog\/wp-content\/uploads\/2016\/10\/hands-1697898_640-300x200.jpg?resize=350%2C200","width":350,"height":200},"classes":[]},{"id":1316,"url":"https:\/\/cepronda.com\/blog\/una-semana-intensa\/","url_meta":{"origin":1427,"position":2},"title":"Una semana intensa","author":"V\u00edctor Caballero","date":"13 octubre, 2017","format":false,"excerpt":"\u00a1Muy buenas! Despedimos esta semana \"un tanto rara\" con el prop\u00f3sito de coger fuerzas para afrontar la semana que viene con todo nuestro \u00e1nimo y energ\u00eda. Y es que la pr\u00f3xima semana empiezan varias actividades muy interesantes, y adem\u00e1s comienzan algunas de las sesiones de planes educativos. Os detallo, para\u2026","rel":"","context":"En \u00abNoticias\u00bb","block_context":{"text":"Noticias","link":"https:\/\/cepronda.com\/blog\/category\/noticias\/"},"img":{"alt_text":"","src":"","width":0,"height":0},"classes":[]},{"id":4738,"url":"https:\/\/cepronda.com\/blog\/primera-convocatoria-regional-de-cursos-de-formacion-a-distancia-2021-22\/","url_meta":{"origin":1427,"position":3},"title":"Primera Convocatoria Regional de cursos de formaci\u00f3n a distancia 2021-22","author":"Inmaculada Garc\u00eda","date":"11 octubre, 2021","format":false,"excerpt":"Dentro del plan de formaci\u00f3n del profesorado de la Consejer\u00eda de Educaci\u00f3n se ofertan 50 cursos en la modalidad de a distancia. Las condiciones de la oferta son las siguientes: Plazo de inscripci\u00f3n: Desde el lunes 18 de octubre de 2021 a las 15:00 hasta las 15:00 horas del jueves\u2026","rel":"","context":"En \u00abFormaciones\u00bb","block_context":{"text":"Formaciones","link":"https:\/\/cepronda.com\/blog\/category\/formaciones\/"},"img":{"alt_text":"","src":"","width":0,"height":0},"classes":[]},{"id":8973,"url":"https:\/\/cepronda.com\/blog\/academia-gemini-para-educadores\/","url_meta":{"origin":1427,"position":4},"title":"ACADEMIA GEMINI PARA EDUCADORES","author":"V\u00edctor Caballero","date":"28 octubre, 2025","format":false,"excerpt":"Se encuentra abierto el plazo de inscripci\u00f3n en el curso provincial, \"ACADEMIA GEMINI PARA EDUCADORES\", con los siguientes c\u00f3digos: E. INFANTIL: 269926KPF584 E. PRIMARIA Y CEPER: 269925KPF585 ESO, BACHILLERATO, FP Y ERE: 269924KPF586 E. DIRECTIVOS: 269922KPF587 Inscripciones: del\u00a028\u00a0\u00a0de octubre al\u00a03\u00a0\u00a0de\u00a0noviembre. Publicaci\u00f3n del listado de admisi\u00f3n provisional:\u00a05\u00a0de\u00a0noviembre\u00a0de 2025 a las 10:00\u2026","rel":"","context":"En \u00abFormaciones\u00bb","block_context":{"text":"Formaciones","link":"https:\/\/cepronda.com\/blog\/category\/formaciones\/"},"img":{"alt_text":"","src":"https:\/\/i0.wp.com\/cepronda.com\/blog\/wp-content\/uploads\/2025\/10\/Publi-Gemini-scaled.png?fit=1200%2C675&ssl=1&resize=350%2C200","width":350,"height":200,"srcset":"https:\/\/i0.wp.com\/cepronda.com\/blog\/wp-content\/uploads\/2025\/10\/Publi-Gemini-scaled.png?fit=1200%2C675&ssl=1&resize=350%2C200 1x, https:\/\/i0.wp.com\/cepronda.com\/blog\/wp-content\/uploads\/2025\/10\/Publi-Gemini-scaled.png?fit=1200%2C675&ssl=1&resize=525%2C300 1.5x, https:\/\/i0.wp.com\/cepronda.com\/blog\/wp-content\/uploads\/2025\/10\/Publi-Gemini-scaled.png?fit=1200%2C675&ssl=1&resize=700%2C400 2x, https:\/\/i0.wp.com\/cepronda.com\/blog\/wp-content\/uploads\/2025\/10\/Publi-Gemini-scaled.png?fit=1200%2C675&ssl=1&resize=1050%2C600 3x"},"classes":[]},{"id":4028,"url":"https:\/\/cepronda.com\/blog\/funcion-directiva-curso-de-formacion\/","url_meta":{"origin":1427,"position":5},"title":"Funci\u00f3n directiva. Curso de formaci\u00f3n.","author":"Maribel Mu\u00f1oz","date":"10 diciembre, 2020","format":false,"excerpt":"Buenos d\u00edas compa\u00f1eras y compa\u00f1eros, Os informamos que est\u00e1 publicada la Resoluci\u00f3n de 30 de noviembre de 2020, de la Direcci\u00f3n General de Formaci\u00f3n del Profesorado e Innovaci\u00f3n Educativa, por la que se convoca curso de formaci\u00f3n sobre el desarrollo de la funci\u00f3n directiva establecido en el art\u00edculo 134.1 de\u2026","rel":"","context":"En \u00abFormaciones\u00bb","block_context":{"text":"Formaciones","link":"https:\/\/cepronda.com\/blog\/category\/formaciones\/"},"img":{"alt_text":"","src":"https:\/\/i0.wp.com\/cepronda.com\/blog\/wp-content\/uploads\/2020\/03\/S%C2%B0mbolo-gen%C3%87rico-RRSS-redondo-negativo.png?fit=1200%2C1200&ssl=1&resize=350%2C200","width":350,"height":200,"srcset":"https:\/\/i0.wp.com\/cepronda.com\/blog\/wp-content\/uploads\/2020\/03\/S%C2%B0mbolo-gen%C3%87rico-RRSS-redondo-negativo.png?fit=1200%2C1200&ssl=1&resize=350%2C200 1x, https:\/\/i0.wp.com\/cepronda.com\/blog\/wp-content\/uploads\/2020\/03\/S%C2%B0mbolo-gen%C3%87rico-RRSS-redondo-negativo.png?fit=1200%2C1200&ssl=1&resize=525%2C300 1.5x, https:\/\/i0.wp.com\/cepronda.com\/blog\/wp-content\/uploads\/2020\/03\/S%C2%B0mbolo-gen%C3%87rico-RRSS-redondo-negativo.png?fit=1200%2C1200&ssl=1&resize=700%2C400 2x, https:\/\/i0.wp.com\/cepronda.com\/blog\/wp-content\/uploads\/2020\/03\/S%C2%B0mbolo-gen%C3%87rico-RRSS-redondo-negativo.png?fit=1200%2C1200&ssl=1&resize=1050%2C600 3x"},"classes":[]}],"jetpack_sharing_enabled":true,"_links":{"self":[{"href":"https:\/\/cepronda.com\/blog\/wp-json\/wp\/v2\/posts\/1427","targetHints":{"allow":["GET"]}}],"collection":[{"href":"https:\/\/cepronda.com\/blog\/wp-json\/wp\/v2\/posts"}],"about":[{"href":"https:\/\/cepronda.com\/blog\/wp-json\/wp\/v2\/types\/post"}],"author":[{"embeddable":true,"href":"https:\/\/cepronda.com\/blog\/wp-json\/wp\/v2\/users\/3"}],"replies":[{"embeddable":true,"href":"https:\/\/cepronda.com\/blog\/wp-json\/wp\/v2\/comments?post=1427"}],"version-history":[{"count":2,"href":"https:\/\/cepronda.com\/blog\/wp-json\/wp\/v2\/posts\/1427\/revisions"}],"predecessor-version":[{"id":1430,"href":"https:\/\/cepronda.com\/blog\/wp-json\/wp\/v2\/posts\/1427\/revisions\/1430"}],"wp:featuredmedia":[{"embeddable":true,"href":"https:\/\/cepronda.com\/blog\/wp-json\/wp\/v2\/media\/1428"}],"wp:attachment":[{"href":"https:\/\/cepronda.com\/blog\/wp-json\/wp\/v2\/media?parent=1427"}],"wp:term":[{"taxonomy":"category","embeddable":true,"href":"https:\/\/cepronda.com\/blog\/wp-json\/wp\/v2\/categories?post=1427"},{"taxonomy":"post_tag","embeddable":true,"href":"https:\/\/cepronda.com\/blog\/wp-json\/wp\/v2\/tags?post=1427"}],"curies":[{"name":"wp","href":"https:\/\/api.w.org\/{rel}","templated":true}]}}