{"id":1409,"date":"2017-11-09T14:01:43","date_gmt":"2017-11-09T13:01:43","guid":{"rendered":"http:\/\/cepronda.com\/blog\/?p=1409"},"modified":"2025-04-28T12:09:11","modified_gmt":"2025-04-28T10:09:11","slug":"ciclo-de-cine-y-educacion","status":"publish","type":"post","link":"https:\/\/cepronda.com\/blog\/ciclo-de-cine-y-educacion\/","title":{"rendered":"CICLO DE CINE Y EDUCACI\u00d3N"},"content":{"rendered":"<p>A las buenas tardes!!<\/p>\n<p>Como sab\u00e9is<strong> la asociaci\u00f3n \u00abM\u00c1S QUE CINE\u00bb DE RONDA se ha mudado al sal\u00f3n de actos del CEP para este mes de Noviembre<\/strong>. Nos encanta que as\u00ed sea pues este se est\u00e1 conviritiendo en un barrio.. de cine \ud83d\ude42 Si os apetece incluso pod\u00e9is comprar las palomitas en los multicines de enfrente jejje&#8230;<\/p>\n<p>Os animamos a correr la voz entre profesorado, alumnado y p\u00fablico en general&#8230;.:<\/p>\n<p><strong>HAY CINE GRATIS EN EL SAL\u00d3N DE ACTOS DEL CEP<\/strong> los mi\u00e9rcoles y jueves de Noviembre.<\/p>\n<div class=\"text_exposed_show\">\n<p>En concreto este mes se proyectan pel\u00edculas con tem\u00e1tica sobre educaci\u00f3n por ello al profesorado que asista a tres de las pel\u00edculas que tienen ponencia asociada se le certificar\u00e1 la asistencia por <strong>10h de formaci\u00f3n<\/strong>.<\/p>\n<p>El objetivo de este ciclo en concreto es acercar el mundo del celuloide a profesorado y alumnado de Ronda y su comarca destacando su valor educativo.<\/p>\n<p>Cada d\u00eda personal especializado en la materia realiza una presentaci\u00f3n sobre el contenido pedag\u00f3gico de la cinta, posteriormente se visiona y finaliza con un debate-coloquio con los asistentes.<\/p>\n<p>Aqu\u00ed os dejamos el cartel con las pel\u00edculas y conferencias de este mes:<\/p>\n<p><img data-recalc-dims=\"1\" loading=\"lazy\" decoding=\"async\" class=\"alignnone size-medium wp-image-1410\" src=\"https:\/\/i0.wp.com\/cepronda.com\/blog\/wp-content\/uploads\/2017\/11\/MQC-CICLO-CINE-Y-EDUCACI%C3%93N-278x300.jpg?resize=278%2C300\" alt=\"\" width=\"278\" height=\"300\" srcset=\"https:\/\/i0.wp.com\/cepronda.com\/blog\/wp-content\/uploads\/2017\/11\/MQC-CICLO-CINE-Y-EDUCACI%C3%93N.jpg?resize=278%2C300&amp;ssl=1 278w, https:\/\/i0.wp.com\/cepronda.com\/blog\/wp-content\/uploads\/2017\/11\/MQC-CICLO-CINE-Y-EDUCACI%C3%93N.jpg?resize=768%2C830&amp;ssl=1 768w, https:\/\/i0.wp.com\/cepronda.com\/blog\/wp-content\/uploads\/2017\/11\/MQC-CICLO-CINE-Y-EDUCACI%C3%93N.jpg?w=799&amp;ssl=1 799w\" sizes=\"auto, (max-width: 278px) 100vw, 278px\" \/><img data-recalc-dims=\"1\" loading=\"lazy\" decoding=\"async\" class=\"alignnone size-medium wp-image-1411\" src=\"https:\/\/i0.wp.com\/cepronda.com\/blog\/wp-content\/uploads\/2017\/11\/19248093_657298387727762_4184378493556606231_n-209x300.jpg?resize=209%2C300\" alt=\"\" width=\"209\" height=\"300\" srcset=\"https:\/\/i0.wp.com\/cepronda.com\/blog\/wp-content\/uploads\/2017\/11\/19248093_657298387727762_4184378493556606231_n.jpg?resize=209%2C300&amp;ssl=1 209w, https:\/\/i0.wp.com\/cepronda.com\/blog\/wp-content\/uploads\/2017\/11\/19248093_657298387727762_4184378493556606231_n.jpg?w=668&amp;ssl=1 668w\" sizes=\"auto, (max-width: 209px) 100vw, 209px\" \/><\/p>\n<\/div>\n","protected":false},"excerpt":{"rendered":"<p>A las buenas tardes!! Como sab\u00e9is la asociaci\u00f3n \u00abM\u00c1S QUE CINE\u00bb DE RONDA se ha mudado al sal\u00f3n de actos del CEP para este mes de Noviembre. Nos encanta que as\u00ed sea pues este se est\u00e1 conviritiendo en un barrio.. de cine \ud83d\ude42 Si os apetece incluso pod\u00e9is comprar las palomitas en los multicines de [&hellip;]<\/p>\n","protected":false},"author":3,"featured_media":0,"comment_status":"open","ping_status":"open","sticky":false,"template":"","format":"standard","meta":{"_crdt_document":"","advanced_seo_description":"","jetpack_seo_html_title":"","jetpack_seo_noindex":false,"jetpack_post_was_ever_published":false,"_jetpack_newsletter_access":"","_jetpack_dont_email_post_to_subs":false,"_jetpack_newsletter_tier_id":0,"_jetpack_memberships_contains_paywalled_content":false,"_jetpack_memberships_contains_paid_content":false,"footnotes":"","jetpack_publicize_message":"","jetpack_publicize_feature_enabled":true,"jetpack_social_post_already_shared":true,"jetpack_social_options":{"image_generator_settings":{"template":"highway","default_image_id":0,"font":"","enabled":false},"version":2}},"categories":[5],"tags":[],"class_list":{"0":"post-1409","1":"post","2":"type-post","3":"status-publish","4":"format-standard","6":"category-noticias","7":"czr-hentry"},"jetpack_publicize_connections":[],"jetpack_featured_media_url":"","jetpack_shortlink":"https:\/\/wp.me\/p8M4X7-mJ","jetpack-related-posts":[{"id":1382,"url":"https:\/\/cepronda.com\/blog\/curso-cine-y-educacion\/","url_meta":{"origin":1409,"position":0},"title":"Curso: \u00abCine y educaci\u00f3n\u00bb","author":"V\u00edctor Caballero","date":"30 octubre, 2017","format":false,"excerpt":"Buenas de nuevo, Queremos compartir con todas y todos vosotros un curso dirigido a profesorado de Secundaria interesado en el cine y en c\u00f3mo sacarle el m\u00e1ximo partido con nuestro alumnado en la clase.\u00a0La asociaci\u00f3n \"M\u00e1s que cine\" de Ronda organiza un ciclo de cine educativo. Profesorado de Institutos de\u2026","rel":"","context":"En \u00abFormaciones\u00bb","block_context":{"text":"Formaciones","link":"https:\/\/cepronda.com\/blog\/category\/formaciones\/"},"img":{"alt_text":"","src":"https:\/\/i0.wp.com\/cepronda.com\/blog\/wp-content\/uploads\/2017\/10\/coupon-1828620_640.png?fit=640%2C320&ssl=1&resize=350%2C200","width":350,"height":200,"srcset":"https:\/\/i0.wp.com\/cepronda.com\/blog\/wp-content\/uploads\/2017\/10\/coupon-1828620_640.png?fit=640%2C320&ssl=1&resize=350%2C200 1x, https:\/\/i0.wp.com\/cepronda.com\/blog\/wp-content\/uploads\/2017\/10\/coupon-1828620_640.png?fit=640%2C320&ssl=1&resize=525%2C300 1.5x"},"classes":[]},{"id":1665,"url":"https:\/\/cepronda.com\/blog\/ciclo-curso-la-musica-en-el-cine\/","url_meta":{"origin":1409,"position":1},"title":"Ciclo curso: La m\u00fasica en el cine","author":"V\u00edctor Caballero","date":"5 abril, 2018","format":false,"excerpt":"\u00a1Hola de nuevo! Aprovechamos esta entrada para contaros que se pone en marcha el \u00faltimo ciclo curso de de cine, en este caso dedicado a la M\u00fasica en el cine.\u00a0La asociaci\u00f3n \"M\u00e1s que cine\" de Ronda organiza un nuevo ciclo de cine en esta ocasi\u00f3n con la tem\u00e1tica CINE Y\u2026","rel":"","context":"En \u00abFormaciones\u00bb","block_context":{"text":"Formaciones","link":"https:\/\/cepronda.com\/blog\/category\/formaciones\/"},"img":{"alt_text":"","src":"https:\/\/i0.wp.com\/cepronda.com\/blog\/wp-content\/uploads\/2017\/10\/coupon-1828620_640.png?fit=640%2C320&ssl=1&resize=350%2C200","width":350,"height":200,"srcset":"https:\/\/i0.wp.com\/cepronda.com\/blog\/wp-content\/uploads\/2017\/10\/coupon-1828620_640.png?fit=640%2C320&ssl=1&resize=350%2C200 1x, https:\/\/i0.wp.com\/cepronda.com\/blog\/wp-content\/uploads\/2017\/10\/coupon-1828620_640.png?fit=640%2C320&ssl=1&resize=525%2C300 1.5x"},"classes":[]},{"id":375,"url":"https:\/\/cepronda.com\/blog\/red-profesional-de-educacion-infantil\/","url_meta":{"origin":1409,"position":2},"title":"Red Profesional de Educaci\u00f3n Infantil","author":"V\u00edctor Caballero","date":"23 noviembre, 2016","format":false,"excerpt":"Hola a todo el mundo, y especialmente a las y los docentes de Educaci\u00f3n Infantil, En el CEP de Ronda hemos convocado una actividad formativa dirigida a constituir una Red Profesional de profesorado de Educaci\u00f3n Infantil perteneciente a los centros del \u00e1mbito de actuaci\u00f3n de nuestro CEP, con la idea\u2026","rel":"","context":"En \u00abFormaciones\u00bb","block_context":{"text":"Formaciones","link":"https:\/\/cepronda.com\/blog\/category\/formaciones\/"},"img":{"alt_text":"","src":"","width":0,"height":0},"classes":[]},{"id":2368,"url":"https:\/\/cepronda.com\/blog\/red-de-educacion-infantil\/","url_meta":{"origin":1409,"position":3},"title":"Red de Educaci\u00f3n Infantil","author":"V\u00edctor Caballero","date":"8 octubre, 2018","format":false,"excerpt":"\u00a1Hola! \u00bfC\u00f3mo estamos? Ya sab\u00e9is que en nuestro CEP hay varias actividades que son ya una instituci\u00f3n, y una de ellas es la red de Educaci\u00f3n Infantil. Como los cursos anteriores, la ponemos en marcha con el objetivo de\u00a0 dinamizar la Red profesional de profesorado de Educaci\u00f3n Infantil perteneciente a\u2026","rel":"","context":"En \u00abFormaciones\u00bb","block_context":{"text":"Formaciones","link":"https:\/\/cepronda.com\/blog\/category\/formaciones\/"},"img":{"alt_text":"","src":"https:\/\/i0.wp.com\/cepronda.com\/blog\/wp-content\/uploads\/2018\/10\/back-to-school-3596261_1920.jpg?fit=798%2C1200&ssl=1&resize=350%2C200","width":350,"height":200,"srcset":"https:\/\/i0.wp.com\/cepronda.com\/blog\/wp-content\/uploads\/2018\/10\/back-to-school-3596261_1920.jpg?fit=798%2C1200&ssl=1&resize=350%2C200 1x, https:\/\/i0.wp.com\/cepronda.com\/blog\/wp-content\/uploads\/2018\/10\/back-to-school-3596261_1920.jpg?fit=798%2C1200&ssl=1&resize=525%2C300 1.5x, https:\/\/i0.wp.com\/cepronda.com\/blog\/wp-content\/uploads\/2018\/10\/back-to-school-3596261_1920.jpg?fit=798%2C1200&ssl=1&resize=700%2C400 2x"},"classes":[]},{"id":2468,"url":"https:\/\/cepronda.com\/blog\/video-contra-la-violencia-de-genero-del-ceip-virgen-de-la-cabeza\/","url_meta":{"origin":1409,"position":4},"title":"V\u00eddeo contra la violencia de g\u00e9nero del CEIP Virgen de la Cabeza","author":"V\u00edctor Caballero","date":"26 noviembre, 2018","format":false,"excerpt":"\u00a1Hola! El viernes tarde recib\u00ed unos de esos regalos que te alegran la tarde. Y es que desde el CEIP Virgen de la Cabeza me hicieron llegar el v\u00eddeo que han preparado con su alumnado como reivindicaci\u00f3n en el 25 de noviembre. Os dejo que disfrut\u00e9is con \u00e9l, y desde\u2026","rel":"","context":"En \u00abNoticias\u00bb","block_context":{"text":"Noticias","link":"https:\/\/cepronda.com\/blog\/category\/noticias\/"},"img":{"alt_text":"","src":"https:\/\/i0.wp.com\/cepronda.com\/blog\/wp-content\/uploads\/2018\/11\/man-101001_1920.jpg?fit=1200%2C848&ssl=1&resize=350%2C200","width":350,"height":200,"srcset":"https:\/\/i0.wp.com\/cepronda.com\/blog\/wp-content\/uploads\/2018\/11\/man-101001_1920.jpg?fit=1200%2C848&ssl=1&resize=350%2C200 1x, https:\/\/i0.wp.com\/cepronda.com\/blog\/wp-content\/uploads\/2018\/11\/man-101001_1920.jpg?fit=1200%2C848&ssl=1&resize=525%2C300 1.5x, https:\/\/i0.wp.com\/cepronda.com\/blog\/wp-content\/uploads\/2018\/11\/man-101001_1920.jpg?fit=1200%2C848&ssl=1&resize=700%2C400 2x, https:\/\/i0.wp.com\/cepronda.com\/blog\/wp-content\/uploads\/2018\/11\/man-101001_1920.jpg?fit=1200%2C848&ssl=1&resize=1050%2C600 3x"},"classes":[]},{"id":1446,"url":"https:\/\/cepronda.com\/blog\/formacion-en-competencia-matematica-para-infantil-y-primaria\/","url_meta":{"origin":1409,"position":5},"title":"Formaci\u00f3n en competencia matem\u00e1tica para Infantil y Primaria","author":"V\u00edctor Caballero","date":"21 noviembre, 2017","format":false,"excerpt":"Muy buenas familia, Acabamos de abrir la convocatoria para dos cursos que sabemos que est\u00e1is esperando muchos y muchas de vosotras. Se trata de los cursos sobre competencia matem\u00e1tica siguiendo la metodolog\u00eda de Jos\u00e9 Antonio Fern\u00e1ndez Bravo.\u00a0 Tendr\u00e1n preferencia de inscripci\u00f3n el profesorado del CEIP Vicente Espinel, al ser una\u2026","rel":"","context":"En \u00abFormaciones\u00bb","block_context":{"text":"Formaciones","link":"https:\/\/cepronda.com\/blog\/category\/formaciones\/"},"img":{"alt_text":"","src":"https:\/\/i0.wp.com\/cepronda.com\/blog\/wp-content\/uploads\/2017\/11\/number-1920550_640.png?fit=450%2C640&ssl=1&resize=350%2C200","width":350,"height":200},"classes":[]}],"jetpack_sharing_enabled":true,"_links":{"self":[{"href":"https:\/\/cepronda.com\/blog\/wp-json\/wp\/v2\/posts\/1409","targetHints":{"allow":["GET"]}}],"collection":[{"href":"https:\/\/cepronda.com\/blog\/wp-json\/wp\/v2\/posts"}],"about":[{"href":"https:\/\/cepronda.com\/blog\/wp-json\/wp\/v2\/types\/post"}],"author":[{"embeddable":true,"href":"https:\/\/cepronda.com\/blog\/wp-json\/wp\/v2\/users\/3"}],"replies":[{"embeddable":true,"href":"https:\/\/cepronda.com\/blog\/wp-json\/wp\/v2\/comments?post=1409"}],"version-history":[{"count":1,"href":"https:\/\/cepronda.com\/blog\/wp-json\/wp\/v2\/posts\/1409\/revisions"}],"predecessor-version":[{"id":1412,"href":"https:\/\/cepronda.com\/blog\/wp-json\/wp\/v2\/posts\/1409\/revisions\/1412"}],"wp:attachment":[{"href":"https:\/\/cepronda.com\/blog\/wp-json\/wp\/v2\/media?parent=1409"}],"wp:term":[{"taxonomy":"category","embeddable":true,"href":"https:\/\/cepronda.com\/blog\/wp-json\/wp\/v2\/categories?post=1409"},{"taxonomy":"post_tag","embeddable":true,"href":"https:\/\/cepronda.com\/blog\/wp-json\/wp\/v2\/tags?post=1409"}],"curies":[{"name":"wp","href":"https:\/\/api.w.org\/{rel}","templated":true}]}}