{"id":1402,"date":"2017-11-08T19:37:34","date_gmt":"2017-11-08T18:37:34","guid":{"rendered":"http:\/\/cepronda.com\/blog\/?p=1402"},"modified":"2017-11-08T19:37:34","modified_gmt":"2017-11-08T18:37:34","slug":"jornadas-gratuitas-sobre-resolucion-de-conflictos-en-el-aula","status":"publish","type":"post","link":"https:\/\/cepronda.com\/blog\/jornadas-gratuitas-sobre-resolucion-de-conflictos-en-el-aula\/","title":{"rendered":"JORNADAS GRATUITAS SOBRE RESOLUCI\u00d3N DE CONFLICTOS EN EL AULA"},"content":{"rendered":"<div>Hola a todo el mundo,&nbsp;<\/div>\n<div>&nbsp;<\/div>\n<div class=\"gmail-m_-4987674141468823764gmail-m_8857211343591479684x_gmail_default\">Desde el <b>CEP de Ronda<\/b> en colaboraci\u00f3n con el <b>CDP Fernando de los R\u00edos<\/b> tenemos el gusto de invitaros a unas jornadas que este centro ha organizado enmarcadas dentro del proyecto de <b>ERASMUS+ \u00abBE A BUDDY NOT A BULLY\u00bb<\/b> en el que se encuentran inmersos.<\/div>\n<div class=\"gmail-m_-4987674141468823764gmail-m_8857211343591479684x_gmail_default\">&nbsp;<\/div>\n<div class=\"gmail-m_-4987674141468823764gmail-m_8857211343591479684x_gmail_default\">El proyecto se encuentra en su tercer a\u00f1o de andadura y junto a otros 7 socios m\u00e1s de pa\u00edses europeos (Grecia, Portugal, Italia, Lituania Ruman\u00eda, Bulgaria, Turqu\u00eda y Espa\u00f1a) han estado trabajando el tema de acoso escolar en el aula.<\/div>\n<div class=\"gmail-m_-4987674141468823764gmail-m_8857211343591479684x_gmail_default\">&nbsp;<\/div>\n<div class=\"gmail-m_-4987674141468823764gmail-m_8857211343591479684x_gmail_default\">La asistencia es gratuita y correr\u00e1 a cargo de dos ponentes de prestigio en la materia como <b>Macarena Soto Rueda <\/b>e <b>Isabel S\u00e1nchez Montero,<\/b> ambas expertas en Neurosicoeducaci\u00f3n, disciplina positiva y midfulness respectivamente.<\/div>\n<div class=\"gmail-m_-4987674141468823764gmail-m_8857211343591479684x_gmail_default\">&nbsp;<\/div>\n<div class=\"gmail-m_-4987674141468823764gmail-m_8857211343591479684x_gmail_default\">Si ten\u00e9is pensado asistir os rogamos rellen\u00e9is este sencillo formulario de inscripci\u00f3n para calcular un poco el aforo permitido:<\/div>\n<div class=\"gmail-m_-4987674141468823764gmail-m_8857211343591479684x_gmail_default\">\n<div class=\"gmail_default\"><i><b>&nbsp;<\/b><\/i><\/div>\n<div class=\"gmail_default\"><i><b><a href=\"https:\/\/docs.google.com\/forms\/d\/e\/1FAIpQLSfJSmv-MgZuFJuDnt-vh9UIATMxm1O2vLwJhszlGiUCwfwYVA\/viewform\" target=\"_blank\" rel=\"noopener\">PARA CONFIRMAR TU ASISTENCIA PINCHA AQU\u00cd<\/a><\/b><\/i><\/div>\n<\/div>\n<p><a href=\"https:\/\/i0.wp.com\/cepronda.com\/blog\/wp-content\/uploads\/2017\/11\/D%C3%ADptico-jornada-nov-17-interior.jpg\"><img data-recalc-dims=\"1\" loading=\"lazy\" decoding=\"async\" class=\"aligncenter size-full wp-image-1403\" src=\"https:\/\/i0.wp.com\/cepronda.com\/blog\/wp-content\/uploads\/2017\/11\/D%C3%ADptico-jornada-nov-17-interior.jpg?resize=640%2C456\" alt=\"\" width=\"640\" height=\"456\" srcset=\"https:\/\/i0.wp.com\/cepronda.com\/blog\/wp-content\/uploads\/2017\/11\/D%C3%ADptico-jornada-nov-17-interior.jpg?w=640&amp;ssl=1 640w, https:\/\/i0.wp.com\/cepronda.com\/blog\/wp-content\/uploads\/2017\/11\/D%C3%ADptico-jornada-nov-17-interior.jpg?resize=300%2C214&amp;ssl=1 300w\" sizes=\"auto, (max-width: 640px) 100vw, 640px\" \/><\/a><\/p>\n","protected":false},"excerpt":{"rendered":"<p>Hola a todo el mundo,&nbsp; &nbsp; Desde el CEP de Ronda en colaboraci\u00f3n con el CDP Fernando de los R\u00edos tenemos el gusto de invitaros a unas jornadas que este centro ha organizado enmarcadas dentro del proyecto de ERASMUS+ \u00abBE A BUDDY NOT A BULLY\u00bb en el que se encuentran inmersos. &nbsp; El proyecto se [&hellip;]<\/p>\n","protected":false},"author":3,"featured_media":1403,"comment_status":"open","ping_status":"open","sticky":false,"template":"","format":"standard","meta":{"_crdt_document":"","advanced_seo_description":"","jetpack_seo_html_title":"","jetpack_seo_noindex":false,"jetpack_post_was_ever_published":false,"_jetpack_newsletter_access":"","_jetpack_dont_email_post_to_subs":false,"_jetpack_newsletter_tier_id":0,"_jetpack_memberships_contains_paywalled_content":false,"_jetpack_memberships_contains_paid_content":false,"footnotes":"","jetpack_publicize_message":"","jetpack_publicize_feature_enabled":true,"jetpack_social_post_already_shared":true,"jetpack_social_options":{"image_generator_settings":{"template":"highway","default_image_id":0,"font":"","enabled":false},"version":2}},"categories":[5],"tags":[98],"class_list":{"0":"post-1402","1":"post","2":"type-post","3":"status-publish","4":"format-standard","5":"has-post-thumbnail","7":"category-noticias","8":"tag-resolucion-de-conflictos","9":"czr-hentry"},"jetpack_publicize_connections":[],"jetpack_featured_media_url":"https:\/\/i0.wp.com\/cepronda.com\/blog\/wp-content\/uploads\/2017\/11\/D%C3%ADptico-jornada-nov-17-interior.jpg?fit=640%2C456&ssl=1","jetpack_shortlink":"https:\/\/wp.me\/p8M4X7-mC","jetpack-related-posts":[{"id":4150,"url":"https:\/\/cepronda.com\/blog\/investigacion-aeroespacial-aplicada-al-aula-2020-2021\/","url_meta":{"origin":1402,"position":0},"title":"INVESTIGACI\u00d3N AEROESPACIAL APLICADA AL AULA 2020-2021","author":"Inmaculada Garc\u00eda","date":"4 febrero, 2021","format":false,"excerpt":"Hola compa\u00f1eros y compa\u00f1eras, desde el CEP de Ronda hoy queremos hacer una menci\u00f3n especial a los centros de nuestra zona que han sido seleccionados para desarrollar el PROYECTO STEAM: INVESTIGACI\u00d3N AEROESPACIAL APLICADA AL AULA para este curso 2020-2021. I.E.S. Mart\u00edn Rivero, \u00a0I.E.S. Dr. Rodr\u00edguez Delgado, I.E.S. P\u00e9rez de Guzm\u00e1n,\u2026","rel":"","context":"En \u00abNoticias\u00bb","block_context":{"text":"Noticias","link":"https:\/\/cepronda.com\/blog\/category\/noticias\/"},"img":{"alt_text":"","src":"https:\/\/i0.wp.com\/cepronda.com\/blog\/wp-content\/uploads\/2021\/02\/Image.jpeg?fit=395%2C630&ssl=1&resize=350%2C200","width":350,"height":200},"classes":[]},{"id":4002,"url":"https:\/\/cepronda.com\/blog\/proyecto-steam\/","url_meta":{"origin":1402,"position":1},"title":"Proyecto STEAM","author":"Maribel Mu\u00f1oz","date":"17 noviembre, 2020","format":false,"excerpt":"Buenos d\u00edas compa\u00f1eras y compa\u00f1eros, Os informamos\u00a0 de la publicaci\u00f3n de la Resoluci\u00f3n de 9 de noviembre de 2020, de la Direcci\u00f3n General de Formaci\u00f3n del Profesorado e Innovaci\u00f3n Educativa, por la que se convoca a los centros docentes p\u00fablicos de Educaci\u00f3n Primaria y Secundaria para el desarrollo del \u00abProyecto\u2026","rel":"","context":"En \u00abFormaciones\u00bb","block_context":{"text":"Formaciones","link":"https:\/\/cepronda.com\/blog\/category\/formaciones\/"},"img":{"alt_text":"","src":"","width":0,"height":0},"classes":[]},{"id":4945,"url":"https:\/\/cepronda.com\/blog\/conversion-de-aula-en-espacios-de-tecnologia-aplicada-ateca\/","url_meta":{"origin":1402,"position":2},"title":"CONVERSI\u00d3N DE AULA EN ESPACIOS DE TECNOLOG\u00cdA APLICADA (ATECA)","author":"Maribel Mu\u00f1oz","date":"11 enero, 2022","format":false,"excerpt":"Buenos d\u00edas compa\u00f1eras y compa\u00f1eros, \u00a0 \u00a0 Os informamos que se ha publicado la\u00a0 RESOLUCI\u00d3N DE 22 DE DICIEMBRE DE 2021 DE LA DIRECCI\u00d3N GENERAL DE FORMACI\u00d3N PROFESIONAL, POR LA QUE SE CONVOCAN PROYECTOS DESTINADOS A LA CONVERSI\u00d3N DE AULA EN ESPACIOS DE TECNOLOG\u00cdA APLICADA (ATECA) PARA LA FORMACI\u00d3N PROFESIONAL\u2026","rel":"","context":"En \u00abFormaciones\u00bb","block_context":{"text":"Formaciones","link":"https:\/\/cepronda.com\/blog\/category\/formaciones\/"},"img":{"alt_text":"","src":"https:\/\/i0.wp.com\/cepronda.com\/blog\/wp-content\/uploads\/2020\/03\/S%C2%B0mbolo-gen%C3%87rico-RRSS-redondo-negativo.png?fit=1200%2C1200&ssl=1&resize=350%2C200","width":350,"height":200,"srcset":"https:\/\/i0.wp.com\/cepronda.com\/blog\/wp-content\/uploads\/2020\/03\/S%C2%B0mbolo-gen%C3%87rico-RRSS-redondo-negativo.png?fit=1200%2C1200&ssl=1&resize=350%2C200 1x, https:\/\/i0.wp.com\/cepronda.com\/blog\/wp-content\/uploads\/2020\/03\/S%C2%B0mbolo-gen%C3%87rico-RRSS-redondo-negativo.png?fit=1200%2C1200&ssl=1&resize=525%2C300 1.5x, https:\/\/i0.wp.com\/cepronda.com\/blog\/wp-content\/uploads\/2020\/03\/S%C2%B0mbolo-gen%C3%87rico-RRSS-redondo-negativo.png?fit=1200%2C1200&ssl=1&resize=700%2C400 2x, https:\/\/i0.wp.com\/cepronda.com\/blog\/wp-content\/uploads\/2020\/03\/S%C2%B0mbolo-gen%C3%87rico-RRSS-redondo-negativo.png?fit=1200%2C1200&ssl=1&resize=1050%2C600 3x"},"classes":[]},{"id":7629,"url":"https:\/\/cepronda.com\/blog\/i-jornadas-provinciales-para-el-profesorado-de-educacion-plastica-visual-y-audiovisual-de-malaga\/","url_meta":{"origin":1402,"position":3},"title":"I JORNADAS PROVINCIALES PARA EL PROFESORADO DE EDUCACI\u00d3N PL\u00c1STICA, VISUAL Y AUDIOVISUAL DE M\u00c1LAGA","author":"Inmaculada Garc\u00eda","date":"16 mayo, 2024","format":false,"excerpt":"Nuestra Coordinadora provincial de formaci\u00f3n, Mar\u00eda Jos\u00e9 Bueno, inaugura las I Jornadas provinciales para el profesorado de Educaci\u00f3n Plastica, Visual y audiovisual que se celebran en el Museo Ruso de M\u00e1laga. Un encuentro donde los profesionales podr\u00e1n compartir y conocer \"Experiencias educativas de \u00e9xito de Educaci\u00f3n Pl\u00e1stica, Visual y Audiovisual\",\u2026","rel":"","context":"En \u00abFormaciones\u00bb","block_context":{"text":"Formaciones","link":"https:\/\/cepronda.com\/blog\/category\/formaciones\/"},"img":{"alt_text":"","src":"https:\/\/i0.wp.com\/cepronda.com\/blog\/wp-content\/uploads\/2024\/04\/WhatsApp-Image-2024-04-20-at-11.09.52.jpeg?fit=942%2C787&ssl=1&resize=350%2C200","width":350,"height":200,"srcset":"https:\/\/i0.wp.com\/cepronda.com\/blog\/wp-content\/uploads\/2024\/04\/WhatsApp-Image-2024-04-20-at-11.09.52.jpeg?fit=942%2C787&ssl=1&resize=350%2C200 1x, https:\/\/i0.wp.com\/cepronda.com\/blog\/wp-content\/uploads\/2024\/04\/WhatsApp-Image-2024-04-20-at-11.09.52.jpeg?fit=942%2C787&ssl=1&resize=525%2C300 1.5x, https:\/\/i0.wp.com\/cepronda.com\/blog\/wp-content\/uploads\/2024\/04\/WhatsApp-Image-2024-04-20-at-11.09.52.jpeg?fit=942%2C787&ssl=1&resize=700%2C400 2x"},"classes":[]},{"id":2386,"url":"https:\/\/cepronda.com\/blog\/premios-flamenco-en-el-aula\/","url_meta":{"origin":1402,"position":4},"title":"Premios Flamenco en el aula","author":"V\u00edctor Caballero","date":"18 octubre, 2018","format":false,"excerpt":"Buenos d\u00edas lluviosos,\u00a0 Compartimos con todos aquellos centros que est\u00e9is interesados la Resoluci\u00f3n por la que se convocan los Premios Flamenco en el aula, enfocado tanto a la elaboraci\u00f3n de materiales curriculares y recursos did\u00e1cticos, como al reconocimiento de experiencias y buenas pr\u00e1cticas docentes.\u00a0 El plazo de presentaci\u00f3n de candidaturas\u2026","rel":"","context":"En \u00abFormaciones\u00bb","block_context":{"text":"Formaciones","link":"https:\/\/cepronda.com\/blog\/category\/formaciones\/"},"img":{"alt_text":"","src":"https:\/\/i0.wp.com\/cepronda.com\/blog\/wp-content\/uploads\/2018\/10\/flamencoenelaula-1.png?fit=794%2C1123&ssl=1&resize=350%2C200","width":350,"height":200,"srcset":"https:\/\/i0.wp.com\/cepronda.com\/blog\/wp-content\/uploads\/2018\/10\/flamencoenelaula-1.png?fit=794%2C1123&ssl=1&resize=350%2C200 1x, https:\/\/i0.wp.com\/cepronda.com\/blog\/wp-content\/uploads\/2018\/10\/flamencoenelaula-1.png?fit=794%2C1123&ssl=1&resize=525%2C300 1.5x, https:\/\/i0.wp.com\/cepronda.com\/blog\/wp-content\/uploads\/2018\/10\/flamencoenelaula-1.png?fit=794%2C1123&ssl=1&resize=700%2C400 2x"},"classes":[]},{"id":3441,"url":"https:\/\/cepronda.com\/blog\/matematicas-manipulativas-y-resolucion-de-problemas-en-el-aula-de-educacion-primaria\/","url_meta":{"origin":1402,"position":5},"title":"MATEM\u00c1TICAS  MANIPULATIVAS Y RESOLUCI\u00d3N DE PROBLEMAS EN EL AULA DE EDUCACI\u00d3N PRIMARIA","author":"V\u00edctor Caballero","date":"20 febrero, 2020","format":false,"excerpt":"Buenas familia, Antes de irnos a nuestro merecid\u00edsimo descanso os dejamos con el plazo de isncripci\u00f3n abierto para el curso \" MATEM\u00c1TICAS MANIPULATIVAS Y RESOLUCI\u00d3N DE PROBLEMAS EN EL AULA DE EDUCACI\u00d3N PRIMARIA\". Para ver los detalles, fechas y poder inscribiros s\u00f3lo ten\u00e9is que seguir este enlace.","rel":"","context":"En \u00abFormaciones\u00bb","block_context":{"text":"Formaciones","link":"https:\/\/cepronda.com\/blog\/category\/formaciones\/"},"img":{"alt_text":"","src":"https:\/\/i0.wp.com\/cepronda.com\/blog\/wp-content\/uploads\/2020\/02\/matematicas.png?fit=528%2C747&ssl=1&resize=350%2C200","width":350,"height":200,"srcset":"https:\/\/i0.wp.com\/cepronda.com\/blog\/wp-content\/uploads\/2020\/02\/matematicas.png?fit=528%2C747&ssl=1&resize=350%2C200 1x, https:\/\/i0.wp.com\/cepronda.com\/blog\/wp-content\/uploads\/2020\/02\/matematicas.png?fit=528%2C747&ssl=1&resize=525%2C300 1.5x"},"classes":[]}],"jetpack_sharing_enabled":true,"_links":{"self":[{"href":"https:\/\/cepronda.com\/blog\/wp-json\/wp\/v2\/posts\/1402","targetHints":{"allow":["GET"]}}],"collection":[{"href":"https:\/\/cepronda.com\/blog\/wp-json\/wp\/v2\/posts"}],"about":[{"href":"https:\/\/cepronda.com\/blog\/wp-json\/wp\/v2\/types\/post"}],"author":[{"embeddable":true,"href":"https:\/\/cepronda.com\/blog\/wp-json\/wp\/v2\/users\/3"}],"replies":[{"embeddable":true,"href":"https:\/\/cepronda.com\/blog\/wp-json\/wp\/v2\/comments?post=1402"}],"version-history":[{"count":1,"href":"https:\/\/cepronda.com\/blog\/wp-json\/wp\/v2\/posts\/1402\/revisions"}],"predecessor-version":[{"id":1404,"href":"https:\/\/cepronda.com\/blog\/wp-json\/wp\/v2\/posts\/1402\/revisions\/1404"}],"wp:featuredmedia":[{"embeddable":true,"href":"https:\/\/cepronda.com\/blog\/wp-json\/wp\/v2\/media\/1403"}],"wp:attachment":[{"href":"https:\/\/cepronda.com\/blog\/wp-json\/wp\/v2\/media?parent=1402"}],"wp:term":[{"taxonomy":"category","embeddable":true,"href":"https:\/\/cepronda.com\/blog\/wp-json\/wp\/v2\/categories?post=1402"},{"taxonomy":"post_tag","embeddable":true,"href":"https:\/\/cepronda.com\/blog\/wp-json\/wp\/v2\/tags?post=1402"}],"curies":[{"name":"wp","href":"https:\/\/api.w.org\/{rel}","templated":true}]}}