{"id":1399,"date":"2017-11-08T19:33:05","date_gmt":"2017-11-08T18:33:05","guid":{"rendered":"http:\/\/cepronda.com\/blog\/?p=1399"},"modified":"2017-11-08T19:33:05","modified_gmt":"2017-11-08T18:33:05","slug":"celebracion-dia-del-flamenco","status":"publish","type":"post","link":"https:\/\/cepronda.com\/blog\/celebracion-dia-del-flamenco\/","title":{"rendered":"Celebraci\u00f3n D\u00eda del Flamenco"},"content":{"rendered":"<p>\u00a1Hola!<\/p>\n<p>Se acaban de publicar unas instrucciones para la celebraci\u00f3n del D\u00eda del Flamenco el pr\u00f3ximo 16 de noviembre. Compartimos con todos y todas vosotras estas instrucciones, as\u00ed como el <a href=\"http:\/\/www.juntadeandalucia.es\/educacion\/portals\/web\/ced\/contenidos\/-\/contenidos\/detalle\/celebracion-del-dia-del-flamenco-y-programacion-de-actividades-extraescolares-y-complementarias-en-los-centros-docentes-14e4f4q0sa2c7\" target=\"_blank\" rel=\"noopener\">enlace a las mismas.<\/a><\/p>\n<p><em>\u00abLa importancia del Flamenco como una de las manifestaciones culturales principales de nuestra Comunidad Aut\u00f3noma qued\u00f3 avalada por la UNESCO mediante la incorporaci\u00f3n el d\u00eda 16 de noviembre de 2010 al Patrimonio Cultural Inmaterial de la Humanidad, y por el Consejo de Gobierno de la Junta de Andaluc\u00eda declarando dicho d\u00eda como D\u00eda del Flamenco en el \u00e1mbito de la Comunidad Aut\u00f3noma de Andaluc\u00eda.<\/em><\/p>\n<p><em>La Orden de 7 de mayo de 2014 de la Consejer\u00eda de Educaci\u00f3n, Cultura y Deporte establece una serie de medidas para la inclusi\u00f3n del flamenco en el sistema educativo andaluz. Entre ellas, est\u00e1 el Portal Educativo del Flamenco;&nbsp; la convocatoria de proyectos de investigaci\u00f3n e innovaci\u00f3n y desarrollo curricular y de elaboraci\u00f3n de materiales curriculares y recursos did\u00e1cticos o la creaci\u00f3n de los Premios \u201cFlamenco en el Aula\u201d en dos modalidades, en plena fase de realizaci\u00f3n; y la inclusi\u00f3n del Flamenco en la planificaci\u00f3n de actividades extraescolares y complementarias del centro.<\/em><\/p>\n<p><em>Con tal motivo se promulgaron las vigentes Instrucciones de 6 de noviembre de 2014, de la Direcci\u00f3n General de Innovaci\u00f3n Educativa y Formaci\u00f3n del Profesorado, a fin de que todos los centros docentes no universitarios sostenidos con fondos p\u00fablicos de esta Comunidad Aut\u00f3noma celebren el&nbsp; d\u00eda 16 de noviembre de cada a\u00f1o o con anterioridad al mismo si recayese en d\u00eda no lectivo, el D\u00eda del Flamenco\u00bb.<\/em><\/p>\n<p><a href=\"http:\/\/www.juntadeandalucia.es\/educacion\/portals\/web\/ced\/contenidos\/-\/contenidos\/detalle\/celebracion-del-dia-del-flamenco-y-programacion-de-actividades-extraescolares-y-complementarias-en-los-centros-docentes-14e4f4q0sa2c7\" target=\"_blank\" rel=\"noopener\"><img data-recalc-dims=\"1\" loading=\"lazy\" decoding=\"async\" class=\"aligncenter wp-image-1400 size-full\" src=\"https:\/\/i0.wp.com\/cepronda.com\/blog\/wp-content\/uploads\/2017\/11\/spain-632802_640.jpg?resize=640%2C450\" alt=\"\" width=\"640\" height=\"450\" srcset=\"https:\/\/i0.wp.com\/cepronda.com\/blog\/wp-content\/uploads\/2017\/11\/spain-632802_640.jpg?w=640&amp;ssl=1 640w, https:\/\/i0.wp.com\/cepronda.com\/blog\/wp-content\/uploads\/2017\/11\/spain-632802_640.jpg?resize=300%2C211&amp;ssl=1 300w\" sizes=\"auto, (max-width: 640px) 100vw, 640px\" \/><\/a><\/p>\n","protected":false},"excerpt":{"rendered":"<p>\u00a1Hola! Se acaban de publicar unas instrucciones para la celebraci\u00f3n del D\u00eda del Flamenco el pr\u00f3ximo 16 de noviembre. Compartimos con todos y todas vosotras estas instrucciones, as\u00ed como el enlace a las mismas. \u00abLa importancia del Flamenco como una de las manifestaciones culturales principales de nuestra Comunidad Aut\u00f3noma qued\u00f3 avalada por la UNESCO mediante [&hellip;]<\/p>\n","protected":false},"author":3,"featured_media":1400,"comment_status":"open","ping_status":"open","sticky":false,"template":"","format":"standard","meta":{"_crdt_document":"","advanced_seo_description":"","jetpack_seo_html_title":"","jetpack_seo_noindex":false,"jetpack_post_was_ever_published":false,"_jetpack_newsletter_access":"","_jetpack_dont_email_post_to_subs":false,"_jetpack_newsletter_tier_id":0,"_jetpack_memberships_contains_paywalled_content":false,"_jetpack_memberships_contains_paid_content":false,"footnotes":"","jetpack_publicize_message":"","jetpack_publicize_feature_enabled":true,"jetpack_social_post_already_shared":true,"jetpack_social_options":{"image_generator_settings":{"template":"highway","default_image_id":0,"font":"","enabled":false},"version":2}},"categories":[5],"tags":[27],"class_list":{"0":"post-1399","1":"post","2":"type-post","3":"status-publish","4":"format-standard","5":"has-post-thumbnail","7":"category-noticias","8":"tag-flamenco","9":"czr-hentry"},"jetpack_publicize_connections":[],"jetpack_featured_media_url":"https:\/\/i0.wp.com\/cepronda.com\/blog\/wp-content\/uploads\/2017\/11\/spain-632802_640.jpg?fit=640%2C450&ssl=1","jetpack_shortlink":"https:\/\/wp.me\/p8M4X7-mz","jetpack-related-posts":[{"id":349,"url":"https:\/\/cepronda.com\/blog\/349-2\/","url_meta":{"origin":1399,"position":0},"title":"Rayuelas de compases flamencos","author":"V\u00edctor Caballero","date":"17 noviembre, 2016","format":false,"excerpt":"\u00a1Hola! nos ha llegado al CEP una gran idea para trabajar con nuestro alumnado en el patio del colegio el flamenco, y la compartimos con todas y todos vosotros. Nos parece una idea chul\u00edsima, y seguro que vosotras y vosotros tambi\u00e9n lo consider\u00e1is as\u00ed. La Bienal de Flamenco se suma\u2026","rel":"","context":"En \u00abNoticias\u00bb","block_context":{"text":"Noticias","link":"https:\/\/cepronda.com\/blog\/category\/noticias\/"},"img":{"alt_text":"","src":"","width":0,"height":0},"classes":[]},{"id":6101,"url":"https:\/\/cepronda.com\/blog\/ii-congreso-de-educacion-y-flamenco-innovacion-investigacion-y-transformacion\/","url_meta":{"origin":1399,"position":1},"title":"*II CONGRESO DE EDUCACI\u00d3N Y FLAMENCO. INNOVACI\u00d3N, INVESTIGACI\u00d3N Y TRANSFORMACI\u00d3N*","author":"Inmaculada Garc\u00eda","date":"16 octubre, 2023","format":false,"excerpt":"Hasta el pr\u00f3ximo 23 de Octubre a las 14:00 h. se encuentra abierto el plazo de inscripci\u00f3n para la actividad formativa REGIONAL: *II CONGRESO DE EDUCACI\u00d3N Y FLAMENCO. INNOVACI\u00d3N, INVESTIGACI\u00d3N Y TRANSFORMACI\u00d3N* (242319GE001). Esta formaci\u00f3n se desarrollar\u00e1 de forma *presencial en Ja\u00e9n durante los d\u00edas 22, 23 y 24 de\u2026","rel":"","context":"En \u00abFormaciones\u00bb","block_context":{"text":"Formaciones","link":"https:\/\/cepronda.com\/blog\/category\/formaciones\/"},"img":{"alt_text":"","src":"https:\/\/i0.wp.com\/cepronda.com\/blog\/wp-content\/uploads\/2023\/10\/WhatsApp-Image-2023-10-13-at-09.28.51.jpeg?fit=398%2C760&ssl=1&resize=350%2C200","width":350,"height":200},"classes":[]},{"id":2386,"url":"https:\/\/cepronda.com\/blog\/premios-flamenco-en-el-aula\/","url_meta":{"origin":1399,"position":2},"title":"Premios Flamenco en el aula","author":"V\u00edctor Caballero","date":"18 octubre, 2018","format":false,"excerpt":"Buenos d\u00edas lluviosos,\u00a0 Compartimos con todos aquellos centros que est\u00e9is interesados la Resoluci\u00f3n por la que se convocan los Premios Flamenco en el aula, enfocado tanto a la elaboraci\u00f3n de materiales curriculares y recursos did\u00e1cticos, como al reconocimiento de experiencias y buenas pr\u00e1cticas docentes.\u00a0 El plazo de presentaci\u00f3n de candidaturas\u2026","rel":"","context":"En \u00abFormaciones\u00bb","block_context":{"text":"Formaciones","link":"https:\/\/cepronda.com\/blog\/category\/formaciones\/"},"img":{"alt_text":"","src":"https:\/\/i0.wp.com\/cepronda.com\/blog\/wp-content\/uploads\/2018\/10\/flamencoenelaula-1.png?fit=794%2C1123&ssl=1&resize=350%2C200","width":350,"height":200,"srcset":"https:\/\/i0.wp.com\/cepronda.com\/blog\/wp-content\/uploads\/2018\/10\/flamencoenelaula-1.png?fit=794%2C1123&ssl=1&resize=350%2C200 1x, https:\/\/i0.wp.com\/cepronda.com\/blog\/wp-content\/uploads\/2018\/10\/flamencoenelaula-1.png?fit=794%2C1123&ssl=1&resize=525%2C300 1.5x, https:\/\/i0.wp.com\/cepronda.com\/blog\/wp-content\/uploads\/2018\/10\/flamencoenelaula-1.png?fit=794%2C1123&ssl=1&resize=700%2C400 2x"},"classes":[]},{"id":8899,"url":"https:\/\/cepronda.com\/blog\/8899-2\/","url_meta":{"origin":1399,"position":3},"title":"III CONGRESO INTERNACIONAL DE EDUCACI\u00d3N Y FLAMENCO: FORMACI\u00d3N E INNOVACI\u00d3N EN EL AULA.","author":"Inmaculada Garc\u00eda","date":"9 octubre, 2025","format":false,"excerpt":"Os informamos de que ya est\u00e1 abierto el plazo de inscripci\u00f3n en el III CONGRESO INTERNACIONAL DE EDUCACI\u00d3N Y FLAMENCO: FORMACI\u00d3N E INNOVACI\u00d3N EN EL AULA. (C\u00f3digo 269915CIEF03) Esta actividad regional se celebrar\u00e1 en Huelva los d\u00edas 11-13 de noviembre. \u00a0 Fecha inscripci\u00f3n: 03\/10\/2025 hasta 20\/10\/2025 \u00a0 Para inscripci\u00f3n y\u2026","rel":"","context":"En \u00abFormaciones\u00bb","block_context":{"text":"Formaciones","link":"https:\/\/cepronda.com\/blog\/category\/formaciones\/"},"img":{"alt_text":"","src":"https:\/\/i0.wp.com\/cepronda.com\/blog\/wp-content\/uploads\/2025\/10\/flamenco-cep-huelva2.jpg?fit=740%2C1200&ssl=1&resize=350%2C200","width":350,"height":200,"srcset":"https:\/\/i0.wp.com\/cepronda.com\/blog\/wp-content\/uploads\/2025\/10\/flamenco-cep-huelva2.jpg?fit=740%2C1200&ssl=1&resize=350%2C200 1x, https:\/\/i0.wp.com\/cepronda.com\/blog\/wp-content\/uploads\/2025\/10\/flamenco-cep-huelva2.jpg?fit=740%2C1200&ssl=1&resize=525%2C300 1.5x, https:\/\/i0.wp.com\/cepronda.com\/blog\/wp-content\/uploads\/2025\/10\/flamenco-cep-huelva2.jpg?fit=740%2C1200&ssl=1&resize=700%2C400 2x"},"classes":[]},{"id":643,"url":"https:\/\/cepronda.com\/blog\/campana-con-motivo-del-dia-de-andalucia-la-historia-tambien-la-escriben-ellas\/","url_meta":{"origin":1399,"position":4},"title":"Campa\u00f1a con motivo del D\u00eda de Andaluc\u00eda: La Historia tambi\u00e9n la escriben ELLAS","author":"V\u00edctor Caballero","date":"2 febrero, 2017","format":false,"excerpt":"\u00a1Muy buenas! \u00a0 Buceando por internet y buscando aspectos relativos al Plan de Igualdad de Centro, me he encontrado con esta Campa\u00f1a y me ha resultado muy interesante y por eso quiero compartirlo con todas y todos vosotros. Adem\u00e1s de materiales tambi\u00e9n tiene una serie de v\u00eddeos muy chulos. Os\u2026","rel":"","context":"En \u00abNoticias\u00bb","block_context":{"text":"Noticias","link":"https:\/\/cepronda.com\/blog\/category\/noticias\/"},"img":{"alt_text":"","src":"","width":0,"height":0},"classes":[]},{"id":8992,"url":"https:\/\/cepronda.com\/blog\/historia-de-nuestros-simbolos-conmemoracion-del-dia-de-la-bandera-de-andalucia-2\/","url_meta":{"origin":1399,"position":5},"title":"HISTORIA DE NUESTROS S\u00cdMBOLOS: CONMEMORACI\u00d3N DEL D\u00cdA DE LA BANDERA DE ANDALUC\u00cdA","author":"Inmaculada Garc\u00eda","date":"29 octubre, 2025","format":false,"excerpt":"Estimado\/a docente: \u00a0 Hasta el pr\u00f3ximo 7 de noviembre de 2025 se encuentra abierto el plazo de inscripci\u00f3n para la actividad formativa de \u00e1mbito regional: \"HISTORIA DE NUESTROS S\u00cdMBOLOS: CONMEMORACI\u00d3N DEL D\u00cdA DE LA BANDERA DE ANDALUC\u00cdA\", con c\u00f3digo 269919KPF430A. Se trata de un curso a distancia que se realizar\u00e1\u2026","rel":"","context":"En \u00abFormaciones\u00bb","block_context":{"text":"Formaciones","link":"https:\/\/cepronda.com\/blog\/category\/formaciones\/"},"img":{"alt_text":"","src":"https:\/\/i0.wp.com\/cepronda.com\/blog\/wp-content\/uploads\/2025\/10\/image.png?fit=800%2C200&ssl=1&resize=350%2C200","width":350,"height":200,"srcset":"https:\/\/i0.wp.com\/cepronda.com\/blog\/wp-content\/uploads\/2025\/10\/image.png?fit=800%2C200&ssl=1&resize=350%2C200 1x, https:\/\/i0.wp.com\/cepronda.com\/blog\/wp-content\/uploads\/2025\/10\/image.png?fit=800%2C200&ssl=1&resize=525%2C300 1.5x, https:\/\/i0.wp.com\/cepronda.com\/blog\/wp-content\/uploads\/2025\/10\/image.png?fit=800%2C200&ssl=1&resize=700%2C400 2x"},"classes":[]}],"jetpack_sharing_enabled":true,"_links":{"self":[{"href":"https:\/\/cepronda.com\/blog\/wp-json\/wp\/v2\/posts\/1399","targetHints":{"allow":["GET"]}}],"collection":[{"href":"https:\/\/cepronda.com\/blog\/wp-json\/wp\/v2\/posts"}],"about":[{"href":"https:\/\/cepronda.com\/blog\/wp-json\/wp\/v2\/types\/post"}],"author":[{"embeddable":true,"href":"https:\/\/cepronda.com\/blog\/wp-json\/wp\/v2\/users\/3"}],"replies":[{"embeddable":true,"href":"https:\/\/cepronda.com\/blog\/wp-json\/wp\/v2\/comments?post=1399"}],"version-history":[{"count":1,"href":"https:\/\/cepronda.com\/blog\/wp-json\/wp\/v2\/posts\/1399\/revisions"}],"predecessor-version":[{"id":1401,"href":"https:\/\/cepronda.com\/blog\/wp-json\/wp\/v2\/posts\/1399\/revisions\/1401"}],"wp:featuredmedia":[{"embeddable":true,"href":"https:\/\/cepronda.com\/blog\/wp-json\/wp\/v2\/media\/1400"}],"wp:attachment":[{"href":"https:\/\/cepronda.com\/blog\/wp-json\/wp\/v2\/media?parent=1399"}],"wp:term":[{"taxonomy":"category","embeddable":true,"href":"https:\/\/cepronda.com\/blog\/wp-json\/wp\/v2\/categories?post=1399"},{"taxonomy":"post_tag","embeddable":true,"href":"https:\/\/cepronda.com\/blog\/wp-json\/wp\/v2\/tags?post=1399"}],"curies":[{"name":"wp","href":"https:\/\/api.w.org\/{rel}","templated":true}]}}