{"id":1394,"date":"2017-11-06T11:56:17","date_gmt":"2017-11-06T10:56:17","guid":{"rendered":"http:\/\/cepronda.com\/blog\/?p=1394"},"modified":"2017-11-06T11:56:17","modified_gmt":"2017-11-06T10:56:17","slug":"curso-para-los-especialistas-de-educacion-fisica","status":"publish","type":"post","link":"https:\/\/cepronda.com\/blog\/curso-para-los-especialistas-de-educacion-fisica\/","title":{"rendered":"Curso para los especialistas de Educaci\u00f3n F\u00edsica"},"content":{"rendered":"<p>Y seguimos atendiendo a vuestras demandas formativas, intentando no dejar atr\u00e1s ninguna especialidad. En este caso nos dirigimos a los y las especialistas de Educaci\u00f3n F\u00edsica, esas personas locas del ch\u00e1ndal, a las que proponemos el curso \u00abACTIVIDADES Y ESTRATEGIAS PARA LAS CLASES DE EDUCACI\u00d3N F\u00cdSICA\u00bb<\/p>\n<p>El presente curso tiene la finalidad de comunicar estrategias y actividades \u00fatiles para todos los profesionales del \u00e1mbito de la Educaci\u00f3n F\u00edsica. La formaci\u00f3n ofertada se centra en la vertiente m\u00e1s pr\u00e1ctica de la labor del profesor de Educaci\u00f3n F\u00edsica, aquella que desarrolla con su alumnado. Por tanto se intentar\u00e1 tener especialmente presente la realidad del docente en las clases y no solamente las situaciones que ser\u00edan deseables. Las estrategias y actividades presentadas pretenden ser una soluci\u00f3n a las distintas situaciones y a los problemas a los que los docentes se enfrentan cada d\u00eda en el desempe\u00f1o de su profesi\u00f3n. En el curso se abordar\u00e1n adem\u00e1s de actividades para desarrollar los contenidos propios de la materia, estrategias para la gesti\u00f3n del grupo de clase (llamar la atenci\u00f3n, pasar lista, evaluar, etc.) El criterio principal con el que han sido seleccionadas las distintas estrategias y actividades es el de la utilidad. En este caso ser creativo no es una finalidad en s\u00ed misma, es simplemente un medio para alcanzar soluciones \u00fatiles y eficaces con las que mejorar la pr\u00e1ctica docente.&nbsp;<\/p>\n<p>El curso tendr\u00e1 9h de duraci\u00f3n concentradas en una tarde y una ma\u00f1ana ya que el ponente (Jorge Parra Casta\u00f1o) es de Asturias, y vamos a aprovechar al m\u00e1ximo su fant\u00e1stica predisposici\u00f3n.&nbsp;<\/p>\n<p>Toda la informaci\u00f3n y la posibilidad de inscribiros la ten\u00e9is en el <a href=\"https:\/\/www.juntadeandalucia.es\/educacion\/secretariavirtual\/consultaCEP\/actividad\/182924GE107\/\" target=\"_blank\" rel=\"noopener\">siguiente enlace<\/a>.&nbsp;<\/p>\n<p><a href=\"https:\/\/www.juntadeandalucia.es\/educacion\/secretariavirtual\/consultaCEP\/actividad\/182924GE107\/\" target=\"_blank\" rel=\"noopener\"><img data-recalc-dims=\"1\" loading=\"lazy\" decoding=\"async\" class=\"aligncenter wp-image-1395 size-full\" src=\"https:\/\/i0.wp.com\/cepronda.com\/blog\/wp-content\/uploads\/2017\/11\/sport-927759_640.jpg?resize=640%2C425\" alt=\"\" width=\"640\" height=\"425\" srcset=\"https:\/\/i0.wp.com\/cepronda.com\/blog\/wp-content\/uploads\/2017\/11\/sport-927759_640.jpg?w=640&amp;ssl=1 640w, https:\/\/i0.wp.com\/cepronda.com\/blog\/wp-content\/uploads\/2017\/11\/sport-927759_640.jpg?resize=300%2C199&amp;ssl=1 300w\" sizes=\"auto, (max-width: 640px) 100vw, 640px\" \/><\/a><\/p>\n","protected":false},"excerpt":{"rendered":"<p>Y seguimos atendiendo a vuestras demandas formativas, intentando no dejar atr\u00e1s ninguna especialidad. En este caso nos dirigimos a los y las especialistas de Educaci\u00f3n F\u00edsica, esas personas locas del ch\u00e1ndal, a las que proponemos el curso \u00abACTIVIDADES Y ESTRATEGIAS PARA LAS CLASES DE EDUCACI\u00d3N F\u00cdSICA\u00bb El presente curso tiene la finalidad de comunicar estrategias [&hellip;]<\/p>\n","protected":false},"author":3,"featured_media":1395,"comment_status":"open","ping_status":"open","sticky":false,"template":"","format":"standard","meta":{"_crdt_document":"","advanced_seo_description":"","jetpack_seo_html_title":"","jetpack_seo_noindex":false,"jetpack_post_was_ever_published":false,"_jetpack_newsletter_access":"","_jetpack_dont_email_post_to_subs":false,"_jetpack_newsletter_tier_id":0,"_jetpack_memberships_contains_paywalled_content":false,"_jetpack_memberships_contains_paid_content":false,"footnotes":"","jetpack_publicize_message":"Curso para los especialistas de Educaci\u00f3n F\u00edsica \"ACTIVIDADES Y ESTRATEGIAS PARA LAS CLASES DE EDUCACI\u00d3N F\u00cdSICA\"","jetpack_publicize_feature_enabled":true,"jetpack_social_post_already_shared":true,"jetpack_social_options":{"image_generator_settings":{"template":"highway","default_image_id":0,"font":"","enabled":false},"version":2}},"categories":[3],"tags":[22],"class_list":{"0":"post-1394","1":"post","2":"type-post","3":"status-publish","4":"format-standard","5":"has-post-thumbnail","7":"category-formaciones","8":"tag-ef","9":"czr-hentry"},"jetpack_publicize_connections":[],"jetpack_featured_media_url":"https:\/\/i0.wp.com\/cepronda.com\/blog\/wp-content\/uploads\/2017\/11\/sport-927759_640.jpg?fit=640%2C425&ssl=1","jetpack_shortlink":"https:\/\/wp.me\/p8M4X7-mu","jetpack-related-posts":[{"id":4402,"url":"https:\/\/cepronda.com\/blog\/la-educacion-fisica-una-experiencia-positiva-para-tods-el-estilo-actitudinal\/","url_meta":{"origin":1394,"position":0},"title":"LA EDUCACI\u00d3N F\u00cdSICA, UNA EXPERIENCIA POSITIVA PARA TOD@S. EL ESTILO ACTITUDINAL","author":"V\u00edctor Caballero","date":"12 abril, 2021","format":false,"excerpt":"Estimado\/a compa\u00f1ero\/a Te informamos que se ha abierto el plazo de inscripci\u00f3n al Curso \u201cLA EDUCACI\u00d3N F\u00cdSICA, UNA EXPERIENCIA POSITIVA PARA TOD@S. EL ESTILO ACTITUDINAL\u201d, con c\u00f3digo: 212926EF504. Para m\u00e1s informaci\u00f3n e inscripci\u00f3n pincha en el siguiente enlace: https:\/\/www.juntadeandalucia.es\/educacion\/secretariavirtual\/consultaCEP\/actividad\/212926EF504\/ Comienzo del curso: 04\/05\/2021 Lugar de realizaci\u00f3n: Aula Virtual de Formaci\u00f3n\u2026","rel":"","context":"En \u00abFormaciones\u00bb","block_context":{"text":"Formaciones","link":"https:\/\/cepronda.com\/blog\/category\/formaciones\/"},"img":{"alt_text":"","src":"https:\/\/i0.wp.com\/cepronda.com\/blog\/wp-content\/uploads\/2021\/04\/WhatsApp-Image-2021-04-12-at-13.37.32.jpeg?fit=848%2C1200&ssl=1&resize=350%2C200","width":350,"height":200,"srcset":"https:\/\/i0.wp.com\/cepronda.com\/blog\/wp-content\/uploads\/2021\/04\/WhatsApp-Image-2021-04-12-at-13.37.32.jpeg?fit=848%2C1200&ssl=1&resize=350%2C200 1x, https:\/\/i0.wp.com\/cepronda.com\/blog\/wp-content\/uploads\/2021\/04\/WhatsApp-Image-2021-04-12-at-13.37.32.jpeg?fit=848%2C1200&ssl=1&resize=525%2C300 1.5x, https:\/\/i0.wp.com\/cepronda.com\/blog\/wp-content\/uploads\/2021\/04\/WhatsApp-Image-2021-04-12-at-13.37.32.jpeg?fit=848%2C1200&ssl=1&resize=700%2C400 2x"},"classes":[]},{"id":2560,"url":"https:\/\/cepronda.com\/blog\/parkour-en-el-area-de-educacion-fisica\/","url_meta":{"origin":1394,"position":1},"title":"PARKOUR EN EL \u00c1REA DE EDUCACI\u00d3N F\u00cdSICA","author":"V\u00edctor Caballero","date":"8 enero, 2019","format":false,"excerpt":"Hola de nuevo, En este caso queremos contaros esta actividad dirigida al profesorado de Educaci\u00f3n F\u00edsica, aunque tendr\u00e1 preferencia el profesorado integrante del Grupo de Trabajo \"Innovar en Educaci\u00f3n F\u00edsica 3.0\". Os animamos a participar en la misma, ya que el Parkour supone una herramienta muy interesante a usar en\u2026","rel":"","context":"En \u00abFormaciones\u00bb","block_context":{"text":"Formaciones","link":"https:\/\/cepronda.com\/blog\/category\/formaciones\/"},"img":{"alt_text":"","src":"https:\/\/i0.wp.com\/cepronda.com\/blog\/wp-content\/uploads\/2019\/01\/disintegration-1819860_1920.jpg?fit=1200%2C797&ssl=1&resize=350%2C200","width":350,"height":200,"srcset":"https:\/\/i0.wp.com\/cepronda.com\/blog\/wp-content\/uploads\/2019\/01\/disintegration-1819860_1920.jpg?fit=1200%2C797&ssl=1&resize=350%2C200 1x, https:\/\/i0.wp.com\/cepronda.com\/blog\/wp-content\/uploads\/2019\/01\/disintegration-1819860_1920.jpg?fit=1200%2C797&ssl=1&resize=525%2C300 1.5x, https:\/\/i0.wp.com\/cepronda.com\/blog\/wp-content\/uploads\/2019\/01\/disintegration-1819860_1920.jpg?fit=1200%2C797&ssl=1&resize=700%2C400 2x, https:\/\/i0.wp.com\/cepronda.com\/blog\/wp-content\/uploads\/2019\/01\/disintegration-1819860_1920.jpg?fit=1200%2C797&ssl=1&resize=1050%2C600 3x"},"classes":[]},{"id":5789,"url":"https:\/\/cepronda.com\/blog\/vi-jornadas-provinciales-de-educacion-fisica-provincia-de-malaga\/","url_meta":{"origin":1394,"position":2},"title":"VI JORNADAS PROVINCIALES DE EDUCACI\u00d3N F\u00cdSICA (Provincia de M\u00e1laga)","author":"V\u00edctor Caballero","date":"17 febrero, 2023","format":false,"excerpt":"Buenos d\u00edas. \u00a1Este curso s\u00ed que s\u00ed! El equipo provincial de Educaci\u00f3n F\u00edsica de la red asesora de la provincia de M\u00e1laga ya est\u00e1 trabajando de pleno en las VI Jornadas provinciales de E.F. Muy atentos a las redes sociales y a la mensajer\u00eda de S\u00e9neca ya que las plazas\u2026","rel":"","context":"En \u00abNoticias\u00bb","block_context":{"text":"Noticias","link":"https:\/\/cepronda.com\/blog\/category\/noticias\/"},"img":{"alt_text":"","src":"https:\/\/i0.wp.com\/cepronda.com\/blog\/wp-content\/uploads\/2023\/02\/EF.jpeg?fit=1080%2C1080&ssl=1&resize=350%2C200","width":350,"height":200,"srcset":"https:\/\/i0.wp.com\/cepronda.com\/blog\/wp-content\/uploads\/2023\/02\/EF.jpeg?fit=1080%2C1080&ssl=1&resize=350%2C200 1x, https:\/\/i0.wp.com\/cepronda.com\/blog\/wp-content\/uploads\/2023\/02\/EF.jpeg?fit=1080%2C1080&ssl=1&resize=525%2C300 1.5x, https:\/\/i0.wp.com\/cepronda.com\/blog\/wp-content\/uploads\/2023\/02\/EF.jpeg?fit=1080%2C1080&ssl=1&resize=700%2C400 2x, https:\/\/i0.wp.com\/cepronda.com\/blog\/wp-content\/uploads\/2023\/02\/EF.jpeg?fit=1080%2C1080&ssl=1&resize=1050%2C600 3x"},"classes":[]},{"id":7500,"url":"https:\/\/cepronda.com\/blog\/nuevas-tendencias-en-clases-de-educacion-fisica-salud-corporal\/","url_meta":{"origin":1394,"position":3},"title":"NUEVAS TENDENCIAS EN CLASES DE EDUCACI\u00d3N F\u00cdSICA. SALUD CORPORAL","author":"V\u00edctor Caballero","date":"6 marzo, 2024","format":false,"excerpt":"Se encuentra abierto el plazo de inscripci\u00f3n para la formaci\u00f3n \u201cNUEVAS TENDENCIAS EN CLASES DE EDUCACI\u00d3N F\u00cdSICA. SALUD CORPORAL.\" C\u00d3DIGO 242924GE052. Duraci\u00f3n de la actividad 15 horas presenciales. Fecha actividad: X3 y X10 abril (17 a 19:30h): Pickleball (Antonio Casquero) X17 y X24 abril (17 a 19:30h): Tchoukball (Roc\u00edo Carro\u2026","rel":"","context":"En \u00abFormaciones\u00bb","block_context":{"text":"Formaciones","link":"https:\/\/cepronda.com\/blog\/category\/formaciones\/"},"img":{"alt_text":"","src":"https:\/\/i0.wp.com\/cepronda.com\/blog\/wp-content\/uploads\/2024\/03\/242924GE052-CARTEL-Nuevas-tendencias-EF.png?fit=1080%2C1080&ssl=1&resize=350%2C200","width":350,"height":200,"srcset":"https:\/\/i0.wp.com\/cepronda.com\/blog\/wp-content\/uploads\/2024\/03\/242924GE052-CARTEL-Nuevas-tendencias-EF.png?fit=1080%2C1080&ssl=1&resize=350%2C200 1x, https:\/\/i0.wp.com\/cepronda.com\/blog\/wp-content\/uploads\/2024\/03\/242924GE052-CARTEL-Nuevas-tendencias-EF.png?fit=1080%2C1080&ssl=1&resize=525%2C300 1.5x, https:\/\/i0.wp.com\/cepronda.com\/blog\/wp-content\/uploads\/2024\/03\/242924GE052-CARTEL-Nuevas-tendencias-EF.png?fit=1080%2C1080&ssl=1&resize=700%2C400 2x, https:\/\/i0.wp.com\/cepronda.com\/blog\/wp-content\/uploads\/2024\/03\/242924GE052-CARTEL-Nuevas-tendencias-EF.png?fit=1080%2C1080&ssl=1&resize=1050%2C600 3x"},"classes":[]},{"id":4935,"url":"https:\/\/cepronda.com\/blog\/danzas-urbanas-aplicadas-al-area-de-educacion-fisica-ii\/","url_meta":{"origin":1394,"position":4},"title":"DANZAS URBANAS APLICADAS AL \u00c1REA DE EDUCACI\u00d3N F\u00cdSICA II","author":"V\u00edctor Caballero","date":"10 enero, 2022","format":false,"excerpt":"Buenas tardes compa\u00f1eros y compa\u00f1eras. Os informamos de la apertura de solicitudes para un curso muy interesante sobre: DANZAS URBANAS APLICADAS AL \u00c1REA DE EDUCACI\u00d3N F\u00cdSICA II (222924GE052) Curso de 10 h totales (destinado a profesorado de Educaci\u00f3n f\u00edsica y m\u00fasica) 4 sesiones de 2,5 horas presenciales y eminentemente pr\u00e1cticas.\u2026","rel":"","context":"En \u00abFormaciones\u00bb","block_context":{"text":"Formaciones","link":"https:\/\/cepronda.com\/blog\/category\/formaciones\/"},"img":{"alt_text":"","src":"https:\/\/i0.wp.com\/cepronda.com\/blog\/wp-content\/uploads\/2022\/01\/Cartel-Danza-urbana-II-222924GE052-.png?fit=848%2C1200&ssl=1&resize=350%2C200","width":350,"height":200,"srcset":"https:\/\/i0.wp.com\/cepronda.com\/blog\/wp-content\/uploads\/2022\/01\/Cartel-Danza-urbana-II-222924GE052-.png?fit=848%2C1200&ssl=1&resize=350%2C200 1x, https:\/\/i0.wp.com\/cepronda.com\/blog\/wp-content\/uploads\/2022\/01\/Cartel-Danza-urbana-II-222924GE052-.png?fit=848%2C1200&ssl=1&resize=525%2C300 1.5x, https:\/\/i0.wp.com\/cepronda.com\/blog\/wp-content\/uploads\/2022\/01\/Cartel-Danza-urbana-II-222924GE052-.png?fit=848%2C1200&ssl=1&resize=700%2C400 2x"},"classes":[]},{"id":8891,"url":"https:\/\/cepronda.com\/blog\/la-inclusion-mediante-nuevos-deportes-alternativos-en-el-curriculum-de-educacion-fisica\/","url_meta":{"origin":1394,"position":5},"title":"LA INCLUSI\u00d3N MEDIANTE NUEVOS DEPORTES ALTERNATIVOS EN EL CURR\u00cdCULUM DE EDUCACI\u00d3N F\u00cdSICA","author":"V\u00edctor Caballero","date":"9 octubre, 2025","format":false,"excerpt":"Abierto el plazo de inscripci\u00f3n para el curso semipresencial\u00a0 \"LA INCLUSI\u00d3N MEDIANTE NUEVOS DEPORTES ALTERNATIVOS EN EL CURR\u00cdCULUM DE EDUCACI\u00d3N F\u00cdSICA\" c\u00f3digo 262924GE101 Destinado a docentes de la especialidad de Educaci\u00f3n F\u00edsica de centros p\u00fablicos y, en segunda estancia, para docentes de otras \u00e1reas motivados por por la atenci\u00f3n a\u2026","rel":"","context":"En \u00abFormaciones\u00bb","block_context":{"text":"Formaciones","link":"https:\/\/cepronda.com\/blog\/category\/formaciones\/"},"img":{"alt_text":"","src":"https:\/\/i0.wp.com\/cepronda.com\/blog\/wp-content\/uploads\/2025\/10\/262924GE2101-Cartel-EF.png?fit=960%2C1200&ssl=1&resize=350%2C200","width":350,"height":200,"srcset":"https:\/\/i0.wp.com\/cepronda.com\/blog\/wp-content\/uploads\/2025\/10\/262924GE2101-Cartel-EF.png?fit=960%2C1200&ssl=1&resize=350%2C200 1x, https:\/\/i0.wp.com\/cepronda.com\/blog\/wp-content\/uploads\/2025\/10\/262924GE2101-Cartel-EF.png?fit=960%2C1200&ssl=1&resize=525%2C300 1.5x, https:\/\/i0.wp.com\/cepronda.com\/blog\/wp-content\/uploads\/2025\/10\/262924GE2101-Cartel-EF.png?fit=960%2C1200&ssl=1&resize=700%2C400 2x"},"classes":[]}],"jetpack_sharing_enabled":true,"_links":{"self":[{"href":"https:\/\/cepronda.com\/blog\/wp-json\/wp\/v2\/posts\/1394","targetHints":{"allow":["GET"]}}],"collection":[{"href":"https:\/\/cepronda.com\/blog\/wp-json\/wp\/v2\/posts"}],"about":[{"href":"https:\/\/cepronda.com\/blog\/wp-json\/wp\/v2\/types\/post"}],"author":[{"embeddable":true,"href":"https:\/\/cepronda.com\/blog\/wp-json\/wp\/v2\/users\/3"}],"replies":[{"embeddable":true,"href":"https:\/\/cepronda.com\/blog\/wp-json\/wp\/v2\/comments?post=1394"}],"version-history":[{"count":1,"href":"https:\/\/cepronda.com\/blog\/wp-json\/wp\/v2\/posts\/1394\/revisions"}],"predecessor-version":[{"id":1396,"href":"https:\/\/cepronda.com\/blog\/wp-json\/wp\/v2\/posts\/1394\/revisions\/1396"}],"wp:featuredmedia":[{"embeddable":true,"href":"https:\/\/cepronda.com\/blog\/wp-json\/wp\/v2\/media\/1395"}],"wp:attachment":[{"href":"https:\/\/cepronda.com\/blog\/wp-json\/wp\/v2\/media?parent=1394"}],"wp:term":[{"taxonomy":"category","embeddable":true,"href":"https:\/\/cepronda.com\/blog\/wp-json\/wp\/v2\/categories?post=1394"},{"taxonomy":"post_tag","embeddable":true,"href":"https:\/\/cepronda.com\/blog\/wp-json\/wp\/v2\/tags?post=1394"}],"curies":[{"name":"wp","href":"https:\/\/api.w.org\/{rel}","templated":true}]}}