{"id":1391,"date":"2017-11-06T11:40:38","date_gmt":"2017-11-06T10:40:38","guid":{"rendered":"http:\/\/cepronda.com\/blog\/?p=1391"},"modified":"2017-11-06T11:40:38","modified_gmt":"2017-11-06T10:40:38","slug":"curso-sobre-inteligencia-emocional-y-social-en-el-ambito-educativo","status":"publish","type":"post","link":"https:\/\/cepronda.com\/blog\/curso-sobre-inteligencia-emocional-y-social-en-el-ambito-educativo\/","title":{"rendered":"Curso sobre \u00abInteligencia emocional y social en el \u00e1mbito educativo\u00bb"},"content":{"rendered":"<p>Muy buenas a todos y a todas,<\/p>\n<p>\u00bfQu\u00e9 tal ha ido ese fin de semana \u00abm\u00e1gico\u00bb? Nosotros por nuestra parte seguimos proponiendo actividades y cursos respondiendo a vuestras demandas del presente curso y del anterior.&nbsp;<\/p>\n<p>En este caso se trata de dar respuesta a vuestras necesidades formativas sobre la inteligencia emocional y social. El curso tendr\u00e1 como objetivo general implantar un programa de Inteligencia Emocional en Primaria y\/o secundaria en el Curr\u00edculo Escolar.&nbsp;<\/p>\n<div class=\"gmail_default\">Los <b>ponentes<\/b> son:<\/div>\n<div class=\"gmail_default\">&nbsp;<\/div>\n<div class=\"gmail_default\">&#8211; <b>Alberto Ortega C\u00e1mara<\/b> (Experto en Coaching Personal y practitioner en PNL)<\/div>\n<div class=\"gmail_default\">&#8211; <b>Manuel Deco Chamorro<\/b> (<span style=\"color: #20124d; font-family: verdana, sans-serif;\">Director CEIP F\u00e9lix Rodr\u00edguez de la Fuente de Sevilla y Experto en&nbsp;<\/span>Coaching Personal)<\/div>\n<div>&nbsp;<\/div>\n<div>Ambos de gran trayectoria profesional y con los que tuvimos la suerte de contar el curso pasado en Cortes de la Frontera, donde tuvieron una gran aceptaci\u00f3n por parte del profesorado asistente.<\/div>\n<div>&nbsp;<\/div>\n<div>El plazo de solicitudes ya est\u00e1 abierto, aunque el curso no empieza hasta el mes de enero. No perd\u00e1is la oportunidad de aprender sobre la inteligencia emocional con este curso.&nbsp;<\/div>\n<div>&nbsp;<\/div>\n<div>Toda la informaci\u00f3n la ten\u00e9is en el <a href=\"https:\/\/www.juntadeandalucia.es\/educacion\/secretariavirtual\/consultaCEP\/actividad\/182924GE103\/\" target=\"_blank\" rel=\"noopener\">siguiente enlace<\/a>.&nbsp;<\/div>\n<div>&nbsp;<\/div>\n<div>&nbsp;<a href=\"https:\/\/www.juntadeandalucia.es\/educacion\/secretariavirtual\/consultaCEP\/actividad\/182924GE103\/\" target=\"_blank\" rel=\"noopener\"><img data-recalc-dims=\"1\" loading=\"lazy\" decoding=\"async\" class=\"aligncenter wp-image-1392 size-full\" src=\"https:\/\/i0.wp.com\/cepronda.com\/blog\/wp-content\/uploads\/2017\/11\/smilies-2912634_640.jpg?resize=640%2C283\" alt=\"\" width=\"640\" height=\"283\" srcset=\"https:\/\/i0.wp.com\/cepronda.com\/blog\/wp-content\/uploads\/2017\/11\/smilies-2912634_640.jpg?w=640&amp;ssl=1 640w, https:\/\/i0.wp.com\/cepronda.com\/blog\/wp-content\/uploads\/2017\/11\/smilies-2912634_640.jpg?resize=300%2C133&amp;ssl=1 300w\" sizes=\"auto, (max-width: 640px) 100vw, 640px\" \/><\/a><\/div>\n","protected":false},"excerpt":{"rendered":"<p>Muy buenas a todos y a todas, \u00bfQu\u00e9 tal ha ido ese fin de semana \u00abm\u00e1gico\u00bb? Nosotros por nuestra parte seguimos proponiendo actividades y cursos respondiendo a vuestras demandas del presente curso y del anterior.&nbsp; En este caso se trata de dar respuesta a vuestras necesidades formativas sobre la inteligencia emocional y social. El curso [&hellip;]<\/p>\n","protected":false},"author":3,"featured_media":1392,"comment_status":"open","ping_status":"open","sticky":false,"template":"","format":"standard","meta":{"_crdt_document":"","advanced_seo_description":"","jetpack_seo_html_title":"","jetpack_seo_noindex":false,"jetpack_post_was_ever_published":false,"_jetpack_newsletter_access":"","_jetpack_dont_email_post_to_subs":false,"_jetpack_newsletter_tier_id":0,"_jetpack_memberships_contains_paywalled_content":false,"_jetpack_memberships_contains_paid_content":false,"footnotes":"","jetpack_publicize_message":"Curso sobre \"Inteligencia emocional y social en el \u00e1mbito educativo\"","jetpack_publicize_feature_enabled":true,"jetpack_social_post_already_shared":true,"jetpack_social_options":{"image_generator_settings":{"template":"highway","default_image_id":0,"font":"","enabled":false},"version":2}},"categories":[3],"tags":[97],"class_list":{"0":"post-1391","1":"post","2":"type-post","3":"status-publish","4":"format-standard","5":"has-post-thumbnail","7":"category-formaciones","8":"tag-inteligencia-emocional","9":"czr-hentry"},"jetpack_publicize_connections":[],"jetpack_featured_media_url":"https:\/\/i0.wp.com\/cepronda.com\/blog\/wp-content\/uploads\/2017\/11\/smilies-2912634_640.jpg?fit=640%2C283&ssl=1","jetpack_shortlink":"https:\/\/wp.me\/p8M4X7-mr","jetpack-related-posts":[{"id":1682,"url":"https:\/\/cepronda.com\/blog\/video-tarea-de-los-super-pan-del-curso-de-inteligencia-emocional\/","url_meta":{"origin":1391,"position":0},"title":"V\u00eddeo Tarea de los Super Pan del curso de Inteligencia Emocional","author":"V\u00edctor Caballero","date":"12 abril, 2018","format":false,"excerpt":"Muy buenas,\u00a0 Ayer tarde tuve la gran oportunidad de vivir uno de esos momentos m\u00e1gicos que de cuando en cuando nos depara estar aqu\u00ed en el CEP. Vino a buscarme uno de los ponentes del curso de Inteligencia emocional para pedirme que grabara \"una cosa\"...y esto fue lo vivido... GRACIAS\u00a0\u2026","rel":"","context":"En \u00abNoticias\u00bb","block_context":{"text":"Noticias","link":"https:\/\/cepronda.com\/blog\/category\/noticias\/"},"img":{"alt_text":"","src":"https:\/\/i0.wp.com\/cepronda.com\/blog\/wp-content\/uploads\/2017\/11\/kids-2835426_640.jpg?fit=640%2C423&ssl=1&resize=350%2C200","width":350,"height":200,"srcset":"https:\/\/i0.wp.com\/cepronda.com\/blog\/wp-content\/uploads\/2017\/11\/kids-2835426_640.jpg?fit=640%2C423&ssl=1&resize=350%2C200 1x, https:\/\/i0.wp.com\/cepronda.com\/blog\/wp-content\/uploads\/2017\/11\/kids-2835426_640.jpg?fit=640%2C423&ssl=1&resize=525%2C300 1.5x"},"classes":[]},{"id":3305,"url":"https:\/\/cepronda.com\/blog\/inteligencia-emocional-una-herramienta-educativa-en-todos-los-ambitos\/","url_meta":{"origin":1391,"position":1},"title":"INTELIGENCIA EMOCIONAL. UNA HERRAMIENTA EDUCATIVA EN TODOS LOS \u00c1MBITOS","author":"V\u00edctor Caballero","date":"9 enero, 2020","format":false,"excerpt":"\u00a1Hola de nuevo! Os escribimos para informaros sobre este curso dirigido fundamentalmente a docentes de ERE, ense\u00f1anzas de adultos, RE y con horario de tarde. Para ver los detalles de la misma e inscribiros s\u00f3lo ten\u00e9is que seguir este enlace.","rel":"","context":"En \u00abFormaciones\u00bb","block_context":{"text":"Formaciones","link":"https:\/\/cepronda.com\/blog\/category\/formaciones\/"},"img":{"alt_text":"","src":"https:\/\/i0.wp.com\/cepronda.com\/blog\/wp-content\/uploads\/2020\/01\/fomentando-la-lectura-con-inteligencia-emocional.png?fit=848%2C1200&ssl=1&resize=350%2C200","width":350,"height":200,"srcset":"https:\/\/i0.wp.com\/cepronda.com\/blog\/wp-content\/uploads\/2020\/01\/fomentando-la-lectura-con-inteligencia-emocional.png?fit=848%2C1200&ssl=1&resize=350%2C200 1x, https:\/\/i0.wp.com\/cepronda.com\/blog\/wp-content\/uploads\/2020\/01\/fomentando-la-lectura-con-inteligencia-emocional.png?fit=848%2C1200&ssl=1&resize=525%2C300 1.5x, https:\/\/i0.wp.com\/cepronda.com\/blog\/wp-content\/uploads\/2020\/01\/fomentando-la-lectura-con-inteligencia-emocional.png?fit=848%2C1200&ssl=1&resize=700%2C400 2x"},"classes":[]},{"id":4195,"url":"https:\/\/cepronda.com\/blog\/educacion-emocional-herramientas-de-autogestion-y-apoyo-al-alumnado\/","url_meta":{"origin":1391,"position":2},"title":"EDUCACI\u00d3N EMOCIONAL: HERRAMIENTAS DE AUTOGESTI\u00d3N Y APOYO AL ALUMNADO.","author":"Inmaculada Garc\u00eda","date":"15 febrero, 2021","format":false,"excerpt":"Buenos d\u00edas compa\u00f1eros y compa\u00f1eras. Os informamos que est\u00e1 abierto el plazo de inscripci\u00f3n para la actividad formativa \"EDUCACI\u00d3N EMOCIONAL: HERRAMIENTAS DE AUTOGESTI\u00d3N Y APOYO AL ALUMNADO\", con ALBERTO ORTEGA\u00a0 como ponente, experto en Inteligencia Emocional y Coaching Personal. Esperamos que sea de vuestro inter\u00e9s, un saludo. PINCHA EN ESTE\u2026","rel":"","context":"En \u00abNoticias\u00bb","block_context":{"text":"Noticias","link":"https:\/\/cepronda.com\/blog\/category\/noticias\/"},"img":{"alt_text":"","src":"https:\/\/i0.wp.com\/cepronda.com\/blog\/wp-content\/uploads\/2021\/02\/EDUCACION-EMOCIONAL_-HERRAMIENTAS-DE-AUTOGESTION-Y-APOYO-AL-ALUMNADO..jpg?fit=848%2C1200&ssl=1&resize=350%2C200","width":350,"height":200,"srcset":"https:\/\/i0.wp.com\/cepronda.com\/blog\/wp-content\/uploads\/2021\/02\/EDUCACION-EMOCIONAL_-HERRAMIENTAS-DE-AUTOGESTION-Y-APOYO-AL-ALUMNADO..jpg?fit=848%2C1200&ssl=1&resize=350%2C200 1x, https:\/\/i0.wp.com\/cepronda.com\/blog\/wp-content\/uploads\/2021\/02\/EDUCACION-EMOCIONAL_-HERRAMIENTAS-DE-AUTOGESTION-Y-APOYO-AL-ALUMNADO..jpg?fit=848%2C1200&ssl=1&resize=525%2C300 1.5x, https:\/\/i0.wp.com\/cepronda.com\/blog\/wp-content\/uploads\/2021\/02\/EDUCACION-EMOCIONAL_-HERRAMIENTAS-DE-AUTOGESTION-Y-APOYO-AL-ALUMNADO..jpg?fit=848%2C1200&ssl=1&resize=700%2C400 2x"},"classes":[]},{"id":697,"url":"https:\/\/cepronda.com\/blog\/inteligencia-emocional-nivel-i-zona-cortes-de-la-frontera\/","url_meta":{"origin":1391,"position":3},"title":"INTELIGENCIA EMOCIONAL. NIVEL I (ZONA CORTES DE LA FRONTERA)","author":"V\u00edctor Caballero","date":"22 febrero, 2017","format":false,"excerpt":"Abierto el plazo de solicitudes para el curso Inteligencia Emocional. Nivel I en Cortes de la Frontera, que comenzaremos a la vuelta de las vacaciones\u00a0Semana Blanca (mi\u00e9rcoles 8 de marzo) Para saber m\u00e1s e inscribirte pincha AQU\u00cd","rel":"","context":"En \u00abFormaciones\u00bb","block_context":{"text":"Formaciones","link":"https:\/\/cepronda.com\/blog\/category\/formaciones\/"},"img":{"alt_text":"","src":"","width":0,"height":0},"classes":[]},{"id":2334,"url":"https:\/\/cepronda.com\/blog\/nivel-i-y-ii-programa-de-inteligencia-emocional-sensibilizacion-y-desarrollo\/","url_meta":{"origin":1391,"position":4},"title":"NIVEL I Y II. PROGRAMA DE INTELIGENCIA EMOCIONAL: SENSIBILIZACI\u00d3N Y DESARROLLO","author":"V\u00edctor Caballero","date":"25 septiembre, 2018","format":false,"excerpt":"\u00a1Hola de nuevo!\u00a0 Queremos compartir con todas y todos vosotros este curso tan esperado por todo el mundo, dado el \u00e9xito del curso pasado. Se trata de los niveles I y II del programa de inteligencia emocional, donde aprenderemos mucho a nivel personal y como trasladar este programa a nuestros\u2026","rel":"","context":"En \u00abFormaciones\u00bb","block_context":{"text":"Formaciones","link":"https:\/\/cepronda.com\/blog\/category\/formaciones\/"},"img":{"alt_text":"","src":"https:\/\/i0.wp.com\/cepronda.com\/blog\/wp-content\/uploads\/2018\/09\/blond-1868815_640.jpg?fit=640%2C426&ssl=1&resize=350%2C200","width":350,"height":200,"srcset":"https:\/\/i0.wp.com\/cepronda.com\/blog\/wp-content\/uploads\/2018\/09\/blond-1868815_640.jpg?fit=640%2C426&ssl=1&resize=350%2C200 1x, https:\/\/i0.wp.com\/cepronda.com\/blog\/wp-content\/uploads\/2018\/09\/blond-1868815_640.jpg?fit=640%2C426&ssl=1&resize=525%2C300 1.5x"},"classes":[]},{"id":8172,"url":"https:\/\/cepronda.com\/blog\/curso-provincial-bienestar-emocional-y-autocuidado-del-personal-docente-codigo-259925ci478\/","url_meta":{"origin":1391,"position":5},"title":"BIENESTAR EMOCIONAL Y AUTOCUIDADO DEL PERSONAL DOCENTE.","author":"Inmaculada Garc\u00eda","date":"19 febrero, 2025","format":false,"excerpt":"Se encuentra abierto el plazo de inscripci\u00f3n del curso provincial:\u00a0 \"BIENESTAR EMOCIONAL Y AUTOCUIDADO DEL PERSONAL DOCENTE.\"\u00a0\u00a0C\u00f3digo:\u00a0259925CI478 Curso\u00a0a distancia, de 30 horas de duraci\u00f3n, en el Aula Virtual de Formaci\u00f3n del Profesorado. Internivelar. Plazo de inscripci\u00f3n:\u00a0del 18 de febrero al 3 de marzo de 2025. Fechas\u00a0de\u00a0realizaci\u00f3n:\u00a0del 11 de marzo al\u2026","rel":"","context":"En \u00abFormaciones\u00bb","block_context":{"text":"Formaciones","link":"https:\/\/cepronda.com\/blog\/category\/formaciones\/"},"img":{"alt_text":"","src":"https:\/\/i0.wp.com\/cepronda.com\/blog\/wp-content\/uploads\/2025\/02\/BINESTAR-EMOCIONAL-Y-AUTOCUIDADO-DEL-PERSONAL-DOCENTE.jpg?fit=864%2C1080&ssl=1&resize=350%2C200","width":350,"height":200,"srcset":"https:\/\/i0.wp.com\/cepronda.com\/blog\/wp-content\/uploads\/2025\/02\/BINESTAR-EMOCIONAL-Y-AUTOCUIDADO-DEL-PERSONAL-DOCENTE.jpg?fit=864%2C1080&ssl=1&resize=350%2C200 1x, https:\/\/i0.wp.com\/cepronda.com\/blog\/wp-content\/uploads\/2025\/02\/BINESTAR-EMOCIONAL-Y-AUTOCUIDADO-DEL-PERSONAL-DOCENTE.jpg?fit=864%2C1080&ssl=1&resize=525%2C300 1.5x, https:\/\/i0.wp.com\/cepronda.com\/blog\/wp-content\/uploads\/2025\/02\/BINESTAR-EMOCIONAL-Y-AUTOCUIDADO-DEL-PERSONAL-DOCENTE.jpg?fit=864%2C1080&ssl=1&resize=700%2C400 2x"},"classes":[]}],"jetpack_sharing_enabled":true,"_links":{"self":[{"href":"https:\/\/cepronda.com\/blog\/wp-json\/wp\/v2\/posts\/1391","targetHints":{"allow":["GET"]}}],"collection":[{"href":"https:\/\/cepronda.com\/blog\/wp-json\/wp\/v2\/posts"}],"about":[{"href":"https:\/\/cepronda.com\/blog\/wp-json\/wp\/v2\/types\/post"}],"author":[{"embeddable":true,"href":"https:\/\/cepronda.com\/blog\/wp-json\/wp\/v2\/users\/3"}],"replies":[{"embeddable":true,"href":"https:\/\/cepronda.com\/blog\/wp-json\/wp\/v2\/comments?post=1391"}],"version-history":[{"count":1,"href":"https:\/\/cepronda.com\/blog\/wp-json\/wp\/v2\/posts\/1391\/revisions"}],"predecessor-version":[{"id":1393,"href":"https:\/\/cepronda.com\/blog\/wp-json\/wp\/v2\/posts\/1391\/revisions\/1393"}],"wp:featuredmedia":[{"embeddable":true,"href":"https:\/\/cepronda.com\/blog\/wp-json\/wp\/v2\/media\/1392"}],"wp:attachment":[{"href":"https:\/\/cepronda.com\/blog\/wp-json\/wp\/v2\/media?parent=1391"}],"wp:term":[{"taxonomy":"category","embeddable":true,"href":"https:\/\/cepronda.com\/blog\/wp-json\/wp\/v2\/categories?post=1391"},{"taxonomy":"post_tag","embeddable":true,"href":"https:\/\/cepronda.com\/blog\/wp-json\/wp\/v2\/tags?post=1391"}],"curies":[{"name":"wp","href":"https:\/\/api.w.org\/{rel}","templated":true}]}}