{"id":1385,"date":"2017-10-31T13:35:27","date_gmt":"2017-10-31T12:35:27","guid":{"rendered":"http:\/\/cepronda.com\/blog\/?p=1385"},"modified":"2017-10-31T13:35:27","modified_gmt":"2017-10-31T12:35:27","slug":"convocatoria-de-programas-europeos-de-educacion-dentro-de-erasmus","status":"publish","type":"post","link":"https:\/\/cepronda.com\/blog\/convocatoria-de-programas-europeos-de-educacion-dentro-de-erasmus\/","title":{"rendered":"Convocatoria de programas europeos de educaci\u00f3n dentro de Erasmus+"},"content":{"rendered":"<p>Muy buenas,<\/p>\n<p>Os anunciamos que hoy ha salido publicado el anuncio de la convocatoria de programas europeos de Educaci\u00f3n dentro de Erasmus+ para 2018.&nbsp;<\/p>\n<p>Os dejo con el enlace del <a href=\"http:\/\/www.juntadeandalucia.es\/educacion\/portals\/abaco-portlet\/content\/538efabb-febc-4501-8a59-82a413370bc2\" target=\"_blank\" rel=\"noopener\">anuncio de la convocatoria<\/a>, y adem\u00e1s con el enlace a la informaci\u00f3n en la p\u00e1gina <a href=\"http:\/\/sepie.es\/\" target=\"_blank\" rel=\"noopener\">www.sepie.es<\/a>.<\/p>\n<p><a href=\"http:\/\/sepie.es\/\" target=\"_blank\" rel=\"noopener\"><img data-recalc-dims=\"1\" loading=\"lazy\" decoding=\"async\" class=\"aligncenter wp-image-1386 size-full\" src=\"https:\/\/i0.wp.com\/cepronda.com\/blog\/wp-content\/uploads\/2017\/10\/erasmus-plus-opaque.jpg?resize=401%2C240\" alt=\"\" width=\"401\" height=\"240\" srcset=\"https:\/\/i0.wp.com\/cepronda.com\/blog\/wp-content\/uploads\/2017\/10\/erasmus-plus-opaque.jpg?w=401&amp;ssl=1 401w, https:\/\/i0.wp.com\/cepronda.com\/blog\/wp-content\/uploads\/2017\/10\/erasmus-plus-opaque.jpg?resize=300%2C180&amp;ssl=1 300w\" sizes=\"auto, (max-width: 401px) 100vw, 401px\" \/><\/a><\/p>\n","protected":false},"excerpt":{"rendered":"<p>Muy buenas, Os anunciamos que hoy ha salido publicado el anuncio de la convocatoria de programas europeos de Educaci\u00f3n dentro de Erasmus+ para 2018.&nbsp; Os dejo con el enlace del anuncio de la convocatoria, y adem\u00e1s con el enlace a la informaci\u00f3n en la p\u00e1gina www.sepie.es.<\/p>\n","protected":false},"author":3,"featured_media":1386,"comment_status":"open","ping_status":"open","sticky":false,"template":"","format":"standard","meta":{"_crdt_document":"","advanced_seo_description":"","jetpack_seo_html_title":"","jetpack_seo_noindex":false,"jetpack_post_was_ever_published":false,"_jetpack_newsletter_access":"","_jetpack_dont_email_post_to_subs":false,"_jetpack_newsletter_tier_id":0,"_jetpack_memberships_contains_paywalled_content":false,"_jetpack_memberships_contains_paid_content":false,"footnotes":"","jetpack_publicize_message":"Convocatoria de programas europeos de educaci\u00f3n dentro de Erasmus+ @EducaAnd","jetpack_publicize_feature_enabled":true,"jetpack_social_post_already_shared":true,"jetpack_social_options":{"image_generator_settings":{"template":"highway","default_image_id":0,"font":"","enabled":false},"version":2}},"categories":[5],"tags":[96],"class_list":{"0":"post-1385","1":"post","2":"type-post","3":"status-publish","4":"format-standard","5":"has-post-thumbnail","7":"category-noticias","8":"tag-erasmus","9":"czr-hentry"},"jetpack_publicize_connections":[],"jetpack_featured_media_url":"https:\/\/i0.wp.com\/cepronda.com\/blog\/wp-content\/uploads\/2017\/10\/erasmus-plus-opaque.jpg?fit=401%2C240&ssl=1","jetpack_shortlink":"https:\/\/wp.me\/p8M4X7-ml","jetpack-related-posts":[{"id":2446,"url":"https:\/\/cepronda.com\/blog\/anuncio-de-la-convocatoria-de-programas-europeos-de-educacion-dentro-de-erasmus-para-2019\/","url_meta":{"origin":1385,"position":0},"title":"ANUNCIO DE LA CONVOCATORIA DE PROGRAMAS EUROPEOS DE EDUCACI\u00d3N DENTRO DE ERASMUS+ PARA 2019","author":"V\u00edctor Caballero","date":"6 noviembre, 2018","format":false,"excerpt":"\u00a1Hola familia! Compartimos con todas aquellas personas interesadas que se ha publicado la convocatoria de Erasmus+. Para poder ver toda la informaci\u00f3n s\u00f3lo ten\u00e9is que seguir este enlace. Un saludo.","rel":"","context":"En \u00abNoticias\u00bb","block_context":{"text":"Noticias","link":"https:\/\/cepronda.com\/blog\/category\/noticias\/"},"img":{"alt_text":"","src":"https:\/\/i0.wp.com\/cepronda.com\/blog\/wp-content\/uploads\/2018\/11\/world-1264062_1920.jpg?fit=1200%2C801&ssl=1&resize=350%2C200","width":350,"height":200,"srcset":"https:\/\/i0.wp.com\/cepronda.com\/blog\/wp-content\/uploads\/2018\/11\/world-1264062_1920.jpg?fit=1200%2C801&ssl=1&resize=350%2C200 1x, https:\/\/i0.wp.com\/cepronda.com\/blog\/wp-content\/uploads\/2018\/11\/world-1264062_1920.jpg?fit=1200%2C801&ssl=1&resize=525%2C300 1.5x, https:\/\/i0.wp.com\/cepronda.com\/blog\/wp-content\/uploads\/2018\/11\/world-1264062_1920.jpg?fit=1200%2C801&ssl=1&resize=700%2C400 2x, https:\/\/i0.wp.com\/cepronda.com\/blog\/wp-content\/uploads\/2018\/11\/world-1264062_1920.jpg?fit=1200%2C801&ssl=1&resize=1050%2C600 3x"},"classes":[]},{"id":4670,"url":"https:\/\/cepronda.com\/blog\/acreditacion-erasmus-en-el-ambito-de-la-educacion-escolar-y-educacion-permanente-convocatoria-2021\/","url_meta":{"origin":1385,"position":1},"title":"ACREDITACI\u00d3N ERASMUS EN EL \u00c1MBITO DE LA EDUCACI\u00d3N ESCOLAR Y EDUCACI\u00d3N PERMANENTE. CONVOCATORIA 2021","author":"Maribel Mu\u00f1oz","date":"24 septiembre, 2021","format":false,"excerpt":"Buenas tardes compa\u00f1eras y compa\u00f1eros, Os informamos que est\u00e1 abierto el plazo de inscripci\u00f3n en la actividad \u00a0\"ACREDITACI\u00d3N ERASMUS EN EL \u00c1MBITO DE LA EDUCACI\u00d3N ESCOLAR Y EDUCACI\u00d3N PERMANENTE. CONVOCATORIA 2021\" \u00a0hasta el 27 de septiembre .\u00a0 Es una actividad PROVINCIAL con c\u00f3digo 229922KPI003\u00a0 El curso se desarrollar\u00e1\u00a0 desde el\u2026","rel":"","context":"En \u00abFormaciones\u00bb","block_context":{"text":"Formaciones","link":"https:\/\/cepronda.com\/blog\/category\/formaciones\/"},"img":{"alt_text":"","src":"https:\/\/i0.wp.com\/cepronda.com\/blog\/wp-content\/uploads\/2021\/09\/CARTEL-FORMACION-PROVINCIAL-300x273.png?resize=350%2C200","width":350,"height":200},"classes":[]},{"id":4362,"url":"https:\/\/cepronda.com\/blog\/nuevo-programa-erasmus-convocatoria-2021\/","url_meta":{"origin":1385,"position":2},"title":"NUEVO PROGRAMA ERASMUS+: CONVOCATORIA 2021","author":"Maribel Mu\u00f1oz","date":"6 abril, 2021","format":false,"excerpt":"Buenas tardes\u00a0 compa\u00f1eras y compa\u00f1eros, Os informamos que est\u00e1 abierto el plazo de inscripci\u00f3n de la formaci\u00f3n \u00a0DIFUSI\u00d3N DEL NUEVO PROGRAMA ERASMUS+: CONVOCATORIA 2021 con c\u00f3digo 219923KPI254 \u00a0 que comenzar\u00e1 a desarrollarse el pr\u00f3ximo\u00a0 15\/04\/2021. Es una formaci\u00f3n PROVINCIAL, gestionada por el CEP de Marbella Adjuntamos\u00a0enlace : https:\/\/www.juntadeandalucia.es\/educacion\/secretariavirtual\/consultaCEP\/actividad\/219923KPI254\/ El plazo\u2026","rel":"","context":"En \u00abFormaciones\u00bb","block_context":{"text":"Formaciones","link":"https:\/\/cepronda.com\/blog\/category\/formaciones\/"},"img":{"alt_text":"","src":"https:\/\/i0.wp.com\/cepronda.com\/blog\/wp-content\/uploads\/2021\/03\/bandera-europea.jpg?resize=350%2C200","width":350,"height":200},"classes":[]},{"id":6065,"url":"https:\/\/cepronda.com\/blog\/acreditacion-erasmus-en-el-ambito-de-la-educacion-escolar-y-educacion-permanente-convocatoria-2023\/","url_meta":{"origin":1385,"position":3},"title":"ACREDITACI\u00d3N ERASMUS EN EL \u00c1MBITO DE LA EDUCACI\u00d3N ESCOLAR Y EDUCACI\u00d3N PERMANENTE. CONVOCATORIA 2023","author":"Inmaculada Garc\u00eda","date":"20 septiembre, 2023","format":false,"excerpt":"Abierto plazo de inscripci\u00f3n para la Acreditaci\u00f3n Erasmus en el \u00c1mbito de la Educaci\u00f3n Escolar y Permanente. Convocatoria 2023.\u00a0 C\u00f3digo de la actividad:\u00a0\u00a0249922KPI003 Fechas de realizaci\u00f3n:\u00a025\/09\/2023 - 27\/10\/2023 Lugar de realizaci\u00f3n:\u00a0AULA VIRTUAL DE FORMACI\u00d3N DEL PROFESORADO N\u00ba de plazas:\u00a090 PLAZO DE INSCRIPCI\u00d3N:\u00a0Abierto hasta el 22 de septiembre a las 10:00\u2026","rel":"","context":"En \u00abFormaciones\u00bb","block_context":{"text":"Formaciones","link":"https:\/\/cepronda.com\/blog\/category\/formaciones\/"},"img":{"alt_text":"","src":"https:\/\/i0.wp.com\/cepronda.com\/blog\/wp-content\/uploads\/2023\/09\/ACREDITACION.jpg?fit=720%2C509&ssl=1&resize=350%2C200","width":350,"height":200,"srcset":"https:\/\/i0.wp.com\/cepronda.com\/blog\/wp-content\/uploads\/2023\/09\/ACREDITACION.jpg?fit=720%2C509&ssl=1&resize=350%2C200 1x, https:\/\/i0.wp.com\/cepronda.com\/blog\/wp-content\/uploads\/2023\/09\/ACREDITACION.jpg?fit=720%2C509&ssl=1&resize=525%2C300 1.5x, https:\/\/i0.wp.com\/cepronda.com\/blog\/wp-content\/uploads\/2023\/09\/ACREDITACION.jpg?fit=720%2C509&ssl=1&resize=700%2C400 2x"},"classes":[]},{"id":2463,"url":"https:\/\/cepronda.com\/blog\/erasmus-primeros-pasos\/","url_meta":{"origin":1385,"position":4},"title":"Erasmus+ Primeros pasos","author":"V\u00edctor Caballero","date":"23 noviembre, 2018","format":false,"excerpt":"\u00a1Hola familia! Sabemos que algunos de nuestros centros est\u00e1is interesados en participar en el programa de Erasmus+. Para todoas aquellas personas interesadas hemos organizado esta formaci\u00f3n con el objetivo de elaborar unas solicitudes de calidad.\u00a0 El sentido de las presentes jornadas es facilitar pautas para animar a los centros a\u2026","rel":"","context":"En \u00abFormaciones\u00bb","block_context":{"text":"Formaciones","link":"https:\/\/cepronda.com\/blog\/category\/formaciones\/"},"img":{"alt_text":"","src":"https:\/\/i0.wp.com\/cepronda.com\/blog\/wp-content\/uploads\/2018\/11\/Erasmus-Maribel.jpg?fit=848%2C1200&ssl=1&resize=350%2C200","width":350,"height":200,"srcset":"https:\/\/i0.wp.com\/cepronda.com\/blog\/wp-content\/uploads\/2018\/11\/Erasmus-Maribel.jpg?fit=848%2C1200&ssl=1&resize=350%2C200 1x, https:\/\/i0.wp.com\/cepronda.com\/blog\/wp-content\/uploads\/2018\/11\/Erasmus-Maribel.jpg?fit=848%2C1200&ssl=1&resize=525%2C300 1.5x, https:\/\/i0.wp.com\/cepronda.com\/blog\/wp-content\/uploads\/2018\/11\/Erasmus-Maribel.jpg?fit=848%2C1200&ssl=1&resize=700%2C400 2x"},"classes":[]},{"id":1417,"url":"https:\/\/cepronda.com\/blog\/noticias-erasmus\/","url_meta":{"origin":1385,"position":5},"title":"NOTICIAS ERASMUS +","author":"V\u00edctor Caballero","date":"10 noviembre, 2017","format":false,"excerpt":"Buenas tardes! Seguimos con noticias sobre Erasmus +. Ya est\u00e1 abierto el plazo de solicitudes para las JORNADAS DE DIFUSI\u00d3N ERASMUS+\u00a0que tendr\u00e1n lugar en el CEP de RONDA la tarde del 22 de Noviembre en horario de 16:30\u00a0 a 20:30 A todas las personas interesadas en informarse de c\u00f3mo salir\u2026","rel":"","context":"En \u00abNoticias\u00bb","block_context":{"text":"Noticias","link":"https:\/\/cepronda.com\/blog\/category\/noticias\/"},"img":{"alt_text":"","src":"https:\/\/i0.wp.com\/cepronda.com\/blog\/wp-content\/uploads\/2017\/11\/EU-flag-Erasmus-300x86.jpg?resize=350%2C200","width":350,"height":200},"classes":[]}],"jetpack_sharing_enabled":true,"_links":{"self":[{"href":"https:\/\/cepronda.com\/blog\/wp-json\/wp\/v2\/posts\/1385","targetHints":{"allow":["GET"]}}],"collection":[{"href":"https:\/\/cepronda.com\/blog\/wp-json\/wp\/v2\/posts"}],"about":[{"href":"https:\/\/cepronda.com\/blog\/wp-json\/wp\/v2\/types\/post"}],"author":[{"embeddable":true,"href":"https:\/\/cepronda.com\/blog\/wp-json\/wp\/v2\/users\/3"}],"replies":[{"embeddable":true,"href":"https:\/\/cepronda.com\/blog\/wp-json\/wp\/v2\/comments?post=1385"}],"version-history":[{"count":1,"href":"https:\/\/cepronda.com\/blog\/wp-json\/wp\/v2\/posts\/1385\/revisions"}],"predecessor-version":[{"id":1387,"href":"https:\/\/cepronda.com\/blog\/wp-json\/wp\/v2\/posts\/1385\/revisions\/1387"}],"wp:featuredmedia":[{"embeddable":true,"href":"https:\/\/cepronda.com\/blog\/wp-json\/wp\/v2\/media\/1386"}],"wp:attachment":[{"href":"https:\/\/cepronda.com\/blog\/wp-json\/wp\/v2\/media?parent=1385"}],"wp:term":[{"taxonomy":"category","embeddable":true,"href":"https:\/\/cepronda.com\/blog\/wp-json\/wp\/v2\/categories?post=1385"},{"taxonomy":"post_tag","embeddable":true,"href":"https:\/\/cepronda.com\/blog\/wp-json\/wp\/v2\/tags?post=1385"}],"curies":[{"name":"wp","href":"https:\/\/api.w.org\/{rel}","templated":true}]}}