{"id":1379,"date":"2017-10-30T12:42:55","date_gmt":"2017-10-30T11:42:55","guid":{"rendered":"http:\/\/cepronda.com\/blog\/?p=1379"},"modified":"2017-10-30T12:42:55","modified_gmt":"2017-10-30T11:42:55","slug":"curso-contribucion-de-la-biblioteca-escolar-al-fomento-de-la-lectura","status":"publish","type":"post","link":"https:\/\/cepronda.com\/blog\/curso-contribucion-de-la-biblioteca-escolar-al-fomento-de-la-lectura\/","title":{"rendered":"Curso \u00abContribuci\u00f3n de la biblioteca escolar al fomento de la lectura\u00bb"},"content":{"rendered":"<p>\u00a1Hello!<\/p>\n<p>Seguimos abriendo cursos atendiendo a vuestras demandas, y desde hace varios a\u00f1os una de ellas siempre ha sido la biblioteca escolar. En este sentido hemos preparado con mucho cari\u00f1o esta actividad formativa&nbsp;dirigida a las personas responsables de las bibliotecas escolares, a los miembros de sus equipos de apoyo y al profesorado en general que est\u00e1 interesado en el fomento de la lectura en su centro.<\/p>\n<p>Con esta formaci\u00f3n se pretende proponer un modelo de intervenci\u00f3n desde la biblioteca que genere los ambientes, las experiencias, los entornos y las acciones id\u00f3neas para el aprecio de la lectura literaria, la afici\u00f3n por los libros y por la cultura escrita. La biblioteca ha de contribuir a la competencia lectora que requiere de un trabajo escolar conjunto y corresponsable. Por ello hay que \u00abinsistir en la necesidad de recurrir a la lectura como un instrumento fundamental de aprendizaje en las diversas \u00e1reas curriculares. No existe ninguna de ellas que permanezca al margen de dicha pr\u00e1ctica y, por lo tanto, todos los docentes han de considerar la lectura como una tarea propia, tratando de identificar cu\u00e1l ha de ser la contribuci\u00f3n espec\u00edfica de su \u00e1rea de trabajo al desarrollo de la competencia lectora de los alumnos\/as\u00bb (Alejandro Tiana, 2010)<\/p>\n<p>El curso constar\u00e1 de 3 sesiones, teniendo como ponente en las dos primeras a Pepe Garc\u00eda un referente nacional en las bibliotecas escolares; y en la \u00faltima sesi\u00f3n a Carlos Arribas, con el arte de contar cuentos en Infantil, Primaria y Secundaria.&nbsp;<\/p>\n<p>Para poder ver toda la informaci\u00f3n e inscribiros en la actividad, s\u00f3lo ten\u00e9is que seguir <a href=\"https:\/\/www.juntadeandalucia.es\/educacion\/secretariavirtual\/consultaCEP\/actividad\/182924GE155\/\" target=\"_blank\" rel=\"noopener\">este enlace<\/a>.&nbsp;<\/p>\n<p><a href=\"https:\/\/www.juntadeandalucia.es\/educacion\/secretariavirtual\/consultaCEP\/actividad\/182924GE155\/\" target=\"_blank\" rel=\"noopener\"><img data-recalc-dims=\"1\" loading=\"lazy\" decoding=\"async\" class=\"aligncenter wp-image-1380 size-full\" src=\"https:\/\/i0.wp.com\/cepronda.com\/blog\/wp-content\/uploads\/2017\/10\/lighthouse-2387845_640.jpg?resize=640%2C374\" alt=\"\" width=\"640\" height=\"374\" srcset=\"https:\/\/i0.wp.com\/cepronda.com\/blog\/wp-content\/uploads\/2017\/10\/lighthouse-2387845_640.jpg?w=640&amp;ssl=1 640w, https:\/\/i0.wp.com\/cepronda.com\/blog\/wp-content\/uploads\/2017\/10\/lighthouse-2387845_640.jpg?resize=300%2C175&amp;ssl=1 300w\" sizes=\"auto, (max-width: 640px) 100vw, 640px\" \/><\/a><\/p>\n","protected":false},"excerpt":{"rendered":"<p>\u00a1Hello! Seguimos abriendo cursos atendiendo a vuestras demandas, y desde hace varios a\u00f1os una de ellas siempre ha sido la biblioteca escolar. En este sentido hemos preparado con mucho cari\u00f1o esta actividad formativa&nbsp;dirigida a las personas responsables de las bibliotecas escolares, a los miembros de sus equipos de apoyo y al profesorado en general que [&hellip;]<\/p>\n","protected":false},"author":3,"featured_media":1380,"comment_status":"open","ping_status":"open","sticky":false,"template":"","format":"standard","meta":{"_crdt_document":"","advanced_seo_description":"","jetpack_seo_html_title":"","jetpack_seo_noindex":false,"jetpack_post_was_ever_published":false,"_jetpack_newsletter_access":"","_jetpack_dont_email_post_to_subs":false,"_jetpack_newsletter_tier_id":0,"_jetpack_memberships_contains_paywalled_content":false,"_jetpack_memberships_contains_paid_content":false,"footnotes":"","jetpack_publicize_message":"Curso \"Contribuci\u00f3n de la biblioteca escolar al fomento de la lectura\"","jetpack_publicize_feature_enabled":true,"jetpack_social_post_already_shared":true,"jetpack_social_options":{"image_generator_settings":{"template":"highway","default_image_id":0,"font":"","enabled":false},"version":2}},"categories":[3],"tags":[11],"class_list":{"0":"post-1379","1":"post","2":"type-post","3":"status-publish","4":"format-standard","5":"has-post-thumbnail","7":"category-formaciones","8":"tag-biblioteca","9":"czr-hentry"},"jetpack_publicize_connections":[],"jetpack_featured_media_url":"https:\/\/i0.wp.com\/cepronda.com\/blog\/wp-content\/uploads\/2017\/10\/lighthouse-2387845_640.jpg?fit=640%2C374&ssl=1","jetpack_shortlink":"https:\/\/wp.me\/p8M4X7-mf","jetpack-related-posts":[{"id":1943,"url":"https:\/\/cepronda.com\/blog\/convocatoria-premios-buenas-practicas-en-bibliotecas-escolares-y-en-fomento-de-la-lectura\/","url_meta":{"origin":1379,"position":0},"title":"Convocatoria Premios Buenas Pr\u00e1cticas en Bibliotecas Escolares y en Fomento de la Lectura","author":"V\u00edctor Caballero","date":"25 mayo, 2018","format":false,"excerpt":"Muy buenas de nuevo,\u00a0 Compartimos con todas las personas responsables de biblioteca esta convocatoria, que vemos muy interesante y a la que creemos muchas de vuestras bibliotecas pueden optar. Si segu\u00eds este enlace podr\u00e9is acceder a toda la informaci\u00f3n.\u00a0 \u00a1Os animamos a participar!","rel":"","context":"En \u00abFormaciones\u00bb","block_context":{"text":"Formaciones","link":"https:\/\/cepronda.com\/blog\/category\/formaciones\/"},"img":{"alt_text":"","src":"https:\/\/i0.wp.com\/cepronda.com\/blog\/wp-content\/uploads\/2018\/05\/premio_biblioteca_escolar.png?fit=731%2C892&ssl=1&resize=350%2C200","width":350,"height":200,"srcset":"https:\/\/i0.wp.com\/cepronda.com\/blog\/wp-content\/uploads\/2018\/05\/premio_biblioteca_escolar.png?fit=731%2C892&ssl=1&resize=350%2C200 1x, https:\/\/i0.wp.com\/cepronda.com\/blog\/wp-content\/uploads\/2018\/05\/premio_biblioteca_escolar.png?fit=731%2C892&ssl=1&resize=525%2C300 1.5x, https:\/\/i0.wp.com\/cepronda.com\/blog\/wp-content\/uploads\/2018\/05\/premio_biblioteca_escolar.png?fit=731%2C892&ssl=1&resize=700%2C400 2x"},"classes":[]},{"id":2711,"url":"https:\/\/cepronda.com\/blog\/dinamizacion-de-la-biblioteca-escolar-en-secundaria-y-bachillerato\/","url_meta":{"origin":1379,"position":1},"title":"DINAMIZACI\u00d3N DE LA BIBLIOTECA ESCOLAR EN SECUNDARIA Y BACHILLERATO","author":"V\u00edctor Caballero","date":"5 abril, 2019","format":false,"excerpt":"Muy buenas de nuevo, Queremos comentaros a todas las personas responsables de bibliotecas de Secundaria y Bachillerato, as\u00ed como a personas interesadas en el tema, que hemos preparado una actividad dirigida a conseguir los siguientes objetivos: 1. Conocer y aplicar una gesti\u00f3n eficiente de la Biblioteca Escolar. 2. Emplear la\u2026","rel":"","context":"En \u00abFormaciones\u00bb","block_context":{"text":"Formaciones","link":"https:\/\/cepronda.com\/blog\/category\/formaciones\/"},"img":{"alt_text":"","src":"https:\/\/i0.wp.com\/cepronda.com\/blog\/wp-content\/uploads\/2019\/04\/curso_biblioteca.png?fit=1200%2C716&ssl=1&resize=350%2C200","width":350,"height":200,"srcset":"https:\/\/i0.wp.com\/cepronda.com\/blog\/wp-content\/uploads\/2019\/04\/curso_biblioteca.png?fit=1200%2C716&ssl=1&resize=350%2C200 1x, https:\/\/i0.wp.com\/cepronda.com\/blog\/wp-content\/uploads\/2019\/04\/curso_biblioteca.png?fit=1200%2C716&ssl=1&resize=525%2C300 1.5x, https:\/\/i0.wp.com\/cepronda.com\/blog\/wp-content\/uploads\/2019\/04\/curso_biblioteca.png?fit=1200%2C716&ssl=1&resize=700%2C400 2x, https:\/\/i0.wp.com\/cepronda.com\/blog\/wp-content\/uploads\/2019\/04\/curso_biblioteca.png?fit=1200%2C716&ssl=1&resize=1050%2C600 3x"},"classes":[]},{"id":3819,"url":"https:\/\/cepronda.com\/blog\/subsanacion-o-modificacion-datos-organizacion-y-funcionamiento-de-la-biblioteca-escolar\/","url_meta":{"origin":1379,"position":2},"title":"Biblioteca escolar.Subsanaci\u00f3n datos","author":"Maribel Mu\u00f1oz","date":"9 octubre, 2020","format":false,"excerpt":"Buenas tardes compa\u00f1eras y compa\u00f1eros, Os informamos que hasta el d\u00eda\u00a016 de octubre de 2020 inclusive se podr\u00e1 realizar en S\u00e9neca la subsanaci\u00f3n o modificaci\u00f3n de datos de participaci\u00f3n en la organizaci\u00f3n y funcionamiento de la biblioteca escolar. En el siguiente enlace podr\u00e9is consultar toda la informaci\u00f3n as\u00ed como los\u2026","rel":"","context":"En \u00abFormaciones\u00bb","block_context":{"text":"Formaciones","link":"https:\/\/cepronda.com\/blog\/category\/formaciones\/"},"img":{"alt_text":"","src":"https:\/\/i0.wp.com\/cepronda.com\/blog\/wp-content\/uploads\/2020\/10\/bibliotecas-escolares-300x70.jpg?resize=350%2C200","width":350,"height":200},"classes":[]},{"id":8825,"url":"https:\/\/cepronda.com\/blog\/gestion-de-la-biblioteca-escolar-en-el-modulo-biblioweb-seneca-codigo-262923ge402\/","url_meta":{"origin":1379,"position":3},"title":"GESTI\u00d3N DE LA BIBLIOTECA ESCOLAR EN EL M\u00d3DULO BIBLIOWEB S\u00c9NECA. C\u00f3digo: 262923GE402.","author":"Inmaculada Garc\u00eda","date":"22 septiembre, 2025","format":false,"excerpt":"Abierto el plazo de inscripci\u00f3n para el curso provincial a distancia: GESTI\u00d3N DE LA BIBLIOTECA ESCOLAR EN EL M\u00d3DULO BIBLIOWEB S\u00c9NECA. C\u00f3digo 262923GE402. \u00a0 Curso a distancia con un aprovechamiento de 30 horas, desarrolladas en el Aula Virtual de Formaci\u00f3n del Profesorado. Este curso de formaci\u00f3n se ha dise\u00f1ado para\u2026","rel":"","context":"En \u00abFormaciones\u00bb","block_context":{"text":"Formaciones","link":"https:\/\/cepronda.com\/blog\/category\/formaciones\/"},"img":{"alt_text":"","src":"https:\/\/i0.wp.com\/cepronda.com\/blog\/wp-content\/uploads\/2025\/09\/Curso-Biblioweb.jpg?fit=500%2C500&ssl=1&resize=350%2C200","width":350,"height":200},"classes":[]},{"id":3388,"url":"https:\/\/cepronda.com\/blog\/iii-premios-para-el-reconocimiento-a-centros-publicos-de-andalucia-con-buenas-practicas-docentes-en-bibliotecas-escolares-y-en-el-fomento-de-la-lectura\/","url_meta":{"origin":1379,"position":4},"title":"III Premios para el reconocimiento a centros p\u00fablicos de Andaluc\u00eda con buenas pr\u00e1cticas docentes en bibliotecas escolares y en el fomento de la lectura","author":"V\u00edctor Caballero","date":"4 febrero, 2020","format":false,"excerpt":"Muy buenas, Sabemos que en muchos de nuestros centros la biblioteca es uno de los motores que ayuda a dinamizar la vida escolar, y por lo tanto sabemos que muchas de nuestras bibliotecas sois referentes. Por eso os animamos a participar en esta convocatoria. Pr\u00f3xima publicaci\u00f3n en BOJA. Caracter\u00edsticas de\u2026","rel":"","context":"En \u00abFormaciones\u00bb","block_context":{"text":"Formaciones","link":"https:\/\/cepronda.com\/blog\/category\/formaciones\/"},"img":{"alt_text":"","src":"https:\/\/i0.wp.com\/cepronda.com\/blog\/wp-content\/uploads\/2018\/10\/child-315049_1280.jpg?fit=794%2C1200&ssl=1&resize=350%2C200","width":350,"height":200,"srcset":"https:\/\/i0.wp.com\/cepronda.com\/blog\/wp-content\/uploads\/2018\/10\/child-315049_1280.jpg?fit=794%2C1200&ssl=1&resize=350%2C200 1x, https:\/\/i0.wp.com\/cepronda.com\/blog\/wp-content\/uploads\/2018\/10\/child-315049_1280.jpg?fit=794%2C1200&ssl=1&resize=525%2C300 1.5x, https:\/\/i0.wp.com\/cepronda.com\/blog\/wp-content\/uploads\/2018\/10\/child-315049_1280.jpg?fit=794%2C1200&ssl=1&resize=700%2C400 2x"},"classes":[]},{"id":7737,"url":"https:\/\/cepronda.com\/blog\/formacion-%c2%b7gestion-de-la-biblioteca-escolar-en-el-modulo-de-biblioweb-seneca\/","url_meta":{"origin":1379,"position":5},"title":"FORMACI\u00d3N: \u00b7GESTI\u00d3N DE LA BIBLIOTECA ESCOLAR EN EL M\u00d3DULO DE BIBLIOWEB S\u00c9NECA\u00bb","author":"Inmaculada Garc\u00eda","date":"24 septiembre, 2024","format":false,"excerpt":"Abierto el plazo de inscripci\u00f3n del curso Provincial: \"Gesti\u00f3n de la Biblioteca Escolar en el M\u00f3dulo de Biblioweb S\u00e9neca\", c\u00f3digo: 252923GE401, de 30 horas de duraci\u00f3n. Fecha inscripci\u00f3n: 23\/09\/2024 hasta 08\/10\/2024. Fecha actividad: 21\/10\/2024 hasta 13\/12\/2024. Lugar: Aula Virtual de Formaci\u00f3n del Profesorado. M\u00e1s informaci\u00f3n e inscripci\u00f3n: https:\/\/www.juntadeandalucia.es\/educacion\/secretariavirtual\/consultaCEP\/actividad\/252923GE401\/","rel":"","context":"En \u00abFormaciones\u00bb","block_context":{"text":"Formaciones","link":"https:\/\/cepronda.com\/blog\/category\/formaciones\/"},"img":{"alt_text":"","src":"https:\/\/i0.wp.com\/cepronda.com\/blog\/wp-content\/uploads\/2024\/09\/Bibloweb.jpg?fit=1080%2C1080&ssl=1&resize=350%2C200","width":350,"height":200,"srcset":"https:\/\/i0.wp.com\/cepronda.com\/blog\/wp-content\/uploads\/2024\/09\/Bibloweb.jpg?fit=1080%2C1080&ssl=1&resize=350%2C200 1x, https:\/\/i0.wp.com\/cepronda.com\/blog\/wp-content\/uploads\/2024\/09\/Bibloweb.jpg?fit=1080%2C1080&ssl=1&resize=525%2C300 1.5x, https:\/\/i0.wp.com\/cepronda.com\/blog\/wp-content\/uploads\/2024\/09\/Bibloweb.jpg?fit=1080%2C1080&ssl=1&resize=700%2C400 2x, https:\/\/i0.wp.com\/cepronda.com\/blog\/wp-content\/uploads\/2024\/09\/Bibloweb.jpg?fit=1080%2C1080&ssl=1&resize=1050%2C600 3x"},"classes":[]}],"jetpack_sharing_enabled":true,"_links":{"self":[{"href":"https:\/\/cepronda.com\/blog\/wp-json\/wp\/v2\/posts\/1379","targetHints":{"allow":["GET"]}}],"collection":[{"href":"https:\/\/cepronda.com\/blog\/wp-json\/wp\/v2\/posts"}],"about":[{"href":"https:\/\/cepronda.com\/blog\/wp-json\/wp\/v2\/types\/post"}],"author":[{"embeddable":true,"href":"https:\/\/cepronda.com\/blog\/wp-json\/wp\/v2\/users\/3"}],"replies":[{"embeddable":true,"href":"https:\/\/cepronda.com\/blog\/wp-json\/wp\/v2\/comments?post=1379"}],"version-history":[{"count":1,"href":"https:\/\/cepronda.com\/blog\/wp-json\/wp\/v2\/posts\/1379\/revisions"}],"predecessor-version":[{"id":1381,"href":"https:\/\/cepronda.com\/blog\/wp-json\/wp\/v2\/posts\/1379\/revisions\/1381"}],"wp:featuredmedia":[{"embeddable":true,"href":"https:\/\/cepronda.com\/blog\/wp-json\/wp\/v2\/media\/1380"}],"wp:attachment":[{"href":"https:\/\/cepronda.com\/blog\/wp-json\/wp\/v2\/media?parent=1379"}],"wp:term":[{"taxonomy":"category","embeddable":true,"href":"https:\/\/cepronda.com\/blog\/wp-json\/wp\/v2\/categories?post=1379"},{"taxonomy":"post_tag","embeddable":true,"href":"https:\/\/cepronda.com\/blog\/wp-json\/wp\/v2\/tags?post=1379"}],"curies":[{"name":"wp","href":"https:\/\/api.w.org\/{rel}","templated":true}]}}