{"id":1376,"date":"2017-10-27T13:39:02","date_gmt":"2017-10-27T11:39:02","guid":{"rendered":"http:\/\/cepronda.com\/blog\/?p=1376"},"modified":"2017-10-27T13:39:02","modified_gmt":"2017-10-27T11:39:02","slug":"iniciacion-a-la-prevencion-de-riesgos-laborales-en-la-docencia","status":"publish","type":"post","link":"https:\/\/cepronda.com\/blog\/iniciacion-a-la-prevencion-de-riesgos-laborales-en-la-docencia\/","title":{"rendered":"INICIACI\u00d3N A LA PREVENCI\u00d3N DE RIESGOS LABORALES EN LA DOCENCIA"},"content":{"rendered":"<p>\u00a1Hola!<\/p>\n<p>Acabamos de abrir un curso a distancia, a trav\u00e9s del Aula Virtual de Formaci\u00f3n del Profesorado, en el que podremos formarnos sobre la <a href=\"https:\/\/www.juntadeandalucia.es\/educacion\/secretariavirtual\/consultaCEP\/actividad\/18K24AV013\/\" target=\"_blank\" rel=\"noopener\">Prevenci\u00f3n de riesgos laborales en la docencia<\/a>.&nbsp;La finalidad de este curso es ofrecer una formaci\u00f3n inicial y b\u00e1sica sobre los riesgos generales y espec\u00edficos del trabajo docente y las medidas que se pueden tomar para evitarlas de conformidad con lo previsto en la Ley 31\/1995, de 8 de noviembre, de prevenci\u00f3n de riesgos laborales de manera que les permitan:<\/p>\n<ul>\n<li>Comenzar a tomar conciencia de la importancia del desarrollo de una cultura preventiva en los centros docentes.<\/p>\n<\/li>\n<li>\n<p>Identificar los principales factores de riesgo a los que est\u00e1n expuestos los docentes y as\u00ed poder comenzar a articular medidas preventivas para cada uno de ellos.<\/p>\n<\/li>\n<li>\n<p>Comprender c\u00f3mo promover la seguridad en los centros educativos mediante el conocimiento de estrategias b\u00e1sicas de primeros auxilios y autoprotecci\u00f3n.<\/p>\n<\/li>\n<\/ul>\n<p>Es un curso a distancia que se desarrollar\u00e1 en el Aula Virtual de Formaci\u00f3n del Profesorado (AVFP) desde el 13 de noviembre de 2017 al 11 de diciembre de 2017, con una duraci\u00f3n de 10 horas.&nbsp;<\/p>\n<p><a href=\"https:\/\/www.juntadeandalucia.es\/educacion\/secretariavirtual\/consultaCEP\/actividad\/18K24AV013\/\" target=\"_blank\" rel=\"noopener\"><img data-recalc-dims=\"1\" loading=\"lazy\" decoding=\"async\" class=\"aligncenter wp-image-1377 size-medium\" src=\"https:\/\/i0.wp.com\/cepronda.com\/blog\/wp-content\/uploads\/2017\/10\/fire-1015717_640-300x300.jpg?resize=300%2C300\" alt=\"\" width=\"300\" height=\"300\" srcset=\"https:\/\/i0.wp.com\/cepronda.com\/blog\/wp-content\/uploads\/2017\/10\/fire-1015717_640.jpg?resize=300%2C300&amp;ssl=1 300w, https:\/\/i0.wp.com\/cepronda.com\/blog\/wp-content\/uploads\/2017\/10\/fire-1015717_640.jpg?resize=150%2C150&amp;ssl=1 150w, https:\/\/i0.wp.com\/cepronda.com\/blog\/wp-content\/uploads\/2017\/10\/fire-1015717_640.jpg?resize=50%2C50&amp;ssl=1 50w, https:\/\/i0.wp.com\/cepronda.com\/blog\/wp-content\/uploads\/2017\/10\/fire-1015717_640.jpg?w=640&amp;ssl=1 640w\" sizes=\"auto, (max-width: 300px) 100vw, 300px\" \/><\/a><\/p>\n<p>&nbsp;<\/p>\n","protected":false},"excerpt":{"rendered":"<p>\u00a1Hola! Acabamos de abrir un curso a distancia, a trav\u00e9s del Aula Virtual de Formaci\u00f3n del Profesorado, en el que podremos formarnos sobre la Prevenci\u00f3n de riesgos laborales en la docencia.&nbsp;La finalidad de este curso es ofrecer una formaci\u00f3n inicial y b\u00e1sica sobre los riesgos generales y espec\u00edficos del trabajo docente y las medidas que [&hellip;]<\/p>\n","protected":false},"author":3,"featured_media":1377,"comment_status":"open","ping_status":"open","sticky":false,"template":"","format":"standard","meta":{"_crdt_document":"","advanced_seo_description":"","jetpack_seo_html_title":"","jetpack_seo_noindex":false,"jetpack_post_was_ever_published":false,"_jetpack_newsletter_access":"","_jetpack_dont_email_post_to_subs":false,"_jetpack_newsletter_tier_id":0,"_jetpack_memberships_contains_paywalled_content":false,"_jetpack_memberships_contains_paid_content":false,"footnotes":"","jetpack_publicize_message":"INICIACI\u00d3N A LA PREVENCI\u00d3N DE RIESGOS LABORALES EN LA DOCENCIA: curso a distancia","jetpack_publicize_feature_enabled":true,"jetpack_social_post_already_shared":true,"jetpack_social_options":{"image_generator_settings":{"template":"highway","default_image_id":0,"font":"","enabled":false},"version":2}},"categories":[3],"tags":[94],"class_list":{"0":"post-1376","1":"post","2":"type-post","3":"status-publish","4":"format-standard","5":"has-post-thumbnail","7":"category-formaciones","8":"tag-riesgos-laborales","9":"czr-hentry"},"jetpack_publicize_connections":[],"jetpack_featured_media_url":"https:\/\/i0.wp.com\/cepronda.com\/blog\/wp-content\/uploads\/2017\/10\/fire-1015717_640.jpg?fit=640%2C640&ssl=1","jetpack_shortlink":"https:\/\/wp.me\/p8M4X7-mc","jetpack-related-posts":[{"id":2611,"url":"https:\/\/cepronda.com\/blog\/iniciacion-a-la-prevencion-de-riesgos-laborales-en-la-docencia-2\/","url_meta":{"origin":1376,"position":0},"title":"INICIACI\u00d3N A LA PREVENCI\u00d3N DE RIESGOS LABORALES EN LA DOCENCIA","author":"V\u00edctor Caballero","date":"28 enero, 2019","format":false,"excerpt":"Buenas familia, Comenzamos la semana con la actividad del Aula Virtual de Iniciaci\u00f3n a la Prevenci\u00f3n de Riesgos Laborales, siendo una actividad totalmente on line. La finalidad de este curso es ofrecer una formaci\u00f3n inicial y b\u00e1sica sobre los riesgos generales y espec\u00edficos del trabajo docente y las medidas que\u2026","rel":"","context":"En \u00abFormaciones\u00bb","block_context":{"text":"Formaciones","link":"https:\/\/cepronda.com\/blog\/category\/formaciones\/"},"img":{"alt_text":"","src":"https:\/\/i0.wp.com\/cepronda.com\/blog\/wp-content\/uploads\/2018\/02\/first-aid-1040283_640.png?resize=350%2C200&ssl=1","width":350,"height":200,"srcset":"https:\/\/i0.wp.com\/cepronda.com\/blog\/wp-content\/uploads\/2018\/02\/first-aid-1040283_640.png?resize=350%2C200&ssl=1 1x, https:\/\/i0.wp.com\/cepronda.com\/blog\/wp-content\/uploads\/2018\/02\/first-aid-1040283_640.png?resize=525%2C300&ssl=1 1.5x"},"classes":[]},{"id":5706,"url":"https:\/\/cepronda.com\/blog\/plan-de-autoproteccion-de-los-centros-y-modulo-de-prevencion-de-riesgos-laborales-en-seneca-taller-practico-para-las-coordinaciones-del-plan-de-seguridad-y-salud-laboral-232922ge104\/","url_meta":{"origin":1376,"position":1},"title":"PLAN DE AUTOPROTECCI\u00d3N DE LOS CENTROS Y M\u00d3DULO DE PREVENCI\u00d3N DE RIESGOS LABORALES EN S\u00c9NECA: TALLER PR\u00c1CTICO PARA LAS COORDINACIONES DEL PLAN DE SEGURIDAD Y SALUD LABORAL (232922GE104)","author":"Inmaculada Garc\u00eda","date":"18 enero, 2023","format":false,"excerpt":"Estimado\/a compa\u00f1ero\/a, Te informo que se encuentra abierta la inscripci\u00f3n al curso provincial, organizado por el CEP de M\u00e1laga: PLAN DE AUTOPROTECCI\u00d3N DE LOS CENTROS Y M\u00d3DULO DE PREVENCI\u00d3N DE RIESGOS LABORALES EN S\u00c9NECA: TALLER PR\u00c1CTICO PARA LAS COORDINACIONES DEL PLAN DE SEGURIDAD Y SALUD LABORAL C\u00f3digo: 232922GE104 Inscripciones: desde\u2026","rel":"","context":"En \u00abFormaciones\u00bb","block_context":{"text":"Formaciones","link":"https:\/\/cepronda.com\/blog\/category\/formaciones\/"},"img":{"alt_text":"","src":"https:\/\/i0.wp.com\/cepronda.com\/blog\/wp-content\/uploads\/2023\/01\/WhatsApp-Image-2023-01-18-at-13.32.01.jpeg?fit=1080%2C1080&ssl=1&resize=350%2C200","width":350,"height":200,"srcset":"https:\/\/i0.wp.com\/cepronda.com\/blog\/wp-content\/uploads\/2023\/01\/WhatsApp-Image-2023-01-18-at-13.32.01.jpeg?fit=1080%2C1080&ssl=1&resize=350%2C200 1x, https:\/\/i0.wp.com\/cepronda.com\/blog\/wp-content\/uploads\/2023\/01\/WhatsApp-Image-2023-01-18-at-13.32.01.jpeg?fit=1080%2C1080&ssl=1&resize=525%2C300 1.5x, https:\/\/i0.wp.com\/cepronda.com\/blog\/wp-content\/uploads\/2023\/01\/WhatsApp-Image-2023-01-18-at-13.32.01.jpeg?fit=1080%2C1080&ssl=1&resize=700%2C400 2x, https:\/\/i0.wp.com\/cepronda.com\/blog\/wp-content\/uploads\/2023\/01\/WhatsApp-Image-2023-01-18-at-13.32.01.jpeg?fit=1080%2C1080&ssl=1&resize=1050%2C600 3x"},"classes":[]},{"id":8946,"url":"https:\/\/cepronda.com\/blog\/formacion-sobre-riesgos-y-emergencias-de-proteccion-civil-269924pf580\/","url_meta":{"origin":1376,"position":2},"title":"FORMACI\u00d3N SOBRE RIESGOS Y EMERGENCIAS DE PROTECCI\u00d3N CIVIL","author":"Inmaculada Garc\u00eda","date":"20 octubre, 2025","format":false,"excerpt":"Abierto plazo de inscripci\u00f3n para el curso online: FORMACI\u00d3N SOBRE RIESGOS Y EMERGENCIAS DE PROTECCI\u00d3N CIVIL, dirigido al profesorado de todas las etapas educativas. \u00a0 Fecha inscripci\u00f3n: 20\/10\/2025 hasta 28\/10\/2025 Fecha actividad: 31\/10\/2025 hasta 28\/11\/2025 Total horas: 10 horas \u00a0 \u00a1AP\u00daNTATE EN TU CEP DE REFERENCIA!: \u00a0 - CEP Ronda\u2026","rel":"","context":"En \u00abFormaciones\u00bb","block_context":{"text":"Formaciones","link":"https:\/\/cepronda.com\/blog\/category\/formaciones\/"},"img":{"alt_text":"","src":"https:\/\/i0.wp.com\/cepronda.com\/blog\/wp-content\/uploads\/2025\/10\/WhatsApp-Image-2025-10-17-at-13.39.28.jpeg?fit=1080%2C1080&ssl=1&resize=350%2C200","width":350,"height":200,"srcset":"https:\/\/i0.wp.com\/cepronda.com\/blog\/wp-content\/uploads\/2025\/10\/WhatsApp-Image-2025-10-17-at-13.39.28.jpeg?fit=1080%2C1080&ssl=1&resize=350%2C200 1x, https:\/\/i0.wp.com\/cepronda.com\/blog\/wp-content\/uploads\/2025\/10\/WhatsApp-Image-2025-10-17-at-13.39.28.jpeg?fit=1080%2C1080&ssl=1&resize=525%2C300 1.5x, https:\/\/i0.wp.com\/cepronda.com\/blog\/wp-content\/uploads\/2025\/10\/WhatsApp-Image-2025-10-17-at-13.39.28.jpeg?fit=1080%2C1080&ssl=1&resize=700%2C400 2x, https:\/\/i0.wp.com\/cepronda.com\/blog\/wp-content\/uploads\/2025\/10\/WhatsApp-Image-2025-10-17-at-13.39.28.jpeg?fit=1080%2C1080&ssl=1&resize=1050%2C600 3x"},"classes":[]},{"id":1613,"url":"https:\/\/cepronda.com\/blog\/curso-soporte-vital-basico-uso-del-desfibrilador-externo-automatico\/","url_meta":{"origin":1376,"position":3},"title":"Curso \u00abSOPORTE VITAL B\u00c1SICO: USO DEL DESFIBRILADOR EXTERNO AUTOM\u00c1TICO\u00bb","author":"V\u00edctor Caballero","date":"20 febrero, 2018","format":false,"excerpt":"Hola familia,\u00a0 Una de las l\u00edneas formativas que estamos siguiendo este curso es la relativa a la prevenci\u00f3n de riesgos laborales y nuestra actuaci\u00f3n en caso de emergencia. En este caso acabamos de abrir el plazo de inscripci\u00f3n para el curso \"SOPORTE VITAL B\u00c1SICO: USO DEL DESFIBRILADOR EXTERNO AUTOM\u00c1TICO\".\u00a0 Se\u2026","rel":"","context":"En \u00abFormaciones\u00bb","block_context":{"text":"Formaciones","link":"https:\/\/cepronda.com\/blog\/category\/formaciones\/"},"img":{"alt_text":"","src":"https:\/\/i0.wp.com\/cepronda.com\/blog\/wp-content\/uploads\/2018\/02\/first-aid-1040283_640.png?fit=639%2C640&ssl=1&resize=350%2C200","width":350,"height":200,"srcset":"https:\/\/i0.wp.com\/cepronda.com\/blog\/wp-content\/uploads\/2018\/02\/first-aid-1040283_640.png?fit=639%2C640&ssl=1&resize=350%2C200 1x, https:\/\/i0.wp.com\/cepronda.com\/blog\/wp-content\/uploads\/2018\/02\/first-aid-1040283_640.png?fit=639%2C640&ssl=1&resize=525%2C300 1.5x"},"classes":[]},{"id":9365,"url":"https:\/\/cepronda.com\/blog\/formacion-sobre-riesgos-y-emergencias-de-proteccion-civil\/","url_meta":{"origin":1376,"position":4},"title":"FORMACI\u00d3N SOBRE RIESGOS Y EMERGENCIAS DE PROTECCI\u00d3N CIVIL.","author":"Inmaculada Garc\u00eda","date":"19 febrero, 2026","format":false,"excerpt":"Abierto plazo de inscripci\u00f3n para el curso a distancia: FORMACI\u00d3N SOBRE RIESGOS Y EMERGENCIAS DE PROTECCI\u00d3N CIVIL, dirigido al profesorado de todas las etapas educativas. 2\u00aa Convocatoria. \u00a0 Fecha inscripci\u00f3n: 19\/02\/2026 hasta 03\/03\/2026. Fecha actividad: 09\/03\/2026 hasta 07\/04\/2026. \u00a0 Total horas: 10 horas a desarrollar en el Aula virtual de\u2026","rel":"","context":"En \u00abFormaciones\u00bb","block_context":{"text":"Formaciones","link":"https:\/\/cepronda.com\/blog\/category\/formaciones\/"},"img":{"alt_text":"","src":"https:\/\/i0.wp.com\/cepronda.com\/blog\/wp-content\/uploads\/2026\/02\/FORMACION-SOBRE-RIESGOS-Y-EMERGENCIAS-DE-PROTECCION-CIVIL.jpg?fit=1200%2C1200&ssl=1&resize=350%2C200","width":350,"height":200,"srcset":"https:\/\/i0.wp.com\/cepronda.com\/blog\/wp-content\/uploads\/2026\/02\/FORMACION-SOBRE-RIESGOS-Y-EMERGENCIAS-DE-PROTECCION-CIVIL.jpg?fit=1200%2C1200&ssl=1&resize=350%2C200 1x, https:\/\/i0.wp.com\/cepronda.com\/blog\/wp-content\/uploads\/2026\/02\/FORMACION-SOBRE-RIESGOS-Y-EMERGENCIAS-DE-PROTECCION-CIVIL.jpg?fit=1200%2C1200&ssl=1&resize=525%2C300 1.5x, https:\/\/i0.wp.com\/cepronda.com\/blog\/wp-content\/uploads\/2026\/02\/FORMACION-SOBRE-RIESGOS-Y-EMERGENCIAS-DE-PROTECCION-CIVIL.jpg?fit=1200%2C1200&ssl=1&resize=700%2C400 2x, https:\/\/i0.wp.com\/cepronda.com\/blog\/wp-content\/uploads\/2026\/02\/FORMACION-SOBRE-RIESGOS-Y-EMERGENCIAS-DE-PROTECCION-CIVIL.jpg?fit=1200%2C1200&ssl=1&resize=1050%2C600 3x"},"classes":[]},{"id":3633,"url":"https:\/\/cepronda.com\/blog\/prevencion-de-riesgos-y-salud-escolar-frente-a-la-covid-19\/","url_meta":{"origin":1376,"position":5},"title":"Prevenci\u00f3n de riesgos y salud escolar frente a la COVID-19","author":"V\u00edctor Caballero","date":"1 julio, 2020","format":false,"excerpt":"","rel":"","context":"En \u00abFormaciones\u00bb","block_context":{"text":"Formaciones","link":"https:\/\/cepronda.com\/blog\/category\/formaciones\/"},"img":{"alt_text":"","src":"https:\/\/i0.wp.com\/cepronda.com\/blog\/wp-content\/uploads\/2020\/07\/WhatsApp-Image-2020-07-01-at-10.00.44.jpeg?resize=350%2C200&ssl=1","width":350,"height":200,"srcset":"https:\/\/i0.wp.com\/cepronda.com\/blog\/wp-content\/uploads\/2020\/07\/WhatsApp-Image-2020-07-01-at-10.00.44.jpeg?resize=350%2C200&ssl=1 1x, https:\/\/i0.wp.com\/cepronda.com\/blog\/wp-content\/uploads\/2020\/07\/WhatsApp-Image-2020-07-01-at-10.00.44.jpeg?resize=525%2C300&ssl=1 1.5x, https:\/\/i0.wp.com\/cepronda.com\/blog\/wp-content\/uploads\/2020\/07\/WhatsApp-Image-2020-07-01-at-10.00.44.jpeg?resize=700%2C400&ssl=1 2x"},"classes":[]}],"jetpack_sharing_enabled":true,"_links":{"self":[{"href":"https:\/\/cepronda.com\/blog\/wp-json\/wp\/v2\/posts\/1376","targetHints":{"allow":["GET"]}}],"collection":[{"href":"https:\/\/cepronda.com\/blog\/wp-json\/wp\/v2\/posts"}],"about":[{"href":"https:\/\/cepronda.com\/blog\/wp-json\/wp\/v2\/types\/post"}],"author":[{"embeddable":true,"href":"https:\/\/cepronda.com\/blog\/wp-json\/wp\/v2\/users\/3"}],"replies":[{"embeddable":true,"href":"https:\/\/cepronda.com\/blog\/wp-json\/wp\/v2\/comments?post=1376"}],"version-history":[{"count":1,"href":"https:\/\/cepronda.com\/blog\/wp-json\/wp\/v2\/posts\/1376\/revisions"}],"predecessor-version":[{"id":1378,"href":"https:\/\/cepronda.com\/blog\/wp-json\/wp\/v2\/posts\/1376\/revisions\/1378"}],"wp:featuredmedia":[{"embeddable":true,"href":"https:\/\/cepronda.com\/blog\/wp-json\/wp\/v2\/media\/1377"}],"wp:attachment":[{"href":"https:\/\/cepronda.com\/blog\/wp-json\/wp\/v2\/media?parent=1376"}],"wp:term":[{"taxonomy":"category","embeddable":true,"href":"https:\/\/cepronda.com\/blog\/wp-json\/wp\/v2\/categories?post=1376"},{"taxonomy":"post_tag","embeddable":true,"href":"https:\/\/cepronda.com\/blog\/wp-json\/wp\/v2\/tags?post=1376"}],"curies":[{"name":"wp","href":"https:\/\/api.w.org\/{rel}","templated":true}]}}