{"id":1369,"date":"2017-10-25T17:34:42","date_gmt":"2017-10-25T15:34:42","guid":{"rendered":"http:\/\/cepronda.com\/blog\/?p=1369"},"modified":"2017-10-25T17:34:42","modified_gmt":"2017-10-25T15:34:42","slug":"programa-relaciona","status":"publish","type":"post","link":"https:\/\/cepronda.com\/blog\/programa-relaciona\/","title":{"rendered":"Programa RELACIONA"},"content":{"rendered":"<p>\u00a1Hola de nuevo!<\/p>\n<p>Dentro de nuestras actividades formativas este curso tenemos la suerte de contar con la posibilidad de ofreceros un Programa de \u00e1mbito estatal y que tiene muy buenas referencias. Va dirigida a todas aquellas personas que quieran una formaci\u00f3n en igualdad y tiene como objetivo fundamental seguir avanzando hacia mayores cotas de igualdad y erradicar comportamientos discriminatorios en el \u00e1mbito educativo.&nbsp;&nbsp;<\/p>\n<p>El formato que tiene esta formaci\u00f3n es de unos talleres formativos que se realizar\u00e1n el pr\u00f3ximo 12, 13 y 14 de diciembre en el CEP de Ronda, con una duraci\u00f3n total de 12 horas.<\/p>\n<p>Para ver los detalles de la actividad e inscribiros en la misma, s\u00f3lo ten\u00e9is que seguir <a href=\"https:\/\/www.juntadeandalucia.es\/educacion\/secretariavirtual\/consultaCEP\/actividad\/189924CI002\/\" target=\"_blank\" rel=\"noopener\">este enlace<\/a>.&nbsp;&nbsp;<\/p>\n<p><a href=\"https:\/\/i0.wp.com\/cepronda.com\/blog\/wp-content\/uploads\/2017\/10\/FSE-invierte-2.jpg\"><img data-recalc-dims=\"1\" loading=\"lazy\" decoding=\"async\" class=\"aligncenter size-full wp-image-1370\" src=\"https:\/\/i0.wp.com\/cepronda.com\/blog\/wp-content\/uploads\/2017\/10\/FSE-invierte-2.jpg?resize=408%2C296\" alt=\"\" width=\"408\" height=\"296\" srcset=\"https:\/\/i0.wp.com\/cepronda.com\/blog\/wp-content\/uploads\/2017\/10\/FSE-invierte-2.jpg?w=408&amp;ssl=1 408w, https:\/\/i0.wp.com\/cepronda.com\/blog\/wp-content\/uploads\/2017\/10\/FSE-invierte-2.jpg?resize=300%2C218&amp;ssl=1 300w\" sizes=\"auto, (max-width: 408px) 100vw, 408px\" \/><\/a> <a href=\"https:\/\/i0.wp.com\/cepronda.com\/blog\/wp-content\/uploads\/2017\/10\/logo-Gobierno-con-banderas-Instituto-Igualdad-Oportunidades-nuevo.jpg\"><img data-recalc-dims=\"1\" loading=\"lazy\" decoding=\"async\" class=\"aligncenter size-full wp-image-1371\" src=\"https:\/\/i0.wp.com\/cepronda.com\/blog\/wp-content\/uploads\/2017\/10\/logo-Gobierno-con-banderas-Instituto-Igualdad-Oportunidades-nuevo.jpg?resize=800%2C142\" alt=\"\" width=\"800\" height=\"142\" srcset=\"https:\/\/i0.wp.com\/cepronda.com\/blog\/wp-content\/uploads\/2017\/10\/logo-Gobierno-con-banderas-Instituto-Igualdad-Oportunidades-nuevo.jpg?w=800&amp;ssl=1 800w, https:\/\/i0.wp.com\/cepronda.com\/blog\/wp-content\/uploads\/2017\/10\/logo-Gobierno-con-banderas-Instituto-Igualdad-Oportunidades-nuevo.jpg?resize=300%2C53&amp;ssl=1 300w, https:\/\/i0.wp.com\/cepronda.com\/blog\/wp-content\/uploads\/2017\/10\/logo-Gobierno-con-banderas-Instituto-Igualdad-Oportunidades-nuevo.jpg?resize=768%2C136&amp;ssl=1 768w\" sizes=\"auto, (max-width: 800px) 100vw, 800px\" \/><\/a><\/p>\n","protected":false},"excerpt":{"rendered":"<p>\u00a1Hola de nuevo! Dentro de nuestras actividades formativas este curso tenemos la suerte de contar con la posibilidad de ofreceros un Programa de \u00e1mbito estatal y que tiene muy buenas referencias. Va dirigida a todas aquellas personas que quieran una formaci\u00f3n en igualdad y tiene como objetivo fundamental seguir avanzando hacia mayores cotas de igualdad [&hellip;]<\/p>\n","protected":false},"author":3,"featured_media":1371,"comment_status":"open","ping_status":"open","sticky":false,"template":"","format":"standard","meta":{"_crdt_document":"","advanced_seo_description":"","jetpack_seo_html_title":"","jetpack_seo_noindex":false,"jetpack_post_was_ever_published":false,"_jetpack_newsletter_access":"","_jetpack_dont_email_post_to_subs":false,"_jetpack_newsletter_tier_id":0,"_jetpack_memberships_contains_paywalled_content":false,"_jetpack_memberships_contains_paid_content":false,"footnotes":"","jetpack_publicize_message":"Programa RELACIONA pr\u00f3ximos 12, 13 y 14 de diciembre en CEP de Ronda","jetpack_publicize_feature_enabled":true,"jetpack_social_post_already_shared":true,"jetpack_social_options":{"image_generator_settings":{"template":"highway","default_image_id":0,"font":"","enabled":false},"version":2}},"categories":[3],"tags":[37],"class_list":{"0":"post-1369","1":"post","2":"type-post","3":"status-publish","4":"format-standard","5":"has-post-thumbnail","7":"category-formaciones","8":"tag-igualdad","9":"czr-hentry"},"jetpack_publicize_connections":[],"jetpack_featured_media_url":"https:\/\/i0.wp.com\/cepronda.com\/blog\/wp-content\/uploads\/2017\/10\/logo-Gobierno-con-banderas-Instituto-Igualdad-Oportunidades-nuevo.jpg?fit=800%2C142&ssl=1","jetpack_shortlink":"https:\/\/wp.me\/p8M4X7-m5","jetpack-related-posts":[{"id":3786,"url":"https:\/\/cepronda.com\/blog\/plan-de-igualdad-convocatoria-abierta\/","url_meta":{"origin":1369,"position":0},"title":"Plan de Igualdad. Convocatoria abierta.","author":"Inmaculada Garc\u00eda","date":"30 septiembre, 2020","format":false,"excerpt":"Buenos d\u00edas compa\u00f1eras y compa\u00f1eros, Os informamos que est\u00e1 publicada la Resoluci\u00f3n que regula las medidas y actuaciones para la prevenci\u00f3n de la violencia de g\u00e9nero en el \u00e1mbito educativo y establece la convocatoria para este curso 2020\/2021. El plazo para solicitarlo est\u00e1 abierto y en la convocatoria vienen explicadas\u2026","rel":"","context":"En \u00abFormaciones\u00bb","block_context":{"text":"Formaciones","link":"https:\/\/cepronda.com\/blog\/category\/formaciones\/"},"img":{"alt_text":"","src":"https:\/\/i0.wp.com\/cepronda.com\/blog\/wp-content\/uploads\/2020\/09\/cartel_vg_bien.jpg?fit=300%2C300&ssl=1&resize=350%2C200","width":350,"height":200},"classes":[]},{"id":3453,"url":"https:\/\/cepronda.com\/blog\/abierta-convocatoria-para-los-programas-ada-y-diana\/","url_meta":{"origin":1369,"position":1},"title":"ABIERTA CONVOCATORIA PARA LOS PROGRAMAS ADA Y DIANA","author":"V\u00edctor Caballero","date":"2 marzo, 2020","format":false,"excerpt":"El Instituto de la Mujer y para la Igualdad de Oportunidades colabora a trav\u00e9s de sus programas y actividades en la consecuci\u00f3n de una mayor y mejor participaci\u00f3n de las mujeres en todos los \u00e1mbitos del entorno digital, impulsando medidas dirigidas a incorporar la transversalidad de g\u00e9nero como principio rector\u2026","rel":"","context":"En \u00abFormaciones\u00bb","block_context":{"text":"Formaciones","link":"https:\/\/cepronda.com\/blog\/category\/formaciones\/"},"img":{"alt_text":"","src":"https:\/\/i0.wp.com\/cepronda.com\/blog\/wp-content\/uploads\/2020\/03\/logoInMujer.jpg?resize=350%2C200","width":350,"height":200},"classes":[]},{"id":4305,"url":"https:\/\/cepronda.com\/blog\/la-escuela-como-herramienta-de-transformacion-para-lograr-la-igualdad-entre-hombres-y-mujeres\/","url_meta":{"origin":1369,"position":2},"title":"LA ESCUELA COMO HERRAMIENTA DE TRANSFORMACI\u00d3N PARA LOGRAR LA IGUALDAD ENTRE HOMBRES Y MUJERES","author":"Maribel Mu\u00f1oz","date":"12 marzo, 2021","format":false,"excerpt":"Buenas tardes compa\u00f1eras y compa\u00f1eros, Os informamos que est\u00e1 abierto el plazo de inscripci\u00f3n de la formaci\u00f3n LA ESCUELA COMO HERRAMIENTA DE TRANSFORMACI\u00d3N PARA LOGRAR LA IGUALDAD ENTRE HOMBRES Y MUJERES. PROVINCIAL\u00a0 219925KPF283,\u00a0\u00a0 que comenzar\u00e1 a desarrollarse el pr\u00f3ximo\u00a0 05\/04\/2021. Adjuntamos enlace : https:\/\/www.juntadeandalucia.es\/educacion\/secretariavirtual\/consultaCEP\/actividad\/219925KPF283\/ El plazo de inscripci\u00f3n finaliza el\u2026","rel":"","context":"En \u00abFormaciones\u00bb","block_context":{"text":"Formaciones","link":"https:\/\/cepronda.com\/blog\/category\/formaciones\/"},"img":{"alt_text":"","src":"https:\/\/i0.wp.com\/cepronda.com\/blog\/wp-content\/uploads\/2021\/03\/WhatsApp-Image-2021-03-12-at-14.02.49.jpeg?fit=607%2C843&ssl=1&resize=350%2C200","width":350,"height":200,"srcset":"https:\/\/i0.wp.com\/cepronda.com\/blog\/wp-content\/uploads\/2021\/03\/WhatsApp-Image-2021-03-12-at-14.02.49.jpeg?fit=607%2C843&ssl=1&resize=350%2C200 1x, https:\/\/i0.wp.com\/cepronda.com\/blog\/wp-content\/uploads\/2021\/03\/WhatsApp-Image-2021-03-12-at-14.02.49.jpeg?fit=607%2C843&ssl=1&resize=525%2C300 1.5x"},"classes":[]},{"id":4695,"url":"https:\/\/cepronda.com\/blog\/itinerario-formativo-en-igualdad-y-convivencia-cep-de-ronda\/","url_meta":{"origin":1369,"position":3},"title":"ITINERARIO FORMATIVO EN IGUALDAD Y CONVIVENCIA. CEP DE RONDA.","author":"Inmaculada Garc\u00eda","date":"29 septiembre, 2021","format":false,"excerpt":"Buenos d\u00edas compa\u00f1eros y compa\u00f1eras, os presentamos nuestro ITINERARIO FORMATIVO EN IGUALDAD Y CONVIVENCIA, en el que podr\u00e9is encontrar actividades formativas centradas en la implementaci\u00f3n del Programa de Inteligencia Emocional, Disciplina positiva, Mediaci\u00f3n, Acoso y Ciberacoso, Identidad Sexual, Masculinidades Diversas, y, adem\u00e1s, nuestras MALETAS VIAJERAS POR LA INCLUSI\u00d3N. Esperamos que\u2026","rel":"","context":"En \u00abNoticias\u00bb","block_context":{"text":"Noticias","link":"https:\/\/cepronda.com\/blog\/category\/noticias\/"},"img":{"alt_text":"","src":"https:\/\/i0.wp.com\/cepronda.com\/blog\/wp-content\/uploads\/2021\/09\/Captura-de-pantalla-68.png?fit=1200%2C678&ssl=1&resize=350%2C200","width":350,"height":200,"srcset":"https:\/\/i0.wp.com\/cepronda.com\/blog\/wp-content\/uploads\/2021\/09\/Captura-de-pantalla-68.png?fit=1200%2C678&ssl=1&resize=350%2C200 1x, https:\/\/i0.wp.com\/cepronda.com\/blog\/wp-content\/uploads\/2021\/09\/Captura-de-pantalla-68.png?fit=1200%2C678&ssl=1&resize=525%2C300 1.5x, https:\/\/i0.wp.com\/cepronda.com\/blog\/wp-content\/uploads\/2021\/09\/Captura-de-pantalla-68.png?fit=1200%2C678&ssl=1&resize=700%2C400 2x, https:\/\/i0.wp.com\/cepronda.com\/blog\/wp-content\/uploads\/2021\/09\/Captura-de-pantalla-68.png?fit=1200%2C678&ssl=1&resize=1050%2C600 3x"},"classes":[]},{"id":7647,"url":"https:\/\/cepronda.com\/blog\/formacion-programa-cima-participantes-249916kcim480\/","url_meta":{"origin":1369,"position":4},"title":"FORMACI\u00d3N \u00abPROGRAMA CIMA. COORDINADORES Y RESPONSABLES DE \u00c1MBITO\u00bb (249916KCIM480)","author":"Inmaculada Garc\u00eda","date":"4 junio, 2024","format":false,"excerpt":"Se encuentra abierto el plazo de solicitud para la convocatoria del curso \"PROGRAMA CIMA. COORDINADORES Y RESPONSABLES DE \u00c1MBITO\" con c\u00f3digo 249916KCIM480, con un total de 30h de formaci\u00f3n. Fecha actividad:\u00a010\/06\/2024 hasta 28\/06\/2024 Fecha inscripci\u00f3n:\u00a003\/06\/2024 hasta 07\/06\/2024 Este curso est\u00e1 pensado para los docentes participantes del Programa para la Innovaci\u00f3n\u2026","rel":"","context":"En \u00abFormaciones\u00bb","block_context":{"text":"Formaciones","link":"https:\/\/cepronda.com\/blog\/category\/formaciones\/"},"img":{"alt_text":"","src":"https:\/\/i0.wp.com\/cepronda.com\/blog\/wp-content\/uploads\/2024\/06\/cima-responsables.jpg?fit=667%2C382&ssl=1&resize=350%2C200","width":350,"height":200,"srcset":"https:\/\/i0.wp.com\/cepronda.com\/blog\/wp-content\/uploads\/2024\/06\/cima-responsables.jpg?fit=667%2C382&ssl=1&resize=350%2C200 1x, https:\/\/i0.wp.com\/cepronda.com\/blog\/wp-content\/uploads\/2024\/06\/cima-responsables.jpg?fit=667%2C382&ssl=1&resize=525%2C300 1.5x"},"classes":[]},{"id":4901,"url":"https:\/\/cepronda.com\/blog\/difusion-del-programa-erasmus-y-elaboracion-de-proyectos-de-calidad\/","url_meta":{"origin":1369,"position":5},"title":"DIFUSI\u00d3N DEL PROGRAMA ERASMUS+ Y ELABORACI\u00d3N DE PROYECTOS DE CALIDAD","author":"Maribel Mu\u00f1oz","date":"21 diciembre, 2021","format":false,"excerpt":"Buenos d\u00edas compa\u00f1eras y compa\u00f1eros,\u00a0 Os informamos que est\u00e1 abierto el plazo de inscripci\u00f3n en la actividad DIFUSI\u00d3N DEL PROGRAMA ERASMUS+ Y ELABORACI\u00d3N DE PROYECTOS DE CALIDAD con c\u00f3digo 221105FP109. Es una actividad REGIONAL.\u00a0 dirigida al profesorado de Formaci\u00f3n\u00a0Profesional. El plazo de solicitudes\u00a0 finaliza el 10 de enero a las\u2026","rel":"","context":"En \u00abFormaciones\u00bb","block_context":{"text":"Formaciones","link":"https:\/\/cepronda.com\/blog\/category\/formaciones\/"},"img":{"alt_text":"","src":"https:\/\/i0.wp.com\/cepronda.com\/blog\/wp-content\/uploads\/2021\/12\/DIFUSION-ERASMUS-FP-1.jpg?fit=1200%2C848&ssl=1&resize=350%2C200","width":350,"height":200,"srcset":"https:\/\/i0.wp.com\/cepronda.com\/blog\/wp-content\/uploads\/2021\/12\/DIFUSION-ERASMUS-FP-1.jpg?fit=1200%2C848&ssl=1&resize=350%2C200 1x, https:\/\/i0.wp.com\/cepronda.com\/blog\/wp-content\/uploads\/2021\/12\/DIFUSION-ERASMUS-FP-1.jpg?fit=1200%2C848&ssl=1&resize=525%2C300 1.5x, https:\/\/i0.wp.com\/cepronda.com\/blog\/wp-content\/uploads\/2021\/12\/DIFUSION-ERASMUS-FP-1.jpg?fit=1200%2C848&ssl=1&resize=700%2C400 2x, https:\/\/i0.wp.com\/cepronda.com\/blog\/wp-content\/uploads\/2021\/12\/DIFUSION-ERASMUS-FP-1.jpg?fit=1200%2C848&ssl=1&resize=1050%2C600 3x"},"classes":[]}],"jetpack_sharing_enabled":true,"_links":{"self":[{"href":"https:\/\/cepronda.com\/blog\/wp-json\/wp\/v2\/posts\/1369","targetHints":{"allow":["GET"]}}],"collection":[{"href":"https:\/\/cepronda.com\/blog\/wp-json\/wp\/v2\/posts"}],"about":[{"href":"https:\/\/cepronda.com\/blog\/wp-json\/wp\/v2\/types\/post"}],"author":[{"embeddable":true,"href":"https:\/\/cepronda.com\/blog\/wp-json\/wp\/v2\/users\/3"}],"replies":[{"embeddable":true,"href":"https:\/\/cepronda.com\/blog\/wp-json\/wp\/v2\/comments?post=1369"}],"version-history":[{"count":1,"href":"https:\/\/cepronda.com\/blog\/wp-json\/wp\/v2\/posts\/1369\/revisions"}],"predecessor-version":[{"id":1372,"href":"https:\/\/cepronda.com\/blog\/wp-json\/wp\/v2\/posts\/1369\/revisions\/1372"}],"wp:featuredmedia":[{"embeddable":true,"href":"https:\/\/cepronda.com\/blog\/wp-json\/wp\/v2\/media\/1371"}],"wp:attachment":[{"href":"https:\/\/cepronda.com\/blog\/wp-json\/wp\/v2\/media?parent=1369"}],"wp:term":[{"taxonomy":"category","embeddable":true,"href":"https:\/\/cepronda.com\/blog\/wp-json\/wp\/v2\/categories?post=1369"},{"taxonomy":"post_tag","embeddable":true,"href":"https:\/\/cepronda.com\/blog\/wp-json\/wp\/v2\/tags?post=1369"}],"curies":[{"name":"wp","href":"https:\/\/api.w.org\/{rel}","templated":true}]}}