{"id":1366,"date":"2017-10-25T17:11:33","date_gmt":"2017-10-25T15:11:33","guid":{"rendered":"http:\/\/cepronda.com\/blog\/?p=1366"},"modified":"2017-10-25T17:11:33","modified_gmt":"2017-10-25T15:11:33","slug":"primera-reunion-de-la-red-profesional-de-educacion-infantil","status":"publish","type":"post","link":"https:\/\/cepronda.com\/blog\/primera-reunion-de-la-red-profesional-de-educacion-infantil\/","title":{"rendered":"Primera reuni\u00f3n de la Red Profesional de Educaci\u00f3n Infantil"},"content":{"rendered":"<p>\u00a1Muy buenas!<\/p>\n<p>Ya tenemos fecha para la primera reuni\u00f3n de la Red Profesional de Educaci\u00f3n Infantil&#8230; ser\u00e1 el pr\u00f3ximo martes 14 de noviembre, de 16:30 a 19:30. La red se re\u00fane una vez al trimestre, teniendo como idea fundamental que el profesorado de Educaci\u00f3n Infantil se conozca, establezca lazos y trabaje de manera conjunta.&nbsp;<\/p>\n<p>En esta primera reuni\u00f3n se llevar\u00e1 a cabo: la presentaci\u00f3n y organizaci\u00f3n de la Red;&nbsp; presentaci\u00f3n del Espacio colaborativo en el Aula Virtual; y, por \u00faltimo, c\u00f3mo contribuir al desarrollo de un sano autoconcepto del alumnado de infantil a trav\u00e9s del lenguaje teniendo como ponente a&nbsp; Macarena Soto.&nbsp;<\/p>\n<p>Para inscribiros s\u00f3lo ten\u00e9is que acceder al <a href=\"https:\/\/www.juntadeandalucia.es\/educacion\/secretariavirtual\/consultaCEP\/actividad\/182924GE153\/\" target=\"_blank\" rel=\"noopener\">siguiente enlace<\/a>.&nbsp;&nbsp;<\/p>\n<p><a href=\"https:\/\/www.juntadeandalucia.es\/educacion\/secretariavirtual\/consultaCEP\/actividad\/182924GE153\/\" target=\"_blank\" rel=\"noopener\"><img data-recalc-dims=\"1\" loading=\"lazy\" decoding=\"async\" class=\"aligncenter wp-image-1367 size-full\" src=\"https:\/\/i0.wp.com\/cepronda.com\/blog\/wp-content\/uploads\/2017\/10\/grandstand-330930_640.jpg?resize=640%2C426\" alt=\"\" width=\"640\" height=\"426\" srcset=\"https:\/\/i0.wp.com\/cepronda.com\/blog\/wp-content\/uploads\/2017\/10\/grandstand-330930_640.jpg?w=640&amp;ssl=1 640w, https:\/\/i0.wp.com\/cepronda.com\/blog\/wp-content\/uploads\/2017\/10\/grandstand-330930_640.jpg?resize=300%2C200&amp;ssl=1 300w\" sizes=\"auto, (max-width: 640px) 100vw, 640px\" \/><\/a><\/p>\n","protected":false},"excerpt":{"rendered":"<p>\u00a1Muy buenas! Ya tenemos fecha para la primera reuni\u00f3n de la Red Profesional de Educaci\u00f3n Infantil&#8230; ser\u00e1 el pr\u00f3ximo martes 14 de noviembre, de 16:30 a 19:30. La red se re\u00fane una vez al trimestre, teniendo como idea fundamental que el profesorado de Educaci\u00f3n Infantil se conozca, establezca lazos y trabaje de manera conjunta.&nbsp; En [&hellip;]<\/p>\n","protected":false},"author":3,"featured_media":1367,"comment_status":"open","ping_status":"open","sticky":false,"template":"","format":"standard","meta":{"_crdt_document":"","advanced_seo_description":"","jetpack_seo_html_title":"","jetpack_seo_noindex":false,"jetpack_post_was_ever_published":false,"_jetpack_newsletter_access":"","_jetpack_dont_email_post_to_subs":false,"_jetpack_newsletter_tier_id":0,"_jetpack_memberships_contains_paywalled_content":false,"_jetpack_memberships_contains_paid_content":false,"footnotes":"","jetpack_publicize_message":"Primera reuni\u00f3n de la Red Profesional de Educaci\u00f3n Infantil el pr\u00f3ximo 14 de noviembre","jetpack_publicize_feature_enabled":true,"jetpack_social_post_already_shared":true,"jetpack_social_options":{"image_generator_settings":{"template":"highway","default_image_id":0,"font":"","enabled":false},"version":2}},"categories":[3],"tags":[23,93],"class_list":{"0":"post-1366","1":"post","2":"type-post","3":"status-publish","4":"format-standard","5":"has-post-thumbnail","7":"category-formaciones","8":"tag-educacion-infantil","9":"tag-redes-profesionales","10":"czr-hentry"},"jetpack_publicize_connections":[],"jetpack_featured_media_url":"https:\/\/i0.wp.com\/cepronda.com\/blog\/wp-content\/uploads\/2017\/10\/grandstand-330930_640.jpg?fit=640%2C426&ssl=1","jetpack_shortlink":"https:\/\/wp.me\/p8M4X7-m2","jetpack-related-posts":[{"id":375,"url":"https:\/\/cepronda.com\/blog\/red-profesional-de-educacion-infantil\/","url_meta":{"origin":1366,"position":0},"title":"Red Profesional de Educaci\u00f3n Infantil","author":"V\u00edctor Caballero","date":"23 noviembre, 2016","format":false,"excerpt":"Hola a todo el mundo, y especialmente a las y los docentes de Educaci\u00f3n Infantil, En el CEP de Ronda hemos convocado una actividad formativa dirigida a constituir una Red Profesional de profesorado de Educaci\u00f3n Infantil perteneciente a los centros del \u00e1mbito de actuaci\u00f3n de nuestro CEP, con la idea\u2026","rel":"","context":"En \u00abFormaciones\u00bb","block_context":{"text":"Formaciones","link":"https:\/\/cepronda.com\/blog\/category\/formaciones\/"},"img":{"alt_text":"","src":"","width":0,"height":0},"classes":[]},{"id":8165,"url":"https:\/\/cepronda.com\/blog\/educacion-innovacion-e-infancia-3-6-red-neuroeduca-y-cerebro-infantil\/","url_meta":{"origin":1366,"position":1},"title":"EDUCACI\u00d3N, INNOVACI\u00d3N E INFANCIA 3-6: RED NEUROEDUCA Y CEREBRO INFANTIL","author":"Mamen Moreno","date":"17 febrero, 2025","format":false,"excerpt":"Abierto plazo solicitudes Jornadas Provinciales: \"EDUCACI\u00d3N, INNOVACI\u00d3N E INFANCIA 3-6: RED NEUROEDUCA Y CEREBRO INFANTIL\". Dirigidas al profesorado de Educaci\u00f3n Infantil 3-6. Realizaci\u00f3n y horario: 28 de marzo: de 9:00h a 14:00h y de 16:00h a 19:30h 29 de marzo: de 9:00h a 13:30h Lugar: CEP MARBELLA-CO\u00cdN \u00a0Inscripciones: 17\/02\/2025 -\u2026","rel":"","context":"En \u00abFormaciones\u00bb","block_context":{"text":"Formaciones","link":"https:\/\/cepronda.com\/blog\/category\/formaciones\/"},"img":{"alt_text":"","src":"https:\/\/i0.wp.com\/cepronda.com\/blog\/wp-content\/uploads\/2025\/02\/WhatsApp-Image-2025-02-17-at-08.30.34.jpeg?fit=1011%2C639&ssl=1&resize=350%2C200","width":350,"height":200,"srcset":"https:\/\/i0.wp.com\/cepronda.com\/blog\/wp-content\/uploads\/2025\/02\/WhatsApp-Image-2025-02-17-at-08.30.34.jpeg?fit=1011%2C639&ssl=1&resize=350%2C200 1x, https:\/\/i0.wp.com\/cepronda.com\/blog\/wp-content\/uploads\/2025\/02\/WhatsApp-Image-2025-02-17-at-08.30.34.jpeg?fit=1011%2C639&ssl=1&resize=525%2C300 1.5x, https:\/\/i0.wp.com\/cepronda.com\/blog\/wp-content\/uploads\/2025\/02\/WhatsApp-Image-2025-02-17-at-08.30.34.jpeg?fit=1011%2C639&ssl=1&resize=700%2C400 2x"},"classes":[]},{"id":2368,"url":"https:\/\/cepronda.com\/blog\/red-de-educacion-infantil\/","url_meta":{"origin":1366,"position":2},"title":"Red de Educaci\u00f3n Infantil","author":"V\u00edctor Caballero","date":"8 octubre, 2018","format":false,"excerpt":"\u00a1Hola! \u00bfC\u00f3mo estamos? Ya sab\u00e9is que en nuestro CEP hay varias actividades que son ya una instituci\u00f3n, y una de ellas es la red de Educaci\u00f3n Infantil. Como los cursos anteriores, la ponemos en marcha con el objetivo de\u00a0 dinamizar la Red profesional de profesorado de Educaci\u00f3n Infantil perteneciente a\u2026","rel":"","context":"En \u00abFormaciones\u00bb","block_context":{"text":"Formaciones","link":"https:\/\/cepronda.com\/blog\/category\/formaciones\/"},"img":{"alt_text":"","src":"https:\/\/i0.wp.com\/cepronda.com\/blog\/wp-content\/uploads\/2018\/10\/back-to-school-3596261_1920.jpg?fit=798%2C1200&ssl=1&resize=350%2C200","width":350,"height":200,"srcset":"https:\/\/i0.wp.com\/cepronda.com\/blog\/wp-content\/uploads\/2018\/10\/back-to-school-3596261_1920.jpg?fit=798%2C1200&ssl=1&resize=350%2C200 1x, https:\/\/i0.wp.com\/cepronda.com\/blog\/wp-content\/uploads\/2018\/10\/back-to-school-3596261_1920.jpg?fit=798%2C1200&ssl=1&resize=525%2C300 1.5x, https:\/\/i0.wp.com\/cepronda.com\/blog\/wp-content\/uploads\/2018\/10\/back-to-school-3596261_1920.jpg?fit=798%2C1200&ssl=1&resize=700%2C400 2x"},"classes":[]},{"id":8873,"url":"https:\/\/cepronda.com\/blog\/atencion-al-alumnado-tea-en-el-aula-de-educacion-infantil\/","url_meta":{"origin":1366,"position":3},"title":"ATENCI\u00d3N AL ALUMNADO TEA EN EL AULA DE EDUCACI\u00d3N INFANTIL","author":"Mamen Moreno","date":"30 septiembre, 2025","format":false,"excerpt":"Abierto el plazo de inscripci\u00f3n para el curso \"ATENCI\u00d3N AL ALUMNADO TEA EN EL AULA DE EDUCACI\u00d3N INFANTIL\". C\u00f3digo: 262922GE082. Dirigido: a maestros y maestra de Educaci\u00f3n Infantil ( 3- 6 a\u00f1os). Inscripci\u00f3n: del 30\/09\/2025 al 30\/10\/2025. Actividad: del 05\/11\/2025 a 03\/12\/2025 (mi\u00e9rcoles). Duraci\u00f3n: 15 h presenciales. Lugar: V\u00eda webex\u2026","rel":"","context":"En \u00abFormaciones\u00bb","block_context":{"text":"Formaciones","link":"https:\/\/cepronda.com\/blog\/category\/formaciones\/"},"img":{"alt_text":"","src":"https:\/\/i0.wp.com\/cepronda.com\/blog\/wp-content\/uploads\/2025\/10\/Sin-titulo.png?fit=856%2C853&ssl=1&resize=350%2C200","width":350,"height":200,"srcset":"https:\/\/i0.wp.com\/cepronda.com\/blog\/wp-content\/uploads\/2025\/10\/Sin-titulo.png?fit=856%2C853&ssl=1&resize=350%2C200 1x, https:\/\/i0.wp.com\/cepronda.com\/blog\/wp-content\/uploads\/2025\/10\/Sin-titulo.png?fit=856%2C853&ssl=1&resize=525%2C300 1.5x, https:\/\/i0.wp.com\/cepronda.com\/blog\/wp-content\/uploads\/2025\/10\/Sin-titulo.png?fit=856%2C853&ssl=1&resize=700%2C400 2x"},"classes":[]},{"id":5187,"url":"https:\/\/cepronda.com\/blog\/reunion-informativa-v-premios-bibliotecas-escolares-y-fomento-de-la-lectura\/","url_meta":{"origin":1366,"position":4},"title":"REUNI\u00d3N INFORMATIVA V PREMIOS BIBLIOTECAS ESCOLARES Y FOMENTO DE LA LECTURA.","author":"Maribel Mu\u00f1oz","date":"28 marzo, 2022","format":false,"excerpt":"Buenas tardes compa\u00f1eras y compa\u00f1eros Os informamos que el pr\u00f3ximo 6 de abril de 2022 se va a desarrollar una REUNI\u00d3N INFORMATIVA V PREMIOS BIBLIOTECAS ESCOLARES Y FOMENTO DE LA LECTURA.\u00a0 Est\u00e1 dirigida al profesorado responsable de BE y direcciones de centros de Educaci\u00f3n Infantil de 2\u00ba ciclo, Educaci\u00f3n Primaria\u2026","rel":"","context":"En \u00abNoticias\u00bb","block_context":{"text":"Noticias","link":"https:\/\/cepronda.com\/blog\/category\/noticias\/"},"img":{"alt_text":"","src":"https:\/\/i0.wp.com\/cepronda.com\/blog\/wp-content\/uploads\/2022\/03\/BBEE-cartel-reunion-1.jpg?fit=580%2C820&ssl=1&resize=350%2C200","width":350,"height":200,"srcset":"https:\/\/i0.wp.com\/cepronda.com\/blog\/wp-content\/uploads\/2022\/03\/BBEE-cartel-reunion-1.jpg?fit=580%2C820&ssl=1&resize=350%2C200 1x, https:\/\/i0.wp.com\/cepronda.com\/blog\/wp-content\/uploads\/2022\/03\/BBEE-cartel-reunion-1.jpg?fit=580%2C820&ssl=1&resize=525%2C300 1.5x"},"classes":[]},{"id":3378,"url":"https:\/\/cepronda.com\/blog\/rutinas-en-educacion-infantil-una-perspectiva-innovadora\/","url_meta":{"origin":1366,"position":5},"title":"RUTINAS EN EDUCACI\u00d3N INFANTIL: UNA PERSPECTIVA INNOVADORA.","author":"V\u00edctor Caballero","date":"31 enero, 2020","format":false,"excerpt":"Muy buenas familia de Infantil, Abrimos el plazo de inscripci\u00f3n para esta actividad dirigida a todo el profesorado de Educaci\u00f3n Infantil. Para ver los detalles, las fechas e inscribiros s\u00f3lo ten\u00e9is que seguir este enlace. Os animamos a participar, seguro que seguimos aprendiendo un mont\u00f3n.","rel":"","context":"En \u00abFormaciones\u00bb","block_context":{"text":"Formaciones","link":"https:\/\/cepronda.com\/blog\/category\/formaciones\/"},"img":{"alt_text":"","src":"https:\/\/i0.wp.com\/cepronda.com\/blog\/wp-content\/uploads\/2020\/01\/Ed._Infantil.png?fit=657%2C929&ssl=1&resize=350%2C200","width":350,"height":200,"srcset":"https:\/\/i0.wp.com\/cepronda.com\/blog\/wp-content\/uploads\/2020\/01\/Ed._Infantil.png?fit=657%2C929&ssl=1&resize=350%2C200 1x, https:\/\/i0.wp.com\/cepronda.com\/blog\/wp-content\/uploads\/2020\/01\/Ed._Infantil.png?fit=657%2C929&ssl=1&resize=525%2C300 1.5x"},"classes":[]}],"jetpack_sharing_enabled":true,"_links":{"self":[{"href":"https:\/\/cepronda.com\/blog\/wp-json\/wp\/v2\/posts\/1366","targetHints":{"allow":["GET"]}}],"collection":[{"href":"https:\/\/cepronda.com\/blog\/wp-json\/wp\/v2\/posts"}],"about":[{"href":"https:\/\/cepronda.com\/blog\/wp-json\/wp\/v2\/types\/post"}],"author":[{"embeddable":true,"href":"https:\/\/cepronda.com\/blog\/wp-json\/wp\/v2\/users\/3"}],"replies":[{"embeddable":true,"href":"https:\/\/cepronda.com\/blog\/wp-json\/wp\/v2\/comments?post=1366"}],"version-history":[{"count":1,"href":"https:\/\/cepronda.com\/blog\/wp-json\/wp\/v2\/posts\/1366\/revisions"}],"predecessor-version":[{"id":1368,"href":"https:\/\/cepronda.com\/blog\/wp-json\/wp\/v2\/posts\/1366\/revisions\/1368"}],"wp:featuredmedia":[{"embeddable":true,"href":"https:\/\/cepronda.com\/blog\/wp-json\/wp\/v2\/media\/1367"}],"wp:attachment":[{"href":"https:\/\/cepronda.com\/blog\/wp-json\/wp\/v2\/media?parent=1366"}],"wp:term":[{"taxonomy":"category","embeddable":true,"href":"https:\/\/cepronda.com\/blog\/wp-json\/wp\/v2\/categories?post=1366"},{"taxonomy":"post_tag","embeddable":true,"href":"https:\/\/cepronda.com\/blog\/wp-json\/wp\/v2\/tags?post=1366"}],"curies":[{"name":"wp","href":"https:\/\/api.w.org\/{rel}","templated":true}]}}